{"id":4937,"date":"2025-03-22T00:54:41","date_gmt":"2025-03-21T23:54:41","guid":{"rendered":"https:\/\/monde25.info\/index.php\/2025\/03\/22\/58-des-francais-preoccupes-par-le-manque-deau-selon-un-sondage-rt-en-francais\/"},"modified":"2025-03-22T00:54:41","modified_gmt":"2025-03-21T23:54:41","slug":"58-des-francais-preoccupes-par-le-manque-deau-selon-un-sondage-rt-en-francais","status":"publish","type":"post","link":"https:\/\/monde25.info\/index.php\/2025\/03\/22\/58-des-francais-preoccupes-par-le-manque-deau-selon-un-sondage-rt-en-francais\/","title":{"rendered":"58% des Fran\u00e7ais pr\u00e9occup\u00e9s par le manque d\u2019eau selon un sondage \u2014 RT en fran\u00e7ais"},"content":{"rendered":"<p> <br \/>\n<br \/><img decoding=\"async\" src=\"https:\/\/mf.b37mrtl.ru\/french\/images\/2025.03\/thumbnail\/67dd9beb6f7ccc171646f0dc.jpg\" \/><\/p>\n<div>\n<p class=\"text__summary\">\n                                        Une \u00e9tude men\u00e9e fin janvier par l\u2019Institut Terram r\u00e9v\u00e8le que 58% des Fran\u00e7ais se disent pr\u00e9occup\u00e9s par le stress hydrique. Si la conscience du probl\u00e8me varie selon les g\u00e9n\u00e9rations, l\u2019inqui\u00e9tude gagne d\u00e9sormais l\u2019ensemble du territoire.\n                                    <\/p>\n<p>Le stress hydrique, c\u2019est-\u00e0-dire le d\u00e9s\u00e9quilibre entre la demande en eau et les ressources disponibles, s\u2019impose d\u00e9sormais dans les esprits en France. Selon une \u00e9tude publi\u00e9e le 21 mars par Franceinfo et France Bleu, 58% des Fran\u00e7ais consid\u00e8rent ce ph\u00e9nom\u00e8ne comme une r\u00e9alit\u00e9. L\u2019Institut Terram, \u00e0 l\u2019origine de cette enqu\u00eate men\u00e9e aupr\u00e8s de 5 000 personnes, note que cette inqui\u00e9tude d\u00e9passe les clivages sociaux, mais varie selon l\u2019\u00e2ge. Chez les moins de 35 ans, 61% estiment que le stress hydrique est une urgence, contre 51% chez les plus de 60 ans.<\/p>\n<p>Les causes de cette inqui\u00e9tude sont multiples. D\u2019apr\u00e8s les donn\u00e9es relay\u00e9es par Franceinfo, 65% des r\u00e9pondants affirment que l\u2019eau est devenue une source d\u2019angoisse. Pour 44%, l\u2019acc\u00e8s \u00e0 cette ressource est d\u00e9sormais per\u00e7u comme un probl\u00e8me majeur. La qualit\u00e9 de l\u2019eau potable est \u00e9galement remise en question par pr\u00e8s des trois quarts des sond\u00e9s. Les s\u00e9cheresses prolong\u00e9es, notamment dans les Pyr\u00e9n\u00e9es-Orientales, et les coupures d\u2019eau potable d\u00e9j\u00e0 v\u00e9cues par 29% des personnes interrog\u00e9es, renforcent ce sentiment d\u2019urgence. En parall\u00e8le, 16% disent avoir d\u00e9j\u00e0 subi une inondation importante, et 13% une pollution de nappe.<\/p>\n<p>Les pr\u00e9occupations varient selon les r\u00e9gions. En Occitanie, Provence-Alpes-C\u00f4te d\u2019Azur et Corse, c\u2019est la s\u00e9cheresse qui domine les craintes. En Normandie et dans les Hauts-de-France, les habitants redoutent davantage les inondations. En Auvergne-Rh\u00f4ne-Alpes, c\u2019est la diminution de l\u2019enneigement qui inqui\u00e8te le plus. L\u2019\u00e9tude r\u00e9v\u00e8le aussi que 57% des Fran\u00e7ais disent manquer d\u2019information sur le sujet, un chiffre r\u00e9v\u00e9lateur de la n\u00e9cessit\u00e9 de sensibiliser la population.<\/p>\n<p>Dans ce contexte, les Fran\u00e7ais d\u00e9clarent vouloir agir. Huit sond\u00e9s sur dix se disent pr\u00eats \u00e0 r\u00e9duire leur consommation domestique et \u00e0 accepter des restrictions strictes en p\u00e9riode de tension. Pour am\u00e9liorer la gestion de l\u2019eau, 33% privil\u00e9gient la r\u00e9utilisation des eaux us\u00e9es, 18% souhaitent une agriculture plus \u00e9conome, et 14% souhaitent r\u00e9duire la consommation industrielle. C\u00f4t\u00e9 solutions publiques, les priorit\u00e9s \u00e9voqu\u00e9es sont la modernisation des stations de traitement (38%) et la limitation des polluants d\u00e8s la production (35%).<\/p>\n<p>Enfin, selon France Bleu, les citoyens font plus confiance aux collectivit\u00e9s locales (29%) qu\u2019\u00e0 l\u2019\u00c9tat (22%) ou aux entreprises du secteur (17%) pour g\u00e9rer la crise. Le stress hydrique, longtemps per\u00e7u comme un enjeu des g\u00e9n\u00e9rations futures, est d\u00e9sormais pr\u00e9sent dans le quotidien des Fran\u00e7ais.<\/p>\n<\/div>\n<p><br \/>\n<br \/><a href=\"https:\/\/francais.rt.com\/france\/118323-stress-hydrique-58-pourcent-des-francais-preoccupes-par-le-manque-d-eau\" target=\"_blank\"\">Source link <\/a><\/p>\n","protected":false},"excerpt":{"rendered":"<p>Une \u00e9tude men\u00e9e fin janvier par l\u2019Institut Terram r\u00e9v\u00e8le que 58% des Fran\u00e7ais se disent pr\u00e9occup\u00e9s par le stress hydrique. Si la conscience du probl\u00e8me varie selon les g\u00e9n\u00e9rations, l\u2019inqui\u00e9tude&hellip; <\/p>\n","protected":false},"author":1,"featured_media":4938,"comment_status":"open","ping_status":"open","sticky":false,"template":"","format":"standard","meta":{"footnotes":""},"categories":[1],"tags":[],"class_list":["post-4937","post","type-post","status-publish","format-standard","has-post-thumbnail","hentry","category-non-classe"],"_links":{"self":[{"href":"https:\/\/monde25.info\/index.php\/wp-json\/wp\/v2\/posts\/4937","targetHints":{"allow":["GET"]}}],"collection":[{"href":"https:\/\/monde25.info\/index.php\/wp-json\/wp\/v2\/posts"}],"about":[{"href":"https:\/\/monde25.info\/index.php\/wp-json\/wp\/v2\/types\/post"}],"author":[{"embeddable":true,"href":"https:\/\/monde25.info\/index.php\/wp-json\/wp\/v2\/users\/1"}],"replies":[{"embeddable":true,"href":"https:\/\/monde25.info\/index.php\/wp-json\/wp\/v2\/comments?post=4937"}],"version-history":[{"count":0,"href":"https:\/\/monde25.info\/index.php\/wp-json\/wp\/v2\/posts\/4937\/revisions"}],"wp:featuredmedia":[{"embeddable":true,"href":"https:\/\/monde25.info\/index.php\/wp-json\/wp\/v2\/media\/4938"}],"wp:attachment":[{"href":"https:\/\/monde25.info\/index.php\/wp-json\/wp\/v2\/media?parent=4937"}],"wp:term":[{"taxonomy":"category","embeddable":true,"href":"https:\/\/monde25.info\/index.php\/wp-json\/wp\/v2\/categories?post=4937"},{"taxonomy":"post_tag","embeddable":true,"href":"https:\/\/monde25.info\/index.php\/wp-json\/wp\/v2\/tags?post=4937"}],"curies":[{"name":"wp","href":"https:\/\/api.w.org\/{rel}","templated":true}]}}