{"id":4961,"date":"2025-03-22T11:00:48","date_gmt":"2025-03-22T10:00:48","guid":{"rendered":"https:\/\/monde25.info\/index.php\/2025\/03\/22\/le-premier-ministre-britannique-prend-la-tete-de-larmee-partant-a-lassaut-de-la-russie-flanque-de-macron\/"},"modified":"2025-03-22T11:00:48","modified_gmt":"2025-03-22T10:00:48","slug":"le-premier-ministre-britannique-prend-la-tete-de-larmee-partant-a-lassaut-de-la-russie-flanque-de-macron","status":"publish","type":"post","link":"https:\/\/monde25.info\/index.php\/2025\/03\/22\/le-premier-ministre-britannique-prend-la-tete-de-larmee-partant-a-lassaut-de-la-russie-flanque-de-macron\/","title":{"rendered":"Le Premier ministre britannique prend la t\u00eate de l\u2019arm\u00e9e partant \u00e0 l\u2019assaut de la Russie flanqu\u00e9 de Macron"},"content":{"rendered":"<p> <br \/>\n<\/p>\n<div>\n<p>par <strong>Danielle Bleitrach<\/strong><\/p>\n<p>La L\u00e9gion des Volontaires part \u00e0 l\u2019assaut de la Russie, \u00e7a vous rappelle quelque chose ? Ils ne pensent m\u00eame pas \u00e0 modifier les noms\u2026 Ce machin n\u2019a aucune comp\u00e9tence pour mener un tel assaut et dans le fond la seule question qui reste en suspens dans ce bel \u00e9chafaudage est de d\u00e9crypter les conversations men\u00e9es par Donald Trump avec Poutine puis Zelensky. Comment le fantasque pr\u00e9sident des USA con\u00e7oit son r\u00f4le futur dans cet assaut : va-t-il se laisser convaincre contre quelques avantages en nature de participer \u00e0 la cur\u00e9e programm\u00e9e et contribuer \u00e0 l\u2019aide occidentale \u00e0 l\u2019Ukraine, ou envisage-t-il un \u00e9ventuel \u00abpartage\u00bb territorial et si les Europ\u00e9ens ne sont pas contents qu\u2019ils fassent la guerre \u00e0 la Russie si \u00e7a les amuse mais sans les \u00c9tats-Unis. Comme Trump s\u2019est lanc\u00e9 dans une grande n\u00e9gociation avec Poutine et par son entremise avec la Chine et le monde multipolaire, nul doute que l\u2019on va constamment faire s\u2019agiter cette bande grotesque et pu\u00e9rile comme Zelensky pour faire monter les enjeux de la n\u00e9gociation avec de temps en temps une op\u00e9ration \u00abterroriste\u00bb qui passera pour un fait d\u2019arme, ce seront les contribuables fran\u00e7ais qui payeront la note de cette com\u00e9die sinistre qui va durer quelque temps.<\/p>\n<p>Les chefs d\u2019\u00e9tat-major d\u2019une trentaine de pays pr\u00eats \u00e0 contribuer \u00e0 des garanties de s\u00e9curit\u00e9 pour l\u2019Ukraine se retrouvent jeudi \u00e0 Londres pour discuter d\u2019un plan de maintien de la paix en cas de cessez-le-feu avec la Russie.<\/p>\n<p>La coalition de \u00abpays volontaires\u00bb en ordre de marche ? Les chefs d\u2019\u00e9tat-major d\u2019une trentaine de pays pr\u00eats \u00e0 contribuer \u00e0 des garanties de s\u00e9curit\u00e9 pour l\u2019Ukraine\u00a0se retrouvent jeudi 20 mars \u00e0\u00a0Londres\u00a0pour discuter d\u2019un plan de maintien de la paix en cas de cessez-le-feu avec la\u00a0Russie. Alors qu\u2019ils savent parfaitement que la Russie a exclu toute participation des forces de l\u2019OTAN dans ce genre d\u2019exp\u00e9dition dite de maintien de la paix mais ces gens-l\u00e0 visiblement confondent la Russie avec une de leurs habituelles anciennes colonies.<\/p>\n<p>Le dossier ukrainien et celui de la d\u00e9fense europ\u00e9enne face \u00e0 la menace russe figurent \u00e9galement au menu d\u2019un sommet de l\u2019UE \u00e0\u00a0Bruxelles\u00a0jeudi, le troisi\u00e8me sommet de chefs d\u2019\u00c9tat en six semaines. Il suffit de consid\u00e9rer le r\u00f4le jou\u00e9 par la France et par la grande Bretagne dans Minsk 1 et Minsk 2 pour mesurer qui a cr\u00e9\u00e9 de toute pi\u00e8ce la menace et la r\u00e9ponse ne s\u2019est pas faite attendre :<\/p>\n<p>Le\u00a0Kremlin\u00a0a vivement d\u00e9nonc\u00e9 jeudi les \u00ab<em>plans de militarisation de l\u2019Europe<\/em>\u00bb, par la voix de son porte-parole, Dmitri Peskov.<\/p>\n<p>\u00ab<em>Pour l\u2019essentiel, les signaux en provenance de Bruxelles et des capitales europ\u00e9ennes portent sur des plans de militarisation de l\u2019Europe<\/em>\u00bb, a lanc\u00e9 Peskov. \u00ab<em>L\u2019Europe s\u2019est engag\u00e9e dans sa propre militarisation et s\u2019est transform\u00e9e en parti de la guerre<\/em>\u00bb, a-t-il fustig\u00e9.<\/p>\n<p>Les discussions de Londres ont lieu alors que l\u2019Ukraine et la Russie ont effectu\u00e9 des attaques massives de drones dans la nuit et que le pr\u00e9sident ukrainien\u00a0Volodymyr Zelensky\u00a0est arriv\u00e9 jeudi \u00e0 Oslo pour un entretien avec le Premier ministre norv\u00e9gien, Jonas Gahr Store.<\/p>\n<p>\u00c0 Londres, le Premier ministre britannique\u00a0Keir Starmer, qui s\u2019efforce avec le pr\u00e9sident fran\u00e7ais\u00a0Emmanuel Macron\u00a0de constituer une \u00abcoalition de pays volontaires\u00bb, doit s\u2019adresser aux responsables militaires.<\/p>\n<p>Il avait indiqu\u00e9 samedi que cette r\u00e9union serait consacr\u00e9e \u00e0 la \u00abphase op\u00e9rationnelle\u00bb de leur plan de maintien de la paix en cas de cessez-le-feu.<\/p>\n<p>Cette rencontre se tient alors que le pr\u00e9sident russe\u00a0Vladimir Poutine\u00a0a pos\u00e9 comme condition \u00e0 tout cessez-le-feu l\u2019arr\u00eat de l\u2019aide militaire occidentale \u00e0 l\u2019Ukraine. La Russie a aussi rejet\u00e9 l\u2019id\u00e9e d\u2019une pr\u00e9sence de troupes \u00e9trang\u00e8res en Ukraine dans le cadre d\u2019un accord de cessez-le-feu.<\/p>\n<p>Keir Starmer\u00a0et Emmanuel Macron tentent de mettre en place cette coalition depuis que le pr\u00e9sident am\u00e9ricain Donald Trump a ouvert des discussions directes avec la Russie le mois dernier dans le but de mettre fin \u00e0 trois ans de guerre. C\u2019est r\u00e9ellement le parti de la guerre qui agit en notre nom et l\u2019on mesure mieux le retard qui a \u00e9t\u00e9 pris dans la mobilisation pour la paix quand a \u00e9t\u00e9 accept\u00e9 le narratif de l\u2019OTAN sans la moindre critique. La marge est d\u00e9sormais \u00e9troite et comme Starmer et Macron, face au m\u00e9contentement des peuples fran\u00e7ais et britannique, pour \u00e9viter d\u2019avoir \u00e0 leur rendre des comptes, semblent ne plus se pr\u00e9occuper d\u2019autre chose que de cette mobilisation que l\u2019on peut penser grotesque mais qui est effrayante parce que l\u2019on se dit que face aux luttes sociales l\u2019escalade sera leur seule issue.<\/p>\n<h5 class=\"wp-block-heading\"><strong>Une coalition de pays volontaires<\/strong><\/h5>\n<p>Keir Starmer et Emmanuel Macron ont \u00e9voqu\u00e9 l\u2019id\u00e9e d\u2019envoyer des troupes en Ukraine dans le cadre d\u2019une force de maintien de la paix en cas de cessez-le-feu. Selon le gouvernement britannique, un \u00ab<em>nombre significatif<\/em>\u00bb de pays sont dispos\u00e9s \u00e0 faire de m\u00eame.<\/p>\n<p>Toujours selon Londres, plus de 30 pays sont pr\u00eats \u00e0 contribuer \u00e0 cette \u00abcoalition de pays volontaires\u00bb d\u2019une fa\u00e7on ou d\u2019une autre. Cette participation pourrait consister pour certains pays \u00e0 apporter un soutien logistique et technique pour une future force de maintien de la paix ou encore \u00e0 accueillir du personnel sur leur sol.<\/p>\n<p>Dans de telles conditions les chances de la paix s\u2019amenuisent et toute l\u2019activit\u00e9 de nos larrons du parti de la guerre est de faire retourner les \u00c9tats-Unis dans le pi\u00e8ge ukrainien dont ils ont tent\u00e9 de s\u2019extraire.<\/p>\n<p>Sur le terrain, la Russie a annonc\u00e9 jeudi avoir abattu dans la nuit 132 drones ukrainiens au-dessus de son territoire, l\u2019attaque ayant fait deux bless\u00e9s et provoqu\u00e9 un incendie sur une base a\u00e9rienne militaire, selon les autorit\u00e9s.<\/p>\n<p>De son c\u00f4t\u00e9, l\u2019arm\u00e9e de l\u2019air ukrainienne a rapport\u00e9 que la Russie avait lanc\u00e9 171 drones sur l\u2019Ukraine dans la nuit de mercredi \u00e0 jeudi et pr\u00e9cis\u00e9 en avoir abattu 75, tandis que les autres n\u2019ont pas fait de dommages.<\/p>\n<p>Mercredi \u00e0\u00a0Washington, le pr\u00e9sident am\u00e9ricain Donald Trump a sugg\u00e9r\u00e9 lors d\u2019un appel avec Volodymyr Zelensky, que les \u00c9tats-Unis prennent \u00ab<em>possession<\/em>\u00bb des centrales \u00e9lectriques ukrainiennes, affirmant que cela \u00ab<em>constituerait la meilleure protection et le meilleur soutien possibles<\/em>\u00bb. Ce qui \u00e9claire, mais en \u00e9tait-ce besoin, la logique de Trump et de son \u00e9quipe.<\/p>\n<p>Du c\u00f4t\u00e9 de Washington et en apparence au moins, le ton s\u2019est nettement adouci par rapport \u00e0 l\u2019hostilit\u00e9 ouverte avec laquelle le pr\u00e9sident ukrainien avait \u00e9t\u00e9 accueilli r\u00e9cemment par Donald Trump.<\/p>\n<p>Le pr\u00e9sident am\u00e9ricain a eu un appel t\u00e9l\u00e9phonique \u00ab<em>fantastique<\/em>\u00bb avec son homologue ukrainien, a affirm\u00e9 la porte-parole de la Maison-Blanche, Karoline Leavitt.<\/p>\n<p>Zelensky a parl\u00e9 pour sa part sur X d\u2019un \u00e9change \u00ab<em>positif, tr\u00e8s substantiel et franc<\/em>\u00bb. Plus tard, il a assur\u00e9 n\u2019avoir subi \u00ab<em>aucune pression<\/em>\u00bb de Trump pour lui arracher des concessions.<\/p>\n<h5 class=\"wp-block-heading\"><strong>\u00abLe pr\u00e9sident Trump a accept\u00e9 de travailler avec lui\u00bb<\/strong><\/h5>\n<p>\u00ab<em>Le pr\u00e9sident Zelensky a demand\u00e9 des syst\u00e8mes de d\u00e9fense antia\u00e9rienne (\u2026) et le pr\u00e9sident Trump a accept\u00e9 de travailler avec lui pour voir ce qui \u00e9tait disponible, notamment en Europe<\/em>\u00bb, a encore dit Leavitt, ajoutant que \u00ab<em>le partage de renseignements militaires pour la d\u00e9fense de l\u2019Ukraine<\/em>\u00bb allait \u00ab<em>continuer<\/em>\u00bb.<\/p>\n<p>Les propos de Donald Trump sur la d\u00e9fense anti-a\u00e9rienne pour l\u2019Ukraine sont \u00ab<em>extr\u00eamement importants<\/em>\u00bb, s\u2019est r\u00e9jouie jeudi matin la cheffe de la diplomatie europ\u00e9enne, Kaja Kallas, \u00e0 son arriv\u00e9e \u00e0 Bruxelles pour le sommet de l\u2019UE. Par parenth\u00e8se les citoyens fran\u00e7ais d\u00e9couvrent qu\u2019ils ont d\u00e9sormais une sorte de ministre des Affaires \u00e9trang\u00e8res en sus de madame von der Leyen, ce qui est parfaitement contradictoire avec l\u2019UE telle qu\u2019elle existe officiellement. Le don de la dissuasion fran\u00e7aise par Macron est-il besoin de le redire est tout aussi inconcevable. Bref la guerre est d\u00e9cid\u00e9e au nom de l\u2019UE par des gens qui n\u2019ont pas la moindre qualit\u00e9 pour cela flanqu\u00e9s par le Premier ministre britannique qui n\u2019appartient plus \u00e0 l\u2019UE mais revient en chef des arm\u00e9es en compagnie de Macron, mais que l\u2019on se rassure, l\u2019Allemand va venir remettre de l\u2019ordre dans cette p\u00e9taudi\u00e8re et revendiquer \u00e0 son tous le leadership appuy\u00e9 sans doute par le Polonais dont le pays est devenu une colonie allemande et qui aspire toujours plus \u00e0 \u00eatre l\u2019avant-poste militaire de l\u2019ensemble, \u00e0 la condition de voir les \u00c9tats-Unis revenir.<\/p>\n<h5 class=\"wp-block-heading\"><strong>Supplication pour une alliance militaire sur fond de guerre \u00e9conomique\u2026<\/strong><\/h5>\n<p>C\u2019est pourquoi la seule question de fond qui reste en suspens dans ce bel \u00e9chafaudage est de d\u00e9crypter les conversations men\u00e9es par Donald Trump avec Poutine puis Zelensky. Comment il con\u00e7oit son r\u00f4le futur dans cet assaut : va-t-il se laisser convaincre contre quelques avantages en nature de participer \u00e0 la cur\u00e9e programm\u00e9e et contribuer \u00e0 l\u2019aide occidentale \u00e0 l\u2019Ukraine, ou envisage-t-il un \u00e9ventuel \u00abpartage\u00bb territorial ? et si les Europ\u00e9ens ne sont pas contents qu\u2019ils fassent la guerre \u00e0 la Russie si \u00e7a les amuse mais sans les \u00c9tats-Unis.<\/p>\n<p>Remarquez ce jeu complexe avec le pr\u00e9sident Trump se double d\u2019un autre, celui des cons\u00e9quences de la guerre \u00e9conomiques d\u00e9clench\u00e9es avec lui et dont Madame Lagarde (c\u2019est fou la f\u00e9minisation des postes de responsabilit\u00e9s mais comme le mod\u00e8le est madame Thatcher\u2026 ) L\u2019inflation en zone euro pourrait rebondir rapidement mais la croissance chuterait en cas de guerre commerciale d\u2019ampleur avec les \u00c9tats-Unis, a d\u00e9clar\u00e9 jeudi Christine Lagarde, pr\u00e9sidente de la Banque centrale europ\u00e9enne (BCE). Dans le cas o\u00f9 les \u00c9tats-Unis imposeraient des droits de douane de 25% aux importations europ\u00e9ennes, la croissance de la zone euro diminuerait de 0,3 point de pourcentage sur la premi\u00e8re ann\u00e9e, un impact qui progresserait \u00e0 0,5 point de pourcentage dans le cas o\u00f9 l\u2019Union europ\u00e9enne riposterait, a pr\u00e9venu la dirigeante lors d\u2019une audition devant le Parlement europ\u00e9en. \u00ab<em>\u00c0 court terme, des mesures de r\u00e9torsion europ\u00e9ennes et un euro affaibli par une demande am\u00e9ricaine pour les produits europ\u00e9ens plus faible, ajouteraient environ un demi-point de pourcentage \u00e0 l\u2019inflation. Cet impact s\u2019estomperait \u00e0 moyen terme, le recul de l\u2019activit\u00e9 \u00e9touffant les pressions inflationnistes<\/em>\u00bb, a expliqu\u00e9 Christine Lagarde.<\/p>\n<p>Dans le cas du d\u00e9clenchement d\u2019une guerre commerciale, une plus grande int\u00e9gration \u00e9conomique avec d\u2019autres pays \u00ab<em>pourrait plus que compenser les pertes inflig\u00e9es par des tarifs unilat\u00e9raux et m\u00eame les pertes li\u00e9es \u00e0 des repr\u00e9sailles tarifaires<\/em>\u00bb, estime la dirigeante qui \u00e9voque toutefois une incertitude \u00ab<em>consid\u00e9rable<\/em>\u00bb. Qui sont les pays en question ? la Chine ?<\/p>\n<p>Mais rassurez-vous la solution est toute trouv\u00e9e : par ailleurs, la responsable de politique mon\u00e9taire a salu\u00e9 les plans d\u2019investissements massifs de l\u2019Allemagne visant \u00e0 renforcer son arm\u00e9e et ses infrastructures, se montrant par ailleurs rassurante sur la forte hausse des rendements obligataires en zone euro. Voil\u00e0 effectivement pourquoi on peut penser que ce sera l\u2019Allemagne qui forte de son exp\u00e9rience dans la seconde guerre mondiale en mati\u00e8re d\u2019armement et d\u2019infrastructure qui est destin\u00e9e \u00e0 prendre le leadership de la ru\u00e9e vers les terres slaves\u2026 sc\u00e9nario que jusqu\u2019ici les \u00c9tats -Uns ont voulu \u00e9viter en entretenant l\u2019hostilit\u00e9 entre l\u2019Allemagne de madame Meckel et la Russie de Poutine qui pourtant connaissait une coop\u00e9ration harmonieuse, l\u2019op\u00e9ration guerre en Ukraine et russophobie ayant \u00e9t\u00e9 d\u00e9clench\u00e9e uniquement contre cette union dangereuse aux yeux des \u00c9tats-Unis et de la Grande Bretagne. Macron lui fait ce que ceux qui l\u2019ont plac\u00e9 l\u00e0 lui disent de faire\u2026 pour le moment c\u2019est la guerre\u2026<\/p>\n<h5 class=\"wp-block-heading\"><strong>Une seule certitude l\u2019affaire va durer un certain temps\u2026 et le contribuable fran\u00e7ais va payer la note\u2026<\/strong><\/h5>\n<p>Des pourparlers russo-am\u00e9ricains doivent se tenir \u00abau niveau des experts, en\u00a0Arabie saoudite dimanche ou \u00ab<em>en tout d\u00e9but de semaine prochaine<\/em>\u00bb, a pr\u00e9cis\u00e9 Peskov. L\u2019Ukraine est au menu. L\u2019objectif est d\u2019arriver d\u2019abord \u00e0 une tr\u00eave \u00e9tendue \u00e0 la mer Noire, que les m\u00eames s\u2019emploieront \u00e0 torpiller comme ils le font d\u00e9j\u00e0 pour le respect des zones \u00e9nerg\u00e9tiques mais l\u00e0 interviennent d\u00e9j\u00e0 d\u2019autres acteurs, la Turquie et le Moyen-Orient sans parler de la mise \u00e0 plat d\u2019autres zones plan\u00e9taires pour aboutir \u00e0 un cessez-le-feu total, et enfin \u00e0 des n\u00e9gociations de paix, une perspective qui reste lointaine. Et on peut penser qu\u2019\u00e0 chaque n\u00e9gociation sur d\u2019autres point du globe on va voir s\u2019agiter le \u00abpr\u00e9sident ukrainien\u00bb et son \u00e9quipe de \u00abvolontaires\u00bb europ\u00e9ens.<\/p>\n<p>Nous allons vivre une situation \u00e9c\u0153urante, et \u00e0 un co\u00fbt prohibitif pour le peuple fran\u00e7ais, faut-il en rire faut-il en pleurer ? les deux sans doute \u2026<\/p>\n<p>source : <a target=\"_blank\" href=\"https:\/\/histoireetsociete.com\/2025\/03\/21\/le-premier-ministre-britannique-prend-la-tete-de-larmee-partant-a-lassaut-de-la-russie-flanque-de-macron\/\" target=\"_blank\" rel=\"noopener\" title=\"\">Histoire et Soci\u00e9t\u00e9<\/a><\/p>\n<div class=\"sharedaddy sd-block sd-like jetpack-likes-widget-wrapper jetpack-likes-widget-unloaded\" id=\"like-post-wrapper-237719536-448865-67de87ac50f87\" data-src=\"https:\/\/widgets.wp.com\/likes\/?ver=14.2.1#blog_id=237719536&amp;post_id=448865&amp;origin=reseauinternational.net&amp;obj_id=237719536-448865-67de87ac50f87&amp;n=1\" data-name=\"like-post-frame-237719536-448865-67de87ac50f87\" data-title=\"Aimer ou rebloguer\">\n<h3 class=\"sd-title\">J\u2019aime \u00e7a\u00a0:<\/h3>\n<p><span class=\"button\"><span>J\u2019aime<\/span><\/span> <span class=\"loading\">chargement\u2026<\/span><\/p>\n<p><span class=\"sd-text-color\"\/><a target=\"_blank\" class=\"sd-link-color\"\/><\/div>\n<p><meta itemscope=\"\" itemprop=\"mainEntityOfPage\" itemtype=\"https:\/\/schema.org\/WebPage\" itemid=\"https:\/\/reseauinternational.net\/le-premier-ministre-britannique-prend-la-tete-de-larmee-partant-a-lassaut-de-la-russie-flanque-de-macron\/\"\/><meta itemprop=\"headline\" content=\"Le Premier ministre britannique prend la t\u00eate de l\u2019arm\u00e9e partant \u00e0 l\u2019assaut de la Russie flanqu\u00e9 de Macron\"\/><span style=\"display: none;\" itemprop=\"author\" itemscope=\"\" itemtype=\"https:\/\/schema.org\/Person\"><meta itemprop=\"name\" content=\"R\u00e9seau International\"\/><\/span><span style=\"display: none;\" itemprop=\"image\" itemscope=\"\" itemtype=\"https:\/\/schema.org\/ImageObject\"><meta itemprop=\"url\" content=\"https:\/\/i0.wp.com\/reseauinternational.net\/wp-content\/uploads\/2025\/03\/Sans-titre-27-6.png?fit=800%2C467&amp;quality=100&amp;ssl=1\"\/><meta itemprop=\"width\" content=\"800\"\/><meta itemprop=\"height\" content=\"467\"\/><\/span><span style=\"display: none;\" itemprop=\"publisher\" itemscope=\"\" itemtype=\"https:\/\/schema.org\/Organization\"><span style=\"display: none;\" itemprop=\"logo\" itemscope=\"\" itemtype=\"https:\/\/schema.org\/ImageObject\"><meta itemprop=\"url\" content=\"https:\/\/reseauinternational.net\/wp-content\/uploads\/2022\/06\/Capture-de\u0301cran-2022-06-14-a\u0300-16.51.07.png\"\/><\/span><meta itemprop=\"name\" content=\"R\u00e9seau International\"\/><\/span><meta itemprop=\"datePublished\" content=\"2025-03-22T10:46:48+00:00\"\/><meta itemprop=\"dateModified\" content=\"2025-03-22T10:47:41+00:00\"\/><\/div>\n<p><br \/>\n<br \/><a href=\"https:\/\/reseauinternational.net\/le-premier-ministre-britannique-prend-la-tete-de-larmee-partant-a-lassaut-de-la-russie-flanque-de-macron\/\" target=\"_blank\"\">Source link <\/a><\/p>\n","protected":false},"excerpt":{"rendered":"<p>par Danielle Bleitrach La L\u00e9gion des Volontaires part \u00e0 l\u2019assaut de la Russie, \u00e7a vous rappelle quelque chose ? Ils ne pensent m\u00eame pas \u00e0 modifier les noms\u2026 Ce machin&hellip; <\/p>\n","protected":false},"author":1,"featured_media":4962,"comment_status":"open","ping_status":"open","sticky":false,"template":"","format":"standard","meta":{"footnotes":""},"categories":[1],"tags":[],"class_list":["post-4961","post","type-post","status-publish","format-standard","has-post-thumbnail","hentry","category-non-classe"],"_links":{"self":[{"href":"https:\/\/monde25.info\/index.php\/wp-json\/wp\/v2\/posts\/4961","targetHints":{"allow":["GET"]}}],"collection":[{"href":"https:\/\/monde25.info\/index.php\/wp-json\/wp\/v2\/posts"}],"about":[{"href":"https:\/\/monde25.info\/index.php\/wp-json\/wp\/v2\/types\/post"}],"author":[{"embeddable":true,"href":"https:\/\/monde25.info\/index.php\/wp-json\/wp\/v2\/users\/1"}],"replies":[{"embeddable":true,"href":"https:\/\/monde25.info\/index.php\/wp-json\/wp\/v2\/comments?post=4961"}],"version-history":[{"count":0,"href":"https:\/\/monde25.info\/index.php\/wp-json\/wp\/v2\/posts\/4961\/revisions"}],"wp:featuredmedia":[{"embeddable":true,"href":"https:\/\/monde25.info\/index.php\/wp-json\/wp\/v2\/media\/4962"}],"wp:attachment":[{"href":"https:\/\/monde25.info\/index.php\/wp-json\/wp\/v2\/media?parent=4961"}],"wp:term":[{"taxonomy":"category","embeddable":true,"href":"https:\/\/monde25.info\/index.php\/wp-json\/wp\/v2\/categories?post=4961"},{"taxonomy":"post_tag","embeddable":true,"href":"https:\/\/monde25.info\/index.php\/wp-json\/wp\/v2\/tags?post=4961"}],"curies":[{"name":"wp","href":"https:\/\/api.w.org\/{rel}","templated":true}]}}