{"id":4971,"date":"2025-03-22T14:19:22","date_gmt":"2025-03-22T13:19:22","guid":{"rendered":"https:\/\/monde25.info\/index.php\/2025\/03\/22\/contre-la-menace-russe-leurope-cherche-desesperement-des-recrues-les-moutons-enrages\/"},"modified":"2025-03-22T14:19:22","modified_gmt":"2025-03-22T13:19:22","slug":"contre-la-menace-russe-leurope-cherche-desesperement-des-recrues-les-moutons-enrages","status":"publish","type":"post","link":"https:\/\/monde25.info\/index.php\/2025\/03\/22\/contre-la-menace-russe-leurope-cherche-desesperement-des-recrues-les-moutons-enrages\/","title":{"rendered":"Contre la menace russe, l\u2019Europe cherche d\u00e9sesp\u00e9r\u00e9ment des recrues \u2013 Les moutons enrag\u00e9s"},"content":{"rendered":"<p> <br \/>\n<\/p>\n<div>\n<p>Par Pierre Duval pour <a target=\"_blank\" href=\"http:\/\/www.observateur-continental.fr\/?module=articles&amp;action=view&amp;id=6749\" data-type=\"link\" data-id=\"http:\/\/www.observateur-continental.fr\/?module=articles&amp;action=view&amp;id=6749\">Observateur Continental<\/a><\/p>\n<div class=\"wp-block-image\">\n<figure class=\"aligncenter size-large is-resized\"><img fetchpriority=\"high\" decoding=\"async\" width=\"550\" height=\"314\" src=\"https:\/\/lesmoutonsenrages.fr\/wp-content\/uploads\/2025\/03\/image-84-550x314.png\" alt=\"\" class=\"wp-image-165986\" style=\"width:459px;height:auto\" srcset=\"https:\/\/lesmoutonsenrages.fr\/wp-content\/uploads\/2025\/03\/image-84-550x314.png 550w, https:\/\/lesmoutonsenrages.fr\/wp-content\/uploads\/2025\/03\/image-84-250x143.png 250w, https:\/\/lesmoutonsenrages.fr\/wp-content\/uploads\/2025\/03\/image-84-150x86.png 150w, https:\/\/lesmoutonsenrages.fr\/wp-content\/uploads\/2025\/03\/image-84.png 630w\" sizes=\"(max-width: 550px) 100vw, 550px\"\/><\/figure>\n<\/div>\n<p><strong>Alors que les autorit\u00e9s europ\u00e9ennes r\u00e9alisent des plans de militarisation de l\u2019Europe en r\u00e9ponse \u00e0 la \u00abmenace russe\u00bb, une question tr\u00e8s difficile se pose pour ces autorit\u00e9s. Est-ce que l\u2019UE aura la capacit\u00e9 de faire la guerre \u00e0 l\u2019avenir? Est-ce qu\u2019elle construira un nombre suffisant de chars et d\u2019avions? Et, si elle le peut, pourra-t-elle reprendre la conscription obligatoire dans l\u2019arm\u00e9e? Et, si oui, y-aura-t-il un nombre suffisant de recrues pour porter l\u2019uniforme?<\/strong><\/p>\n<p>Le service militaire obligatoire dans l\u2019arm\u00e9e n\u2019existe que dans certains pays de l\u2019UE: Autriche, Gr\u00e8ce, Danemark, Chypre, Finlande et Estonie. Il y a aussi la Norv\u00e8ge, la Turquie, qui ne font pas partie de l\u2019UE, mais qui sont membres de l\u2019OTAN, ainsi que la Suisse, qui ne fait partie d\u2019aucune union.\u00a0<\/p>\n<p>Dans les pays baltes, la Lituanie a\u00a0ainsi r\u00e9tabli <a target=\"_blank\" href=\"https:\/\/www.touteleurope.eu\/vie-politique-des-etats-membres\/carte-le-service-militaire-dans-les-pays-membres-de-l-union-europeenne\/\" target=\"_blank\" rel=\"noreferrer noopener\">un service militaire obligatoire<\/a> de 9 mois d\u00e8s 2015, pour les hommes de 19 \u00e0 26 ans. La Lettonie en a fait de m\u00eame en 2024, avec un service de 12 mois pour les hommes de 18 \u00e0 27 ans et une attribution par tirage au sort (loterie).<\/p>\n<p>Au printemps 2024, le Premier ministre de l\u2019\u00e9poque, Rishi Sunak, a appel\u00e9 au retour du service militaire (qui a \u00e9t\u00e9 annul\u00e9 en 1960) au Royaume-Uni, mais il a perdu au cours de l\u2019\u00e9t\u00e9 son poste. Le seul principal \u00abfaucon\u00bb europ\u00e9en actuel, Emmanuel Macron, communiquant\u00a0le 15 mars avec les repr\u00e9sentants de la presse r\u00e9gionale, a d\u00e9finitivement <a target=\"_blank\" href=\"https:\/\/www.lepoint.fr\/politique\/service-militaire-troupes-sur-le-front-ce-que-veut-emmanuel-macron-en-matiere-de-defense-15-03-2025-2584822_20.php\" target=\"_blank\" rel=\"noreferrer noopener\">exclu<\/a> le retour du service militaire obligatoire. Selon lui, en France, \u00abil n\u2019y a plus de base ni d\u2019opportunit\u00e9 logistique\u00bb pour traiter avec les conscrits.<\/p>\n<p>N\u00e9anmoins, <a target=\"_blank\" href=\"https:\/\/www.lepoint.fr\/politique\/service-militaire-troupes-sur-le-front-ce-que-veut-emmanuel-macron-en-matiere-de-defense-15-03-2025-2584822_20.php#11\" target=\"_blank\" rel=\"noreferrer noopener\">l\u2019avis<\/a> du pr\u00e9sident fran\u00e7ais va \u00e0 contrecourant de la position des Fran\u00e7ais sur la question: \u00ab61% d\u2019entre eux\u00a0se disent en effet favorables au retour du service militaire, selon un sondage du centre de r\u00e9flexion Destin commun pour\u00a0<em>Ouest-France<\/em>\u00bb.<\/p>\n<p>Cependant, il faut savoir si les jeunes concern\u00e9s seront d\u2019accord pour aller dans les casernes. En France, le respect envers l\u2019arm\u00e9e a beaucoup baiss\u00e9 et les g\u00e9n\u00e9rations issues de l\u2019immigration ne se sentent pas concern\u00e9es par le service militaire, surtout s\u2019il y a une menace de guerre dans l\u2019air.<\/p>\n<p>\u00abAlors que des milliers de soldats manquent \u00e0 l\u2019appel, l\u2019arm\u00e9e fran\u00e7aise mise sur les r\u00e9seaux sociaux pour recruter\u00bb, <a target=\"_blank\" href=\"https:\/\/www.francetvinfo.fr\/replay-radio\/le-choix-franceinfo\/reportage-pas-parce-qu-on-est-en-treillis-qu-on-est-inaccessibles-alors-que-des-milliers-de-soldats-manquent-a-l-appel-l-armee-francaise-mise-sur-les-reseaux-sociaux-pour-recruter_6335950.html\" target=\"_blank\" rel=\"noreferrer noopener\">rapporte<\/a>\u00a0<em>France Info<\/em>, pr\u00e9cisant: \u00aben 2023, il a manqu\u00e9 plus de 2000 soldats\u00bb. C\u2019est que \u00abl\u2019arm\u00e9e de Terre par exemple \u2013 en gros 120.000 personnes \u2013 doit recruter chaque ann\u00e9e entre 15.000 et 16.000 soldats\u00bb. La France veut recruter 4.200 jeunes par an. Et, ceux qui veulent s\u2019engager ont des \u00abcapacit\u00e9s physiques trop faibles\u00bb. L\u2019arm\u00e9e fran\u00e7aise mise sur la cr\u00e9ation de 6000 postes d\u2019ici \u00e0 2030.<\/p>\n<p>En 2023, plus de 2000 soldats ont rejoint l\u2019arm\u00e9e fran\u00e7aise (chaque ann\u00e9e selon le plan, 15.000 \u00e0 16.000 recrues devraient \u00eatre prises). Depuis lors, les autorit\u00e9s fran\u00e7aises r\u00e9alisent une communication de recrutement via les m\u00e9dias et elles se r\u00e9f\u00e8rent \u00e0 la \u00abmenace russe\u00bb et elles se fixent pour objectif d\u2019augmenter au moins le nombre de r\u00e9servistes \u00e0 44.000 l\u2019ann\u00e9e prochaine. La r\u00e9serve militaire op\u00e9rationnelle <a target=\"_blank\" href=\"https:\/\/www.leprogres.fr\/societe\/2025\/03\/16\/armee-combien-de-reservistes-militaires-dans-votre-departement\" target=\"_blank\" rel=\"noreferrer noopener\">compte<\/a>\u00a0aujourd\u2019hui pr\u00e8s de 45 000 volontaires.<\/p>\n<p>Mais, comme l\u2019<a target=\"_blank\" href=\"https:\/\/www.leparisien.fr\/politique\/recrutement-salaire-missions-comment-fonctionne-la-reserve-militaire-en-france-06-03-2025-2JRR35O2SVAZBEFPX6HJJ52MSY.php\" target=\"_blank\" rel=\"noreferrer noopener\">a not\u00e9<\/a>\u00a0l\u2019expert St\u00e9phane Audrand, qui regrette que \u00abde plus en plus de Fran\u00e7ais ont des maladies chroniques ou qu\u2019ils n\u2019ont pas un physique d\u2019athl\u00e8te\u00bb: \u00abOn n\u2019aura jamais 250.000 r\u00e9servistes! 1 fran\u00e7ais sur mille, c\u2019est la limite\u00bb.<\/p>\n<p>\u00abL\u2019arm\u00e9e [fran\u00e7aise] de terre doit recruter entre 15.000\u00a0et 16.000 soldats chaque ann\u00e9e. Jusqu\u2019en 2022, nous n\u2019avions pas rencontr\u00e9 de difficult\u00e9s. L\u2019ann\u00e9e derni\u00e8re, en milieu d\u2019ann\u00e9e, nous avons connu une\u00a0alerte: moins de jeunes s\u2019\u00e9taient pr\u00e9sent\u00e9s\u00bb, a stipul\u00e9 le g\u00e9n\u00e9ral Schill, chef d\u2019\u00e9tat-major de l\u2019arm\u00e9e de Terre. Et, il d\u00e9nonce le fait que les candidats ne sont pas assez solides: \u00abIl faut durcir l\u2019entra\u00eenement\u00bb.<\/p>\n<p>En Allemagne, aussi, il y a <a target=\"_blank\" href=\"https:\/\/www.touteleurope.eu\/l-ue-dans-le-monde\/carte-les-effectifs-militaires-des-etats-de-l-union-europeenne\/\" target=\"_blank\" rel=\"noreferrer noopener\">un manque<\/a> de candidats pour la Bundeswehr qui a\u00a0\u00a0 181.600 soldats. Le service militaire obligatoire en Allemagne a \u00e9t\u00e9 aboli en 2011, et il y a maintenant des discussions dans le pays sur la question de savoir s\u2019il est possible d\u2019y revenir et, dans l\u2019affirmative, sous quelle forme \u2013 plus ou moins volontaire ou toujours universelle.<\/p>\n<p>Il semble qu\u2019il soit possible de relancer les bureaux d\u2019enr\u00f4lement militaire et les commissions m\u00e9dicales militaires, ainsi que de fournir un nombre suffisant d\u2019instructeurs et de casernes qui, cependant, doivent \u00eatre modernis\u00e9es. L\u2019Allemagne suppose que les conscrits seront impliqu\u00e9s en cas d\u2019attaque contre un \u00c9tat membre de l\u2019OTAN ou contre l\u2019Allemagne. Si le conscrit refuse le service militaire, il sera en mesure d\u2019accomplir un service civil.<\/p>\n<p>En Espagne, le service militaire obligatoire a \u00e9t\u00e9 annul\u00e9 depuis 2001, et l\u2019arm\u00e9e existante compte 133.282 personnes. Dans le cas des hostilit\u00e9s, les r\u00e9servistes sont \u00e9galement appel\u00e9s et, apr\u00e8s quoi les jeunes \u00e2g\u00e9s de 19 \u00e0 25 ans peuvent \u00eatre mobilis\u00e9s. En m\u00eame temps, selon les lois espagnoles, ils peuvent refuser de servir dans l\u2019arm\u00e9e pour des raisons de conscience.<\/p>\n<p>En Italie, le service militaire obligatoire a \u00e9t\u00e9 aboli en 2005. Son arm\u00e9e compte 165.500 soldats. L\u2019ann\u00e9e derni\u00e8re, le projet de sa reprise a \u00e9t\u00e9 examin\u00e9, mais en raison des co\u00fbts , ils sont arriv\u00e9s \u00e0 la conclusion qu\u2019il serait trop co\u00fbteux.<\/p>\n<p>\u00a0La Pologne prend au s\u00e9rieux la question de son arm\u00e9e avec 202.100 individus. Bien que le service militaire obligatoire ne figure pas encore \u00e0 l\u2019ordre du jour, cela n\u2019emp\u00eache pas la soci\u00e9t\u00e9 \u00e0 se poser des questions. \u00abCombien de personnes seraient mobilis\u00e9es en Pologne si la guerre \u00e9clatait?\u00bb, <a target=\"_blank\" href=\"https:\/\/www.rp.pl\/wojsko\/art41882511-ile-osob-zostaloby-w-polsce-zmobilizowanych-gdyby-wybuchla-wojna\" target=\"_blank\" rel=\"noreferrer noopener\">titre<\/a>\u00a0<em>Rzeczpospolita<\/em>. En rajoutant le stock de r\u00e9servistes qui peuvent \u00eatre appel\u00e9s \u00e0 servir en cas de crise, les forces arm\u00e9es polonaises arrivent actuellement au nombre de 550\u00a0.000 soldats. Et, la Pologne se heurte aussi \u00e0 une baisse d\u00e9mographique.<\/p>\n<p>Les principaux pays de l\u2019UE n\u2019ont pas d\u2019arm\u00e9e digne de ce nom et les recrues potentielles n\u2019ont pas les qualit\u00e9s physiques et mentales pour affronter les combats, surtout pas des combats comme ceux qui ont lieu actuellement sur le front en Ukraine.<\/p>\n<p><em>Pierre Duval<\/em><\/p>\n<p>Tous les articles, la tribune libre et commentaires sont sous la responsabilit\u00e9 de leurs auteurs. Les Moutons Enrag\u00e9s ne sauraient \u00eatre tenus responsables de leur contenu ou orientation.<\/p>\n<\/p><\/div>\n<p><br \/>\n<br \/><a href=\"https:\/\/lesmoutonsenrages.fr\/2025\/03\/22\/contre-la-menace-russe-leurope-cherche-desesperement-des-recrues\/\" target=\"_blank\"\">Source link <\/a><\/p>\n","protected":false},"excerpt":{"rendered":"<p>Par Pierre Duval pour Observateur Continental Alors que les autorit\u00e9s europ\u00e9ennes r\u00e9alisent des plans de militarisation de l\u2019Europe en r\u00e9ponse \u00e0 la \u00abmenace russe\u00bb, une question tr\u00e8s difficile se pose&hellip; <\/p>\n","protected":false},"author":1,"featured_media":4972,"comment_status":"open","ping_status":"open","sticky":false,"template":"","format":"standard","meta":{"footnotes":""},"categories":[1],"tags":[],"class_list":["post-4971","post","type-post","status-publish","format-standard","has-post-thumbnail","hentry","category-non-classe"],"_links":{"self":[{"href":"https:\/\/monde25.info\/index.php\/wp-json\/wp\/v2\/posts\/4971","targetHints":{"allow":["GET"]}}],"collection":[{"href":"https:\/\/monde25.info\/index.php\/wp-json\/wp\/v2\/posts"}],"about":[{"href":"https:\/\/monde25.info\/index.php\/wp-json\/wp\/v2\/types\/post"}],"author":[{"embeddable":true,"href":"https:\/\/monde25.info\/index.php\/wp-json\/wp\/v2\/users\/1"}],"replies":[{"embeddable":true,"href":"https:\/\/monde25.info\/index.php\/wp-json\/wp\/v2\/comments?post=4971"}],"version-history":[{"count":0,"href":"https:\/\/monde25.info\/index.php\/wp-json\/wp\/v2\/posts\/4971\/revisions"}],"wp:featuredmedia":[{"embeddable":true,"href":"https:\/\/monde25.info\/index.php\/wp-json\/wp\/v2\/media\/4972"}],"wp:attachment":[{"href":"https:\/\/monde25.info\/index.php\/wp-json\/wp\/v2\/media?parent=4971"}],"wp:term":[{"taxonomy":"category","embeddable":true,"href":"https:\/\/monde25.info\/index.php\/wp-json\/wp\/v2\/categories?post=4971"},{"taxonomy":"post_tag","embeddable":true,"href":"https:\/\/monde25.info\/index.php\/wp-json\/wp\/v2\/tags?post=4971"}],"curies":[{"name":"wp","href":"https:\/\/api.w.org\/{rel}","templated":true}]}}