{"id":4973,"date":"2025-03-22T14:53:52","date_gmt":"2025-03-22T13:53:52","guid":{"rendered":"https:\/\/monde25.info\/index.php\/2025\/03\/22\/dun-camp-concentrationnaire-puis-dextermination-gaza-risque-de-devenir-le-plus-grand-cimetiere-du-monde-enfant-de-la-societe-sott-net\/"},"modified":"2025-03-22T14:53:52","modified_gmt":"2025-03-22T13:53:52","slug":"dun-camp-concentrationnaire-puis-dextermination-gaza-risque-de-devenir-le-plus-grand-cimetiere-du-monde-enfant-de-la-societe-sott-net","status":"publish","type":"post","link":"https:\/\/monde25.info\/index.php\/2025\/03\/22\/dun-camp-concentrationnaire-puis-dextermination-gaza-risque-de-devenir-le-plus-grand-cimetiere-du-monde-enfant-de-la-societe-sott-net\/","title":{"rendered":"D&rsquo;un camp concentrationnaire, puis d&rsquo;extermination, Gaza risque de devenir le plus grand cimeti\u00e8re du monde \u2014 Enfant de la Soci\u00e9t\u00e9 \u2014 Sott.net"},"content":{"rendered":"<p> <br \/>\n<\/p>\n<div>\n      Si nos gouvernements restent sans r\u00e9action cat\u00e9gorique contre le r\u00e9gime terroriste isra\u00e9lien et son g\u00e9nocide total sur Gaza, les portes de l&rsquo;enfer nous seront grandes ouvertes.<br \/>\n<\/p>\n<div class=\"article-image-super to-center\"><a target=\"_blank\" href=\"https:\/\/fr.sott.net\/image\/s36\/725167\/full\/AP24002688256694_659ffbffd6034.jpg\" target=\"_blank\"><img decoding=\"async\" src=\"https:\/\/fr.sott.net\/image\/s36\/725167\/super\/AP24002688256694_659ffbffd6034.jpg\" alt=\"fghj\" title=\"Cliquer pour agrandir\"\/><\/a><\/div>\n<p>L&rsquo;esp\u00e8ce humaine est d\u00e9cid\u00e9ment infr\u00e9quentable. Elle ne semble tirer aucune le\u00e7on de son pass\u00e9. Le g\u00e9nocide en cours \u00e0 Gaza n&rsquo;est pas le premier de son histoire. Elle en a commis d&rsquo;autres. Mais, \u00e0 l&rsquo;\u00e9poque, ces massacres de masse, ces abominables exterminations, passaient inaper\u00e7us aux yeux ext\u00e9rieurs parce que les moyens d&rsquo;information et de communication \u00e9taient quasi inexistants.<\/p>\n<p>Aujourd&rsquo;hui, les choses ont chang\u00e9, l&rsquo;information circule \u00e0 la vitesse de l&rsquo;\u00e9clair et m\u00eame les rencontres entre les plus hauts responsables et leurs \u00e9changes souvent qualifi\u00e9s de &lsquo;secrets&rsquo; sont relay\u00e9s et diffus\u00e9s sur la toile. Des anciens fonctionnaires tenus au silence s&#8217;empressent de se &lsquo;l\u00e2cher&rsquo; d\u00e8s qu&rsquo;ils se retirent de la vie professionnelle, et le dernier des sous-fifre monnaie ce qu&rsquo;il a pu glaner dans les alc\u00f4ves de la caste dominante. Notre responsabilit\u00e9 collective n&rsquo;en est que plus \u00e9vidente.<\/p>\n<p>Il est cependant une chose qui semble cruellement manquer \u00e0 cette esp\u00e8ce humaine : le devoir de m\u00e9moire. Chaque g\u00e9n\u00e9ration pense que le monde commence avec elle et qu&rsquo;elle va lui apprendre \u00e0 tourner comme elle l&rsquo;entend. Erreur. Dont les cons\u00e9quences s&rsquo;av\u00e8rent \u00eatre de plus en plus graves et mena\u00e7antes pour la survie m\u00eame de notre esp\u00e8ce qui se croit tellement sup\u00e9rieure \u00e0 celles qui l&rsquo;ont pr\u00e9c\u00e9d\u00e9e.<\/p>\n<p>Pourquoi serait-ce aujourd&rsquo;hui plus grave qu&rsquo;auparavant ? Parce que la somme des connaissances accumul\u00e9es nous a dot\u00e9 de moyens de plus en plus l\u00e9taux, au point que certains envisagent sans sourciller l&rsquo;usage d&rsquo;armes nucl\u00e9aires pour se d\u00e9barrasser de leurs ennemis, comme s&rsquo;il s&rsquo;agissait d&rsquo;un jeu vid\u00e9o. Ceux-l\u00e0 croient pouvoir se lever de leur fauteuil, une fois leurs missiles lanc\u00e9s sur les cibles qu&rsquo;ils veulent an\u00e9antir, pensant qu&rsquo;ils ont la capacit\u00e9 de ma\u00eetriser les retomb\u00e9es qui en d\u00e9couleraient.<\/p>\n<p>Or, l&rsquo;histoire r\u00e9cente n&rsquo;a de cesse de nous rappeler qu&rsquo;il n&rsquo;en est rien. Le g\u00e9nocide nazi contre les juifs lors de la p\u00e9riode 1939-1945 nous indique chaque jour que, 80 ans plus tard, les cons\u00e9quences se font toujours sentir. L&rsquo;Europe, si pr\u00e9tentieuse \u00e0 travers les envol\u00e9es lyriques de ses t\u00e9nors, responsable de ce g\u00e9nocide &#8211; Allemagne en t\u00eate, mais avec la complicit\u00e9 d&rsquo;autres \u00c9tats &#8211; n&rsquo;ose prendre les mesures fermes et d\u00e9cisives pour emp\u00eacher le r\u00e9gime terroriste isra\u00e9lien de commettre le g\u00e9nocide actuel sur les populations de Gaza, ni pour arr\u00eater le nettoyage ethnique entam\u00e9 depuis 1948 \u00e0 l&rsquo;encontre des populations palestiniennes. Pire, elle y participe, trouvant toujours quelque mauvais pr\u00e9texte pour soutenir ce r\u00e9gime n\u00e9onazi. Elle et ses pairs sont t\u00e9tanis\u00e9s par leur pass\u00e9 et paniquent d\u00e8s qu&rsquo;il s&rsquo;agit de contrer le r\u00e9gime d&rsquo;apartheid isra\u00e9lien, m\u00eame dans ses actes terroristes contre des enfants, des femmes et des personnes \u00e2g\u00e9es. Et cette paralysie est tout b\u00e9n\u00e9fice pour le r\u00e9gime sioniste qui se sent les coud\u00e9es franches pour pousser ses plans de &lsquo;Grand Isra\u00ebl&rsquo; toujours plus loin.<\/p>\n<p>Cela \u00e9tant, si sur le terrain le r\u00e9gime terroriste isra\u00e9lien pense pouvoir continuer son entreprise d&rsquo;extermination sans rencontrer la moindre sanction sinon orale, de la part des gouvernements occidentaux \u2014 ceux-l\u00e0 m\u00eames qui aujourd&rsquo;hui ont assis leur puissance \u00e9conomique et militaire par leurs entreprises coloniales \u2014 les sionistes et leurs parrains vivront des d\u00e9cennies durant avec un pistolet sur la tempe, parce que les r\u00e9sistants de Palestine, du Liban, de Syrie, d&rsquo;Irak et d&rsquo;autres encore, chercheront \u00e0 se venger de cette injustice flagrante \u00e9tal\u00e9e sous nos yeux. Et, l&rsquo;histoire \u2014 encore elle \u2014 nous apprend que, quelque soit la puissance de l&#8217;empire auquel vous appartenez, celui-ci finit toujours par s&rsquo;effondrer, au profit d&rsquo;un autre qui, par mille canaux s&rsquo;organise et finit par vous renverser. Ce n&rsquo;est qu&rsquo;une question de temps.<\/p>\n<p>Isra\u00ebl Katz, le criminel ministre de la &lsquo;D\u00e9fense&rsquo; du r\u00e9gime terroriste isra\u00e9lien, vient d&rsquo;avertir les Gazaouis ainsi : \u00ab Lib\u00e9rez les prisonniers et nous vous expulserons. Dans le cas contraire, vous serez confront\u00e9s \u00e0 une \u00ab d\u00e9vastation totale \u00bb.<\/p>\n<p>Ce &lsquo;sinistre de la D\u00e9fense&rsquo;, a prof\u00e9r\u00e9 ces incroyables menaces \u00e0 l&rsquo;encontre des Palestiniens de Gaza, exigeant ainsi la lib\u00e9ration de tous les prisonniers isra\u00e9liens en \u00e9change de l&rsquo;expulsion des Palestiniens de chez eux, Gaza ! Sinon, il leur promet \u00ab la d\u00e9vastation totale \u00bb&#8230; Comme si ce n&rsquo;\u00e9tait pas d\u00e9j\u00e0 le cas !<\/p>\n<p>O\u00f9 y a-t-il une r\u00e9action \u00e0 la hauteur de la gravit\u00e9 des faits de la part de nos dirigeants qui, non seulement laissent dire et faire sans broncher, mais s&rsquo;en prennent aux militants pacifiques \u2014 jusqu&rsquo;\u00e0 pr\u00e9sent \u2014 quand ils d\u00e9filent dans les rues en soutien \u00e0 la Palestine ?! C&rsquo;est comme toujours, mais il faut le r\u00e9p\u00e9ter sans cesse, l&rsquo;inversion accusatoire : le pouvoir dominant charge les victimes, mais soutient les agresseurs.<\/p>\n<p>Non content des menaces prof\u00e9r\u00e9es par le ministre de la &lsquo;D\u00e9fense&rsquo;, Isra\u00ebl Katz, l&rsquo;aviation isra\u00e9lienne a largu\u00e9 ce jeudi matin des tracts ouvertement g\u00e9nocidaires sur la bande de Gaza, dont voici la traduction :\n<\/p>\n<blockquote class=\"typ1\"><p>\n <em>\u00ab Apr\u00e8s les \u00e9v\u00e9nements survenus, le cessez-le-feu temporaire et avant la mise en \u0153uvre du plan de D.Trump qui vous imposera un d\u00e9placement forc\u00e9, que vous le vouliez ou non, nous avons d\u00e9cid\u00e9 de lancer un dernier appel \u00e0 ceux qui souhaitent recevoir de l&rsquo;aide en \u00e9change de leur coop\u00e9ration. Nous n&rsquo;h\u00e9siterons pas un instant \u00e0 apporter notre aide.<\/em><\/p>\n<p><em>Reconsid\u00e9rez vos choix, car la carte du monde ne changera pas si tous les habitants de Gaza disparaissent. Personne ne compatira avec vous et personne ne vous demandera de vos nouvelles. Vous \u00eates livr\u00e9s \u00e0 vous-m\u00eames face \u00e0 votre destin in\u00e9vitable. M\u00eame l&rsquo;Iran ne peut se prot\u00e9ger, alors comment peut-il vous prot\u00e9ger ? Vous avez vu de vos propres yeux ce qui s&rsquo;est pass\u00e9. Ni les \u00c9tats-Unis ni l&rsquo;Europe ne se soucient de Gaza. Pas m\u00eame vos pays arabes, d\u00e9sormais nos alli\u00e9s, qui nous fournissent argent, p\u00e9trole et armes, tout en ne vous envoyant que des cercueils.<\/em><\/p>\n<p><em>La partie est presque termin\u00e9e, et il ne reste que peu de choses. Quiconque veut se sauver avant qu&rsquo;il ne soit trop tard, nous sommes l\u00e0 pour rester jusqu&rsquo;au Jour du Jugement Dernier \u00bb.<\/em>\n<\/p>\n<\/blockquote>\n<p> A l&rsquo;aube de mardi, dans un d\u00e9cor apocalyptique de sang et de membres disloqu\u00e9s et \u00e9parpill\u00e9s dans les rues suite \u00e0 la l\u00e2che agression men\u00e9e par l&rsquo;aviation sioniste n\u00e9onazie de la veille, de nombreux pays et organisations ont r\u00e9agi par diff\u00e9rents &lsquo;communiqu\u00e9s&rsquo;, condamnant la barbarie sioniste contre les enfants et femmes de Gaza, ainsi que de la rupture de l&rsquo;accord de cessez-le-feu.<\/p>\n<p>L&rsquo;arm\u00e9e d&rsquo;occupation a repris son agression contre les innocents dans leurs maisons et les camps de la bande de Gaza, utilisant 100 avions de guerre transportant des milliers de bombes largu\u00e9es sur les habitants au moment du *suhoor* (repas avant l&rsquo;aube pendant le Ramadan), entra\u00eenant la mort et blessant pr\u00e8s de 1.000 civils. L&rsquo;ONU a indiqu\u00e9 qu&rsquo;il n&rsquo;y avait jamais eu autant d&rsquo;enfants assassin\u00e9s sur un aussi court laps de temps.<\/p>\n<p>L&rsquo;arm\u00e9e d&rsquo;occupation a lanc\u00e9 son agression terroriste contre Gaza d\u00e9j\u00e0 consid\u00e9rablement d\u00e9vast\u00e9e par l&rsquo;op\u00e9ration militaire apr\u00e8s le 7 octobre 2023 pr\u00e9tendant viser le mouvement Hamas, et mena\u00e7ant que Gaza connaisse un &lsquo;enfer&rsquo;, comme annonc\u00e9 par le cingl\u00e9 pr\u00e9sident am\u00e9ricain, sous pr\u00e9texte de la non-lib\u00e9ration des prisonniers d\u00e9tenus par la r\u00e9sistance.<\/p>\n<p>La reprise de l&rsquo;agression contre l&rsquo;enclave de Gaza intervient apr\u00e8s deux mois de cessez-le-feu peu respect\u00e9 par le r\u00e9gime occupant, et dans un contexte d&rsquo;une aggravation de la situation humanitaire en raison du blocus continu et de la coupure des approvisionnements m\u00e9dicaux et humanitaires.\n<\/p>\n<blockquote class=\"typ1\"><p>\n Des habitants de Gaza, devenus experts en armement de par la force des choses, ont signal\u00e9 le survol de l&rsquo;enclave par un bombardier \u00e0 charge nucl\u00e9aire. Cela n&rsquo;a rien d&rsquo;anodin. Il y a quelques semaines \u00e0 peine, l&rsquo;administration am\u00e9ricaine a autoris\u00e9 la livraison au r\u00e9gime terroriste isra\u00e9lien de bombes de plus de 900 kg chacune \u2014 et consid\u00e9r\u00e9e comme les plus d\u00e9vastatrices avant l&rsquo;usage du nucl\u00e9aire \u2014 que la pr\u00e9c\u00e9dente administration Biden avait bloqu\u00e9e, craignant leur utilisation par les extr\u00e9mistes de Tel-Aviv.\n<\/p><\/blockquote>\n<p> Tout semble donc en place pour l&rsquo;assaut final contre la bande de Gaza devenue l&rsquo;un des plus grand cimeti\u00e8re du monde. Et croire qu&rsquo;il n&rsquo;y aura pas de retomb\u00e9es \u00e0 la suite de cette entreprise d&rsquo;extermination orchestr\u00e9e par nos pays est un leurre, un aveuglement, voire une folie.<\/p>\n<p>*<\/p>\n<p><a target=\"_blank\" href=\"https:\/\/www.mondialisation.ca\/author\/daniel-vanhove?doing_wp_cron=1717695720.8555788993835449218750\"><strong>Daniel Vanhove<\/strong><\/a>, <em>France \/ Belgique : observateur civil en Palestine 2001 &#8211; 2004. Il est l&rsquo;auteur de plusieurs livres : co-auteur de <\/em>\u00ab Retour de Palestine \u00bb, 2002 &#8211; Ed. Vista<em> ; <\/em>\u00ab Si vous d\u00e9truisez nos maisons, vous ne d\u00e9truirez pas nos \u00e2mes \u00bb, 2004 <em>(Pr\u00e9face de Ilan Halevi &#8211; Ed. M. Pietteur) ; co-concepteur du DVD <\/em>\u00ab Au bord de la mort, nous cultivons l&rsquo;espoir \u00bb, T\u00e9moignages in situ accompagnant le livre, La D\u00e9mocratie Mensonge, 2008 &#8211; Ed. Marco Pietteur &#8211; coll. Oser Dire<em>. Administrateur du blog Mouvement Citoyen Palestine (MCP). Il est associ\u00e9 de recherche du CRM (Centre de recherche sur la Mondialisation).<\/em>\n\t\t<\/p>\n<\/div>\n<p><br \/>\n<br \/><a href=\"https:\/\/fr.sott.net\/article\/44279-D-un-camp-concentrationnaire-puis-d-extermination-Gaza-risque-de-devenir-le-plus-grand-cimetiere-du-monde\" target=\"_blank\"\">Source link <\/a><\/p>\n","protected":false},"excerpt":{"rendered":"<p>Si nos gouvernements restent sans r\u00e9action cat\u00e9gorique contre le r\u00e9gime terroriste isra\u00e9lien et son g\u00e9nocide total sur Gaza, les portes de l&rsquo;enfer nous seront grandes ouvertes. L&rsquo;esp\u00e8ce humaine est d\u00e9cid\u00e9ment&hellip; <\/p>\n","protected":false},"author":1,"featured_media":4974,"comment_status":"open","ping_status":"open","sticky":false,"template":"","format":"standard","meta":{"footnotes":""},"categories":[1],"tags":[],"class_list":["post-4973","post","type-post","status-publish","format-standard","has-post-thumbnail","hentry","category-non-classe"],"_links":{"self":[{"href":"https:\/\/monde25.info\/index.php\/wp-json\/wp\/v2\/posts\/4973","targetHints":{"allow":["GET"]}}],"collection":[{"href":"https:\/\/monde25.info\/index.php\/wp-json\/wp\/v2\/posts"}],"about":[{"href":"https:\/\/monde25.info\/index.php\/wp-json\/wp\/v2\/types\/post"}],"author":[{"embeddable":true,"href":"https:\/\/monde25.info\/index.php\/wp-json\/wp\/v2\/users\/1"}],"replies":[{"embeddable":true,"href":"https:\/\/monde25.info\/index.php\/wp-json\/wp\/v2\/comments?post=4973"}],"version-history":[{"count":0,"href":"https:\/\/monde25.info\/index.php\/wp-json\/wp\/v2\/posts\/4973\/revisions"}],"wp:featuredmedia":[{"embeddable":true,"href":"https:\/\/monde25.info\/index.php\/wp-json\/wp\/v2\/media\/4974"}],"wp:attachment":[{"href":"https:\/\/monde25.info\/index.php\/wp-json\/wp\/v2\/media?parent=4973"}],"wp:term":[{"taxonomy":"category","embeddable":true,"href":"https:\/\/monde25.info\/index.php\/wp-json\/wp\/v2\/categories?post=4973"},{"taxonomy":"post_tag","embeddable":true,"href":"https:\/\/monde25.info\/index.php\/wp-json\/wp\/v2\/tags?post=4973"}],"curies":[{"name":"wp","href":"https:\/\/api.w.org\/{rel}","templated":true}]}}