{"id":4979,"date":"2025-03-22T17:42:40","date_gmt":"2025-03-22T16:42:40","guid":{"rendered":"https:\/\/monde25.info\/index.php\/2025\/03\/22\/macron-lingerence-decomplexee-quand-la-laicite-cede-face-aux-interets-de-la-france-en-rdc\/"},"modified":"2025-03-22T17:42:40","modified_gmt":"2025-03-22T16:42:40","slug":"macron-lingerence-decomplexee-quand-la-laicite-cede-face-aux-interets-de-la-france-en-rdc","status":"publish","type":"post","link":"https:\/\/monde25.info\/index.php\/2025\/03\/22\/macron-lingerence-decomplexee-quand-la-laicite-cede-face-aux-interets-de-la-france-en-rdc\/","title":{"rendered":"Macron, l\u2019ing\u00e9rence d\u00e9complex\u00e9e : Quand la la\u00efcit\u00e9 c\u00e8de face aux int\u00e9r\u00eats de la France en RDC"},"content":{"rendered":"<p> <br \/>\n<\/p>\n<div>\n<blockquote>\n<p>R\u00e9sum\u00e9 : La politique d&rsquo;Emmanuel Macron est sous le feu des critiques avec la tension qu&rsquo;il place entre la la\u00efcit\u00e9 et les int\u00e9r\u00eats strat\u00e9giques de la France. Des relations avec des pays ou acteurs controvers\u00e9s semblent \u00eatre privil\u00e9gi\u00e9es, dans une logique de realpolitik, face aux principes r\u00e9publicains. Cette \u00ab ing\u00e9rence d\u00e9complex\u00e9e \u00bb, d\u00e9crite par l&rsquo;auteur, dans des affaires internationales et une gestion ambigu\u00eb de la la\u00efcit\u00e9, avec des choix per\u00e7us comme pragmatiques. Cela pourrait affecter l\u2019image de la France comme d\u00e9fenseur des droits et des valeurs universelles.<\/p>\n<\/blockquote>\n<p>La r\u00e9cente r\u00e9ception \u00e0 l\u2019\u00c9lys\u00e9e d\u2019une d\u00e9l\u00e9gation d\u2019\u00e9glises congolaises par Emmanuel Macron a provoqu\u00e9 un toll\u00e9 en R\u00e9publique D\u00e9mocratique du Congo (RDC). Derri\u00e8re cette op\u00e9ration pr\u00e9sent\u00e9e comme un soutien \u00e0 la paix, les Congolais y voient une ing\u00e9rence flagrante dans leurs affaires int\u00e9rieures, sous couvert de dialogue. Pire encore, cette initiative met en lumi\u00e8re l\u2019hypocrisie de la France, qui brandit la la\u00efcit\u00e9 quand \u00e7a l\u2019arrange, mais s\u2019en affranchit lorsqu\u2019il s\u2019agit de ses int\u00e9r\u00eats strat\u00e9giques.<\/p>\n<h5><strong>Une rencontre sous haute suspicion<\/strong><\/h5>\n<p>Dans un tweet, Emmanuel Macron a d\u00e9clar\u00e9 :<\/p>\n<blockquote>\n<p>\u201cJ\u2019ai re\u00e7u une d\u00e9l\u00e9gation des \u00e9glises congolaises engag\u00e9es pour la paix en RDC. J\u2019appuie pleinement leur initiative. Pour d\u00e9passer la crise actuelle \u00e0 l\u2019Est du pays et permettre le r\u00e9tablissement de la souverainet\u00e9 congolaise, la France soutient le dialogue. La rencontre entre le Pr\u00e9sident Tshisekedi et le Pr\u00e9sident Kagame organis\u00e9e par l\u2019\u00c9mir du Qatar hier \u00e0 Doha et tous les efforts r\u00e9gionaux vont dans ce sens. Ils doivent se poursuivre.\u201d<\/p>\n<\/blockquote>\n<p>Mais qui sont ces \u201c\u00e9glises congolaises engag\u00e9es pour la paix\u201d ? Pour beaucoup en RDC, ces \u201chommes en robes\u201d sont surtout des figures de l\u2019opposition cach\u00e9es sous le couvert religieux. Appel\u00e9s \u00e9galement \u201cl\u2019opposition en robe\u201d, ces religieux sont soup\u00e7onn\u00e9s d\u2019agir en faveur de Mo\u00efse Katumbi, milliardaire et opposant notoire, lui-m\u00eame alli\u00e9 de Joseph Kabila, ancien pr\u00e9sident devenu chef rebelle. Selon le Pr\u00e9sident F\u00e9lix Tshisekedi, et suivant une lecture cumul\u00e9e des faits, Kabila serait le patron de l\u2019AFC, groupe rebelle officiellement dirig\u00e9 par Corneille Nangaa. Ce dernier n\u2019est autre que l\u2019ancien pr\u00e9sident de la CENI (Commission \u00c9lectorale Ind\u00e9pendante) du temps de Kabila. C\u2019est dire que c\u2019\u00e9tait l\u2019homme en qui il avait le plus confiance.<\/p>\n<p>Le constat est clair : sous pr\u00e9texte d\u2019une mission pour la paix, cette d\u00e9l\u00e9gation est venue consulter ses soutiens, au premier rang desquels figurent Paul Kagame et Emmanuel Macron. Une strat\u00e9gie bien rod\u00e9e alors que la France continue de soutenir militairement et logistiquement le Rwanda, facilitant ainsi son avance sur le terrain de guerre \u00e0 l\u2019Est du Congo.<\/p>\n<h5><strong>La la\u00efcit\u00e9, un principe \u00e0 g\u00e9om\u00e9trie variable<\/strong><\/h5>\n<p>L\u2019ing\u00e9rence de l\u2019\u00c9glise dans les affaires politiques suscite un vif \u00e9moi en RDC, un pays dont la Constitution affirme d\u00e8s son premier article la la\u00efcit\u00e9 de l\u2019\u00c9tat congolais. Cette intervention est d\u2019autant plus controvers\u00e9e qu\u2019elle est per\u00e7ue comme proche de certains partis d\u2019opposition relayant la rh\u00e9torique du Pr\u00e9sident rwandais, une th\u00e8se largement r\u00e9fut\u00e9e par des rapports onusiens et des ONG locales.<\/p>\n<p>Pourtant, la France, souvent prompte \u00e0 donner des le\u00e7ons sur la la\u00efcit\u00e9, n\u2019a pas h\u00e9sit\u00e9 \u00e0 placer l\u2019\u00c9glise au c\u0153ur du jeu politique congolais. Un paradoxe qui indigne de nombreux observateurs africains. Alors qu\u2019elle pr\u00f4ne une stricte neutralit\u00e9 religieuse sur son territoire, elle semble s\u2019affranchir de ce principe d\u00e8s qu\u2019il s\u2019agit de l\u2019Afrique. L\u2019histoire regorge d\u2019exemples d\u2019ing\u00e9rences fran\u00e7aises sous couvert de diplomatie religieuse, souvent dict\u00e9es par des int\u00e9r\u00eats \u00e9conomiques et strat\u00e9giques.<\/p>\n<h5><strong>Une pr\u00e9sence fran\u00e7aise de plus en plus contest\u00e9e<\/strong><\/h5>\n<p>Les r\u00e9actions en RDC ne se sont pas fait attendre. Le tweet de Macron a suscit\u00e9 une vague d\u2019indignation et de commentaires incendiaires. Entre injures et vocif\u00e9rations, les Congolais expriment leur ras-le-bol face \u00e0 ce qu\u2019ils per\u00e7oivent comme une nouvelle tentative de manipulation politique orchestr\u00e9e depuis Paris, qui offre un appui logistique aux rebelles sur le terrain.<\/p>\n<p>L\u2019attaque spontan\u00e9e de l\u2019ambassade de France apr\u00e8s la prise de Goma \u00e9tait une manifestation populaire qui aurait d\u00fb alerter les autorit\u00e9s fran\u00e7aises. Dans ce contexte, la question d\u2019un possible retrait de la RDC de l\u2019Organisation Internationale de la Francophonie (OIF) commence \u00e0 \u00e9merger au sein d\u2019une jeunesse en col\u00e8re. \u00c0 l\u2019image du Burkina Faso, du Niger et du Mali, qui ont d\u00e9j\u00e0 pris leurs distances avec cette organisation, celle-ci est de plus en plus per\u00e7ue comme un instrument de domination fran\u00e7aise.<\/p>\n<h5><strong>Une analyse trop rarement abord\u00e9e par les m\u00e9dias mainstream<\/strong><\/h5>\n<p>Contrairement \u00e0 ce que pr\u00e9tendent les grands m\u00e9dias occidentaux, l\u2019opposition congolaise n\u2019est pas un bloc monolithique d\u2019acteurs d\u00e9mocratiques luttant pour le bien commun. Certains sont avant tout mus par des int\u00e9r\u00eats personnels et n\u2019h\u00e9sitent pas \u00e0 faire appel \u00e0 des soutiens \u00e9trangers, quitte \u00e0 mettre en p\u00e9ril la souverainet\u00e9 de leur propre pays.<\/p>\n<p>D\u2019un c\u00f4t\u00e9, on critique les peuples africains qui d\u00e9noncent le r\u00f4le trouble des anciennes puissances coloniales ; de l\u2019autre, on entretient une grille de lecture simpliste o\u00f9 toute opposition est n\u00e9cessairement une alternative vertueuse. Or, la r\u00e9alit\u00e9 est bien plus nuanc\u00e9e.<\/p>\n<h5><strong>Un avertissement pour l\u2019avenir<\/strong><\/h5>\n<p>Les Congolais ne sont pas dupes. L\u2019ing\u00e9rence fran\u00e7aise ne se cache m\u00eame plus et la complicit\u00e9 avec le Rwanda ne fait que renforcer un sentiment anti-fran\u00e7ais grandissant. La RDC pourrait bien embo\u00eeter le pas aux autres nations africaines qui ont d\u00e9cid\u00e9 de rompre avec l\u2019influence fran\u00e7aise. Ce serait une onde de choc pour la France, qui perdrait ainsi le plus grand pays francophone du monde, fort de ses 110 millions de locuteurs. On voit d\u00e9j\u00e0 son influence se r\u00e9tr\u00e9cir sur le continent, o\u00f9 elle r\u00e9ussit \u00e0 se brouiller avec ceux qui devaient lui servir de partenaires strat\u00e9giques de premiers rangs : l\u2019Afrique francophone.<\/p>\n<p>L\u2019Histoire est en marche. Reste \u00e0 voir si la RDC fait le choix de la rupture, rejoignant ainsi le Burkina Faso, le Niger et le Mali dans une dynamique de reconqu\u00eate de sa pleine souverainet\u00e9. Une chose est s\u00fbre : la patience du peuple congolais a des limites, et Paris ferait bien d\u2019en tenir compte.<\/p>\n<h5>\u00c0 propos de l&rsquo;auteur\u00a0<\/h5>\n<p><img decoding=\"async\" data-entity-uuid=\"98d96126-e8c0-48c5-a74d-2c7fee66cf86\" data-entity-type=\"file\" width=\"183\" height=\"171\" class=\"align-left lazyload\" loading=\"lazy\" src=\"https:\/\/www.francesoir.fr\/sites\/default\/files\/inline-images\/image_153.png\"\/><\/p>\n<p><a target=\"_blank\" href=\"https:\/\/atipik.tv\/author\/sebastien-vanden-broek\/\">S\u00e9bastien Vanden Broek<\/a>\u00a0<\/p>\n<p>Docteur en philologie romaine, historien en \u00e9tudes africaines et expert ind\u00e9pendant.<\/p>\n<p>\u00a0<\/p>\n<\/div>\n<p><script>(function(d, s, id) {  var js, fjs = d.getElementsByTagName(s)[0];  if (d.getElementById(id)) return;  js = d.createElement(s); js.id = id;  js.src = \"\/\/connect.facebook.net\/fr_FR\/sdk.js#xfbml=1&version=v2.3\";  fjs.parentNode.insertBefore(js, fjs);}(document, \"script\", \"facebook-jssdk\"));<\/script><br \/>\n<br \/><br \/>\n<br \/><a href=\"https:\/\/www.francesoir.fr\/politique-monde\/macron-l-ingerence-decomplexee-quand-la-laicite-cede-face-aux-interets-de-la-france\" target=\"_blank\"\">Source link <\/a><\/p>\n","protected":false},"excerpt":{"rendered":"<p>R\u00e9sum\u00e9 : La politique d&rsquo;Emmanuel Macron est sous le feu des critiques avec la tension qu&rsquo;il place entre la la\u00efcit\u00e9 et les int\u00e9r\u00eats strat\u00e9giques de la France. Des relations avec&hellip; <\/p>\n","protected":false},"author":1,"featured_media":4980,"comment_status":"open","ping_status":"open","sticky":false,"template":"","format":"standard","meta":{"footnotes":""},"categories":[1],"tags":[],"class_list":["post-4979","post","type-post","status-publish","format-standard","has-post-thumbnail","hentry","category-non-classe"],"_links":{"self":[{"href":"https:\/\/monde25.info\/index.php\/wp-json\/wp\/v2\/posts\/4979","targetHints":{"allow":["GET"]}}],"collection":[{"href":"https:\/\/monde25.info\/index.php\/wp-json\/wp\/v2\/posts"}],"about":[{"href":"https:\/\/monde25.info\/index.php\/wp-json\/wp\/v2\/types\/post"}],"author":[{"embeddable":true,"href":"https:\/\/monde25.info\/index.php\/wp-json\/wp\/v2\/users\/1"}],"replies":[{"embeddable":true,"href":"https:\/\/monde25.info\/index.php\/wp-json\/wp\/v2\/comments?post=4979"}],"version-history":[{"count":0,"href":"https:\/\/monde25.info\/index.php\/wp-json\/wp\/v2\/posts\/4979\/revisions"}],"wp:featuredmedia":[{"embeddable":true,"href":"https:\/\/monde25.info\/index.php\/wp-json\/wp\/v2\/media\/4980"}],"wp:attachment":[{"href":"https:\/\/monde25.info\/index.php\/wp-json\/wp\/v2\/media?parent=4979"}],"wp:term":[{"taxonomy":"category","embeddable":true,"href":"https:\/\/monde25.info\/index.php\/wp-json\/wp\/v2\/categories?post=4979"},{"taxonomy":"post_tag","embeddable":true,"href":"https:\/\/monde25.info\/index.php\/wp-json\/wp\/v2\/tags?post=4979"}],"curies":[{"name":"wp","href":"https:\/\/api.w.org\/{rel}","templated":true}]}}