{"id":4987,"date":"2025-03-22T19:59:22","date_gmt":"2025-03-22T18:59:22","guid":{"rendered":"https:\/\/monde25.info\/index.php\/2025\/03\/22\/dun-camp-concentrationnaire-puis-dextermination-gaza-se-transforme-en-plus-grand-cimetiere-du-monde\/"},"modified":"2025-03-22T19:59:22","modified_gmt":"2025-03-22T18:59:22","slug":"dun-camp-concentrationnaire-puis-dextermination-gaza-se-transforme-en-plus-grand-cimetiere-du-monde","status":"publish","type":"post","link":"https:\/\/monde25.info\/index.php\/2025\/03\/22\/dun-camp-concentrationnaire-puis-dextermination-gaza-se-transforme-en-plus-grand-cimetiere-du-monde\/","title":{"rendered":"D&rsquo;un camp concentrationnaire, puis d&rsquo;extermination, Gaza se transforme en plus grand cimeti\u00e8re du monde"},"content":{"rendered":"<p> <br \/>\n<\/p>\n<div id=\"\">\n<p>L\u2019esp\u00e8ce humaine est d\u00e9cid\u00e9ment infr\u00e9quentable. Elle ne semble tirer aucune le\u00e7on de son pass\u00e9. Le g\u00e9nocide en cours \u00e0 Gaza n\u2019est pas le premier de son histoire. Elle en a commis d\u2019autres. Mais, \u00e0 l\u2019\u00e9poque, ces abominables exterminations, ces massacres de masse, passaient inaper\u00e7us aux yeux ext\u00e9rieurs parce que les moyens d\u2019information et de communication \u00e9taient quasi inexistants. Les victimes \u00e9taient laiss\u00e9es \u00e0 elles-m\u00eames. Ignor\u00e9es et oubli\u00e9es.<\/p>\n<p>Aujourd\u2019hui, les choses ont chang\u00e9, l\u2019information circule \u00e0 la vitesse de l\u2019\u00e9clair et m\u00eame des rencontres entre les plus hauts responsables et leurs \u00e9changes souvent qualifi\u00e9s de \u2018secrets\u2019 sont relay\u00e9s et diffus\u00e9s sur la toile. Des anciens fonctionnaires tenus au silence s\u2019empressent de se \u2018l\u00e2cher\u2019 d\u00e8s qu\u2019ils se retirent de la vie professionnelle, et le dernier des sous-fifres monnaie ce qu\u2019il a pu glaner dans les alc\u00f4ves de la caste dominante. Notre responsabilit\u00e9 collective n\u2019en est que plus \u00e9vidente.<\/p>\n<p>Il est cependant une chose qui semble cruellement manquer \u00e0 cette esp\u00e8ce humaine\u00a0: le devoir de m\u00e9moire. Chaque g\u00e9n\u00e9ration pense que le monde commence avec elle et qu\u2019elle va lui apprendre \u00e0 tourner comme elle l\u2019entend. Erreur. Dont les cons\u00e9quences s\u2019av\u00e8rent \u00eatre de plus en plus graves et mena\u00e7antes pour la survie m\u00eame de notre esp\u00e8ce qui se croit tellement sup\u00e9rieure \u00e0 celles qui l\u2019ont pr\u00e9c\u00e9d\u00e9e.<\/p>\n<p>S\u2019il en est ainsi, pourquoi donc serait-ce aujourd\u2019hui plus grave qu\u2019auparavant\u00a0? Parce que la somme des connaissances accumul\u00e9es nous a dot\u00e9 de moyens de plus en plus l\u00e9taux, au point que certains envisagent sans sourciller l\u2019usage d\u2019armes nucl\u00e9aires pour se d\u00e9barrasser de leurs ennemis, comme s\u2019il s\u2019agissait d\u2019un jeu vid\u00e9o. Ceux-l\u00e0 croient pouvoir se lever de leur fauteuil, une fois leurs missiles lanc\u00e9s sur les cibles qu\u2019ils veulent an\u00e9antir, pensant qu\u2019ils ont la capacit\u00e9 de ma\u00eetriser les retomb\u00e9es qui en d\u00e9couleraient.<\/p>\n<p>Or, l\u2019histoire r\u00e9cente n\u2019a de cesse de nous rappeler qu\u2019il n\u2019en est rien. Le g\u00e9nocide nazi contre les juifs lors de la p\u00e9riode 1939-1945 nous indique chaque jour que, 80 ans plus tard, les cons\u00e9quences se font toujours sentir. L\u2019Europe, si pr\u00e9tentieuse \u00e0 travers les envol\u00e9es lyriques de ses t\u00e9nors, responsable de ce g\u00e9nocide \u2013 Allemagne en t\u00eate mais avec la complicit\u00e9 d\u2019autres Etats \u2013 n\u2019ose prendre les mesures fermes et d\u00e9cisives pour emp\u00eacher le r\u00e9gime terroriste isra\u00e9lien de commettre le g\u00e9nocide actuel sur les populations de Gaza, ni pour arr\u00eater le nettoyage ethnique entam\u00e9 depuis 1948 \u00e0 l\u2019encontre des populations palestiniennes. Pire, elle y participe, trouvant toujours quelque mauvais pr\u00e9texte pour soutenir ce r\u00e9gime n\u00e9o-nazi. Elle et ses pairs sont t\u00e9tanis\u00e9s par leur pass\u00e9 et paniquent d\u00e8s qu\u2019il s\u2019agit de contrer le r\u00e9gime d\u2019apartheid isra\u00e9lien de peur de se voir tax\u00e9s \u2018d\u2019anti-s\u00e9mites\u2019, ce joker pernicieux dont joue les sionistes. M\u00eame dans ses actes terroristes contre des enfants, des femmes et des personnes \u00e2g\u00e9es, l\u2019Europe se tait. Et cette paralysie est tout b\u00e9n\u00e9fice pour le r\u00e9gime sioniste qui se sent les coud\u00e9es franches pour pousser ses plans de \u2018Grand Isra\u00ebl\u2019 toujours plus loin.<\/p>\n<p>Cela \u00e9tant, si sur le terrain le r\u00e9gime terroriste isra\u00e9lien pense pouvoir continuer son entreprise d\u2019extermination sans rencontrer la moindre sanction sinon orale de la part des gouvernements occidentaux \u2013 ceux-l\u00e0 m\u00eames qui aujourd\u2019hui ont assis leur puissance \u00e9conomique et militaire par leurs entreprises coloniales \u2013 les sionistes et leurs parrains vivront des d\u00e9cennies durant avec un pistolet sur la tempe, parce que les r\u00e9sistants de Palestine, du Liban, de Syrie, d\u2019Irak et d\u2019autres encore, chercheront \u00e0 se venger de cette injustice flagrante \u00e9tal\u00e9e sous nos yeux. Et, l\u2019histoire\u00a0\u2013\u00a0encore elle\u00a0\u2013\u00a0nous apprend que, quelque soit la puissance de l\u2019empire auquel vous appartenez, celui-ci finit toujours par s\u2019effondrer, au profit d\u2019un autre qui par mille canaux s\u2019organise et finit par \u00eatre renvers\u00e9. Ce n\u2019est qu\u2019une question de temps.<\/p>\n<p>Isra\u00ebl Katz, le criminel ministre de la \u2018D\u00e9fense\u2019 du r\u00e9gime terroriste isra\u00e9lien vient d\u2019avertir les Gazaouis\u00a0: \u00ab\u00a0Lib\u00e9rez les prisonniers et nous vous expulserons. Dans le cas contraire, vous serez confront\u00e9s \u00e0 une \u00ab\u00a0d\u00e9vastation totale\u00a0\u00bb.<\/p>\n<p>Ce \u2018sinistre de la D\u00e9fense\u2019, a prof\u00e9r\u00e9 ces incroyables menaces \u00e0 l\u2019encontre des Palestiniens de Gaza, exigeant ainsi la lib\u00e9ration de tous les prisonniers isra\u00e9liens en \u00e9change de l\u2019expulsion des Palestiniens de chez eux, Gaza\u00a0! Sinon, il leur promet \u00ab\u00a0la d\u00e9vastation totale\u00a0\u00bb. Comme si ce n\u2019\u00e9tait pas d\u00e9j\u00e0 le cas\u00a0!<\/p>\n<p>O\u00f9 y a-t-il une r\u00e9action \u00e0 la hauteur de la gravit\u00e9 des faits de la part de nos dirigeants qui, non seulement laissent dire et faire sans broncher, mais s\u2019en prennent parfois aux militants pacifiques \u2013 jusqu\u2019\u00e0 pr\u00e9sent \u2013 quand ils d\u00e9filent dans les rues en soutien \u00e0 la Palestine\u00a0?! C\u2019est comme toujours, mais il faut le r\u00e9p\u00e9ter sans cesse, l\u2019inversion accusatoire\u00a0: le pouvoir dominant charge les victimes mais soutient les agresseurs.<\/p>\n<p>Non content des menaces prof\u00e9r\u00e9es par le ministre de la \u2018D\u00e9fense\u2019, Isra\u00ebl Katz, l\u2019aviation isra\u00e9lienne a largu\u00e9 ce jeudi matin des tracts ouvertement g\u00e9nocidaires sur la bande de Gaza, dont voici la traduction\u00a0:<\/p>\n<p><i>\u00ab\u00a0Apr\u00e8s les \u00e9v\u00e9nements survenus, le cessez-le-feu temporaire et avant la mise en \u0153uvre du plan de Donald Trump qui vous imposera un d\u00e9placement forc\u00e9, que vous le vouliez ou non, nous avons d\u00e9cid\u00e9 de lancer un dernier appel \u00e0 ceux qui souhaitent recevoir de l\u2019aide en \u00e9change de leur coop\u00e9ration. Nous n\u2019h\u00e9siterons pas un instant \u00e0 apporter notre aide.<\/i><\/p>\n<p>Reconsid\u00e9rez vos choix, car la carte du monde ne changera pas si tous les habitants de Gaza disparaissent. Personne ne compatira avec vous et personne ne vous demandera de vos nouvelles. Vous \u00eates livr\u00e9s \u00e0 vous-m\u00eames face \u00e0 votre destin in\u00e9vitable. M\u00eame l\u2019Iran ne peut se prot\u00e9ger, alors comment peut-il vous prot\u00e9ger\u00a0? Vous avez vu de vos propres yeux ce qui s\u2019est pass\u00e9. Ni les \u00c9tats-Unis ni l\u2019Europe ne se soucient de Gaza. Pas m\u00eame vos pays arabes, d\u00e9sormais nos alli\u00e9s, qui nous fournissent argent, p\u00e9trole et armes, tout en ne vous envoyant que des cercueils.<\/p>\n<p>La partie est presque termin\u00e9e, et il ne reste que peu de choses. Quiconque veut se sauver avant qu\u2019il ne soit trop tard, nous sommes l\u00e0 pour rester jusqu\u2019au Jour du Jugement Dernier\u00a0\u00bb.<\/p>\n<p>A l\u2019aube de mardi, dans un d\u00e9cor apocalyptique de sang et de membres disloqu\u00e9s et \u00e9parpill\u00e9s dans les rues suite \u00e0 la l\u00e2che agression men\u00e9e par l\u2019aviation sioniste n\u00e9onazie de la veille, de nombreux pays et organisations ont r\u00e9agi par diff\u00e9rents \u2018communiqu\u00e9s\u2019, condamnant la barbarie sioniste contre les enfants et femmes de Gaza, ainsi que de la rupture de l\u2019accord de cessez-le-feu. Face \u00e0 un g\u00e9nocide av\u00e9r\u00e9, nous \u2018communiquons\u2019. La belle affaire\u00a0!<\/p>\n<p>L\u2019arm\u00e9e g\u00e9nocidaire a repris son agression contre les innocents dans leurs maisons et les camps de la bande de Gaza, utilisant une centaine d\u2019avions de guerre transportant des milliers de bombes largu\u00e9es sur les habitants au moment du \u2018suhoor\u2019 (repas avant le lever de soleil pendant le Ramadan), entra\u00eenant la mort et blessant pr\u00e8s de 1\u00a0000 civils. L\u2019ONU a indiqu\u00e9 qu\u2019il n\u2019y avait jamais eu autant d\u2019enfants assassin\u00e9s sur un aussi court laps de temps.<\/p>\n<p>L\u2019arm\u00e9e d\u2019occupation a lanc\u00e9 son agression terroriste contre Gaza d\u00e9j\u00e0 consid\u00e9rablement d\u00e9vast\u00e9e par l\u2019op\u00e9ration militaire apr\u00e8s le 7 octobre 2023 pr\u00e9tendant viser le mouvement Hamas, et mena\u00e7ant que Gaza connaisse un \u2018enfer\u2019, comme annonc\u00e9 par le nouveau locataire cingl\u00e9 de la Maison Blanche, sous pr\u00e9texte de la non-lib\u00e9ration des prisonniers d\u00e9tenus par la r\u00e9sistance.<\/p>\n<p>La reprise de l\u2019agression contre l\u2019enclave de Gaza intervient apr\u00e8s deux mois de cessez-le-feu peu respect\u00e9 par le r\u00e9gime occupant, et dans un contexte d\u2019aggravation de la situation humanitaire en raison du blocus continu et de la coupure des approvisionnements m\u00e9dicaux et humanitaires.<\/p>\n<p>Des habitants de Gaza devenus experts en armement de par la force des choses, ont signal\u00e9 le survol de l\u2019enclave par un bombardier \u00e0 charge nucl\u00e9aire. Cela n\u2019a rien d\u2019anodin. Il y a quelques semaines \u00e0 peine, le gouvernement des EU a autoris\u00e9 la livraison au r\u00e9gime terroriste isra\u00e9lien de bombes de plus de 900 kg chacune \u2013\u00a0et consid\u00e9r\u00e9e comme les plus d\u00e9vastatrices avant l\u2019usage du nucl\u00e9aire\u00a0\u2013 que la pr\u00e9c\u00e9dente administration Biden avait bloqu\u00e9e, craignant leur utilisation par les extr\u00e9mistes de Tel-Aviv.<\/p>\n<p>Tout semble donc en place pour l\u2019assaut final contre la bande de Gaza devenue l\u2019un des plus grand cimeti\u00e8re du monde. Et croire qu\u2019il n\u2019y aura pas de retomb\u00e9es \u00e0 la suite de cette entreprise d\u2019extermination orchestr\u00e9e par nos pays est un leurre, un aveuglement, voire une folie. Le manque de fermet\u00e9 de nos Etats est non seulement inexcusable, mais ouvre grande les portes d\u2019une violence end\u00e9mique dont nos descendants se demanderont d\u2019o\u00f9 elle provient. <i>\u2018Al-Aqsa flood<\/i>\u2019 risque bien de ne pas se cantonner en Palestine, mais de s\u2019\u00e9tendre dans la r\u00e9gion et probablement au-del\u00e0&#8230;<\/p>\n<p><strong>Daniel Vanhove &#8211;<\/strong><br class=\"autobr\"\/><br \/>\n20.03.25<\/p>\n<\/div>\n<p><script async defer>(function(d, s, id) {\nvar js, fjs = d.getElementsByTagName(s)[0];\nif (d.getElementById(id)) return;\njs = d.createElement(s); js.id = id;\njs.src=\"https:\/\/connect.facebook.net\/fr_FR\/sdk.js#xfbml=1&version=v3.0\";\nfjs.parentNode.insertBefore(js, fjs);\n}(document, 'script', 'facebook-jssdk'));<\/script><br \/>\n<br \/><br \/>\n<br \/><a href=\"https:\/\/www.legrandsoir.info\/d-un-camp-concentrationnaire-puis-d-extermination-gaza-se-transforme-en-plus-grand-cimetiere-du-monde.html\" target=\"_blank\"\">Source link <\/a><\/p>\n","protected":false},"excerpt":{"rendered":"<p>L\u2019esp\u00e8ce humaine est d\u00e9cid\u00e9ment infr\u00e9quentable. Elle ne semble tirer aucune le\u00e7on de son pass\u00e9. Le g\u00e9nocide en cours \u00e0 Gaza n\u2019est pas le premier de son histoire. Elle en a&hellip; <\/p>\n","protected":false},"author":1,"featured_media":4988,"comment_status":"open","ping_status":"open","sticky":false,"template":"","format":"standard","meta":{"footnotes":""},"categories":[1],"tags":[],"class_list":["post-4987","post","type-post","status-publish","format-standard","has-post-thumbnail","hentry","category-non-classe"],"_links":{"self":[{"href":"https:\/\/monde25.info\/index.php\/wp-json\/wp\/v2\/posts\/4987","targetHints":{"allow":["GET"]}}],"collection":[{"href":"https:\/\/monde25.info\/index.php\/wp-json\/wp\/v2\/posts"}],"about":[{"href":"https:\/\/monde25.info\/index.php\/wp-json\/wp\/v2\/types\/post"}],"author":[{"embeddable":true,"href":"https:\/\/monde25.info\/index.php\/wp-json\/wp\/v2\/users\/1"}],"replies":[{"embeddable":true,"href":"https:\/\/monde25.info\/index.php\/wp-json\/wp\/v2\/comments?post=4987"}],"version-history":[{"count":0,"href":"https:\/\/monde25.info\/index.php\/wp-json\/wp\/v2\/posts\/4987\/revisions"}],"wp:featuredmedia":[{"embeddable":true,"href":"https:\/\/monde25.info\/index.php\/wp-json\/wp\/v2\/media\/4988"}],"wp:attachment":[{"href":"https:\/\/monde25.info\/index.php\/wp-json\/wp\/v2\/media?parent=4987"}],"wp:term":[{"taxonomy":"category","embeddable":true,"href":"https:\/\/monde25.info\/index.php\/wp-json\/wp\/v2\/categories?post=4987"},{"taxonomy":"post_tag","embeddable":true,"href":"https:\/\/monde25.info\/index.php\/wp-json\/wp\/v2\/tags?post=4987"}],"curies":[{"name":"wp","href":"https:\/\/api.w.org\/{rel}","templated":true}]}}