{"id":4989,"date":"2025-03-22T21:07:38","date_gmt":"2025-03-22T20:07:38","guid":{"rendered":"https:\/\/monde25.info\/index.php\/2025\/03\/22\/saboter-faire-la-fete-surgir-16-actions-pour-desarmer-le-fascisme\/"},"modified":"2025-03-22T21:07:38","modified_gmt":"2025-03-22T20:07:38","slug":"saboter-faire-la-fete-surgir-16-actions-pour-desarmer-le-fascisme","status":"publish","type":"post","link":"https:\/\/monde25.info\/index.php\/2025\/03\/22\/saboter-faire-la-fete-surgir-16-actions-pour-desarmer-le-fascisme\/","title":{"rendered":"Saboter, faire la f\u00eate, surgir&#8230; 16 actions pour d\u00e9sarmer le fascisme"},"content":{"rendered":"<p> <br \/>\n<\/p>\n<div>\n<p>Le fascisme n\u2019est pas une ombre du pass\u00e9. Il est bien l\u00e0, en mouvement. De l\u2019Europe aux Am\u00e9riques, l\u2019extr\u00eame droite progresse, port\u00e9e par des gouvernements r\u00e9actionnaires, des lobbys puissants et des discours de haine qui se banalisent. Attaques racistes, violences contre les exil\u00e9s, assassinats politiques\u00a0: partout, les signes de son ascension se multiplient.<\/p>\n<p>Mais cette mont\u00e9e n\u2019est pas une fatalit\u00e9. Partout dans le monde, des collectifs, des associations, des citoyens s\u2019organisent pour lui tenir t\u00eate. Le 22\u00a0mars, journ\u00e9e internationale contre le racisme et le fascisme, marque un temps fort de ces luttes, qui refusent la peur et l\u2019impuissance. Des manifestations auront lieu dans le monde entier\u00a0: <i>\u00ab<small class=\"fine d-inline\">\u00a0<\/small>Il y a des moments dans l\u2019histoire o\u00f9 il faut se lever et faire entendre sa voix, et nous sommes dans un tel moment. La situation est grave et urgente, mais nous sommes la majorit\u00e9<small class=\"fine d-inline\">\u00a0<\/small>; nous pouvons gagner. \u00a1\u00a0No Pasar\u00e1n<small class=\"fine d-inline\">\u00a0<\/small>!<small class=\"fine d-inline\">\u00a0<\/small>\u00bb<\/i> exhorte <a target=\"_blank\" href=\"https:\/\/www.antiracisme-solidarite.org\/accueil\" class=\"spip_out\" rel=\"external\">l\u2019appel lanc\u00e9 en France<\/a> par la Marche des Solidarit\u00e9s, les Collectifs de Sans-papiers et les Collectifs de mineur<span aria-hidden=\"true\">\u00b7<\/span>es isol\u00e9<span aria-hidden=\"true\">\u00b7<\/span>es en lutte.<\/p>\n<p>D\u00e9sob\u00e9issance civile, blocages, fermetures de locaux fascistes, actions artistiques subversives, soutien aux exil\u00e9s\u00a0: les formes de r\u00e9sistance fourmillent, se r\u00e9inventent, s\u2019adaptent aux contextes locaux. De France au Br\u00e9sil, de l\u2019Allemagne aux \u00c9tats-Unis, des activistes osent et remportent des victoires. <i>Reporterre<\/i> pr\u00e9sente ces ripostes concr\u00e8tes \u2014\u00a0non exhaustives\u00a0\u2014 qui, chacune \u00e0 leur mani\u00e8re, d\u00e9sarment le fascisme.<\/p>\n<ul class=\"spip\" role=\"list\">\n<li> <strong>Saboter (les voitures d\u2019un milliardaire fasciste)<\/strong><\/li>\n<\/ul>\n<p>Le 18\u00a0mars \u00e0 Las Vegas, plusieurs v\u00e9hicules Tesla ont \u00e9t\u00e9 incendi\u00e9s dans une attaque cibl\u00e9e contre la marque d\u2019Elon Musk, comme <a target=\"_blank\" href=\"https:\/\/www.liberation.fr\/economie\/cocktails-molotov-coups-de-feu-tesla-vise-par-une-vague-de-violences-aux-etats-unis-elon-musk-se-plaint-de-terrorisme-20250319_MX56BUWXMBD75GXSTWTU7CHHLU\/?redirected=1\" class=\"spip_out\" rel=\"external\">l\u2019a relat\u00e9 <i>Lib\u00e9ration<\/i><\/a>. Un individu v\u00eatu de noir aurait utilis\u00e9 des cocktails Molotov et ouvert le feu sur les voitures, avant de laisser un graffiti <i>\u00ab<small class=\"fine d-inline\">\u00a0<\/small>R\u00e9sister<small class=\"fine d-inline\">\u00a0<\/small>\u00bb<\/i> sur le b\u00e2timent.<\/p>\n<p>Cet acte s\u2019inscrit dans une vague croissante de sabotages aux \u00c9tats-Unis, visant la marque associ\u00e9e \u00e0 Musk, auteur d\u2019<a target=\"_blank\" href=\"https:\/\/reporterre.net\/Salut-nazi-et-conquete-de-Mars-Un-discours-qui-veut-reveiller-la-puissance-des-Etats-Unis\">un salut nazi<\/a> lors de l\u2019investiture de Trump, qu\u2019il \u00e9paule \u00e0 la Maison-Blanche. Le <span class=\"caps\">FBI<\/span> enqu\u00eate pour <i>\u00ab<small class=\"fine d-inline\">\u00a0<\/small>terrorisme<small class=\"fine d-inline\">\u00a0<\/small>\u00bb<\/i>, tandis que Musk et l\u2019administration Trump d\u00e9noncent des <i>\u00ab<small class=\"fine d-inline\">\u00a0<\/small>attaques diaboliques<small class=\"fine d-inline\">\u00a0<\/small>\u00bb<\/i>.<\/p>\n<p>D\u2019autres actions similaires ont \u00e9t\u00e9 recens\u00e9es \u00e0 Kansas City, Seattle ainsi qu\u2019en Caroline du Sud, et s\u2019intensifient avec <a target=\"_blank\" href=\"https:\/\/www.404media.co\/dogequest-site-claims-to-dox-tesla-owners-across-the-u-s\/\" class=\"spip_out\" rel=\"external\">la divulgation publique<\/a> des coordonn\u00e9es personnelles des clients de Tesla. Ces actes s\u2019ajoutent \u00e0 d\u2019autres incendies, ces derniers mois, <a target=\"_blank\" href=\"https:\/\/www.liberation.fr\/international\/allemagne-plusieurs-voitures-tesla-incendiees-a-berlin-20250314_MGBSQBAIP5BBXI2XV4OPGO7FCU\/\" class=\"spip_out\" rel=\"external\">en Allemagne<\/a> et <a target=\"_blank\" href=\"https:\/\/www.sudouest.fr\/societe\/tesla-toulouse-niort-les-incendies-volontaires-se-multiplient-en-france-23723181.php\" class=\"spip_out\" rel=\"external\">en France<\/a>.<\/p>\n<ul class=\"spip\" role=\"list\">\n<li> <strong>Surgir (contre l\u2019empire d\u2019un milliardaire d\u2019extr\u00eame droite)<\/strong><\/li>\n<\/ul>\n<p>D\u00e9but f\u00e9vrier, une vague de <i>\u00ab<small class=\"fine d-inline\">\u00a0<\/small>surgissements<small class=\"fine d-inline\">\u00a0<\/small>\u00bb<\/i> a vis\u00e9 l\u2019empire Bollor\u00e9, d\u00e9non\u00e7ant son influence croissante sur les m\u00e9dias, son implication dans l\u2019industrie extractive et son soutien indirect \u00e0 l\u2019extr\u00eame droite. Pendant cinq jours, <a target=\"_blank\" href=\"https:\/\/reporterre.net\/L-empire-Bollore-vise-par-70-surgissements\">plus de 70\u00a0actions<\/a> ont cibl\u00e9 ses filiales en France et en Belgique\u00a0: blocages, occupations, sabotages et campagnes d\u2019information se sont multipli\u00e9s contre ses activit\u00e9s m\u00e9diatiques, \u00e9nerg\u00e9tiques et s\u00e9curitaires.<\/p>\n<p>Des locaux de Blue Systems, une filiale du groupe Bollor\u00e9, ont vu <a target=\"_blank\" href=\"https:\/\/desarmerbollore.net\/news\/nantes-peinturlurage-de-la-facade-de-lentreprise-ier\" class=\"spip_out\" rel=\"external\">leur fa\u00e7ade repeinte<\/a> \u00e0 Nantes et <a target=\"_blank\" href=\"https:\/\/desarmerbollore.net\/news\/besancon-village-contre-les-filiales-techno-securitaires-de-bollore\" class=\"spip_out\" rel=\"external\">re\u00e7u une visite nocturne<\/a> \u00e0 Besan\u00e7on.<\/p>\n<div class=\"spip_document_89640 spip_document spip_documents spip_document_image spip_documents_center spip_document_center spip_document_avec_legende\" data-legende-len=\"173\" data-legende-lenx=\"xxx\">\n<figure class=\"spip_doc_inner\">\n      <picture><source type=\"image\/webp\" srcset=\"https:\/\/reporterre.net\/local\/cache-vignettes\/L1050xH700\/desarmer_fouesnant-32-2-c242a.jpg@.webp?1742574377\"><img decoding=\"async\" src=\"https:\/\/reporterre.net\/IMG\/jpg\/desarmer_fouesnant-32-2.jpg\" width=\"1200\" height=\"800\" loading=\"lazy\" alt=\"\"\/><br \/>\n    <\/source><\/picture><figcaption class=\"spip_doc_legende\">\n<p>En Bretagne, les manifestants qui ont d\u00e9fil\u00e9 en direction des propri\u00e9t\u00e9s du milliardaire Vincent Bollor\u00e9 ont trouv\u00e9 la police sur leur chemin.<br \/>\n<i>\u00a9 Chlo\u00e9 Richard \/ Reporterre<br \/>\n<\/i><\/p>\n<\/figcaption><\/figure>\n<\/p><\/div>\n<p>\u00c0 Montpellier et Grenoble, des chercheurs ont d\u00e9nonc\u00e9 la collusion entre la recherche publique et l\u2019exploitation coloniale de la Socfin, dont Bollor\u00e9 est actionnaire. Ses d\u00e9p\u00f4ts p\u00e9troliers ont \u00e9t\u00e9 vis\u00e9s \u00e0 Strasbourg, Poitiers et dans le Loiret.<\/p>\n<p>Son emprise sur l\u2019\u00e9dition a \u00e9t\u00e9 attaqu\u00e9e \u00e0 Paris, Lyon et Vanves, avec des actions contre Hachette, Larousse et Relay. M\u00eame ses propri\u00e9t\u00e9s priv\u00e9es n\u2019ont pas \u00e9t\u00e9 \u00e9pargn\u00e9es\u00a0: \u00e0 Saint-\u00c9milion, un vignoble d\u00e9tenu par Bollor\u00e9 a accueilli une marche antifasciste, et son manoir breton a vu un bal de protestation.<\/p>\n<ul class=\"spip\" role=\"list\">\n<li> <strong>Tenir bon (dans les tribunes d\u2019un stade)<\/strong><\/li>\n<\/ul>\n<p>Depuis juin 2024, un nouveau groupe de supporteurs antiracistes, les Six-Neuf Pirates (<span class=\"caps\">SNP<\/span>), secoue les tribunes du Groupama Stadium, \u00e0 Lyon, ont rapport\u00e9 plusieurs m\u00e9dias <a target=\"_blank\" href=\"https:\/\/www.lemonde.fr\/sport\/article\/2024\/11\/10\/football-a-lyon-l-emergence-d-un-nouveau-groupe-de-supporteurs-met-les-tribunes-sous-tension_6386454_3242.html\" class=\"spip_out\" rel=\"external\">dont <i>Le Monde<\/i><\/a>. Face \u00e0 la mainmise historique de l\u2019extr\u00eame droite sur une partie du kop lyonnais, ces ultras refusent de laisser le stade \u00e0 l\u2019id\u00e9ologie nationaliste et identitaire qui gangr\u00e8ne les tribunes.<\/p>\n<p>La pr\u00e9sence de ces supporters plus \u00e0 gauche que la moyenne locale d\u00e9range\u00a0: <a target=\"_blank\" href=\"https:\/\/x.com\/sixneufpirates\/status\/1843258496143548739\" class=\"spip_out\" rel=\"external\">agressions, menaces<\/a>, violences en marge des matchs&#8230; Mais ils tiennent bon et veulent ramener une ambiance populaire et inclusive au stade. Leur existence m\u00eame est un d\u00e9fi \u00e0 ceux qui voudraient faire du stade un bastion fasciste.<\/p>\n<ul class=\"spip\" role=\"list\">\n<li> <strong>Fermer (les lieux fascistes)<\/strong><\/li>\n<\/ul>\n<p>\u00c0 Lyon, des militants antifascistes <a target=\"_blank\" href=\"https:\/\/france3-regions.francetvinfo.fr\/auvergne-rhone-alpes\/rhone\/lyon\/a-lyon-un-rassemblement-pour-demander-la-fermeture-de-locaux-affilies-a-l-ultra-droite-2923215.html\" class=\"spip_out\" rel=\"external\">ont exig\u00e9 la fermeture<\/a> de La Traboule et de l\u2019Agog\u00e9, un bar et une salle de boxe tenus et fr\u00e9quent\u00e9s par l\u2019ultradroite.<\/p>\n<p>Le collectif Fermons les locaux fascistes \u2014\u00a0dont sont notamment membres la <span class=\"caps\">CGT<\/span>, <span class=\"caps\">SOS<\/span> Racisme, le <span class=\"caps\">NPA<\/span>, Alternatiba et le groupe antifasciste lyonnais la Jeune Garde\u00a0\u2014, a organis\u00e9 un rassemblement en f\u00e9vrier 2024 apr\u00e8s plusieurs agressions violentes impliquant des militants identitaires.<\/p>\n<p>Ces lieux ont \u00e9t\u00e9 ferm\u00e9s apr\u00e8s <a target=\"_blank\" href=\"https:\/\/www.liberation.fr\/politique\/le-gud-et-trois-structures-de-lextreme-droite-lyonnaises-officiellement-dissous-20240626_W5KSCHMW2VAZZB5VM4NH72SZRE\/\" class=\"spip_out\" rel=\"external\">la dissolution<\/a> des associations qui les r\u00e9gissaient, en juin 2024. Cette strat\u00e9gie de lutte ne se limite pas \u00e0 Lyon\u00a0: en France et en Europe, des collectifs obtiennent la fermeture de locaux similaires, privant ainsi ces mouvances d\u2019espaces pour s\u2019organiser et recruter.<\/p>\n<ul class=\"spip\" role=\"list\">\n<li> <strong>Rester debout (dans un avion, pour emp\u00eacher l\u2019expulsion d\u2019une personne migrante)<\/strong><\/li>\n<\/ul>\n<p>En 2018, Elin Ersson, une \u00e9tudiante su\u00e9doise, <a target=\"_blank\" href=\"https:\/\/www.francetvinfo.fr\/monde\/europe\/migrants\/video-je-ne-m-assieds-pas-tant-qu-il-n-est-pas-sorti-une-etudiante-suedoise-empeche-l-expulsion-d-un-afghan-en-retardant-le-decollage-d-un-avion_2866325.html\" class=\"spip_out\" rel=\"external\">a emp\u00each\u00e9 l\u2019expulsion d\u2019un demandeur d\u2019asile<\/a> afghan en refusant de s\u2019asseoir \u00e0 bord d\u2019un avion \u00e0 G\u00f6teborg. Filmant son action en direct sur Facebook, elle a suscit\u00e9 des r\u00e9actions contrast\u00e9es parmi les passagers. Son acte de d\u00e9sob\u00e9issance civile a finalement conduit au d\u00e9barquement de l\u2019homme menac\u00e9.<\/p>\n<p>Des cas semblables ont \u00e9t\u00e9 recens\u00e9s <a target=\"_blank\" href=\"https:\/\/www.infomigrants.net\/fr\/post\/58170\/la-france-reussit-a-expulser-un-malien-malgre-lopposition-des-passagers-dun-parisbamako\" class=\"spip_out\" rel=\"external\">en France<\/a> \u2014\u00a0des passagers d\u2019un vol Paris-Bamako ont tent\u00e9 d\u2019emp\u00eacher l\u2019expulsion d\u2019un Malien ayant v\u00e9cu toute sa vie en France\u00a0\u2014 ou encore <a target=\"_blank\" href=\"https:\/\/bx1.be\/categories\/news\/six-personnes-inculpees-entrave-mechante-a-circulation-aerienne-plusieurs-organisations-soutiennent\/?theme=classic\" class=\"spip_out\" rel=\"external\">en Belgique<\/a> &#8211;\u00a0-un Camerounais \u00e9tait ligot\u00e9 et maintenu sur son si\u00e8ge par deux policiers et six passagers ont refus\u00e9 de s\u2019asseoir.<\/p>\n<div class=\"spip_document_89642 spip_document spip_documents spip_document_image spip_documents_center spip_document_center spip_document_avec_legende\" data-legende-len=\"238\" data-legende-lenx=\"xxx\">\n<figure class=\"spip_doc_inner\">\n      <picture><source type=\"image\/webp\" srcset=\"https:\/\/reporterre.net\/local\/cache-vignettes\/L1050xH702\/carolagoat-63f00.jpg@.webp?1742574377\"><img decoding=\"async\" src=\"https:\/\/reporterre.net\/IMG\/jpg\/carolagoat.jpg\" width=\"1200\" height=\"802\" loading=\"lazy\" alt=\"\"\/><br \/>\n    <\/source><\/picture><figcaption class=\"spip_doc_legende\">\n<div class=\"spip_doc_titre\">Carola Rackete, capitaine allemande du navire humanitaire Sea-Watch 3, a forc\u00e9 le blocus impos\u00e9 par le gouvernement italien pour sauver 42 personnes secourues en mer..<br \/>\n<i>Paul Lovis Wagner \/ Sea-Watch.org \/ <a target=\"_blank\" href=\"https:\/\/commons.wikimedia.org\/wiki\/File:6_wagner_seawatch3_20190702_5.jpg\" class=\"spip_out\" rel=\"external\"><span class=\"caps\">CC<\/span> <span class=\"caps\">BY<\/span>&#8211;<span class=\"caps\">SA<\/span> 4.0 \/ Wikimedia Commons<\/a><br \/>\n<\/i><\/div>\n<\/figcaption><\/figure>\n<\/p><\/div>\n<ul class=\"spip\" role=\"list\">\n<li> <strong>Prendre conscience de ses privil\u00e8ges (et faire front pour prot\u00e9ger des personnes plus expos\u00e9es \u00e0 la r\u00e9pression)<\/strong><\/li>\n<\/ul>\n<p>\u00c0 l\u2019\u00e9t\u00e9 2020, apr\u00e8s la mort de George Floyd, des manifestations contre les violences polici\u00e8res ont secou\u00e9 les \u00c9tats-Unis. \u00c0 Portland, en r\u00e9ponse \u00e0 l\u2019envoi de forces f\u00e9d\u00e9rales par Donald Trump, des v\u00e9t\u00e9rans <a target=\"_blank\" href=\"https:\/\/wagingnonviolence.org\/2020\/10\/how-military-veterans-are-answering-call-to-defend-black-lives\/\" class=\"spip_out\" rel=\"external\">forment une cha\u00eene<\/a> \u2014\u00a0un <i>\u00ab<small class=\"fine d-inline\">\u00a0<\/small>Wall of Vets<small class=\"fine d-inline\">\u00a0<\/small>\u00bb<\/i>. Conscients que leur statut de v\u00e9t\u00e9rans leur offre une certaine protection m\u00e9diatique et polici\u00e8re, ils se sont plac\u00e9s en premi\u00e8re ligne pour limiter la r\u00e9pression contre les manifestants, notamment les personnes noires. Leur mobilisation a contribu\u00e9 au retrait des troupes f\u00e9d\u00e9rales et inspir\u00e9 d\u2019autres actions identiques \u00e0 travers le pays.<\/p>\n<ul class=\"spip\" role=\"list\">\n<li> <strong>Cultiver (des espaces d\u2019accueil et de travail digne pour les personnes migrantes)<\/strong><\/li>\n<\/ul>\n<p>Depuis septembre 2022, l\u2019association A4 a ouvert une serre collective \u00e0 Lannion, en Bretagne, visant \u00e0 offrir des conditions de travail dignes aux personnes migrantes, qu\u2019ils soient en situation r\u00e9guli\u00e8re ou non. Lanc\u00e9 par Idriss, un exil\u00e9 soudanais, ce projet a permis \u00e0 des personnes venant de divers horizons, comme le Soudan, la Bolivie et l\u2019Afghanistan, de s\u2019impliquer dans le mara\u00eechage.<\/p>\n<p>Malgr\u00e9 <a target=\"_blank\" href=\"https:\/\/reporterre.net\/Une-association-de-paysans-artisans-vandalisee-par-l-extreme-droite\">des attaques racistes survenues en juillet 2024<\/a>, les membres du collectif continuent de cultiver des l\u00e9gumes tout en d\u00e9veloppant des liens sociaux et des opportunit\u00e9s de formation. Ce projet fait \u00e9cho \u00e0 d\u2019autres initiatives solidaires, comme celle d\u2019Emma\u00fcs Roya, <a target=\"_blank\" href=\"https:\/\/reporterre.net\/La-communaute-agricole-Emmaus-Roya-cultive-la-solidarite-avec-les-migrants\" class=\"spip_in\">o\u00f9 la ferme de Cedric Herrou<\/a> permet aux exil\u00e9s de se reconstruire tout en luttant contre l\u2019exploitation dans l\u2019agriculture.<\/p>\n<ul class=\"spip\" role=\"list\">\n<li> <strong>D\u00e9sob\u00e9ir (pour sauver des vies)<\/strong><\/li>\n<\/ul>\n<p>En juin 2019, Carola Rackete, capitaine allemande du navire humanitaire <i>Sea-Watch\u00a03<\/i>, a forc\u00e9 le blocus impos\u00e9 par le gouvernement italien pour sauver 42\u00a0personnes migrantes bloqu\u00e9es \u00e0 bord depuis deux semaines. Passant outre les interdictions, la jeune femme \u2014\u00a0elle avait alors 31 ans\u00a0\u2014 a p\u00e9n\u00e9tr\u00e9 dans les eaux italiennes et a accost\u00e9 \u00e0 Lampedusa.<\/p>\n<p>Bien que son acte ait suscit\u00e9 la col\u00e8re de Matteo Salvini et du gouvernement italien, Rackete a d\u00e9fendu son geste en affirmant la n\u00e9cessit\u00e9 de respecter le droit international. Elle a \u00e9t\u00e9 arr\u00eat\u00e9e et poursuivie par la justice italienne, qui a finalement abandonn\u00e9 les poursuites. <a target=\"_blank\" href=\"https:\/\/reporterre.net\/Carola-Rackete-La-transition-ecologique-de-l-UE-prolonge-le-colonialisme\">Elle est aujourd\u2019hui eurod\u00e9put\u00e9e<\/a>.<\/p>\n<ul class=\"spip\" role=\"list\">\n<li> <strong>Interdire (les r\u00e9unions de la droite nationaliste)<\/strong><\/li>\n<\/ul>\n<p>Le 16\u00a0avril 2024, la r\u00e9union de la droite nationaliste, NatCon, rassemblant des figures telles qu\u2019\u00c9ric Zemmour et Nigel Farage, <a target=\"_blank\" href=\"https:\/\/www.nouvelobs.com\/monde\/20240416.OBS87187\/l-interdiction-d-une-reunion-de-la-droite-nationaliste-a-bruxelles-provoque-un-tolle.html\" class=\"spip_out\" rel=\"external\">a \u00e9t\u00e9 interdite<\/a> \u00e0 Bruxelles par le maire de Saint-Josse, Emir Kir. Une d\u00e9cision motiv\u00e9e par un risque de trouble \u00e0 l\u2019ordre public.<\/p>\n<p>Certains chefs de gouvernement europ\u00e9ens, comme Alexander De Croo et Rishi Sunak, ont d\u00e9nonc\u00e9 une atteinte \u00e0 la libert\u00e9 d\u2019expression. Kir a justifi\u00e9 l\u2019interdiction en affirmant que <i>\u00ab<small class=\"fine d-inline\">\u00a0<\/small>l\u2019extr\u00eame droite n\u2019est pas la bienvenue<small class=\"fine d-inline\">\u00a0<\/small>\u00bb<\/i>, notamment suite \u00e0 l\u2019organisation d\u2019une manifestation antifasciste.<\/p>\n<div class=\"spip_document_89639 spip_document spip_documents spip_document_image spip_documents_center spip_document_center spip_document_avec_legende\" data-legende-len=\"165\" data-legende-lenx=\"xxx\">\n<figure class=\"spip_doc_inner\">\n      <picture><source type=\"image\/webp\" srcset=\"https:\/\/reporterre.net\/local\/cache-vignettes\/L1050xH700\/f9bb1b00-2ecf-459b-9e22-e0dff08a9fe4-aa7eb.jpg@.webp?1742574377\"><img decoding=\"async\" src=\"https:\/\/reporterre.net\/IMG\/jpg\/f9bb1b00-2ecf-459b-9e22-e0dff08a9fe4.jpg\" width=\"1200\" height=\"800\" loading=\"lazy\" alt=\"\"\/><br \/>\n    <\/source><\/picture><figcaption class=\"spip_doc_legende\">\n<p>Les n\u00e9ofascistes n\u2019h\u00e9sitent pas \u00e0 s\u2019en prendre \u00e0 des lieux de solidarit\u00e9, comme ici les locaux de l\u2019association des paysans-artisans A4 \u00e0 Lannion.<br \/>\n<i>\u00a9 Association A4<br \/>\n<\/i><\/p>\n<\/figcaption><\/figure>\n<\/p><\/div>\n<ul class=\"spip\" role=\"list\">\n<li> <strong>Faire la f\u00eate (au nez des fascistes)<\/strong><\/li>\n<\/ul>\n<p>Dans la nuit du 8 au 9\u00a0mars 2025, une <i>free party<\/i> organis\u00e9e dans un ancien cin\u00e9ma d\u00e9saffect\u00e9 \u00e0 Rennes a d\u00e9g\u00e9n\u00e9r\u00e9 lorsqu\u2019une \u00e9quipe de s\u00e9curit\u00e9 priv\u00e9e, dirig\u00e9e par l\u2019influenceur d\u2019ultradroite <a target=\"_blank\" href=\"https:\/\/www.humanite.fr\/politique\/extreme-droite\/qui-est-le-jarl-linfluenceur-dextreme-droite-dont-les-vigiles-ont-frappe-des-participants-dune-free-party-a-rennes\" class=\"spip_out\" rel=\"external\">Yovan Delourme, alias le Jarl<\/a>, a attaqu\u00e9 les f\u00eatards.<\/p>\n<p>L\u2019\u00e9v\u00e9nement, un rassemblement antifasciste, se tenait \u00e0 proximit\u00e9 de la bo\u00eete de nuit 1988, dirig\u00e9e par le Jarl, ancien suppl\u00e9ant d\u2019un candidat du parti Reconqu\u00eate. Comme le relate <a target=\"_blank\" href=\"https:\/\/www.humanite.fr\/politique\/extreme-droite\/qui-est-le-jarl-linfluenceur-dextreme-droite-dont-les-vigiles-ont-frappe-des-participants-dune-free-party-a-rennes\" class=\"spip_out\" rel=\"external\"><i>l\u2019Humanit\u00e9<\/i><\/a>, les vid\u00e9os des violences, diffus\u00e9es sur les r\u00e9seaux sociaux, montrent des agents de s\u00e9curit\u00e9 utilisant des gaz lacrymog\u00e8nes pour d\u00e9loger les participants et frappant ceux qui tentaient de s\u2019\u00e9chapper. Des t\u00e9moins affirment m\u00eame que des sorties \u00e9taient bloqu\u00e9es, emp\u00eachant l\u2019\u00e9vacuation de personnes \u00e9vanouies.<\/p>\n<ul class=\"spip\" role=\"list\">\n<li> <strong>Tricoter (avec les Mamies contre l\u2019extr\u00eame droite)<\/strong><\/li>\n<\/ul>\n<p>Dans un contexte de mont\u00e9e inqui\u00e9tante de l\u2019extr\u00eame droite en Allemagne, le groupe des Omas Gegen Rechts (Mamies contre l\u2019extr\u00eame droite), n\u00e9 en 2018, sont devenues un visage embl\u00e9matique de <a target=\"_blank\" href=\"https:\/\/reporterre.net\/En-Allemagne-15-000-personnes-ont-tente-de-bloquer-un-congres-de-l-extreme-droite\" class=\"spip_in\">la contestation contre l\u2019Alternative pour l\u2019Allemagne (AfD)<\/a> et ses discours populistes, nationalistes et anti-immigration.<\/p>\n<p>Leur arme de r\u00e9sistance\u00a0: des bonnets tricot\u00e9s \u00e0 la main \u2014\u00a0un acte volontairement paisible, qui contraste avec les violences et les discours haineux de l\u2019extr\u00eame droite. Elles sont de tous les rassemblements, rappelant \u00e0 la soci\u00e9t\u00e9 allemande qu\u2019il est crucial de pr\u00e9server la m\u00e9moire du nazisme et de lutter contre toute forme de relativisation de l\u2019histoire.<\/p>\n<ul class=\"spip\" role=\"list\">\n<li> <strong>Nourrir (les ventres des opposants au fascisme, et ses cibles)<\/strong><\/li>\n<\/ul>\n<p>L\u2019Internationale boulang\u00e8re mobilis\u00e9e (<span class=\"caps\">IBM<\/span>) a tiss\u00e9 un r\u00e9seau de boulangers militants qui, depuis 2018, <a target=\"_blank\" href=\"https:\/\/reporterre.net\/Pour-nourrir-les-luttes-ces-boulangers-fabriquent-leur-four-a-pain-mobiles\">apportent leur soutien aux luttes antifasciste<\/a> \u00e0 travers la fabrication de fours \u00e0 pain mobiles. Ce projet permet de nourrir les manifestants lors de rassemblements comme ceux contre les m\u00e9gabassines ou pour soutenir les exil\u00e9s \u00e0 Calais.<\/p>\n<p>Les membres de l\u2019<span class=\"caps\">IBM<\/span>, souvent autodidactes en soudure et en boulangerie, construisent eux-m\u00eames ces fours \u00e0 bois, se r\u00e9appropriant des outils paysans pour diffuser une boulange artisanale, solidaire et locale.<\/p>\n<ul class=\"spip\" role=\"list\">\n<li> <strong>S\u2019allier et faire front commun (contre un gouvernement libertarien d\u2019extr\u00eame droite)<\/strong><\/li>\n<\/ul>\n<p>Le 11\u00a0mars 2025, \u00e0 Buenos Aires, une manifestation in\u00e9dite, <a target=\"_blank\" href=\"https:\/\/www.mediapart.fr\/journal\/international\/190325\/en-argentine-retraites-et-supporters-de-foot-jouent-collectif-contre-le-gouvernement-de-milei\" class=\"spip_out\" rel=\"external\">racont\u00e9e par <i>M\u00e9diapart<\/i><\/a>, a r\u00e9uni des milliers de retrait\u00e9s et des supporters de football contre le gouvernement de Javier Milei. Les retrait\u00e9s, victimes des politiques \u00e9conomiques du pr\u00e9sident, d\u00e9non\u00e7aient depuis plusieurs semaines la baisse de leurs pensions, la fin de la gratuit\u00e9 de certains m\u00e9dicaments et la r\u00e9pression polici\u00e8re qui les frappe chaque semaine.<\/p>\n<p>Lorsque des images d\u2019un retrait\u00e9 portant un maillot de Chacarita, Carlos Dawlowski, ont circul\u00e9 apr\u00e8s qu\u2019il a \u00e9t\u00e9 violemment arr\u00eat\u00e9, les supporters du club, ainsi que de leurs rivaux d\u2019Atlanta, se sont indign\u00e9s et ont d\u00e9cid\u00e9 de le soutenir, mettant de c\u00f4t\u00e9 leurs diff\u00e9rences sportives. La manifestation a \u00e9t\u00e9 violemment r\u00e9prim\u00e9e par les forces de police, le gouvernement d\u00e9non\u00e7ant une <i>\u00ab<small class=\"fine d-inline\">\u00a0<\/small>tentative de coup d\u2019\u00c9tat<small class=\"fine d-inline\">\u00a0<\/small>\u00bb<\/i> men\u00e9 par des hooligans.<\/p>\n<ul class=\"spip\" role=\"list\">\n<li> <strong>D\u00e9sarmer (l\u2019industrie de l\u2019armement)<\/strong><\/li>\n<\/ul>\n<p>Un r\u00e9seau d\u2019activistes propalestiniens et \u00e9cologistes m\u00e8ne depuis plusieurs mois <a target=\"_blank\" href=\"https:\/\/en.wikipedia.org\/wiki\/Palestine_Action\" class=\"spip_out\" rel=\"external\">une s\u00e9rie d\u2019attaques contre l\u2019industrie de l\u2019armement britannique<\/a>, d\u00e9non\u00e7ant son r\u00f4le dans le conflit isra\u00e9lo-palestinien. Issus notamment du mouvement Palestine Action et d\u2019Extinction Rebellion, ces militants ciblent des sites strat\u00e9giques li\u00e9s \u00e0 la production et \u00e0 l\u2019exportation d\u2019armements, en particulier ceux associ\u00e9s au groupe isra\u00e9lien Elbit Systems. Occupations de sites, destruction d\u2019\u00e9quipements, coupures de r\u00e9seaux et vandalisme cibl\u00e9&#8230; leurs actions se multiplient.<\/p>\n<p>Le 17\u00a0juin 2024, des activistes ont attaqu\u00e9 l\u2019usine Instro Precision, situ\u00e9e dans le Kent, qui fournit des viseurs d\u2019armes \u00e0 l\u2019arm\u00e9e isra\u00e9lienne. Ils ont forc\u00e9 les barri\u00e8res de s\u00e9curit\u00e9, d\u00e9truit du mat\u00e9riel et bloqu\u00e9 l\u2019acc\u00e8s aux v\u00e9hicules.<\/p>\n<div class=\"spip_document_89645 spip_document spip_documents spip_document_image spip_documents_center spip_document_center spip_document_avec_legende\" data-legende-len=\"153\" data-legende-lenx=\"xxx\">\n<figure class=\"spip_doc_inner\">\n      <picture><source type=\"image\/webp\" srcset=\"https:\/\/reporterre.net\/local\/cache-vignettes\/L1050xH711\/freepalestine-d9017.jpg@.webp?1742576493\"><img decoding=\"async\" src=\"https:\/\/reporterre.net\/IMG\/jpg\/freepalestine.jpg\" width=\"1200\" height=\"812\" loading=\"lazy\" alt=\"\"\/><br \/>\n    <\/source><\/picture><figcaption class=\"spip_doc_legende\">\n<p>En Angleterre, les activistes de Palestine Action ont envahi et bloqu\u00e9 une usine d\u2019armes \u00e0 destination d\u2019Isra\u00ebl, situ\u00e9e \u00e0 Newcastle.<br \/>\n<i>\u00a9 Palestine Action<br \/>\n<\/i><\/p>\n<\/figcaption><\/figure>\n<\/p><\/div>\n<p>En octobre 2024, une usine de Teledyne <span class=\"caps\">CML<\/span> Composites \u00e0 Bromborough, fabricant de composants pour les avions de chasse F-35, a \u00e9t\u00e9 vandalis\u00e9e, ses salles blanches asperg\u00e9es de peinture rouge, perturbant potentiellement la production pour un an.<\/p>\n<p>Les autorit\u00e9s britanniques r\u00e9priment s\u00e9v\u00e8rement ces actes. En novembre dernier, dix-huit militants ont \u00e9t\u00e9 arr\u00eat\u00e9s sous le r\u00e9gime du Terrorism Act apr\u00e8s une action contre le si\u00e8ge d\u2019Elbit \u00e0 Bristol. Le gouvernement envisage d\u00e9sormais d\u2019interdire Palestine Action, qui promet pourtant de poursuivre ses actions directes jusqu\u2019\u00e0 la fermeture de toutes les installations d\u2019Elbit au Royaume-Uni.<\/p>\n<ul class=\"spip\" role=\"list\">\n<li> <strong>Se d\u00e9fendre (face \u00e0 la violence des groupes fascistes)<\/strong><\/li>\n<\/ul>\n<p>Face \u00e0 la mont\u00e9e des violences d\u2019extr\u00eame droite en Europe, des salles de boxe et d\u2019arts martiaux antifascistes \u00e9mergent dans plusieurs villes. En Italie, <a target=\"_blank\" href=\"https:\/\/journals.sagepub.com\/doi\/10.1177\/14661381211036134\" class=\"spip_out\" rel=\"external\"><i>les Palestre Popolari<\/i><\/a> se d\u00e9veloppent comme des lieux d\u2019apprentissage du <i>boxe popolare<\/i>, m\u00ealant entraide, engagement politique et discipline sportive.<\/p>\n<p>Inspir\u00e9s par les traditions antifascistes, ces clubs rejettent le culte du corps viriliste et pr\u00f4nent une approche collective du combat. En r\u00e9gion parisienne, <a target=\"_blank\" href=\"https:\/\/www.karton-zine.com\/le-raccoon-kai-popular-boxing-club\/\" class=\"spip_out\" rel=\"external\">le collectif Raccoon Kai<\/a> \u2014 Antifa Boxing Club organise des entra\u00eenements gratuits de Muay-tha\u00ef pour populariser l\u2019autod\u00e9fense dans les milieux militants.<\/p>\n<p>\u00c0 Londres, <a target=\"_blank\" href=\"https:\/\/www.vice.com\/fr\/article\/dans-la-salle-de-boxe-antifa-qui-combat-le-fascisme\/\" class=\"spip_out\" rel=\"external\">le club antifasciste Solstar<\/a>, fond\u00e9 en 2016, propose un espace non-mixte o\u00f9 les femmes s\u2019initient aux techniques de combat loin du machisme ambiant. Ces initiatives s\u2019inscrivent dans une volont\u00e9 de pr\u00e9parer les militants aux tensions croissantes dans l\u2019espace public et d\u2019assurer la protection des \u00e9v\u00e9nements menac\u00e9s par des groupuscules n\u00e9ofascistes.<\/p>\n<p><br class=\"autobr\"\/><br \/>\n<strong>Tourner en d\u00e9rision (une cha\u00eene d\u2019opinion favorable \u00e0 l\u2019extr\u00eame droite)<\/strong><\/p>\n<p>Avec \u00ab<small class=\"fine d-inline\">\u00a0<\/small>L\u2019Heure de Trop<small class=\"fine d-inline\">\u00a0<\/small>\u00bb, une vid\u00e9o publi\u00e9e en novembre 2024, Malik Bentalha s\u2019attaque \u00e0 l\u2019\u00e9mission \u00ab<small class=\"fine d-inline\">\u00a0<\/small>L\u2019Heure des Pros<small class=\"fine d-inline\">\u00a0<\/small>\u00bb, diffus\u00e9e sur CNews \u2014\u00a0<a target=\"_blank\" href=\"https:\/\/www.lemonde.fr\/les-decodeurs\/article\/2024\/11\/15\/l-arcom-a-pris-52-sanctions-contre-les-chaines-c8-et-cnews-en-douze-ans-dont-16-pendant-la-seule-annee-2024_6223105_4355771.html\" class=\"spip_out\" rel=\"external\">plusieurs fois sanctionn\u00e9e par l\u2019Arcom pour surexposer des discours d\u2019extr\u00eame droite<\/a>\u00a0\u2014 et anim\u00e9e par Pascal Praud.<\/p>\n<p>Ce pastiche reprend les codes du programme pour en exag\u00e9rer les travers, notamment son obsession pour certains sujets et son traitement caricatural de l\u2019actualit\u00e9. Rebaptis\u00e9 <i>\u00ab<small class=\"fine d-inline\">\u00a0<\/small>Patrick Traud<small class=\"fine d-inline\">\u00a0<\/small>\u00bb<\/i>, l\u2019animateur est entour\u00e9 d\u2019invit\u00e9s aux traits forc\u00e9s\u00a0: <i>\u00ab<small class=\"fine d-inline\">\u00a0<\/small>Viviane Bouchard<small class=\"fine d-inline\">\u00a0<\/small>\u00bb<\/i>, pol\u00e9miste v\u00e9h\u00e9mente, <i>\u00ab<small class=\"fine d-inline\">\u00a0<\/small>Larsen Harbouni<small class=\"fine d-inline\">\u00a0<\/small>\u00bb<\/i>, imam maladroit, ou encore <i>\u00ab<small class=\"fine d-inline\">\u00a0<\/small>Jimmy Di Canio<small class=\"fine d-inline\">\u00a0<\/small>\u00bb<\/i>, ancien militaire aux id\u00e9es radicales.<\/p>\n<p>Les m\u00eames figures reviennent sans cesse pour alimenter des controverses souvent st\u00e9riles. Les d\u00e9bats mis en sc\u00e8ne dans la vid\u00e9o pastichent ceux de CNews, abordant des sujets pol\u00e9miques sous un angle volontairement absurde. Parmi eux\u00a0: <i>\u00ab<small class=\"fine d-inline\">\u00a0<\/small>La djellaba est-elle un v\u00eatement religieux<small class=\"fine d-inline\">\u00a0<\/small>?<small class=\"fine d-inline\">\u00a0<\/small>\u00bb<\/i> ou <i>\u00ab<small class=\"fine d-inline\">\u00a0<\/small>Un policier attaqu\u00e9 dans un lyc\u00e9e\u00a0: faut-il interdire les \u00e9l\u00e8ves<small class=\"fine d-inline\">\u00a0<\/small>?<small class=\"fine d-inline\">\u00a0<\/small>\u00bb<\/i><\/p>\n<p><iframe loading=\"lazy\" title=\"Malik Bentalha - L&#039;heure de trop sur TNEWS\" width=\"1110\" height=\"624\" src=\"https:\/\/www.youtube.com\/embed\/eymKly8CoUI?feature=oembed\" frameborder=\"0\" allow=\"accelerometer; autoplay; clipboard-write; encrypted-media; gyroscope; picture-in-picture; web-share\" referrerpolicy=\"strict-origin-when-cross-origin\" allowfullscreen><\/iframe><\/p>\n<aside class=\"boite_encarts\">\n<div class=\"encart encart_gris noprint\">\n<p><strong>Puisque vous \u00eates l\u00e0&#8230;<\/strong><\/p>\n<p>&#8230; nous avons un petit service \u00e0 vous demander.<br class=\"autobr\"\/><br \/>\nEntre la pr\u00e9sence d\u2019un climatosceptique \u00e0 la t\u00eate de la premi\u00e8re puissance mondiale, un gouvernement fran\u00e7ais qui flirte avec l\u2019extr\u00eame-droite, et les catastrophes climatiques qui s\u2019enchainent&#8230; Faire vivre l\u2019\u00e9cologie dans le d\u00e9bat public est un enjeu crucial.<\/p>\n<p>Personne ne modifie ce que nous publions. Nous n\u2019avons ni actionnaire, ni propri\u00e9taire milliardaire \u2014 seulement une \u00e9quipe d\u2019irr\u00e9ductibles journalistes, pleine de d\u00e9termination.<\/p>\n<p>Nous avons la conviction que l\u2019urgence \u00e9cologique est l\u2019enjeu majeur de notre \u00e9poque. Et comme plus de 2 millions de lectrices et lecteurs chaque mois, vous partagez sans doute cette conviction&#8230;<\/p>\n<p><strong>Depuis 12 ans, nous publions des articles de qualit\u00e9 sur l\u2019\u00e9cologie, en acc\u00e8s libre et sans publicit\u00e9, pour tous.<\/strong><br class=\"autobr\"\/><br \/>\nMais ce travail demande beaucoup de temps et de ressources.<\/p>\n<p>Alors, si vous en avez les moyens, sachez qu\u2019un don, m\u00eame d\u20191\u20ac, est un acte de soutien fort pour l\u2019\u00e9cologie et le journalisme ind\u00e9pendant.<br class=\"autobr\"\/><br \/>\n(Et \u00e7a vous prendra moins de temps que la lecture de ce texte).<\/p>\n<p><strong>Si vous le pouvez, choisissez un soutien mensuel. Merci.<\/strong><\/p>\n<p><a target=\"_blank\" href=\"https:\/\/reporterre.net\/dons\" class=\"bt_soutenir\">Je soutiens <i>Reporterre<\/i><\/a><\/p>\n<\/p><\/div>\n<div class=\"encart encart_vert noprint montre_1023\">\n<div class=\"infolettre-form-container noprint\">\n<p>Abonnez-vous \u00e0 la lettre d\u2019info de Reporterre<\/p>\n<\/div><\/div>\n<\/aside>\n<aside class=\"boite_apresarticle encart_note\">\n<h4>Apr\u00e8s cet article<\/h4>\n<p>      <a target=\"_blank\" href=\"https:\/\/reporterre.net\/Salome-Saque-Nous-pouvons-eviter-un-trumpisme-francais\" class=\"lien_article\">\n      <picture class=\"vignette_gauche\"><source type=\"image\/webp\" srcset=\"https:\/\/reporterre.net\/local\/cache-vignettes\/L450xH300\/20250122_reporterre_salome_saque_portrait_007_resized-bead1.jpg@.webp?1738149022\"><img decoding=\"async\" src=\"https:\/\/reporterre.net\/local\/cache-vignettes\/L450xH300\/20250122_reporterre_salome_saque_portrait_007_resized-bead1.jpg?1738149022\" width=\"450\" height=\"300\" alt=\"\" class=\"marge12\" loading=\"lazy\"\/><br \/>\n<\/source><\/picture>\n<p class=\"libelle\">\n<p>          Entretien \u2014<\/p>\n<p>      Politique\n    <\/p>\n<p class=\"titre pol20\">Salom\u00e9 Saqu\u00e9\u00a0: \u00ab<small class=\"fine d-inline\">\u00a0<\/small>Nous pouvons \u00e9viter un trumpisme fran\u00e7ais<small class=\"fine d-inline\">\u00a0<\/small>\u00bb<\/p>\n<p>      <\/a><br \/>\n    <\/aside>\n<aside class=\"boite_complement texte\">\n<p>      <!-- zone_forum --><br \/>\n          <\/aside>\n<aside class=\"boite_lireaussi noprint\">\n<\/aside>\n<aside class=\"colonne\">\n<div class=\"article_info cache_1023 noprint\">\n<p>    <span class=\"date\">22 mars 2025  \u00e0 09h40<\/span><\/p>\n<p>    <span class=\"date_modif\">Mis \u00e0 jour le 22 mars 2025 \u00e0 11h19<\/span>      <\/p>\n<p class=\"duree_lecture\">\n        Dur\u00e9e de lecture : 14 minutes\n      <\/p>\n<\/p><\/div>\n<div class=\"bloc_infolettre\">\n<div class=\"infolettre-form-container noprint\">\n<p>Abonnez-vous \u00e0 la lettre d\u2019info de Reporterre<\/p>\n<\/div><\/div>\n<\/aside>\n<div id=\"galerie\">\n  <img decoding=\"async\" src=\"\" class=\"principale\" id=\"principale\"\/><\/p>\n<p id=\"legende\">legende<\/p>\n<\/div>\n<footer class=\"noprint\">\n<\/footer>\n<\/div>\n<p><br \/>\n<br \/><a href=\"https:\/\/reporterre.net\/Saboter-faire-la-fete-surgir-16-actions-pour-desarmer-le-fascisme\" target=\"_blank\"\">Source link <\/a><\/p>\n","protected":false},"excerpt":{"rendered":"<p>Le fascisme n\u2019est pas une ombre du pass\u00e9. Il est bien l\u00e0, en mouvement. De l\u2019Europe aux Am\u00e9riques, l\u2019extr\u00eame droite progresse, port\u00e9e par des gouvernements r\u00e9actionnaires, des lobbys puissants et&hellip; <\/p>\n","protected":false},"author":1,"featured_media":4990,"comment_status":"open","ping_status":"open","sticky":false,"template":"","format":"standard","meta":{"footnotes":""},"categories":[1],"tags":[],"class_list":["post-4989","post","type-post","status-publish","format-standard","has-post-thumbnail","hentry","category-non-classe"],"_links":{"self":[{"href":"https:\/\/monde25.info\/index.php\/wp-json\/wp\/v2\/posts\/4989","targetHints":{"allow":["GET"]}}],"collection":[{"href":"https:\/\/monde25.info\/index.php\/wp-json\/wp\/v2\/posts"}],"about":[{"href":"https:\/\/monde25.info\/index.php\/wp-json\/wp\/v2\/types\/post"}],"author":[{"embeddable":true,"href":"https:\/\/monde25.info\/index.php\/wp-json\/wp\/v2\/users\/1"}],"replies":[{"embeddable":true,"href":"https:\/\/monde25.info\/index.php\/wp-json\/wp\/v2\/comments?post=4989"}],"version-history":[{"count":0,"href":"https:\/\/monde25.info\/index.php\/wp-json\/wp\/v2\/posts\/4989\/revisions"}],"wp:featuredmedia":[{"embeddable":true,"href":"https:\/\/monde25.info\/index.php\/wp-json\/wp\/v2\/media\/4990"}],"wp:attachment":[{"href":"https:\/\/monde25.info\/index.php\/wp-json\/wp\/v2\/media?parent=4989"}],"wp:term":[{"taxonomy":"category","embeddable":true,"href":"https:\/\/monde25.info\/index.php\/wp-json\/wp\/v2\/categories?post=4989"},{"taxonomy":"post_tag","embeddable":true,"href":"https:\/\/monde25.info\/index.php\/wp-json\/wp\/v2\/tags?post=4989"}],"curies":[{"name":"wp","href":"https:\/\/api.w.org\/{rel}","templated":true}]}}