{"id":4993,"date":"2025-03-22T22:14:36","date_gmt":"2025-03-22T21:14:36","guid":{"rendered":"https:\/\/monde25.info\/index.php\/2025\/03\/22\/les-dessous-pas-tres-propres-de-lafd-partie-2-le-detournement-de-pouvoir-ou-de-fonds\/"},"modified":"2025-03-22T22:14:36","modified_gmt":"2025-03-22T21:14:36","slug":"les-dessous-pas-tres-propres-de-lafd-partie-2-le-detournement-de-pouvoir-ou-de-fonds","status":"publish","type":"post","link":"https:\/\/monde25.info\/index.php\/2025\/03\/22\/les-dessous-pas-tres-propres-de-lafd-partie-2-le-detournement-de-pouvoir-ou-de-fonds\/","title":{"rendered":"Les dessous pas tr\u00e8s propres de l&rsquo;AFD &#8211; partie 2\u00a0: le d\u00e9tournement de pouvoir ou de fonds?"},"content":{"rendered":"<p> <br \/>\n<\/p>\n<div>\n<blockquote>\n<p><strong>R\u00e9sum\u00e9<\/strong> : L\u2019enqu\u00eate sur l\u2019Agence Fran\u00e7aise de D\u00e9veloppement (AFD) r\u00e9v\u00e8le une gestion opaque et dispendieuse, marqu\u00e9e par un si\u00e8ge parisien surdimensionn\u00e9 de 920 millions d\u2019euros (18 500 \u20ac\/m\u00b2, bien au-dessus du march\u00e9), critiqu\u00e9 comme inutile et anti-\u00e9cologique, malgr\u00e9 les engagements de l\u2019Accord de Paris. Les salaires des 2 650 employ\u00e9s ont grimp\u00e9 \u00e0 84 000 \u20ac annuels en 2023 (+12 % depuis 2021), d\u00e9passant largement les moyennes r\u00e9gionales. les projets font montre de m\u00e9canismes opaques avec des d\u00e9tournements possibles : L\u2019AFD finance des \u00ab avant-projets \u00bb co\u00fbteux sans r\u00e9sultats concrets, des contrats de d\u00e9sendettement (C2D) effa\u00e7ant des dettes au d\u00e9triment des contribuables fran\u00e7ais, des interm\u00e9diaires incomp\u00e9tents et des commissions nombreuses et potentiellement occultes aggravent les d\u00e9rives, sugg\u00e9rant que les dirigeants en aient connaissance ou qu&rsquo;ils soient complicit\u00e9 sous diverses formes. Par exemple \u00e0 Madagascar, avec le t\u00e9l\u00e9ph\u00e9rique d\u2019Antananarivo (152 millions d\u2019euros), le stade de Tananarive (77 millions de dollars, inond\u00e9 et inutilisable) ou la voie express Antananarivo-Toamasina (1,3 milliard de dollars pour 80 km sur 260), qui sont co\u00fbteux, mal con\u00e7us et potentiellement d\u00e9tourn\u00e9s, avec des interm\u00e9diaires douteux.<\/p>\n<p>Sous couvert de vernis\u00a0: le manque de transparence. Une demande de transparence de <em>France-Soir<\/em> du 22 f\u00e9vrier 2025 reste sans r\u00e9ponse un mois plus tard, l\u2019AFD renvoyant \u00e0 des d\u00e9lais administratifs (CADA), ce qui contraste avec ses engagements publics de clart\u00e9.<\/p>\n<p>En synth\u00e8se : l\u2019enqu\u00eate met \u00e0 jour une gestion dispendieuse et opaque de l\u2019AFD, avec des projets immobiliers et internationaux co\u00fbteux, mal con\u00e7us ou d\u00e9tourn\u00e9s, financ\u00e9s par les contribuables fran\u00e7ais, sous la direction de R\u00e9my Rioux, accus\u00e9 de privil\u00e9gier prestige et r\u00e9seaux au d\u00e9triment de l\u2019int\u00e9r\u00eat public et du d\u00e9veloppement durable. Un audit plus approfondi est n\u00e9cessaire notamment avec les chiffres, encore faut-il que l\u2019AFD les donne ou que la CADA confirme la demande.<\/p>\n<\/blockquote>\n<p>\u00a0<\/p>\n<h5>Partie 2 &#8211; Le d\u00e9tournement de pouvoir ou de fonds (<a target=\"_blank\" href=\"https:\/\/edition.francesoir.fr\/politique-france-monde-societe-economie\/enquete-les-dessous-pas-tres-propres-de-l-agence-francaise\" target=\"_blank\">Partie 1 : le financement<\/a>)<\/h5>\n<p>Cette enqu\u00eate est extr\u00eamement compliqu\u00e9e, tant il y a pl\u00e9thore d&rsquo;intervenants plus ou moins identifiables, et des financements peu lisibles. Des financements rendus tr\u00e8s difficilement lisibles par une comptabilit\u00e9 \u00ab\u00a0synth\u00e9tis\u00e9e\u00a0\u00bb, comme les \u00ab\u00a0global leaders\u00a0\u00bb en ont le secret. Un secret que les \u00ab\u00a0initi\u00e9s\u00a0\u00bb se gardent bien de r\u00e9v\u00e9ler. Y compris \u00e0 l&rsquo;int\u00e9rieur de leurs propres cercles. Ceux o\u00f9 logent les v\u00e9ritables d\u00e9cideurs, ces hommes et ces femmes qui soumettent l&rsquo;accession aux secrets aux \u00ab\u00a0initi\u00e9s\u00a0\u00bb de rangs subalternes, afin qu&rsquo;ils aient la facult\u00e9 de d\u00e9coder les artifices symboliques et m\u00e9taphoriques utilis\u00e9s (1). Secrets r\u00e9serv\u00e9s aux initi\u00e9s qui le m\u00e9ritent. Les artifices pr\u00e9sents dans la version brute (accessible \u00e0 tout le monde), qui permettent d&rsquo;acc\u00e9der \u00e0 la version qui est donc ainsi r\u00e9serv\u00e9e uniquement aux initi\u00e9s capables d&rsquo;y acc\u00e9der.<\/p>\n<p>(<em>ndlr:<\/em>\u00a0<em>(1) le visible et l&rsquo;invisible, le haut et le bas, le Ciel et la Terre, etc. : <\/em><a target=\"_blank\" href=\"https:\/\/www.francesoir.fr\/opinions-editos\/version-augmentee-emmanuel-macron-le-boulet-de-demolition-1\"><em>la dualit\u00e9 \u00e9sot\u00e9rique et m\u00e9taphorique du langage des oiseaux<\/em><\/a><em>)<\/em><\/p>\n<p>Toutefois, cette m\u00e9thode a une faille\u00a0: une fois \u00ab\u00a0le code source\u00a0\u00bb d\u00e9cel\u00e9, craqu\u00e9, il suffit pour acc\u00e9der \u00e0 tous des secrets\u00a0des membres de la Cabale\u00a0de r\u00e9fl\u00e9chir selon la logique h\u00e9g\u00e9monique et expansionniste de la cath\u00e9drale du Mal, \u00e0 moins de se conf\u00e9rer au conseil de Rocard de \u00ab\u00a0<em>toujours privil\u00e9gier la connerie au complot<\/em>\u00a0\u00bb.<\/p>\n<p>Alors, allez\u00a0: profanons\u00a0! Glissons-nous \u00e0 l&rsquo;int\u00e9rieur de l&rsquo;\u00e9difice sacr\u00e9. L&rsquo;\u00e9difice interdit. L&rsquo;univers obscur de l&rsquo;Agence Fran\u00e7aise de D\u00e9veloppement (AFD).<\/p>\n<p>\u00a0<\/p>\n<h5><strong>Un projet de bureau surdimensionn\u00e9 que la Cour des comptes ne voudra m\u00eame pas analyser<\/strong><\/h5>\n<p>En guise de mise en bouche, observer la strat\u00e9gie immobili\u00e8re de ces soci\u00e9t\u00e9s permet toujours de comprendre s\u2019ils s\u2019appliquent les principes qui devraient l\u2019\u00eatre. Voil\u00e0 <a target=\"_blank\" href=\"https:\/\/www.afd.fr\/fr\/actualites\/nouveau-siege-commun-groupe-afd-2026\">le nouveau si\u00e8ge de l\u2019AFD<\/a>\u00a0: un investissement de 920 millions d\u2019euros pour 50 000 m<sup>2<\/sup>\u00a0!<\/p>\n<p><img decoding=\"async\" data-entity-uuid=\"8cb5626b-acb7-4f43-8fa9-37a655545e2b\" data-entity-type=\"file\" alt=\"AFD bureau\" width=\"1605\" height=\"533\" loading=\"lazy\" class=\"lazyload\" src=\"https:\/\/www.francesoir.fr\/sites\/default\/files\/inline-images\/Capture%20d%27%C3%A9cran%202025-03-19%20153456.png\"\/><\/p>\n<p><em>Cr\u00e9dit AFD\u00a0<\/em><\/p>\n<p>En 2021, le <a target=\"_blank\" href=\"https:\/\/web.archive.org\/web\/20220529221258\/https:\/www.economie.gouv.fr\/files\/files\/directions_services\/cie\/publications\/avis\/cie-2021-10-AFD.pdf\">Conseil de l\u2019Immobilier de l\u2019\u00c9tat<\/a> s\u2019interroge : \u00ab\u00a0<em>quant \u00e0 l\u2019ad\u00e9quation entre le projet immobilier <strong>fort ambitieux et notoirement surdimensionn\u00e9<\/strong> et la situation de l\u2019Agence<\/em>\u00a0\u00bb et ajoute qu\u2019une expertise \u00ab\u00a0<em>doit imp\u00e9rativement \u00eatre conduite \u00e0 l\u2019aune des nouvelles modalit\u00e9s de travail, des incidences de la crise COVID et des tendances du march\u00e9 tertiaire en \u00cele-de-France<\/em>\u00a0\u00bb. Enfin, le CIE invite \u00ab\u00a0<em>l\u2019Agence \u00e0 une grande prudence concernant les n\u00e9gociations en cours avec le promoteur et les adaptations du projet qui sont demand\u00e9es, au risque d\u2019une requalification de la VEFA<\/em>.\u00a0\u00bb<\/p>\n<p>Devant ce \u00ab\u00a0surdimensionnement\u00a0\u00bb en p\u00e9riode de forte augmentation de l\u2019endettement national, en 2023, la <a target=\"_blank\" href=\"https:\/\/participationcitoyenne.ccomptes.fr\/processes\/consultation-2023\/f\/45\/proposals\/1262#:~:text=le%20prix%20de%20revient%20des,tr%C3%A8s%20au%2Ddessus%20du%20march%C3%A9.\">plateforme citoyenne de la Cour des comptes<\/a> (PCCCRTC) avait demand\u00e9 \u00e0 la Cour de Comptes d\u2019examiner le bien-fond\u00e9 de cette op\u00e9ration, expliquant qu\u2019en termes de bonne gestion des deniers publics, l\u2019investissement de l\u2019AFD soul\u00e8ve plusieurs questions\u00a0:\u00a0<\/p>\n<ol>\n<li><em>le prix de revient des bureaux &#8211; 18 500 \u20ac le m<sup>2<\/sup> &#8211; semble tr\u00e8s au-dessus du march\u00e9. \u00c0 titre de comparaison, au moment o\u00f9 l\u2019AFD signait sa VEFA, l\u2019immeuble Natixis, situ\u00e9 \u00e0 300 m du projet A7A8,\u00a0<\/em><a target=\"_blank\" href=\"https:\/\/participationcitoyenne.ccomptes.fr\/link?external_url=https%3A%2F%2Fdrive.google.com%2Ffile%2Fd%2F1BOeJZbGnw3HCk_1Pk3VUOQrPnlRPgWlR%2Fview\"><em>\u00e9tait c\u00e9d\u00e9 pour 11 881 \u20ac\/ m\u00b2.<\/em><\/a><\/li>\n<li><em>l\u2019AFD avait une alternative sensiblement moins co\u00fbteuse \u00e0 Saint-Ouen, qui plus est conforme aux politiques de d\u00e9concentration des administrations publiques (voir avis du CIE)<\/em><\/li>\n<li><em>le choix d\u2019une mono-localisation plut\u00f4t que de conserver les bureaux actuels n\u2019a fait l\u2019objet d\u2019aucune \u00e9valuation socio-\u00e9conomique (voir avis du CIE)<\/em><\/li>\n<li><em>les surfaces achet\u00e9es exc\u00e8dent tr\u00e8s largement les besoins de l\u2019AFD, selon\u00a0<\/em><a target=\"_blank\" href=\"https:\/\/participationcitoyenne.ccomptes.fr\/link?external_url=https%3A%2F%2Fwww.senat.fr%2Frap%2Fl22-115-34%2Fl22-115-3414.html\"><em>la commission des finances du S\u00e9nat<\/em><\/a><em>, ce que les tutelles ne contestent pas. L\u2019AFD devra donc louer ou revendre les surfaces exc\u00e9dentaires, se faisant ainsi marchand de biens, ce qui ne rentre nullement dans ses missions statutaires.<\/em><\/li>\n<li><em>le choix d\u2019un bien \u00e0 construire plut\u00f4t que de bureaux existants est en contradiction avec\u00a0<\/em><a target=\"_blank\" href=\"https:\/\/participationcitoyenne.ccomptes.fr\/link?external_url=https%3A%2F%2Fwww.afd.fr%2Ffr%2Fpage-thematique-axe%2Fclimat\"><em>l\u2019engagement strat\u00e9gique de l\u2019AFD d\u2019\u00eatre 100 % Accord de Paris<\/em><\/a><em>, sachant que la construction repr\u00e9sente 60 % des \u00e9missions GES d\u2019un b\u00e2timent.<\/em><\/li>\n<\/ol>\n<p>La Cour des comptes r\u00e9pondra par la n\u00e9gative \u00e0 la demande d\u2019examen. Le point 5 est pourtant <strong>en totale contradiction avec les engagements pris par l\u2019AFD<\/strong> suite aux Accords de Paris. Cela ressemble \u00e9trangement aux engagements pris en Chine et au S\u00e9n\u00e9gal pour des investissements dans des centrales au charbon\u00a0! Alors, soit les accords de Paris <strong>ne sont pas r\u00e9alistes<\/strong>, ce qui expliquerait la sortie de certains pays de ces engagements et, \u00e0 ce titre, l\u2019AFD est pr\u00e9curseur en ne les respectant pas. Soit l\u2019AFD <strong>\u00e9crit vouloir respecter les Accords de Paris dans ses rapports, pour faire joli<\/strong>, mais dans la r\u00e9alit\u00e9 du terrain ne s\u2019en pr\u00e9occupe pas le moins du monde. Des proches de son pr\u00e9sident R\u00e9my Rioux diront\u00a0: \u00ab\u00a0<em>il ne recule devant rien pour \u00eatre consid\u00e9r\u00e9 comme un des grands financiers\u00a0\u00bb \u00ab\u00a0 \u00e0 commencer par jouer avec l\u2019argent du contribuable dont il se sert pour assouvir ses d\u00e9sirs de puissance financi\u00e8re. L\u2019AFD a bien chang\u00e9 depuis son arriv\u00e9e et la plupart des historiques n\u2019attendent que de partir \u00e0 la retraite\u00a0\u00bb.\u00a0<\/em>\u00a0<\/p>\n<p>\u00a0<\/p>\n<h5><strong>L\u2019AFD tr\u00e8s g\u00e9n\u00e9reuse avec ses collaborateurs avec l\u2019argent du contribuable<\/strong><\/h5>\n<p>\u00c0 l\u2019heure du t\u00e9l\u00e9travail, 21 m<sup>2<\/sup> par personne \u00e9tait la surface r\u00e9serv\u00e9e \u00e0 une base d\u2019employ\u00e9s estim\u00e9e en hausse. En 2020, l\u2019AFD comptait 2.500 salari\u00e9s et estimait que son nombre de collaborateurs augmenterait \u00e0 2.855 en 2025, soit une augmentation de 16 %. \u00c0 ce jour, en 2025, l\u2019AFD annonce sur son site avoir 2650 collaborateurs. Elle en a 205 de moins, et \u00e0 21 m<sup>2<\/sup> par personne, cela repr\u00e9sente une erreur de dimension de l\u2019ordre de 80 millions d\u2019euros (205 salari\u00e9s x 21 m<sup>2<\/sup> x 18 500 euros le m<sup>2<\/sup>). Cette gestion interpelle. Surtout pour une AFD qui se targue d\u2019\u00eatre efficace.<\/p>\n<p><img decoding=\"async\" data-entity-uuid=\"17ad05ed-c672-49b6-96bf-ed2bd6d25418\" data-entity-type=\"file\" alt=\"AFD pourquoi choisir\" width=\"1241\" height=\"297\" loading=\"lazy\" class=\"lazyload\" src=\"https:\/\/www.francesoir.fr\/sites\/default\/files\/inline-images\/Capture%20d%27%C3%A9cran%202025-03-19%20161353.png\"\/><\/p>\n<p>\u00a0<\/p>\n<p>Cependant, <a target=\"_blank\" href=\"https:\/\/www.afd.fr\/fr\/ressources\/document-denregistrement-universel-2023\">le rapport annuel de 2023<\/a> apporte quelques informations suppl\u00e9mentaires quant \u00e0 la g\u00e9n\u00e9rosit\u00e9 de l\u2019AFD.\u00a0 Le salaire annuel moyen a \u00e9volu\u00e9 de 74 900 euros en 2021 \u00e0 84 000 euros 2023. Soit une augmentation de 5,9 % par an<\/p>\n<p><img decoding=\"async\" data-entity-uuid=\"e031a942-b9ea-4abe-9ab8-9ff21125fb20\" data-entity-type=\"file\" alt=\"AFD r\u00e9mun\u00e9ration\" width=\"1141\" height=\"162\" loading=\"lazy\" class=\"lazyload\" src=\"https:\/\/www.francesoir.fr\/sites\/default\/files\/inline-images\/Capture%20d%27%C3%A9cran%202025-03-19%20163138.png\"\/><\/p>\n<p>\u00a0<\/p>\n<p>Alors que l\u2019INSEE \u00e9tablit qu\u2019un recul de l\u2019\u00e9volution des salaires nets moyen dans le priv\u00e9 entre 2021 et 2024, l\u2019AFD voit les r\u00e9mun\u00e9rations de ses salari\u00e9s augmenter de 12 %.<\/p>\n<p><img decoding=\"async\" data-entity-uuid=\"66215194-7ec1-48c8-b87b-5a9d57954343\" data-entity-type=\"file\" alt=\"AFD insee\" width=\"576\" height=\"505\" loading=\"lazy\" class=\"lazyload\" src=\"https:\/\/www.francesoir.fr\/sites\/default\/files\/inline-images\/Capture%20d%27%C3%A9cran%202025-03-19%20163557.png\"\/><\/p>\n<p>De plus, le <a target=\"_blank\" href=\"https:\/\/www.insee.fr\/fr\/statistiques\/8319737\">salaire moyen brut en r\u00e9gion parisienne<\/a> est de 41 568 euros en 2023, et celui des cadres 65 640 euros. Les salaires bruts \u00e0 l\u2019AFD en 2023 sont donc respectivement 102 % et 28 % plus \u00e9lev\u00e9s que ceux des salari\u00e9s et des cadres d\u2019\u00cele-de-France. Il fait bon travailler \u00e0 l\u2019AFD. Le Figaro Emploi le rapporte\u00a0: \u00ab\u00a0<a target=\"_blank\" href=\"https:\/\/emploi.lefigaro.fr\/remuneration\/guide-de-la-remuneration\/2109-etablissement-public\/\"><em>6 600 euros par mois, c&rsquo;est le salaire moyen dans cet \u00e9tablissement public m\u00e9connu<\/em><\/a>\u00a0\u00bb avec un faible taux de turnover 6,1 % versus 15 % en moyenne en France, favoris\u00e9 par les avantages sociaux des EPIC (\u00c9tablissements Publics Industriels et Commerciaux)<\/p>\n<p>\u00a0<\/p>\n<h5><strong>Revenons \u00e0 ce fameux \u00e9difice qu\u2019est l\u2019AFD en elle-m\u00eame<\/strong><\/h5>\n<p>Cela demande de l&rsquo;attention et de la concentration. Car chaque morceau du puzzle est lui-m\u00eame une affaire \u00e0 part enti\u00e8re, et chaque affaire s&rsquo;imbrique dans une autre, cela tant pour ce qui concerne la forme (juridique en l&rsquo;occurrence) que s&rsquo;agissant des faits. Les \u00e9l\u00e9ments factuels qui mat\u00e9rialisent sp\u00e9cifiquement chaque morceau comport\u00e9 par ce puzzle g\u00e9ant qu&rsquo;est l&rsquo;AFD. Une personne qui a travaill\u00e9 \u00e0 l\u2019AFD pendant plus de 20 ans \u00e9voque ce puzzle\u00a0:<\/p>\n<blockquote>\n<p>\u00ab\u00a0<em>j\u2019ai vu beaucoup de changements \u00e0 l\u2019AFD, mais le vrai changement est arriv\u00e9 sous Sarkozy o\u00f9 l\u2019AFD a commenc\u00e9 \u00e0 perdre ses racines et \u00e0 devenir un organisme non plus de d\u00e9veloppement, mais o\u00f9 se c\u00f4toient des requins de la finance, des opportunistes dirig\u00e9s par une id\u00e9ologie mondialiste et ont commenc\u00e9 \u00e0 faire un usage malsain de cet outil. Cela a commenc\u00e9 \u00e0 changer avec Sarkozy<\/em>\u00a0\u00bb.<\/p>\n<\/blockquote>\n<p>Un peu d&rsquo;histoire pour commencer. \u00ab\u00a0Code source oblige\u00a0\u00bb, puisque, quel que soit le sujet, pour comprendre le pr\u00e9sent, il faut conna\u00eetre le tout d\u00e9but de l&rsquo;histoire.<\/p>\n<p>\u00a0<\/p>\n<p><strong>Un peu d\u2019histoire\u00a0: <\/strong><a target=\"_blank\" href=\"https:\/\/www.afd.fr\/fr\/notre-histoire\"><strong>qui a donn\u00e9 \u00e0 l&rsquo;AFD la forme qu&rsquo;elle avait \u00e0 l&rsquo;origine ?<\/strong><\/a><\/p>\n<p>Un certain Charles de Gaulle, en 1941, lorsqu&rsquo;il \u00e9tait r\u00e9fugi\u00e9 \u00e0 Londres. L&rsquo;AFD originelle servait de banque centrale de d\u00e9veloppement des territoires ralli\u00e9s. Elle s&rsquo;appelait alors la \u00ab\u00a0Caisse centrale de la France libre\u00a0\u00bb (<a target=\"_blank\" href=\"https:\/\/www.economie.gouv.fr\/saef\/caisse-centrale-cooperation-economique\">CCFL<\/a>) et fut cr\u00e9\u00e9e par l&rsquo;ordonnance du 2 d\u00e9cembre 1941. Ses r\u00f4les principaux \u00e9taient l\u2019\u00e9mission mon\u00e9taire, le Tr\u00e9sor public et le contr\u00f4le des changes du Gouvernement du g\u00e9n\u00e9ral de Gaulle et des territoires ultramarins ralli\u00e9s \u00e0 la CFLN.<\/p>\n<p><a target=\"_blank\" href=\"https:\/\/www.legifrance.gouv.fr\/jorf\/id\/JORFTEXT000000504223\">L\u2019ordonnance du 2 f\u00e9vrier 1944<\/a> change son nom en\u00a0\u00ab\u00a0Caisse centrale de la France d\u2019Outre-mer\u00a0\u00bb (CCFOM). Comme son nom l&rsquo;indique, sa comp\u00e9tence devint l\u00e0 limit\u00e9e aux territoires d&rsquo;Outre-mer, le tr\u00e9sor central \u00e9tant assur\u00e9 par la Tr\u00e9sorerie g\u00e9n\u00e9rale d\u2019Alger. Dans la lign\u00e9e de la conf\u00e9rence de Brazzaville (6 f\u00e9vrier 1944), la CCFOM s&rsquo;oriente peu \u00e0 peu vers une banque de d\u00e9veloppement.<\/p>\n<p>La<a target=\"_blank\" href=\"https:\/\/www.legifrance.gouv.fr\/loda\/id\/JORFTEXT000000315341\/1946-05-01\"> loi n\u00b0 46-860 du 30 avril 1946<\/a> institue d&rsquo;ailleurs le\u00a0Fonds d\u2019investissement pour le d\u00e9veloppement \u00e9conomique et social des territoires d\u2019outre-mer (FIDES),\u00a0et met en place des plans pluriannuels d\u2019\u00e9quipement et de d\u00e9veloppement. Le FIDES \u00e9tait \u00e9galement comp\u00e9tent pour les d\u00e9partements d&rsquo;Outre-mer que devinrent la Guadeloupe, la Guyane, la Martinique et la R\u00e9union.<\/p>\n<p>Officiellement, la Caisse centrale de la France d\u2019Outre-mer a trois missions :<\/p>\n<ul>\n<li>g\u00e9rer les fonds publics ;<\/li>\n<li>assurer la cr\u00e9ation de soci\u00e9t\u00e9s d\u2019\u00c9tat et d\u2019\u00e9conomie mixte ;<\/li>\n<li>et jouer le r\u00f4le d\u2019une banque de d\u00e9veloppement.<\/li>\n<\/ul>\n<p>En 1952, un fonds distinct est cr\u00e9\u00e9 pour les DOM, le\u00a0Fonds d&rsquo;investissement des d\u00e9partements d&rsquo;outre-mer (FIDOM). Entre 1955 et 1959, la Caisse centrale abandonne ses fonctions d&rsquo;institut d&rsquo;\u00e9mission mon\u00e9taire.<\/p>\n<p><img decoding=\"async\" data-entity-uuid=\"8ddd377e-afd5-4f7c-a5c0-df8c29da533c\" data-entity-type=\"file\" alt=\"France-Soir 1958\" width=\"507\" height=\"698\" loading=\"lazy\" class=\"lazyload\" src=\"https:\/\/www.francesoir.fr\/sites\/default\/files\/inline-images\/image_146.png\"\/><\/p>\n<p>\u00a0<\/p>\n<p>Et, \u00e0 la suite du <a target=\"_blank\" href=\"https:\/\/www.francesoir.fr\/culture-medias\/septembre-1958-le-referendum-enterine-la-ve-republique-video\">r\u00e9f\u00e9rendum du 28 septembre 1958<\/a> qui instaure <a target=\"_blank\" href=\"https:\/\/youtu.be\/ou2xB9LyAjg?si=FvcyoQBljdCoZosw\">une communaut\u00e9 fran\u00e7aise d&rsquo;\u00c9tats autonomes<\/a>, les statuts de la CCFOM sont modifi\u00e9s par l&rsquo;ordonnance du 30 d\u00e9cembre 1958. Celle-ci devient la\u00a0\u00ab\u00a0Caisse centrale de coop\u00e9ration \u00e9conomique\u00a0\u00bb (CCCE), \u00e9tablissement public et institution financi\u00e8re sp\u00e9cialis\u00e9e, destin\u00e9e \u00e0 jouer le r\u00f4le de banque de d\u00e9veloppement pour les \u00c9tats de la f\u00e9d\u00e9ration. Le\u00a0Fonds d\u2019aide et de coop\u00e9ration (FAC)\u00a0remplace alors le FIDES pour les \u00c9tats autonomes de la Communaut\u00e9, et officie aupr\u00e8s du secr\u00e9tariat d\u2019\u00c9tat pour les relations avec les \u00c9tats de la Communaut\u00e9, qui lui-m\u00eame devient minist\u00e8re de la Coop\u00e9ration en 1961.<\/p>\n<p>La Caisse centrale continue de g\u00e9rer des fonds publics : le FIDOM dans les DOM, le FIDES dans les TOM, et le FAC dans les \u00c9tats africains et malgaches, au d\u00e9part, puis dans d\u2019autres pays d\u2019Asie, du Moyen-Orient, des Cara\u00efbes et du Pacifique. La Caisse centrale de la France d\u2019Outre-mer devient aussi l&rsquo;interm\u00e9diaire du Fonds europ\u00e9en de d\u00e9veloppement, de la Compagnie fran\u00e7aise d&rsquo;assurance pour le commerce ext\u00e9rieur (<a target=\"_blank\" href=\"https:\/\/fr.wikipedia.org\/wiki\/Compagnie_fran%C3%A7aise_d%27assurance_pour_le_commerce_ext%C3%A9rieur\">COFACE<\/a>), du Tr\u00e9sor fran\u00e7ais et de l&rsquo;office des changes pour l&rsquo;Afrique et Madagascar. Et en 1968, elle fusionne avec la\u00a0<a target=\"_blank\" href=\"https:\/\/www.economie.gouv.fr\/saef\/caisse-dequipement-pour-developpement-lalgerie\">Caisse d&rsquo;\u00e9quipement pour le d\u00e9veloppement de l&rsquo;Alg\u00e9rie (CEDA)<\/a>.<\/p>\n<p>Le\u00a0<a target=\"_blank\" href=\"http:\/\/www.legifrance.gouv.fr\/jopdf\/common\/jo_pdf.jsp?numJO=0&amp;dateJO=19921101&amp;numTexte=&amp;pageDebut=15163&amp;pageFin=\">d\u00e9cret n\u00b0 92-1176<\/a>\u00a0du 30 octobre 1992 change son nom et son statut. La Caisse centrale de la France d\u2019Outre-mer devient la\u00a0\u00ab\u00a0Caisse fran\u00e7aise de d\u00e9veloppement\u00a0\u00bb (CFD), et devient un \u00e9tablissement public \u00e0 caract\u00e8re industriel et commercial, dot\u00e9 de la personnalit\u00e9 civile et de l\u2019autonomie financi\u00e8re. Elle a pour priorit\u00e9s le d\u00e9veloppement urbain, un d\u00e9veloppement rural bas\u00e9 sur la participation des paysans, le r\u00f4le accru du secteur priv\u00e9, la reconstruction des syst\u00e8mes financiers et la d\u00e9fense de l&rsquo;environnement.<\/p>\n<p>Enfin (derni\u00e8re modification statutaire), dans le cadre de la r\u00e9forme \u00ab\u00a0de la coop\u00e9ration\u00a0\u00bb le\u00a0<a target=\"_blank\" href=\"http:\/\/www.legifrance.gouv.fr\/jopdf\/common\/jo_pdf.jsp?numJO=0&amp;dateJO=19980419&amp;numTexte=&amp;pageDebut=06067&amp;pageFin=190498\">d\u00e9cret n\u00b098-294<\/a> du 17 avril 1998 transforme la Caisse centrale de la France d\u2019Outre-mer en\u00a0\u00ab\u00a0Agence fran\u00e7aise de d\u00e9veloppement\u00a0\u00bb (AFD), et la fait passer sous tutelle du minist\u00e8re de l\u2019\u00c9conomie et du minist\u00e8re des Affaires \u00e9trang\u00e8res. Et, toujours d&rsquo;apr\u00e8s la version officielle, l&rsquo;AFD poursuit ses actions d\u2019appui \u00e0 la croissance et de r\u00e9duction de la pauvret\u00e9 dans les pays en d\u00e9veloppement.<\/p>\n<p>\u00a0<\/p>\n<h5><strong>Mais, qu&rsquo;en est-il v\u00e9ritablement\u00a0?<\/strong><\/h5>\n<p>Dans les faits, quelle est l&rsquo;utilisation faite par l&rsquo;AFD, des quelque 12,5 milliards d&rsquo;euros de budget annuel qu&rsquo;elle a,\u00a0et de ses 68 milliards d\u2019euros d\u2019engagement ? Une pratique semble s&rsquo;\u00eatre install\u00e9e depuis l&rsquo;origine. Expliquons.<\/p>\n<p>En 1944, \u00e0 savoir tandis qu&rsquo;elle s&rsquo;appelait encore la \u00ab\u00a0Caisse centrale de la France d\u2019Outre-mer\u00a0\u00bb, l&rsquo;AFD a ouvert sa toute premi\u00e8re agence. Ce fut \u00e0 Brazzaville.<\/p>\n<p>La CCFOM est l&rsquo;\u00e9manation du Comit\u00e9 de \u00ab\u00a0l&rsquo;Empire Fran\u00e7ais\u00a0\u00bb, un Empire Fran\u00e7ais, lui-m\u00eame issu du Comit\u00e9 d\u2019Indochine et de l&rsquo;Institut colonial fran\u00e7ais. Ce Comit\u00e9 et cet Institut, eux, sont issus de l&rsquo;Union coloniale Fran\u00e7aise, qui elle-m\u00eame est issue du \u00ab\u00a0Comptoir National d&rsquo;escompte\u00a0\u00bb, organe qui au d\u00e9part (1893) se nomme tr\u00e8s exactement <a target=\"_blank\" href=\"https:\/\/francearchives.gouv.fr\/fr\/facomponent\/952ace22f1a5a45e3219740e8e30ddb52d2cb172\">Union g\u00e9n\u00e9rale des int\u00e9r\u00eats coloniaux<\/a>. L&rsquo;Union coloniale a \u00e9t\u00e9 fond\u00e9e dans les ann\u00e9es 1890 sous l&rsquo;impulsion de commer\u00e7ants marseillais et bordelais pr\u00e9occup\u00e9s par l&rsquo;avenir de leurs \u00e9tablissements install\u00e9s sur les cotes d&rsquo;Afrique de l&rsquo;Ouest.<\/p>\n<p><a target=\"_blank\" href=\"https:\/\/francearchives.gouv.fr\/fr\/facomponent\/952ace22f1a5a45e3219740e8e30ddb52d2cb172\">France archive confirme<\/a>.<\/p>\n<p>L&rsquo;AFD se revendique de cette histoire coloniale, pour le bien des populations autochtones, \u00e9videmment, \u00e0 savoir selon <a target=\"_blank\" href=\"https:\/\/une-autre-histoire.org\/jules-ferry-et-le-droit-des-races-superieures\/\">la formule d&rsquo;un certain Jules Ferry\u00a0<\/a>28 juillet 1885 :<\/p>\n<blockquote>\n<p>\u00ab <em>Messieurs, il faut parler plus haut et plus vrai ! Il faut dire ouvertement que les races sup\u00e9rieures ont un droit vis-\u00e0-vis\u00a0des races inf\u00e9rieures<\/em>. <em>Je r\u00e9p\u00e8te qu\u2019il y a pour les races sup\u00e9rieures un droit, parce qu\u2019il y a un devoir pour elles. Elles ont le devoir de civiliser les races inf\u00e9rieures<\/em>.\u00a0\u00bb<\/p>\n<\/blockquote>\n<p>La seule v\u00e9ritable diff\u00e9rence de discours entre l&rsquo;AFD d&rsquo;aujourd&rsquo;hui (qui se revendique de l&rsquo;Union g\u00e9n\u00e9rale des int\u00e9r\u00eats coloniaux) et Jules Ferry, est qu&rsquo;avec <strong>l&rsquo;AFD, nous sommes pass\u00e9s des int\u00e9r\u00eats coloniaux \u00e0 l&rsquo;int\u00e9r\u00eat public<\/strong>.<\/p>\n<p>Les ayatollahs de la pens\u00e9e unique \u00e9tant \u00ab\u00a0en marche\u00a0\u00bb de faire entrer le r\u00e9chauffement climatique dans le champ d&rsquo;application de <a target=\"_blank\" href=\"https:\/\/fr.wikipedia.org\/wiki\/Loi_Gayssot\">la loi Gayssot<\/a>, ce glissement s\u00e9mantique vient probablement du verglas permanent des pays polaires, qui, \u00ab\u00a0\u00e0 cause du r\u00e9chauffement climatique\u00a0\u00bb a gliss\u00e9 lentement, mais s\u00fbrement jusqu&rsquo;aux c\u00f4tes africaines\u00a0!<\/p>\n<p>C&rsquo;est du moins la seule fa\u00e7on qu\u2019on peut trouver pour \u00ab\u00a0innocenter\u00a0\u00bb l&rsquo;AFD. Pourquoi pas\u00a0? La crise covid a prouv\u00e9 que si tous les m\u00e9dias mainstream s&rsquo;y mettent, une partie substantielle des Fran\u00e7ais peut croire \u00e0 peu pr\u00e8s tout et n&rsquo;importe quoi. Cette partie \u00e9tant toutefois en train de fondre comme neige au soleil, le collectif citoyen en charge de cette enqu\u00eate sugg\u00e8re \u00e0 Monsieur Rioux, actuel directeur de l&rsquo;AFD, de trouver mieux, s&rsquo;il av\u00e8re qu&rsquo;un jour, il est somm\u00e9 de s&rsquo;expliquer sur ce qui suit.<\/p>\n<p>\u00a0<\/p>\n<p>La <a target=\"_blank\" href=\"https:\/\/www.francesoir.fr\/politique-france-monde-societe-economie\/enquete-les-dessous-pas-tres-propres-de-l-agence-francaise\">premi\u00e8re partie de cette enqu\u00eate exclusive<\/a> \u00e9tait consacr\u00e9e \u00e0 son financement, l&rsquo;AFD finance des avant-chantiers, des avant-avant-chantiers, des avant-id\u00e9es de financements, et des avant-avant-id\u00e9es\u00a0de financements.<\/p>\n<p>\u00c0 l&rsquo;AFD, on appelle un avant-chantier une \u00ab\u00a0analyse pr\u00e9liminaire\u00a0\u00bb, dite \u00ab\u00a0ex-ante\u00a0\u00bb (avant l&rsquo;action). Voici \u00e0 ce sujet les <a target=\"_blank\" href=\"https:\/\/www.afd.fr\/fr\/actualites\/evaluer-resultats-projets-finances-afd\">explications confuses au possible fournies par l&rsquo;AFD<\/a> elle-m\u00eame\u00a0:<\/p>\n<p><img decoding=\"async\" data-entity-uuid=\"68476e32-a382-4b4b-8ef8-46f4405cb950\" data-entity-type=\"file\" alt=\"AFD avant projet\" width=\"649\" height=\"333\" loading=\"lazy\" class=\"lazyload\" src=\"https:\/\/www.francesoir.fr\/sites\/default\/files\/inline-images\/image_147.png\"\/><\/p>\n<p>\u00a0<\/p>\n<p>Comme vous pouvez le constater, il ne s&rsquo;agit pas de financer un chantier, mais bien <strong>de financer des structures qui \u00ab\u00a0r\u00e9fl\u00e9chissent aux financements d&rsquo;une id\u00e9e\u00a0\u00bb<\/strong>\u00a0! Et le tout est emball\u00e9 dans la formule \u00ab\u00a0analyse de d\u00e9veloppement durable.\u00a0\u00bb Il faut avouer que cela\u00a0en jette.<\/p>\n<p>Que nous explique l&rsquo;AFD concernant son \u00ab\u00a0<a target=\"_blank\" href=\"https:\/\/www.afd.fr\/fr\/dispositif-developpement-durable\">dispositif d\u00e9veloppement durable<\/a>\u00a0\u00bb\u00a0? Un dispositif concoct\u00e9 par les 2 650 salari\u00e9s que compte l&rsquo;AFD, c&rsquo;est important de le rappeler. Des salari\u00e9s qui ne rechignent pas \u00e0 donner de leur personne dans cette grande besogne c\u00e9r\u00e9brale que constituent leurs activit\u00e9s, activit\u00e9s grassement r\u00e9mun\u00e9r\u00e9es aux frais du contribuable comme nous avons pu le constater.<\/p>\n<p>En r\u00e9sum\u00e9, le dispositif est comparable \u00e0 l&rsquo;alignement des plan\u00e8tes en somme. N\u00e9anmoins, l\u2019alignement des plan\u00e8tes a lieu, en cette ann\u00e9e 2025, le 28 f\u00e9vrier, et le prochain aura lieu en 2040. Gageons que l&rsquo;AFD sera toujours \u00e0 l\u2019\u0153uvre du d\u00e9veloppement durable en 2040.<\/p>\n<p>Mais, soyons davantage perspicaces\u00a0: allons faire un petit tour sur la brochure de l&rsquo;AFD consacr\u00e9e aux \u00ab\u00a0<a target=\"_blank\" href=\"https:\/\/www.afd.fr\/fr\/ressources\/lanalyse-developpement-durable\">ressources de l&rsquo;analyse du d\u00e9veloppement durable<\/a>\u00a0\u00bb\u00a0:<\/p>\n<p>\u00a0<\/p>\n<h5><strong>Qui fait quoi dans ce dispositif suivant l&rsquo;alignement des plan\u00e8tes\u00a0?<\/strong><\/h5>\n<p><img decoding=\"async\" data-entity-uuid=\"f83d5333-0c98-4dce-b4b3-5048e7f16f74\" data-entity-type=\"file\" alt=\"AFD process sur le rapport annuel\" width=\"1004\" height=\"873\" loading=\"lazy\" class=\"lazyload\" src=\"https:\/\/www.francesoir.fr\/sites\/default\/files\/inline-images\/image_148.png\"\/><\/p>\n<p>C&rsquo;est beau, n&rsquo;est-ce pas\u00a0? Magnifique, m\u00eame ! Cela inspire confiance, non\u00a0? Le th\u00e8me des plan\u00e8tes align\u00e9es qui tournent \u00e9tant parfaitement repris par le graphisme, \u00e0 premi\u00e8re vue, c&rsquo;est coh\u00e9rent.<\/p>\n<p>Observez le sens des fl\u00e8ches. Mais surtout, arr\u00eatez-vous \u00e0 l\u2019\u00e9tape \u00ab\u00a0<em>\u00e9valuation<\/em>\u00a0\u00bb qui vient juste avant l\u2019\u00e9tape \u00ab\u00a0<em>l\u2019identification.<\/em>\u00a0\u00bb<\/p>\n<p>Ce diagramme, \u00e0 premi\u00e8re vue coh\u00e9rent, montre une faille entre ces deux \u00e9tapes\u00a0: elles ne sont pas r\u00e9ellement reli\u00e9es, mais l\u2019image incite \u00e0 vous le faire croire visuellement, hormis pour un point en fin du cycle. En termes de management, il y a plusieurs mani\u00e8res d\u2019illustrer un sch\u00e9ma directeur permettant de comprendre les diverses \u00e9tapes. Et le choix fait ici n\u2019est pas ad\u00e9quat\u00a0: il veut faire croire que c\u2019est \u00ab\u00a0un cycle\u00a0\u00bb, un \u00e9ternel recommencement. Mais, \u00e0 qui va-t-on faire croire que l\u2019on passe directement de l\u2019\u00e9valuation \u00e0 l\u2019identification (ou premi\u00e8re analyse)\u00a0? Ce diagramme aurait d\u00fb \u00eatre pr\u00e9sent\u00e9 de la mani\u00e8re suivante\u00a0:<\/p>\n<p><img decoding=\"async\" data-entity-uuid=\"dd6878f1-ee12-442f-a634-a8961ea9a1c1\" data-entity-type=\"file\" alt=\"AFD Flow chart\" width=\"1413\" height=\"268\" loading=\"lazy\" class=\"lazyload\" src=\"https:\/\/www.francesoir.fr\/sites\/default\/files\/inline-images\/Capture%20d%27%C3%A9cran%202025-03-21%20183019.png\"\/><\/p>\n<p>Cela pr\u00eaterait \u00e0 rire si la mascarade ne visait pas \u00e0 cacher des inefficacit\u00e9s importantes, et de\u00a0potentiels\u00a0d\u00e9tournements d&rsquo;argent public portant sur des sommes se chiffrant en milliards d&rsquo;euros. Car, chaque quartier de ce fromage engloutit des millions d&rsquo;euros au nom de \u00ab\u00a0<em>l\u2019int\u00e9r\u00eat public de la France<\/em>.\u00a0\u00bb Et, avec cela, en guise de formule publicitaire pour emballer le tout\u00a0: \u00ab <em>Phosphorons de l&rsquo;\u00e9tranger, c&rsquo;est pour la France<\/em>.\u00a0\u00bb<\/p>\n<p>En langage paysan, cela s&rsquo;appelle du vent. Vendre du vent. Malheureusement ce vent-l\u00e0 est d\u00e9duit des pr\u00eats que l&rsquo;AFD octroie aux gouvernements cr\u00e9dules, des pays que l&rsquo;AFD s\u00e9lectionne \u00e0 cet effet, et selon des crit\u00e8res bien pr\u00e9cis. Et pour vendre du vent, on sait bien qu\u2019il faut des employ\u00e9s bien pay\u00e9s (cf plus haut).<\/p>\n<p>Par exemple, si le projet n&rsquo;est pas viable, le gouvernement cr\u00e9dule sera charg\u00e9 de rembourser le pr\u00eat octroy\u00e9 par l&rsquo;AFD pour la pr\u00e9-\u00e9tude, un pr\u00eat \u00e0 un taux d\u2019int\u00e9r\u00eat que l&rsquo;AFD garde compl\u00e8tement secr\u00e8te. En tout cas pour le grand public.<\/p>\n<p>\u00a0<\/p>\n<h5><strong>Qu&rsquo;importe : il y a le C2D<\/strong><\/h5>\n<p>Un plan de non-paiement des pr\u00eats a \u00e9t\u00e9 mis en place par L&rsquo;AFD en 2001\u00a0: le \u00ab\u00a0C2D.\u00a0\u00bb Un contrat de d\u00e9sendettement et de d\u00e9veloppement \u2013 cela, vous l\u2019auriez compris tout seul si nous ne l\u2019avions pas \u00e9crit\u00a0!<\/p>\n<p>Lorsqu&rsquo;un C2D est accord\u00e9 par l&rsquo;AFD, le gouvernement du pays concern\u00e9 n&rsquo;a pas \u00e0 rembourser l&rsquo;argent pr\u00eat\u00e9. L&rsquo;argent du contribuable fran\u00e7ais. L\u2019AFD demande au pays concern\u00e9 de payer une ou deux traites pour qu\u2019ils ne soient pas en d\u00e9faut de leur obligation, afin que l\u2019AFD ou PROPARCO ne soient pas oblig\u00e9s r\u00e9glementairement de prononcer la d\u00e9ch\u00e9ance du pr\u00eat. Une fois qu\u2019un paiement est fait, alors, le solde du pr\u00eat peut \u00eatre converti en \u00ab\u00a0dons\u00a0\u00bb.\u00a0 Imaginez-vous ne pas rembourser votre pr\u00eat immobilier. La banque vous appelle et vous dit\u00a0: \u00ab\u00a0<em>Vous payez deux mensualit\u00e9s afin d\u2019\u00eatre en r\u00e8gle, et derri\u00e8re, j&rsquo;abandonne le solde\u00a0!<\/em>\u00a0\u00bb N\u2019importe\u00a0lequel d\u2019entre nous ayant contract\u00e9 un pr\u00eat sauterait de joie.<\/p>\n<p>Pr\u00e8s de 20 pays en ont b\u00e9n\u00e9fici\u00e9, cela fait une bonne partie des projets de l&rsquo;AFD\u00a0:<\/p>\n<ul>\n<li>Cameroun : le premier C2D a \u00e9t\u00e9 sign\u00e9 en 2006, suivi de plusieurs autres tranches. Trois C2D connus jusqu&rsquo;en 2016, pour un montant total de plus de 900 millions d&rsquo;euros \u00e0 cette date.<\/li>\n<li>C\u00f4te d&rsquo;Ivoire : plusieurs C2D ont \u00e9t\u00e9 sign\u00e9s depuis 2012, avec un montant d\u00e9passant 2 milliards d&rsquo;euros sur plusieurs phases jusqu&rsquo;en 2020.<\/li>\n<li>Mozambique, S\u00e9n\u00e9gal, le Ghana, la R\u00e9publique du Congo et d&rsquo;autres pays ont \u00e9galement b\u00e9n\u00e9fici\u00e9 de ces contrats, souvent en une ou plusieurs tranches.<\/li>\n<\/ul>\n<p>En attendant, les 2 650 salari\u00e9s de l&rsquo;AFD touchent bien leurs salaires, sur le dos des contribuables contraints et forc\u00e9s que nous sommes tous.<\/p>\n<p>Car qui supporte le non-remboursement des pr\u00eats octroy\u00e9s par l&rsquo;AFD ? Le contribuable Fran\u00e7ais. Les gueux, et au nom de l\u2019int\u00e9r\u00eat public. Celui de la R\u00e9publique fran\u00e7aise. \u00c0 savoir dans la poche de ceux qui eux l&rsquo;ont bel et bien d\u00e9pens\u00e9, l&rsquo;argent des Fran\u00e7ais pr\u00eat\u00e9 par l&rsquo;AFD, un argent qui finalement n&rsquo;a servi qu&rsquo;\u00e0 cela\u00a0: enrichir les gouvernements \u00e0 qui cet argent a \u00e9t\u00e9 pr\u00eat\u00e9 pour financer du vent. Rien. Des id\u00e9es et des avant-chantiers qui n&rsquo;aboutissent \u00e0 aucune mat\u00e9rialit\u00e9 la plupart du temps. Il est mat\u00e9riellement impossible de trouver la proportion exacte des fonds mise au travail.\u00a0 C\u2019est-\u00e0-dire le montant net des fonds qui va \u00e0 un projet op\u00e9rationnel et non \u00e0 un avant-projet ou une id\u00e9e.<\/p>\n<p>Eh oui\u00a0! L&rsquo;AFD produit des analyses de projet valid\u00e9es par ses instances \u00e0 elles, et non pas par les acheteurs ou utilisateurs. Des acheteurs\/utilisateurs qui sont pourtant les personnes qui devront r\u00e9gler la note.<\/p>\n<p>\u00a0<\/p>\n<h5><strong>Que se passe-t-il r\u00e9ellement\u00a0?<\/strong><\/h5>\n<p>Aussi regardons ce qui se passe r\u00e9ellement, lorsque l&rsquo;analyse est valid\u00e9e comme pr\u00e9alable obligatoire des chantiers mis en \u0153uvre selon les recommandations de l&rsquo;AFD.<\/p>\n<p>Pourquoi\u00a0? Parce que c&rsquo;est ici que commencent les risques de d\u00e9rives importantes\u00a0: les chantiers du BTP (b\u00e2timent et travaux publics) que l&rsquo;AFD finance \u00e0 l&rsquo;\u00e9tranger au nom de l&rsquo;int\u00e9r\u00eat public de la France.<\/p>\n<p>Commen\u00e7ons par Madagascar et ses chantiers \u00ab\u00a0catastrophiques\u00a0\u00bb. Ceux-l\u00e0, car nous avons la chance d\u2019avoir plusieurs membres du collectif citoyen qui habitent cette grande \u00eele de l&rsquo;Oc\u00e9an Indien. Un eldorado d\u00e9nomm\u00e9 depuis 20 si\u00e8cles \u00ab le pays de l&rsquo;or\u00a0\u00bb, et dont justement r\u00e9guli\u00e8rement <a target=\"_blank\" href=\"https:\/\/www.linfo.re\/tags\/trafic-de-lingots-d-or\">des centaines de kilos d&rsquo;or s\u2019\u00e9vanouissent dans la nature, les faits divers en sont remplis<\/a>.<\/p>\n<p><img decoding=\"async\" data-entity-uuid=\"c073b03f-4c72-4931-85ff-55740e6a66b8\" data-entity-type=\"file\" alt=\"AFD mada\" width=\"1004\" height=\"274\" loading=\"lazy\" class=\"lazyload\" src=\"https:\/\/www.francesoir.fr\/sites\/default\/files\/inline-images\/image_149.png\"\/><\/p>\n<p>\u00a0<\/p>\n<h5><strong>Comment se fait-il que Madagascar ne r\u00e8gle pas son d\u00e9veloppement durable avec ses lingots d&rsquo;or\u00a0?<\/strong><\/h5>\n<p>Tout simplement parce qu&rsquo;il est beaucoup plus facile de contracter des pr\u00eats aupr\u00e8s de l&rsquo;AFD. Surtout que l&rsquo;AFD est omnipr\u00e9sente sur place et avec la caisse grande ouverte. C&rsquo;est le syndrome dit de \u00ab\u00a0<em>la Western union<\/em>\u00a0\u00bb\u00a0: l&rsquo;argent tombe du ciel, alors pourquoi s&rsquo;en priver\u00a0?<\/p>\n<p><img decoding=\"async\" data-entity-uuid=\"eb4faa9a-73f9-48cf-9c36-bb33c8e1a9f3\" data-entity-type=\"file\" alt=\"Western Union\" width=\"566\" height=\"156\" loading=\"lazy\" class=\"lazyload\" src=\"https:\/\/www.francesoir.fr\/sites\/default\/files\/inline-images\/image_150.png\"\/><\/p>\n<p>Autre question\u00a0: pourquoi l&rsquo;AFD, qui est une banque revendiqu\u00e9e, n\u2019accepte pas d\u2019\u00eatre r\u00e9gl\u00e9e en lingots d&rsquo;or\u00a0? Les fondements de toutes les banques du monde, c&rsquo;est pourtant justement l&rsquo;or\u00a0? (1)<\/p>\n<p>Revenons aux chantiers de Madagascar o\u00f9 l&rsquo;AFD est impliqu\u00e9e.<\/p>\n<p>\u00a0<\/p>\n<h5><strong>Le chantier \u00ab\u00a0t\u00e9l\u00e9ph\u00e9rique \u00e0 Antananarivo\u00a0\u00bb<\/strong><\/h5>\n<p><img decoding=\"async\" data-entity-uuid=\"62138311-e006-420c-ab4e-8df150c34454\" data-entity-type=\"file\" alt=\"AFD t\u00e9l\u00e9ph\u00e9rique\" width=\"1012\" height=\"528\" loading=\"lazy\" class=\"lazyload\" src=\"https:\/\/www.francesoir.fr\/sites\/default\/files\/inline-images\/Capture%20d%27%C3%A9cran%202025-03-19%20172205.png\"\/><\/p>\n<p>En 2022, le <a target=\"_blank\" href=\"https:\/\/www.senat.fr\/questions\/base\/2022\/qSEQ220126323.html\">rapport du S\u00e9nat atteste que la chambre haute du Parlement fran\u00e7ais<\/a> se montrait tr\u00e8s frileuse pour le financement du t\u00e9l\u00e9ph\u00e9rique Malgache. Et, constatant que <strong>ce projet n&rsquo;am\u00e9liorait pas ou si peu la circulation dans la ville<\/strong>, ce qui \u00e9tait pourtant les raisons principales avanc\u00e9es par l&rsquo;AFD pour la construction de ce t\u00e9l\u00e9ph\u00e9rique, l&rsquo;AFD est pass\u00e9e outre cet avis, comme pour son si\u00e8ge social.<\/p>\n<p><img decoding=\"async\" data-entity-uuid=\"bdfc8f1d-bf9c-46ba-8e39-5a0356f354f7\" data-entity-type=\"file\" alt=\"AFD avis s\u00e9nat\" width=\"1324\" height=\"269\" loading=\"lazy\" class=\"lazyload\" src=\"https:\/\/www.francesoir.fr\/sites\/default\/files\/inline-images\/Capture%20d%27%C3%A9cran%202025-03-19%20172419.png\"\/><\/p>\n<p><strong>Comment l&rsquo;AFD a-t-elle pu passer outre cet avis contraire\u00a0?<\/strong><\/p>\n<p>Gr\u00e2ce \u00e0 Emmanuel Macron.\u00a0 \u00ab\u00a0<em>Le Mozart de la finance<\/em>\u00a0\u00bb est intervenu personnellement en ce sens. Cela a permis \u00e0 la BPI France, partenaire de l&rsquo;AFD, d&rsquo;ouvrir la caisse en grand, \u00e0 hauteur de 152 millions d&rsquo;euros, dans un projet inutile et qui en aucun cas ne pouvait atteindre son objectif. Mondafrique titrait ceci \u00e0 ce sujet\u00a0: \u00ab\u00a0<em>Cet \u00e9trange p\u00e9riph\u00e9rique cens\u00e9 d\u00e9congestionner la capitale pollu\u00e9e<\/em>\u00a0\u00bb.<\/p>\n<p><img decoding=\"async\" data-entity-uuid=\"aec12dda-1a28-4773-8eca-dc26fe9d687f\" data-entity-type=\"file\" alt=\"AFD \u00e9trange p\u00e9riph\u00e9rique\" width=\"752\" height=\"555\" loading=\"lazy\" class=\"lazyload\" src=\"https:\/\/www.francesoir.fr\/sites\/default\/files\/inline-images\/Capture%20d%27%C3%A9cran%202025-03-19%20173313.png\"\/><\/p>\n<p>\u00c0 ce titre, il a organis\u00e9 par l\u2019interm\u00e9diaire de l\u2019institut Choiseul, \u00ab\u00a0le Choiseul Africa Business\u00a0\u00bb dont le pr\u00e9sident Malgache \u00e9tait l&rsquo;un des invit\u00e9s d&rsquo;honneur. Et a sign\u00e9 le projet de son t\u00e9l\u00e9ph\u00e9rique messianique pour une somme de 152 millions d&rsquo;euros, au nom des Malgaches, et donc de l&rsquo;int\u00e9r\u00eat public, Madagascar \u00e9tant, elle aussi, une R\u00e9publique (depuis 1960).<\/p>\n<p>Une future catastrophe \u00e0 152 millions d&rsquo;euros, ne m\u00e9ritait-elle pas un congr\u00e8s\u00a0? Ce fut chose faite :\u00a0<\/p>\n<p><img decoding=\"async\" data-entity-uuid=\"5bc2e9f6-32d5-41d9-b057-5e6bfb439885\" data-entity-type=\"file\" alt=\"AFD Choisel\" width=\"1257\" height=\"606\" loading=\"lazy\" class=\"lazyload\" src=\"https:\/\/www.francesoir.fr\/sites\/default\/files\/inline-images\/Capture%20d%27%C3%A9cran%202025-03-19%20174007.png\"\/><\/p>\n<p>L&rsquo;institut \u00ab\u00a0<em>Choiseul\u00a0<\/em>\u00bb choisit seul. C&rsquo;est du m\u00eame cru que l\u2019\u00e9diteur du Journal interne de l&rsquo;ADF. Rappelez-vous\u00a0: \u00ab\u00a0<a target=\"_blank\" href=\"https:\/\/edition.francesoir.fr\/politique-france-monde-societe-economie\/enquete-les-dessous-pas-tres-propres-de-l-agence-francaise\"><em>Le Magazine<\/em>\u00a0<\/a>\u00bb d\u00e9velopp\u00e9 \u00e0 grands frais par l\u2019agence du nom d\u2019\u00ab\u00a0Animal pensant.\u00a0\u00bb Alors, cet institut empoche des centaines de milliers d&rsquo;euros lui aussi, comme \u00ab\u00a0Animal pensant\u00a0\u00bb, pour faire des rapports sur les analyses d&rsquo;id\u00e9es, en pr\u00e9-\u00e9tude des projets de r\u00e9flexion sur papier recycl\u00e9, afin de pr\u00e9server la for\u00eat Malgache.<\/p>\n<p><img decoding=\"async\" data-entity-uuid=\"f52393bb-6916-4819-8d40-70f91cc7dfbe\" data-entity-type=\"file\" alt=\"AFD le mag\" width=\"1004\" height=\"444\" loading=\"lazy\" class=\"lazyload\" src=\"https:\/\/www.francesoir.fr\/sites\/default\/files\/inline-images\/image_151.png\"\/><\/p>\n<p>Pour s&rsquo;en convaincre, il suffit de regarder de plus pr\u00e8s cet institut \u00ab\u00a0<em>Choiseul<\/em>\u00a0\u00bb, organe organisateur de d\u00eeners\u00a0gastronomiques, et qui aurait comme utilit\u00e9 de mettre en rapport diff\u00e9rents r\u00e9seaux des meilleures comp\u00e9tences. Dans cette section de l&rsquo;institut nomm\u00e9e \u00ab\u00a0Ambition-Mission-Activit\u00e9s\u00a0\u00bb, ils discutent de la faim en Afrique, une fourchette en argent \u00e0 la main. Son <a target=\"_blank\" href=\"https:\/\/www.choiseul.info\/institut\/\">site internet<\/a> en est rempli\u00a0:<\/p>\n<p><img decoding=\"async\" data-entity-uuid=\"28e0158c-f898-4372-9206-d7cd8afb0c92\" data-entity-type=\"file\" alt=\"AFD choiseul\" width=\"991\" height=\"768\" loading=\"lazy\" class=\"lazyload\" src=\"https:\/\/www.francesoir.fr\/sites\/default\/files\/inline-images\/Capture%20d%27%C3%A9cran%202025-03-19%20174922.png\"\/><\/p>\n<p>Et, d&rsquo;o\u00f9 vient l&rsquo;argent pour organiser de tels d\u00eeners princiers\u00a0?<\/p>\n<p>Rassembler des centaines d\u2019interm\u00e9diaires, hommes et femmes cens\u00e9s repr\u00e9senter des \u00ab\u00a0pouvoirs\u00a0\u00bb africains, ceci afin de les mettre en contact pour faire ressortir d&rsquo;\u00e9ventuels nouveaux global-leaders, tout cela demande des fonds importants. N\u00e9anmoins, l&rsquo;incubateur \u00e0 global-leaders ne semble pas souffrir de la crise en Afrique, puisqu&rsquo;il en accouche r\u00e9guli\u00e8rement dans les d\u00eeners mondains.<\/p>\n<p>\u00a0<\/p>\n<h5><strong>Mais revenons \u00e0 notre affaire du t\u00e9l\u00e9ph\u00e9rique<\/strong><\/h5>\n<p>Voyons d&rsquo;abord <a target=\"_blank\" href=\"https:\/\/www.lemonde.fr\/afrique\/article\/2022\/01\/25\/a-madagascar-la-contestation-contre-la-construction-du-telepherique-d-antananarivo-enfle_6110952_3212.html\">le prix du billet<\/a>\u00a0: 1,67 euro par jour<\/p>\n<p><img decoding=\"async\" data-entity-uuid=\"c7c4b080-14e1-4c63-b3c2-f52aac116890\" data-entity-type=\"file\" alt=\"AFD mada t\u00e9l\u00e9ph\u00e9rique prix\" width=\"754\" height=\"298\" loading=\"lazy\" class=\"lazyload\" src=\"https:\/\/www.francesoir.fr\/sites\/default\/files\/inline-images\/Capture%20d%27%C3%A9cran%202025-03-19%20175038.png\"\/><\/p>\n<p>Pas besoin de faire des commentaires, l&rsquo;article du journal est \u00e9difiant\u00a0: <em>\u00ab\u00a0Le t\u00e9l\u00e9ph\u00e9rique n\u2019a pas sa place ici !\u00a0\u00bb, se sont \u00e9mus les Amis du patrimoine de Madagascar. L\u2019association, qui regroupe intellectuels, \u00e9tudiants en architecture et scientifiques, <strong>a \u00e9galement mis en garde contre les risques de glissements de terrain, r\u00e9els \u00e0 chaque saison des pluies<\/strong>. \u00ab\u00a0Tous les riverains y sont oppos\u00e9s, t\u00e9moigne Eric Randrasana, ancien \u00e9l\u00e8ve du coll\u00e8ge catholique priv\u00e9 Saint-Michel, qui a refus\u00e9 l\u2019installation de pyl\u00f4nes au sein de la cour de l\u2019\u00e9cole. \u00ab\u00a0C\u2019est un b\u00e2timent vieux de cent trente\u00a0ans, il serait d\u00e9figur\u00e9. Et puis ce serait dangereux de faire passer une ligne de t\u00e9l\u00e9ph\u00e9rique au-dessus d\u2019une \u00e9cole qui accueille 4\u00a0000 \u00e9l\u00e8ves.\u00a0\u00bb Une p\u00e9tition d\u00e9j\u00e0 sign\u00e9e par pr\u00e8s de 5\u00a0000 personnes circule pour demander l\u2019annulation du projet.\u00a0\u00bb<\/em><\/p>\n<p>Les Malgaches ne prendront jamais ce t\u00e9l\u00e9ph\u00e9rique purement et simplement. Ainsi, le retour sur investissement ne sera jamais r\u00e9alis\u00e9, et les Malgaches devront effectuer le remboursement des pr\u00eats avec taux d&rsquo;usure \u00e9lev\u00e9s. Et, comme ils n&rsquo;ont pas souscrit au contrat \u00ab\u00a0non-remboursement\u00a0\u00bb, le fameux C2D, ils devront tout rembourser en totalit\u00e9. D\u00e8s lors, <a target=\"_blank\" href=\"https:\/\/www.youtube.com\/watch?v=NfkzQ_OKiOQ\">les enfants Malgaches qui cassent des cailloux 8 heures par jour pour les chantiers BTP<\/a>, devront casser des cailloux 12 heures par jour, afin de rembourser le t\u00e9l\u00e9ph\u00e9rique qu&rsquo;ils ne prendront jamais.<\/p>\n<p><iframe loading=\"lazy\" title=\"Il doit faire travailler ses enfants dans une carri\u00e8re de pierre | UNICEF France\" width=\"1110\" height=\"624\" src=\"https:\/\/www.youtube.com\/embed\/NfkzQ_OKiOQ?feature=oembed\" frameborder=\"0\" allow=\"accelerometer; autoplay; clipboard-write; encrypted-media; gyroscope; picture-in-picture; web-share\" referrerpolicy=\"strict-origin-when-cross-origin\" allowfullscreen><\/iframe><\/p>\n<p>C&rsquo;est une triste r\u00e9alit\u00e9 que l\u2019on ne relate pas dans les rapports de l\u2019AFD.<\/p>\n<p>Mais, il y a plus grave encore, dans cette gabegie financi\u00e8re qui sera finalement \u00e0 la charge du contribuable Fran\u00e7ais.<\/p>\n<p>\u00c0 Madagascar, <strong>il y a le principe des interm\u00e9diaires. Qui sont-ils<\/strong>\u00a0? Des quidams qui pr\u00e9tendent conna\u00eetre une autre personne, qui aurait une comp\u00e9tence th\u00e9orique ou suppos\u00e9e. Bien souvent, nous les trouvons \u00e0 la terrasse des bistrots, pochetronn\u00e9s, au c\u0153ur de la soci\u00e9t\u00e9 de consommation dont Canal+ fait la propagande d\u00e9g\u00e9n\u00e9r\u00e9e sur place depuis une bonne d\u00e9cennie.<\/p>\n<h5><strong>Et comment fonctionne le principe des interm\u00e9diaires\u00a0?<\/strong>\u00a0<\/h5>\n<p>Par exemple, avec ce genre de quidams, un Fran\u00e7ais ayant obtenu par correspondance un CAP d&rsquo;\u00e9lectricien en France, sera tenu comme comp\u00e9tent \u00e0 diriger un chantier entier de BTP. Il sera donc \u00ab\u00a0recrut\u00e9\u00a0\u00bb par les interm\u00e9diaires, qui eux se font r\u00e9mun\u00e9rer en gratifications diverses et somme toute d\u00e9risoire, en voyage, en restauration, en relation, etc. Je vous laisse imaginer les r\u00e9sultats catastrophiques sur la direction des chantiers BTP de Madagascar. Les journaux sont pleins de \u00ab\u00a0Vasha\u00a0\u00bb incomp\u00e9tents (nom donn\u00e9 aux blancs \u00e0 Madagascar) qui ont ruin\u00e9 les chantiers, surtout en province, dans des chantiers de moyenne importance.<\/p>\n<p>Pour une meilleure compr\u00e9hension encore &#8211; <em>Le cas d&rsquo;une d\u00e9put\u00e9e de Diego-Suarez fra\u00eechement d\u00e9barqu\u00e9e par le pr\u00e9sident Malgache actuel\u00a0<\/em>:<\/p>\n<p>Chez les d\u00e9put\u00e9s malgaches, une grande majorit\u00e9 sont mari\u00e9s avec des ressortissants Fran\u00e7ais, souvent d&rsquo;anciens aventuriers, chercheurs d&rsquo;or\u00a0: les \u00ab\u00a0<em>vashas sac \u00e0 dos.\u00a0<\/em>\u00bb Ces derniers s&rsquo;activent en tant que\u00a0messies sauveurs dans la direction technique et aussi financi\u00e8re des chantiers du BTP, cela sans avoir aucune connaissance particuli\u00e8re, et encore moins de dipl\u00f4mes d&rsquo;\u00c9tat. Ils s\u2019appuient sur leurs femmes d\u00e9put\u00e9es Malgaches pour asseoir une domination virtuelle sur les chantiers de BTP., et ils roulent carrosse en 4\u00d74 V8 offerts par le gouvernement Malgache, carburant compris.<\/p>\n<p>Pour les Malgaches de la communaut\u00e9 Merle, c&rsquo;est-\u00e0-dire de Tananarive, ceux-l\u00e0 m\u00eames qui dirigent le pays depuis l&rsquo;ind\u00e9pendance, tout ce qui est Fran\u00e7ais est en quelque sorte du pain b\u00e9nit.<\/p>\n<p>Quand le pain b\u00e9nit est rassi, alors c&rsquo;est forc\u00e9ment pour le bien de Madagascar.\u00a0Nous en sommes bel et bien l\u00e0 aujourd&rsquo;hui, au moins autant que du temps de la colonisation officielle.<\/p>\n<p>Madagascar est un pays de croyants, pas un pays de sachants. Or, pour un croyant, qu&rsquo;importe le Messie, l&rsquo;essentiel est de croire. Croire au sauveur. Les messies s&rsquo;en trouvent ainsi interchangeables \u00e0 souhait. Jusqu&rsquo;\u00e0 maintenant ce sont les Fran\u00e7ais, demain ce seront (sans doute) les Chinois, et apr\u00e8s-demain les indiens (dit \u00ab\u00a0<em>les Karannes<\/em>\u00a0\u00bb).<\/p>\n<p>C&rsquo;est ainsi que l\u2019entreprise \u00ab\u00a0COLAS\u00a0\u00bb Madagascar, dit \u00ab le Messie<em>\u00a0Fran\u00e7ais du BTP<\/em> \u00bb, se retrouve aujourd&rsquo;hui au c\u0153ur d&rsquo;une affaire de d\u00e9tournement de fonds dans la construction du t\u00e9l\u00e9ph\u00e9rique, selon des informations encore confidentielles pour le moment.<\/p>\n<p>Et pourquoi ce d\u00e9tournement de fonds \u00e9tait-il obligatoire\u00a0? Parce qu&rsquo;il faut payer les interm\u00e9diaires\u00a0!<\/p>\n<p>Or, cela n&rsquo;est pas pr\u00e9vu dans les pr\u00eats de l&rsquo;AFD. L&rsquo;AFD qui pourtant, en avant-avant projet, a bien \u00ab\u00a0\u00e9tudi\u00e9\u00a0\u00bb la situation soci\u00e9tale sur place, \u00e0 grands coups de millions d&rsquo;euros, nous dit-elle.<\/p>\n<p>Rappelons \u00e0 cet \u00e9gard que la \u00ab\u00a0Colas Madagascar\u00a0\u00bb <a target=\"_blank\" href=\"https:\/\/viaatv.tv\/justice-la-colas-et-7-salaries-soupconnes-de-detournement-de-fond\/\">est d\u00e9j\u00e0 dans le collimateur pour d\u00e9tournement de fonds avec 7 de ses employ\u00e9s pour 600 000 euros.<\/a><\/p>\n<p>Force est de constater que contrairement \u00e0 ce que ses dirigeants et membres pr\u00e9tendent haut et fort, l&rsquo;AFD ne conna\u00eet pas du tout le terrain, n&rsquo;en d\u00e9plaise \u00e0 ses cohortes d&rsquo;analyses qui se pavanent \u00e9hont\u00e9ment en tant \u00ab\u00a0<em>qu&rsquo;experts<\/em>\u00a0\u00bb dans les brochures de l&rsquo;AFD, sur papier glac\u00e9.<\/p>\n<p>Autre possibilit\u00e9, tel que nous le d\u00e9crit un des membres du collectif citoyen qui connait bien la situation locale et l\u2019AFD\u00a0:\u00a0<\/p>\n<blockquote>\n<p>\u00ab\u00a0<em>les dirigeants de l&rsquo;AFD connaissent parfaitement bien le terrain, et ils en profitent pour en capter quelques revenus illicites\u00a0ou faire des r\u00e9trocessions aux interm\u00e9diaires \u00bb.<\/em>\u00a0<\/p>\n<\/blockquote>\n<p>\u00a0<\/p>\n<h5><strong>L&rsquo;affaire du stade de football de Tananarive semble privil\u00e9gier cette autre possibilit\u00e9.\u00a0<\/strong><\/h5>\n<p>Accrochez-vous\u00a0: c\u2019est du lourd\u00a0!<\/p>\n<p>Comme en Occident, \u00e0 Madagascar, le football a remplac\u00e9 les jeux du cirque Romains, des jeux qui ont capot\u00e9 \u00e0 l\u2019av\u00e8nement du christianisme.<\/p>\n<p>Les gladiateurs ont \u00e9t\u00e9 remplac\u00e9s par les vedettes du football. Venues de la basse classe, elles sont arriv\u00e9es sur le devant de la sc\u00e8ne par toutes sortes d&rsquo;artifices m\u00e9diatiques. La presse les encense, l&rsquo;\u00e9tat encaisse la monnaie, et la mafia se r\u00e9gale comme jamais, car les matchs truqu\u00e9s sont l\u00e9gion. Le peuple est ravi, fait des paris. C&rsquo;est la F\u00eate\u00a0!<\/p>\n<p>Mais, voil\u00e0, la F\u00eate a un prix. En l&rsquo;occurrence, celui de la restauration du stade de football de Tananarive.<\/p>\n<p><img decoding=\"async\" data-entity-uuid=\"e4d3e987-bad9-4a73-a6d6-67cff39fb6fc\" data-entity-type=\"file\" alt=\"AFD stade\" width=\"862\" height=\"860\" loading=\"lazy\" class=\"lazyload\" src=\"https:\/\/www.francesoir.fr\/sites\/default\/files\/inline-images\/Capture%20d%27%C3%A9cran%202025-03-19%20180035.png\"\/><\/p>\n<p>\u00a0<\/p>\n<p><strong>Que s&rsquo;est-il pass\u00e9\u00a0?<\/strong><\/p>\n<p>Cela fait plus de 120 ans que ce stade de 3.000 places existe. Il n&rsquo;avait connu aucune r\u00e9novation avant l&rsquo;ind\u00e9pendance de 1960, mais depuis les ann\u00e9es 70 il a en connue quatre, dont celle dont je vous parle ici. Elle a d\u00e9but\u00e9 en 2020. De 3.000 places tout court, nous sommes pass\u00e9s \u00e0 16.000 places en tribune et 24 300 places en gradin.<\/p>\n<p>Suivant l\u00e0 les recommandations de l&rsquo;AFD ayant accord\u00e9 le pr\u00eat assurant leur financement, les travaux \u00e9taient men\u00e9s grand train et de main de ma\u00eetre par une entreprise chinoise. Une entreprise s\u00e9lectionn\u00e9e par l&rsquo;AFD pour sa cr\u00e9dibilit\u00e9, une AFD suivant, elle, les recommandations des fameux interm\u00e9diaires. Mais, effectue-t-elle r\u00e9ellement des \u00ab\u00a0audit\u00a0\u00bb, ces fameuses \u00ab due diligences \u00bb telles que c\u2019est d\u00e9crit dans ses proc\u00e9dures, afin d\u2019\u00e9viter de se faire \u00ab\u00a0empapaouter\u00a0\u00bb\u00a0? Visiblement, non\u00a0! Un ancien de l&rsquo;AFD nous indique que : \u00ab <em>quand les mod\u00e8les ne donnent pas de rentabilit\u00e9, on relevait les hypoth\u00e8ses pour le rendre rentable !, ce n&rsquo;est pas vraiment de la fraude, mais juste un optimisme plus important.<\/em> \u00bb\u00a0<\/p>\n<p>Un m\u00e9canisme qui a \u00e9t\u00e9 bien en vue lors de la crise Covid, puisque afin de convaincre une grande partie des Fran\u00e7ais \u00e0 se faire vacciner, on a \u00ab relev\u00e9 \u00bb les hypoth\u00e8ses (95 % d&rsquo;efficacit\u00e9 relative pour un produit qui n&rsquo;avait pas de capacit\u00e9 antipand\u00e9mique), on a aussi \u00ab\u00a0diminu\u00e9\u00a0\u00bb \u00e0 z\u00e9ro les effets secondaires. Tout cela dans l&rsquo;optique de \u00ab <em>faire passer ce projet <\/em>\u00bb.\u00a0<\/p>\n<p>Revenons au stade. C&rsquo;est la faute \u00e0 \u00ab\u00a0Pat Chance\u00a0\u00bb (appelons ici \u00ab\u00a0Monsieur Lee\u00a0\u00bb). Car, allez savoir pourquoi, mais c&rsquo;est comme \u00e7a. Nonobstant une utilisation des fonds scrupuleusement faite selon les avis avertis, non\u00a0: le stade n&rsquo;est pas aux normes.<\/p>\n<p>L&rsquo;affaire est s\u00e9rieuse. Le <a target=\"_blank\" href=\"https:\/\/www.lemonde.fr\/afrique\/article\/2020\/10\/05\/a-madagascar-le-president-de-la-federation-de-football-vise-par-un-mandat-d-arret-international_6054844_3212.html\">Pr\u00e9sident de la f\u00e9d\u00e9ration de football Malgache est vis\u00e9 par un mandat d\u2019arr\u00eat international<\/a>\u00a0:<\/p>\n<p><img decoding=\"async\" data-entity-uuid=\"af7fa699-cceb-4bcc-a730-ad4f9117106f\" data-entity-type=\"file\" alt=\"AFD mada pr\u00e9sident foot\" width=\"796\" height=\"348\" loading=\"lazy\" class=\"lazyload\" src=\"https:\/\/www.francesoir.fr\/sites\/default\/files\/inline-images\/Capture%20d%27%C3%A9cran%202025-03-19%20180245.png\"\/><\/p>\n<p>Un homme tr\u00e8s pr\u00e9voyant\u00a0: 25 millions d&rsquo;euros, c&rsquo;est \u00e9norme\u00a0! \u00c0 Madagascar, le salaire mensuel m\u00e9dian est de 50 euros.<\/p>\n<p>Cependant, un s\u00e9rieux doute habite le collectif citoyen. Une telle somme existe-t-elle dans la caisse de pr\u00e9voyance sociale\u00a0?<\/p>\n<p>\u00c0 Madagascar, les cotisations sociales ne d\u00e9passent pas 0,1 % des salaires, et les salari\u00e9s d\u00e9clar\u00e9s, eux, ne d\u00e9passent pas 5 % du nombre total des travailleurs r\u00e9mun\u00e9r\u00e9s.<\/p>\n<p>Donc les 25 millions viennent d&rsquo;ailleurs, mais d\u2019o\u00f9\u00a0? L&rsquo;AFD qui pr\u00e9tend savoir par ses analyses rigoureuses, devrait nous apporter une r\u00e9ponse.<\/p>\n<p>Il faut savoir que 25 millions d&rsquo;euros repr\u00e9sentent plusieurs brouettes de billets malgaches.<\/p>\n<p>Imaginez, 200 000 Ariary (monnaie malgache), c&rsquo;est 20 billets de 10 000 Ariary. Or, cela ne repr\u00e9sente que 66 euros. Aussi, quand on parle de brouettes, nous sommes loin de la v\u00e9rit\u00e9. Un semi-remorque serait plus juste.<\/p>\n<p>En 2020, la France a restitu\u00e9 la couronne de la Reine Ranavalona III. Vous allez me dire que cela n&rsquo;a rien \u00e0 voir avec notre sujet. Et vous avez raison.<\/p>\n<p>Sauf que, quand l&rsquo;idiot du village est heureux, la cons\u00e9cration se fait toujours par le couronnement.<\/p>\n<p>En France, c&rsquo;est la L\u00e9gion d&rsquo;honneur. \u00c0 Madagascar, c&rsquo;est la couronne confisqu\u00e9e par l&rsquo;\u00e9tat colonialiste de l&rsquo;\u00e9poque. Ne riez pas\u00a0: c&rsquo;est s\u00e9rieux. La R\u00e9publique fran\u00e7aise est toujours g\u00e9n\u00e9reuse avec les idiots utiles du village r\u00e9publicain.<\/p>\n<p><img decoding=\"async\" data-entity-uuid=\"6a559b9e-d5d4-4f8d-be2a-872e0e81acb9\" data-entity-type=\"file\" alt=\"AFD couronne\" width=\"1152\" height=\"655\" loading=\"lazy\" class=\"lazyload\" src=\"https:\/\/www.francesoir.fr\/sites\/default\/files\/inline-images\/Capture%20d%27%C3%A9cran%202025-03-19%20180937.png\"\/><\/p>\n<p>\u00a0<\/p>\n<p>Sacr\u00e9 Pat Chance\u00a0! Le stade n&rsquo;est pas valid\u00e9 par la CFA. Une CAF qui n&rsquo;est pas la Caisse d&rsquo;Allocations familiales fran\u00e7aise, mais la Conf\u00e9d\u00e9ration du Football Africain. Et le stade n&rsquo;est pas non plus valid\u00e9 par la FIFA. Pourquoi\u00a0? Pour diverses raisons\u00a0: structure, s\u00e9curit\u00e9, \u00e9quipements sanitaires douteux, etc.<\/p>\n<p>Montant du fiasco\u00a0? 77 millions de dollars\u00a0! Et, cette non-validation, elle, \u00e9tait tout \u00e0 fait fond\u00e9e.<\/p>\n<p>La c\u00e9r\u00e9monie d&rsquo;ouverture des 11\u1d49 Jeux des \u00eeles de l&rsquo;Oc\u00e9an Indien a eu lieu dans ce stade. Bilan\u00a0: <a target=\"_blank\" href=\"https:\/\/www.lemonde.fr\/afrique\/article\/2023\/08\/25\/madagascar-une-bousculade-dans-un-stade-fait-au-moins-douze-morts_6186583_3212.html\">13 morts et plus de 100 bless\u00e9s<\/a>. Dans un stade non valid\u00e9 par la CFA, et donc interdit d&rsquo;ouverture.<\/p>\n<p>Et il ne sera jamais valid\u00e9, ni par la CFA ni par la FIFA. Pourquoi\u00a0? Parce qu&rsquo;il a \u00e9t\u00e9 construit 15 cm en dessous du niveau du Grand Lac\u00a0: une \u00e9tendue d&rsquo;eau int\u00e9rieure gigantesque.<\/p>\n<p>De <strong>cela, l&rsquo;AFD \u00e9tait au courant obligatoirement<\/strong>. Selon une de nos sources locales, sp\u00e9cialiste des \u00e9tudes d\u2019impact et de faisabilit\u00e9 environnementale,<\/p>\n<blockquote>\n<p>\u00a0\u00ab\u00a0<em>plusieurs alertes ont \u00e9t\u00e9 envoy\u00e9es aux divers intervenants, y compris \u00e0 l\u2019AFD, et cela fait partie des \u00e9tudes environnementales. En France, c&rsquo;est standard avec le PPRI (<\/em>ndlr\u00a0: plan de pr\u00e9vention des risques d\u2019inondation<em>)\u00a0<\/em>\u00bb Et il ajoute\u00a0: \u00ab\u00a0<em>la capillarit\u00e9 des terrains existe. La pluie s&rsquo;infiltre partout, et, de fait, le niveau du Grand Lac augmente durant les pluies, et cela, ici tout le monde le sait, alors comment l\u2019AFD et ses agents ont-ils pu financer un projet en sachant qu\u2019il n\u2019aurait pas l\u2019homologation\u00a0\u00bb<\/em>.<\/p>\n<\/blockquote>\n<p>Du coup, <a target=\"_blank\" href=\"https:\/\/2424.mg\/infrastructures-les-responsables-du-stade-barea-rassurent-sur-la-qualite-du-systeme-devacuation-deau-dans-le-stade-et-imputent-la-montee-des-eaux-dans-lenceinte-du-stade-aux-problemes-devacu\/\">le stade est r\u00e9guli\u00e8rement inond\u00e9<\/a>\u00a0: la pelouse est inutilisable, idem les vestiaires et le reste, la saison des pluies \u00e0 Madagascar durant plusieurs mois par an.<\/p>\n<p><img decoding=\"async\" data-entity-uuid=\"4e00b581-a1b2-4b08-b1c6-d22644301036\" data-entity-type=\"file\" alt=\"AFD stade\" width=\"801\" height=\"716\" loading=\"lazy\" class=\"lazyload\" src=\"https:\/\/www.francesoir.fr\/sites\/default\/files\/inline-images\/Capture%20d%27%C3%A9cran%202025-03-19%20181648.png\"\/><\/p>\n<p>Soucieuse de s&rsquo;inscrire dans la durabilit\u00e9 des projets BTP, l\u2019expert explique\u00a0: \u00ab\u00a0<em>les responsables de l&rsquo;AFD qui ont accord\u00e9 le pr\u00eat ont forc\u00e9ment lu le dossier technique d&rsquo;avant-chantier, dossier financ\u00e9 par l&rsquo;AFD. S\u2019ils ne l\u2019ont pas fait, c&rsquo;est qu\u2019on leur a demand\u00e9 de passer outre \u00bb.<\/em><\/p>\n<p>En d\u00e9finitive, le stade est bon \u00e0 raser, purement et simplement. Car m\u00eame une cinqui\u00e8me r\u00e9novation ne pourra jamais effacer cette erreur capitale de premier plan. Mais, avec ces pratiques non professionnelles, ils seraient quand m\u00eame capables de reconstruire le stade au m\u00eame endroit, et toujours sous le niveau du lac. \u00ab\u00a0<em>Ce n\u2019est qu\u2019une question d\u2019argent et de qui va payer<\/em>\u00a0!\u00a0\u00bb rappelle, constern\u00e9, l\u2019expert missionn\u00e9 pour effectuer ce constat.<\/p>\n<p>\u00a0<\/p>\n<h5><strong>Enfin, dernier cas pratique\u00a0: un mot sur l&rsquo;autoroute Antananarivo-Toamasina.<\/strong><\/h5>\n<p>En r\u00e9alit\u00e9, il s&rsquo;agit simplement d&rsquo;une voie express, et non pas d&rsquo;une \u00ab\u00a0autoroute\u00a0\u00bb au sens commun et technique du terme. \u00c0 savoir avec toutes les sp\u00e9cificit\u00e9s hyper co\u00fbteuses propres \u00e0 une autoroute. N\u00e9anmoins, les autorit\u00e9s malgaches parlent d&rsquo;une autoroute, justement pour faussement justifier le co\u00fbt \u00e9norme de l&rsquo;ouvrage, pour une simple voie express\u00a0: 924 millions de dollars. Un co\u00fbt carr\u00e9ment gigantesque pour un pays comme Madagascar. 924 millions, c&rsquo;est \u00e0 4 millions pr\u00e8s le co\u00fbt du si\u00e8ge de l\u2019AFD. Il doit y avoir une limite au-del\u00e0 de laquelle, \u00e0 l\u2019AFD, tant que cela reste en de\u00e7\u00e0 du milliard, ils ont les d\u00e9l\u00e9gations de pouvoir.\u00a0 On parle quand m\u00eame de pr\u00e8s de 10 % du budget annuel de l\u2019AFD. Ce qui conf\u00e8re \u00e0 son patron, R\u00e9my Rioux, des pouvoirs \u00e9normes. Assortis comme \u00e0 l\u2019habitude des quelque 4 \u00e0 5 % de commissions, soit 38 \u00e0 45 millions d\u2019euros. De quoi financer quelques campagnes politiques.<\/p>\n<p>D&rsquo;apr\u00e8s les pr\u00e9visions de l&rsquo;AFD, le chantier devait durer 4 ans, et conduire \u00e0 la construction finalis\u00e9e de cette voie express sur une longueur de 260 km.<\/p>\n<p>Les 924 millions de dollars ont \u00e9t\u00e9 engloutis en totalit\u00e9, mais au terme de ce d\u00e9lai de 4 ans, ce sont seulement 40 km qui ont \u00e9t\u00e9 construits, et uniquement le terrassement, pas le reste des infrastructures.<\/p>\n<p>Pour une voie \u00ab\u00a0express\u00a0\u00bb, non, ce n&rsquo;est pas tr\u00e8s \u00ab\u00a0rapide.\u00a0\u00bb C&rsquo;est sans doute \u00ab\u00a0\u00e9galement\u00a0\u00bb pour cela que les autorit\u00e9s malgaches pr\u00e9f\u00e8rent parler d&rsquo;une autoroute. Par \u00ab\u00a0\u00e9galement\u00a0\u00bb, j&rsquo;entends \u00ab\u00a0en plus\u00a0\u00bb de la justification frauduleuse \u00e9voqu\u00e9e plus haut, du co\u00fbt gigantesque de cette voie express.<\/p>\n<p>Et pour cause\u00a0!<\/p>\n<p>Plus le co\u00fbt des travaux est \u00e9lev\u00e9, plus les dessous de tables peuvent \u00eatre substantiels.<\/p>\n<p>Et c&rsquo;est d&rsquo;ailleurs sans doute l\u00e0 la raison pour laquelle, les autorit\u00e9s malgaches tiennent absolument \u00e0 ce que le chantier continue&#8230; quitte \u00e0 ce qu&rsquo;il ne se termine jamais.<\/p>\n<p>En effet, le gouvernement malgache a sollicit\u00e9 et obtenu un pr\u00eat suppl\u00e9mentaire de 350 millions de dollars, ceci non pas pour pourvoir \u00e0 la construction des 220 km de terrassement manquants (et le reste), mais pour seulement 40 km de terrassement.<\/p>\n<p>Ainsi, en l&rsquo;\u00e9tat, la facture est donc de plus de 1.3 milliard de dollars, pour seulement 80 km de terrassement, sur les 260 km de terrassement que cette voie express doit comporter (plus le reste des infrastructures) pour \u00eatre achev\u00e9e et utilisable.<\/p>\n<p>D\u00e8s lors, la facture finale tournera probablement autour de cinq milliards de dollars, et probablement pour rien. \u00c0 savoir s&rsquo;il se trouve qu&rsquo;au bout du compte, la construction de cette voie express reste inachev\u00e9e, ou que, comme pour le stade de football, elle s&rsquo;av\u00e8re inutilisable, pour d&rsquo;obscures raisons de non-conformit\u00e9, notamment au regard des normes de s\u00e9curit\u00e9 les plus \u00e9l\u00e9mentaires.<\/p>\n<p>Affaire \u00e0 suivre. (2)<\/p>\n<p>D&rsquo;ici l\u00e0, terminons sur cette derni\u00e8re r\u00e9flexion.<\/p>\n<p>Les chantiers AFD \u00e0 Madagascar constituent seulement 10 % des projets AFD sur le continent Africain. Alors, imaginez un peu l&rsquo;ampleur du d\u00e9sastre sur l&rsquo;ensemble des chantiers\u00a0!<\/p>\n<p>\u00c0 ce sujet, <a target=\"_blank\" href=\"https:\/\/www.francesoir.fr\/videos-les-debriefings\/analyse-des-defis-et-depenses-des-agences-de-developpement-usaid-et-afd\"><em>France-Soir<\/em> a interview\u00e9 Benoit Par\u00e9 un ancien fonctionnaire international et militaire fran\u00e7ais<\/a> qui nous livre son exp\u00e9rience avec l\u2019AFD sur le terrain. Le soft-power est essentiel dans les divers pays o\u00f9 interviennent les agences de d\u00e9veloppement. Cependant, c\u2019est l\u2019exc\u00e8s qui est condamnable et que l\u2019on doit combattre. Il d\u00e9clare\u00a0:\u00a0<\/p>\n<blockquote>\n<p>\u00ab\u00a0<em>Ce qui me choque, ce sont les d\u00e9rives du syst\u00e8me, pas le syst\u00e8me en lui-m\u00eame.\u00a0Mais, aux USA, c&rsquo;est devenu une mani\u00e8re d&rsquo;influer id\u00e9ologiquement le monde dans tous les domaines, et plus seulement d&rsquo;aider\u00a0\u00bb.<\/em><\/p>\n<\/blockquote>\n<p><iframe style=\"left:0;position:absolute;top:0;\" width=\"100%\" height=\"100%\" frameborder=\"0\" allow=\"accelerometer; autoplay; encrypted-media; gyroscope; picture-in-picture\" allowfullscreen=\"true\" referrerpolicy=\"unsafe-url\" class=\"lazyload\" data-src=\"https:\/\/app.videas.fr\/embed\/media\/c494ccf5-c6d3-4acf-8fe5-cf7fe4131b44\/\"><\/iframe><\/p>\n<p>\u00a0<\/p>\n<h5>Conclusion<br \/>Aussi on ne peut que s\u2019interroger : s&rsquo;agit-il d&rsquo;une incroyable s\u00e9rie de malchances r\u00e9currentes\u00a0? O\u00f9 s&rsquo;agit-il d&rsquo;un d\u00e9tournement de fonds parfaitement organis\u00e9\u00a0? Auquel second cas, celui ou ceux qui l\u2019organisent peuvent en retirer des fortunes en toute discr\u00e9tion. Ceci s\u2019est d\u00e9j\u00e0 vu au FMI ou \u00e0 la Banque Mondiale, o\u00f9 un autre sp\u00e9cialiste ancien du FMI prend le temps de nous l\u2019expliquer :<\/h5>\n<blockquote>\n<p>\u00ab\u00a0<em>Quand les sommes en jeu sont en milliards, un petit \u00e9cart ne se remarque pas vraiment, mais se chiffre rapidement en dizaines de millions, et les audits sont rares. Alors on fait tourner le personnel afin d\u2019\u00e9viter que les trafics ne perdurent<\/em>\u00a0\u00bb.<\/p>\n<\/blockquote>\n<p>Quoi qu&rsquo;il en soit, quand l&rsquo;AFD est aux commandes, c&rsquo;est syst\u00e9matiquement le contribuable fran\u00e7ais qui paie l&rsquo;addition. Et elle est syst\u00e9matique sal\u00e9e. Trop sal\u00e9e. Hyper sal\u00e9e\u00a0! Totalement indigeste.<\/p>\n<p>Un audit <strong>critique des finances et des paiements de l\u2019AFD, ainsi que des prestataires de services <\/strong>avec les r\u00e9trocommissions, est plus que n\u00e9cessaire. France-Soir a fait \u00e0 l\u2019AFD une demande de transparence dont les extraits des transactions bancaires. L&rsquo;AFD nous a r\u00e9pondu\u00a0ceci :<\/p>\n<blockquote>\n<p><em>\u00ab\u00a0Nous accusons r\u00e9ception de votre demande \u00e0 la date du 22 f\u00e9vrier 2025. Nous vous informons qu\u2019en application de l\u2019article R343-1 du Code des relations entre le public et l\u2019administration, vous disposerez d\u2019un d\u00e9lai de 2 mois pour saisir la Commission d\u2019Acc\u00e8s aux Documents Administratifs (CADA), en l\u2019absence de d\u00e9cision expresse de l\u2019AFD dans le d\u00e9lai de 1 mois suivant la r\u00e9ception de votre demande. Par ailleurs, nous vous informons qu\u2019en l\u2019absence de d\u00e9cision de l\u2019AFD dans les 2 mois de votre saisine de la CADA, vous disposeriez, \u00e0 l\u2019expiration de ce d\u00e9lai, de 2 mois suppl\u00e9mentaires pour saisir le juge administratif comp\u00e9tent.\u00a0\u00bb<\/em><\/p>\n<\/blockquote>\n<p>Une mani\u00e8re de gagner du temps en bottant en touche conform\u00e9ment au r\u00e8glement. Cependant, pendant ce temps, c&rsquo;est le contribuable qui paie. En ce 22 mars, soit un mois apr\u00e8s la demande de transparence, nous n&rsquo;avons rien re\u00e7u. Il nous faudra donc nous armer de patience et saisir la CADA. La transparence, d\u00e9clar\u00e9e sur le site de l&rsquo;AFD comme un \u00e9l\u00e9ment cl\u00e9 de la confiance, est-elle aussi un vain mot mis uniquement sur son site pour faire joli ?<\/p>\n<p><img decoding=\"async\" data-entity-uuid=\"989ee3d7-a5ab-41ad-a4db-b442dcd3eb1a\" data-entity-type=\"file\" alt=\"afd TRANSPARENCE\" width=\"1004\" height=\"272\" loading=\"lazy\" class=\"lazyload\" src=\"https:\/\/www.francesoir.fr\/sites\/default\/files\/inline-images\/image_152.png\"\/><\/p>\n<p>L\u00e0 aussi\u00a0: affaire \u00e0 suivre.<\/p>\n<p>\u00a0<\/p>\n<p>\u00a0<\/p>\n<p>Notes :\u00a0<\/p>\n<p>1)\u00a0 <strong>Qui a cr\u00e9\u00e9 les banques\u00a0?<\/strong><\/p>\n<p><strong><u>Les orf\u00e8vres<\/u><\/strong>, qui avait obligation de formuler des assignats (ch\u00e8que moderne endossable) d&rsquo;un montant \u00e9quivalent \u00e0 la valeur de la quantit\u00e9 d&rsquo;or qu&rsquo;ils poss\u00e9daient dans leur coffre-fort.<\/p>\n<p>L&rsquo;or de Madagascar pourrait, et donc devrait \u00eatre utilis\u00e9 en r\u00e8glement des pr\u00eats que l&rsquo;AFD a accord\u00e9s au gouvernement malgache, puisque c&rsquo;est le contribuable Fran\u00e7ais qui r\u00e8gle la note finale.<\/p>\n<p>H\u00e9las pour nous autres Fran\u00e7ais, ext\u00e9rieurs \u00e0 la cabale, l\u2019int\u00e9r\u00eat public et les int\u00e9r\u00eats des dirigeants de l&rsquo;AFD sont deux choses totalement diff\u00e9rentes. 100 % oppos\u00e9es.\u00a0<\/p>\n<p>2) contrairement \u00e0 la construction du t\u00e9l\u00e9ph\u00e9rique et \u00e0 la r\u00e9novation du stade de football, l&rsquo;implication pleine et enti\u00e8re de l&rsquo;AFD dans le scandale en cours de cette voie express, est difficile \u00e0 \u00e9tablir de mani\u00e8re certaine. Cela est rendu extr\u00eamement compliqu\u00e9 par des pr\u00e9cautions nombreuses et diverses prises par les intervenants, pr\u00e9cis\u00e9ment pour rendre cela le plus n\u00e9buleux et le plus \u00e9quivoque possible. N\u00e9anmoins, ces pr\u00e9cautions ne r\u00e9sisteront pas \u00e9ternellement \u00e0 nos investigations. Nous continuons notre enqu\u00eate en ce sens et, c&rsquo;est promis, nous conna\u00eetrons le fin mot de l&rsquo;histoire prochainement. C&rsquo;est in\u00e9luctable. Rendez-vous est donc pris avec vous tr\u00e8s bient\u00f4t \u00e0 cette fin. On vous tient au courant.<\/p>\n<\/div>\n<p><script>(function(d, s, id) {  var js, fjs = d.getElementsByTagName(s)[0];  if (d.getElementById(id)) return;  js = d.createElement(s); js.id = id;  js.src = \"\/\/connect.facebook.net\/fr_FR\/sdk.js#xfbml=1&version=v2.3\";  fjs.parentNode.insertBefore(js, fjs);}(document, \"script\", \"facebook-jssdk\"));<\/script><br \/>\n<br \/><br \/>\n<br \/><a href=\"https:\/\/www.francesoir.fr\/opinions-tribunes\/les-dessous-pas-tres-propres-de-l-agence-francaise-de-developpement-partie-2-le\" target=\"_blank\"\">Source link <\/a><\/p>\n","protected":false},"excerpt":{"rendered":"<p>R\u00e9sum\u00e9 : L\u2019enqu\u00eate sur l\u2019Agence Fran\u00e7aise de D\u00e9veloppement (AFD) r\u00e9v\u00e8le une gestion opaque et dispendieuse, marqu\u00e9e par un si\u00e8ge parisien surdimensionn\u00e9 de 920 millions d\u2019euros (18 500 \u20ac\/m\u00b2, bien au-dessus&hellip; <\/p>\n","protected":false},"author":1,"featured_media":0,"comment_status":"open","ping_status":"open","sticky":false,"template":"","format":"standard","meta":{"footnotes":""},"categories":[1],"tags":[],"class_list":["post-4993","post","type-post","status-publish","format-standard","hentry","category-non-classe"],"_links":{"self":[{"href":"https:\/\/monde25.info\/index.php\/wp-json\/wp\/v2\/posts\/4993","targetHints":{"allow":["GET"]}}],"collection":[{"href":"https:\/\/monde25.info\/index.php\/wp-json\/wp\/v2\/posts"}],"about":[{"href":"https:\/\/monde25.info\/index.php\/wp-json\/wp\/v2\/types\/post"}],"author":[{"embeddable":true,"href":"https:\/\/monde25.info\/index.php\/wp-json\/wp\/v2\/users\/1"}],"replies":[{"embeddable":true,"href":"https:\/\/monde25.info\/index.php\/wp-json\/wp\/v2\/comments?post=4993"}],"version-history":[{"count":0,"href":"https:\/\/monde25.info\/index.php\/wp-json\/wp\/v2\/posts\/4993\/revisions"}],"wp:attachment":[{"href":"https:\/\/monde25.info\/index.php\/wp-json\/wp\/v2\/media?parent=4993"}],"wp:term":[{"taxonomy":"category","embeddable":true,"href":"https:\/\/monde25.info\/index.php\/wp-json\/wp\/v2\/categories?post=4993"},{"taxonomy":"post_tag","embeddable":true,"href":"https:\/\/monde25.info\/index.php\/wp-json\/wp\/v2\/tags?post=4993"}],"curies":[{"name":"wp","href":"https:\/\/api.w.org\/{rel}","templated":true}]}}