{"id":500,"date":"2024-11-20T02:57:36","date_gmt":"2024-11-20T01:57:36","guid":{"rendered":"https:\/\/monde25.info\/index.php\/2024\/11\/20\/une-mission-contre-les-violences-routieres-presidee-par-un-pro-voitures\/"},"modified":"2024-11-20T02:57:36","modified_gmt":"2024-11-20T01:57:36","slug":"une-mission-contre-les-violences-routieres-presidee-par-un-pro-voitures","status":"publish","type":"post","link":"https:\/\/monde25.info\/index.php\/2024\/11\/20\/une-mission-contre-les-violences-routieres-presidee-par-un-pro-voitures\/","title":{"rendered":"une mission contre les violences routi\u00e8res pr\u00e9sid\u00e9e par un pro-voitures"},"content":{"rendered":"<p> <br \/>\n<\/p>\n<div style=\"position:relative;\">\n        <picture><source type=\"image\/webp\" srcset=\"https:\/\/reporterre.net\/local\/cache-gd2\/ad\/85c58ecd6716eb0c2dfa1c1fc51983.jpg@.webp?1732030563\"><img loading=\"lazy\" decoding=\"async\" src=\"https:\/\/reporterre.net\/local\/cache-gd2\/ad\/85c58ecd6716eb0c2dfa1c1fc51983.jpg?1732030563\" width=\"720\" height=\"480\" alt=\"V\u00e9lo\u00a0: une mission contre les violences routi\u00e8res pr\u00e9sid\u00e9e par un pro-voitures\" class=\"image_logo voir_logo\"\/><\/p>\n<p><\/source><\/picture>\n<p class=\"legende_logo\">Emmanuel Barbe, nomm\u00e9 pour conduire la mission nationale \u00ab Contre les violences, prot\u00e9ger tous les usagers de la route \u00bb, est un ancien pr\u00e9fet de police et haut fonctionnaire aux positions controvers\u00e9es sur le v\u00e9lo.  <span class=\"copyright_logo\">&#8211; \u00a9 P.O Chaput \/ Reporterre<\/span><\/p>\n<p class=\"legende_logo_480\">Emmanuel Barbe, nomm\u00e9 pour conduire la mission nationale \u00ab Contre les violences, prot\u00e9ger tous les usagers de la route \u00bb, est un ancien pr\u00e9fet de police et haut fonctionnaire aux positions controvers\u00e9es sur le v\u00e9lo.  <span class=\"copyright_logo\">&#8211; \u00a9 P.O Chaput \/ Reporterre<\/span><\/p>\n<\/p><\/div>\n<div>\n        <span class=\"date\">19 novembre 2024  \u00e0 16h35<\/span><\/p>\n<p>    <span class=\"date_modif\">Mis \u00e0 jour le 19 novembre 2024 \u00e0 16h51<\/span>      <\/p>\n<p class=\"duree_lecture\">\n        Dur\u00e9e de lecture : 2 minutes\n      <\/p>\n<\/p><\/div>\n<div>\n<p>Vendredi 15\u00a0novembre, Fran\u00e7ois Durovray, ministre d\u00e9l\u00e9gu\u00e9 charg\u00e9 des Transports, et Nicolas Daragon, ministre d\u00e9l\u00e9gu\u00e9 charg\u00e9 de la S\u00e9curit\u00e9 du quotidien, ont annonc\u00e9 <a target=\"_blank\" href=\"https:\/\/www.interieur.gouv.fr\/actualites\/communiques-de-presse\/nomination-demmanuel-barbe-a-tete-de-mission-contre-violences\" class=\"spip_out\" rel=\"external\">la nomination du pr\u00e9fet Emmanuel Barbe<\/a>, ancien d\u00e9l\u00e9gu\u00e9 interminist\u00e9riel \u00e0 la s\u00e9curit\u00e9 routi\u00e8re, pour conduire la mission nationale <i>\u00ab<small class=\"fine d-inline\">\u00a0<\/small>Contre les violences, prot\u00e9ger tous les usagers de la route<small class=\"fine d-inline\">\u00a0<\/small>\u00bb<\/i>.<\/p>\n<p>La mission avait d\u00e9j\u00e0 \u00e9t\u00e9 annonc\u00e9e lors de la rencontre du 21\u00a0octobre dernier entre le ministre des Transports, la d\u00e9l\u00e9gu\u00e9e interminist\u00e9rielle \u00e0 la s\u00e9curit\u00e9 routi\u00e8re et les principales associations de cyclistes apr\u00e8s <a target=\"_blank\" href=\"https:\/\/reporterre.net\/SUV-permis-de-tuer-l-emoi-des-cyclistes-apres-la-mort-de-Paul-tue-par-un-automobiliste\">l\u2019homicide de Paul Varry par un automobiliste<\/a>. Elle devra proposer au gouvernement des mesures pour r\u00e9duire les conflits d\u2019usage et les comportements agressifs li\u00e9s au partage de la voie publique.<\/p>\n<blockquote class=\"spip\">\n<p> \u00ab<small class=\"fine d-inline\">\u00a0<\/small>Le v\u00e9lo est plus dangereux que les autres modes de transport<small class=\"fine d-inline\">\u00a0<\/small>\u00bb<\/p>\n<\/blockquote>\n<p>Emmanuel Barbe est un ancien pr\u00e9fet de police et haut fonctionnaire aux positions controvers\u00e9es sur le v\u00e9lo. Lors du congr\u00e8s de la F\u00e9d\u00e9ration fran\u00e7aise des usagers de la bicyclette (<span class=\"caps\">FUB<\/span>) en 2017, il d\u00e9clarait que <i>\u00ab<small class=\"fine d-inline\">\u00a0<\/small>le v\u00e9lo est plus dangereux que les autres modes de transport<small class=\"fine d-inline\">\u00a0<\/small>\u00bb<\/i>. Un \u00e9l\u00e9ment de langage souvent utilis\u00e9 pour d\u00e9crier le v\u00e9lo, d\u00e9plorait l\u2019association de cyclistes.<\/p>\n<p>Sous son mandat comme d\u00e9l\u00e9gu\u00e9 interminist\u00e9riel \u00e0 la s\u00e9curit\u00e9 routi\u00e8re, Emmanuel Barbe avait aussi \u00e9t\u00e9 \u00e0 l\u2019origine de la loi imposant le port du casque pour les enfants de moins de 12 ans et d\u00e9fendu une g\u00e9n\u00e9ralisation du port du casque. Des propos l\u00e0 aussi pol\u00e9miques, <a target=\"_blank\" href=\"https:\/\/reporterre.net\/A-velo-le-casque-doit-rester\">le port du casque<\/a> ne r\u00e9solvant pas les probl\u00e8mes du d\u00e9ficit d\u2019infrastructures en faveur du v\u00e9lo et <a target=\"_blank\" href=\"https:\/\/reporterre.net\/Plutot-que-de-soutenir-le-velo-des-senateurs-veulent-imposer-le-casque\">la p\u00e9nalisation des cyclistes<\/a> risquant de ralentir l\u2019essor du v\u00e9lo.<\/p>\n<p>En 2018, alors d\u00e9l\u00e9gu\u00e9 \u00e0 la s\u00e9curit\u00e9 routi\u00e8re, il avait \u00e9galement \u00e9t\u00e9 film\u00e9 sortant de sa voiture gar\u00e9e sur une piste cyclable, dans un reportage diffus\u00e9 sur M6. Cela <i>\u00ab<small class=\"fine d-inline\">\u00a0<\/small>montre que M.\u00a0Barbe pense automobile et pas v\u00e9lo<small class=\"fine d-inline\">\u00a0<\/small>\u00bb<\/i>, avaient d\u00e9nonc\u00e9 les cyclistes, avant de recevoir ses excuses\u00a0: <i>\u00ab<small class=\"fine d-inline\">\u00a0<\/small>La s\u00e9curit\u00e9 routi\u00e8re, c\u2019est \u00eatre tous responsables, y compris moi.<small class=\"fine d-inline\">\u00a0<\/small>\u00bb<\/i><\/p>\n<blockquote class=\"twitter-tweet\">\n<p lang=\"fr\" dir=\"ltr\">Emmanuel Barbe, d\u00e9l\u00e9gu\u00e9 interminist\u00e9riel \u00e0 la s\u00e9curit\u00e9 routi\u00e8re (<a target=\"_blank\" href=\"https:\/\/twitter.com\/RoutePlusSure?ref_src=twsrc%5Etfw\">@RoutePlusSure<\/a>), sait montrer le bon exemple en se garant sur une bande cyclable. <a target=\"_blank\" href=\"https:\/\/t.co\/TDJIfD9zmx\">pic.twitter.com\/TDJIfD9zmx<\/a><\/p>\n<p>\u2014 Paris sans bagnole (@PariSansBagnole) <a target=\"_blank\" href=\"https:\/\/twitter.com\/PariSansBagnole\/status\/964804418381238272?ref_src=twsrc%5Etfw\">February 17, 2018<\/a><\/p>\n<\/blockquote>\n<p>Dans un communiqu\u00e9, la <span class=\"caps\">FUB<\/span> a exig\u00e9 que cette mission nationale soit <i>\u00ab<small class=\"fine d-inline\">\u00a0<\/small>\u00e0 la hauteur des attentes citoyennes<small class=\"fine d-inline\">\u00a0<\/small>\u00bb<\/i>. Elle demande \u00e0 ce que la lutte contre les violences motoris\u00e9es soit am\u00e9lior\u00e9e et appelle \u00e0 <i>\u00ab<small class=\"fine d-inline\">\u00a0<\/small>mobiliser pleinement la police et la justice dans la lutte contre les comportements violents<small class=\"fine d-inline\">\u00a0<\/small>\u00bb<\/i> sur la route et \u00e0 <i>\u00ab<small class=\"fine d-inline\">\u00a0<\/small>construire des am\u00e9nagements cyclables s\u00e9curis\u00e9s<small class=\"fine d-inline\">\u00a0<\/small>\u00bb<\/i>.<\/p>\n<aside class=\"boite_encarts\">\n<div class=\"encart encart_gris noprint\">\n<p><strong>Il est de retour.<\/strong><\/p>\n<p>Dans quelques semaines, Donald Trump se r\u00e9-installera \u00e0 la Maison Blanche.<\/p>\n<p>Un milliardaire, pour qui le r\u00e9chauffement climatique est \u00ab<small class=\"fine d-inline\">\u00a0<\/small>un canular<small class=\"fine d-inline\">\u00a0<\/small>\u00bb, sera \u00e0 la t\u00eate de la plus grande puissance mondiale.<\/p>\n<p>Dans une d\u00e9cennie cruciale pour l\u2019\u00e9cologie, nous ne pouvons pas nous permettre de perdre plus de temps.<\/p>\n<p>La soci\u00e9t\u00e9 civile doit continuer de se soulever, de se mobiliser et de faire pression sur les puissants.<\/p>\n<p>Mais pour agir, il faut savoir.<\/p>\n<p><strong>Depuis 11 ans, nous publions des articles de qualit\u00e9 sur l\u2019\u00e9cologie, en acc\u00e8s libre et sans publicit\u00e9, pour tous.<\/strong><\/p>\n<p>Nous avons la conviction que l\u2019urgence \u00e9cologique est l\u2019enjeu majeur de notre \u00e9poque.<br class=\"autobr\"\/><br \/>\n Et comme plus de 2 millions de lectrices et lecteurs chaque mois, vous partagez sans doute cette conviction&#8230;<\/p>\n<p>Alors si vous en avez les moyens, sachez qu\u2019un don, m\u00eame d\u20191\u20ac, est un acte de soutien fort pour l\u2019\u00e9cologie et le journalisme ind\u00e9pendant.<br class=\"autobr\"\/><br \/>\n (Et \u00e7a vous prendra moins de temps que la lecture de ce texte).<\/p>\n<p><strong>Si vous le pouvez, choisissez un soutien mensuel. Merci.<\/strong><\/p>\n<p><a target=\"_blank\" href=\"https:\/\/reporterre.net\/dons\" class=\"bt_soutenir\">Je soutiens <i>Reporterre<\/i><\/a><\/p>\n<\/p><\/div>\n<div class=\"encart encart_vert noprint montre_1023\">\n<div class=\"infolettre-form-container noprint\">\n<p>Abonnez-vous \u00e0 la lettre d\u2019info de Reporterre<\/p>\n<\/div><\/div>\n<\/aside>\n<aside class=\"boite_apresarticle encart_note\">\n<h4>Apr\u00e8s cet article<\/h4>\n<p>      <a target=\"_blank\" href=\"https:\/\/reporterre.net\/SUV-permis-de-tuer-l-emoi-des-cyclistes-apres-la-mort-de-Paul-tue-par-un-automobiliste\" class=\"lien_article\">\n      <picture class=\"vignette_gauche\"><source type=\"image\/webp\" srcset=\"https:\/\/reporterre.net\/local\/cache-gd2\/57\/08ca896371aaa0bf1f5cac20e934f7.jpg@.webp?1730133572\"><img decoding=\"async\" src=\"https:\/\/reporterre.net\/local\/cache-gd2\/57\/08ca896371aaa0bf1f5cac20e934f7.jpg?1730133571\" width=\"450\" height=\"300\" alt=\"\" class=\"marge12\" loading=\"lazy\"\/><br \/>\n<\/source><\/picture>\n<p class=\"libelle\">\n<p>          Reportage \u2014<\/p>\n<p>      Social\n    <\/p>\n<p class=\"titre pol20\">\u00ab<small class=\"fine d-inline\">\u00a0<\/small><span class=\"caps\">SUV<\/span>, permis de tuer<small class=\"fine d-inline\">\u00a0<\/small>\u00bb\u00a0: l\u2019\u00e9moi des cyclistes apr\u00e8s la mort de Paul, tu\u00e9 par un automobiliste<\/p>\n<p>      <\/a><br \/>\n    <\/aside>\n<aside class=\"boite_complement texte\">\n<p>      <!-- zone_forum --><br \/>\n          <\/aside>\n<aside class=\"boite_lireaussi noprint\">\n<\/aside>\n<aside class=\"colonne\">\n<div class=\"article_info cache_1023 noprint\">\n        <span class=\"date\">19 novembre 2024  \u00e0 16h35<\/span><\/p>\n<p>    <span class=\"date_modif\">Mis \u00e0 jour le 19 novembre 2024 \u00e0 16h51<\/span>      <\/p>\n<p class=\"duree_lecture\">\n        Dur\u00e9e de lecture : 2 minutes\n      <\/p>\n<\/p><\/div>\n<div class=\"bloc_infolettre\">\n<div class=\"infolettre-form-container noprint\">\n<p>Abonnez-vous \u00e0 la lettre d\u2019info de Reporterre<\/p>\n<\/div><\/div>\n<\/aside>\n<div id=\"galerie\">\n  <img decoding=\"async\" src=\"\" class=\"principale\" id=\"principale\"\/><\/p>\n<p id=\"legende\">legende<\/p>\n<\/div>\n<footer class=\"noprint\">\n<\/footer>\n<\/div>\n<p><script async src=\"\/\/platform.twitter.com\/widgets.js\" charset=\"utf-8\"><\/script><br \/>\n<br \/><br \/>\n<br \/><a href=\"https:\/\/reporterre.net\/Le-gouvernement-lance-une-mission-contre-les-violences-routieres\" target=\"_blank\"\">Source link <\/a><\/p>\n","protected":false},"excerpt":{"rendered":"<p>Emmanuel Barbe, nomm\u00e9 pour conduire la mission nationale \u00ab Contre les violences, prot\u00e9ger tous les usagers de la route \u00bb, est un ancien pr\u00e9fet de police et haut fonctionnaire aux&hellip; <\/p>\n","protected":false},"author":1,"featured_media":501,"comment_status":"open","ping_status":"open","sticky":false,"template":"","format":"standard","meta":{"footnotes":""},"categories":[1],"tags":[],"class_list":["post-500","post","type-post","status-publish","format-standard","has-post-thumbnail","hentry","category-non-classe"],"_links":{"self":[{"href":"https:\/\/monde25.info\/index.php\/wp-json\/wp\/v2\/posts\/500","targetHints":{"allow":["GET"]}}],"collection":[{"href":"https:\/\/monde25.info\/index.php\/wp-json\/wp\/v2\/posts"}],"about":[{"href":"https:\/\/monde25.info\/index.php\/wp-json\/wp\/v2\/types\/post"}],"author":[{"embeddable":true,"href":"https:\/\/monde25.info\/index.php\/wp-json\/wp\/v2\/users\/1"}],"replies":[{"embeddable":true,"href":"https:\/\/monde25.info\/index.php\/wp-json\/wp\/v2\/comments?post=500"}],"version-history":[{"count":0,"href":"https:\/\/monde25.info\/index.php\/wp-json\/wp\/v2\/posts\/500\/revisions"}],"wp:featuredmedia":[{"embeddable":true,"href":"https:\/\/monde25.info\/index.php\/wp-json\/wp\/v2\/media\/501"}],"wp:attachment":[{"href":"https:\/\/monde25.info\/index.php\/wp-json\/wp\/v2\/media?parent=500"}],"wp:term":[{"taxonomy":"category","embeddable":true,"href":"https:\/\/monde25.info\/index.php\/wp-json\/wp\/v2\/categories?post=500"},{"taxonomy":"post_tag","embeddable":true,"href":"https:\/\/monde25.info\/index.php\/wp-json\/wp\/v2\/tags?post=500"}],"curies":[{"name":"wp","href":"https:\/\/api.w.org\/{rel}","templated":true}]}}