{"id":5002,"date":"2025-03-23T01:32:41","date_gmt":"2025-03-23T00:32:41","guid":{"rendered":"https:\/\/monde25.info\/index.php\/2025\/03\/23\/perquisition-chez-un-elu-belge-ayant-documente-la-pollution-de-totalenergies\/"},"modified":"2025-03-23T01:32:41","modified_gmt":"2025-03-23T00:32:41","slug":"perquisition-chez-un-elu-belge-ayant-documente-la-pollution-de-totalenergies","status":"publish","type":"post","link":"https:\/\/monde25.info\/index.php\/2025\/03\/23\/perquisition-chez-un-elu-belge-ayant-documente-la-pollution-de-totalenergies\/","title":{"rendered":"Perquisition chez un \u00e9lu belge ayant document\u00e9 la pollution de TotalEnergies"},"content":{"rendered":"<p> <br \/>\n<\/p>\n<div style=\"position:relative;\">\n        <picture><source type=\"image\/webp\" srcset=\"https:\/\/reporterre.net\/local\/cache-vignettes\/L720xH480\/img_0450_012-2a843.jpg@.webp?1742567490\"><img loading=\"lazy\" decoding=\"async\" src=\"https:\/\/reporterre.net\/local\/cache-vignettes\/L720xH480\/img_0450_012-2a843.jpg?1742567490\" width=\"720\" height=\"480\" alt=\"Perquisition chez un \u00e9lu belge ayant document\u00e9 la pollution de TotalEnergies\" class=\"image_logo voir_logo\"\/><\/p>\n<p><\/source><\/picture>\n<p class=\"legende_logo\">L&rsquo;\u00e9lu communal Arnaud Gu\u00e9rard alerte sur la pollution aux pellets de plastiques provenant d&rsquo;une usine de TotalEnergies. <span class=\"copyright_logo\">&#8211; \u00a9 P-O. C. \/ Reporterre<\/span><\/p>\n<p class=\"legende_logo_480\">L&rsquo;\u00e9lu communal Arnaud Gu\u00e9rard alerte sur la pollution aux pellets de plastiques provenant d&rsquo;une usine de TotalEnergies. <span class=\"copyright_logo\">&#8211; \u00a9 P-O. C. \/ Reporterre<\/span><\/p>\n<\/p><\/div>\n<div>\n        <span class=\"date\">21 mars 2025  \u00e0 15h31<\/span><\/p>\n<p class=\"duree_lecture\">\n        Dur\u00e9e de lecture : 1 minute\n      <\/p>\n<\/p><\/div>\n<div>\n<p>Le 13\u00a0mars dernier, Arnaud Gu\u00e9rard, conseiller communal affili\u00e9 au parti politique \u00c9colo d\u2019Ecaussinnes, en Belgique, a vu son domicile perquisitionn\u00e9 par la police, \u00e0 la suite d\u2019un signalement de TotalEnergies. L\u2019objet de l\u2019intervention polici\u00e8re<small class=\"fine d-inline\">\u00a0<\/small>? La pr\u00e9sence de Gu\u00e9rard, aux c\u00f4t\u00e9s d\u2019une \u00e9tudiante, lors d\u2019une visite de terrain pour documenter les pollutions li\u00e9es au site de la multinationale \u00e0 Feluy.<\/p>\n<p>Depuis plusieurs ann\u00e9es, Arnaud Gu\u00e9rard alerte sur la pollution aux pellets de plastiques \u2014\u00a0de minuscules billes de plastique, qui contiennent des substances toxiques\u00a0\u2014 \u00e9manant de l\u2019usine TotalEnergies. Il est soutenu par les communes d\u2019\u00c9caussinnes et Seneffe, qui ont d\u00e9pos\u00e9 des plaintes pour \u00e9tablir la responsabilit\u00e9 environnementale de la soci\u00e9t\u00e9. Ces plaintes restent, \u00e0 ce jour, sans suite judiciaire. L\u2019attaque contre l\u2019\u00e9lu intervient alors qu\u2019il avait r\u00e9cemment signal\u00e9 de nouvelles observations de pollution aux autorit\u00e9s comp\u00e9tentes.<\/p>\n<p><a target=\"_blank\" href=\"https:\/\/reporterre.net\/Les-usines-a-plastique-une-pollution-massive-dans-le-viseur-de-l-Europe\" class=\"lien_lireaussi\"><strong>Lire aussi : <\/strong> <span>Les usines \u00e0 plastique, une pollution massive dans le viseur de l\u2019Europe<\/span><\/a><\/p>\n<p>Selon le m\u00e9dia belge <a target=\"_blank\" href=\"https:\/\/www.dhnet.be\/regions\/centre\/2025\/03\/17\/domicile-darnaud-guerard-fouille-a-ecaussinnes-il-a-contacte-la-justice-et-la-police-de-lenvironnement-au-sujet-de-totalenergies-DZNZMQKPA5FH5P73RKBRQOB4S4\/\" class=\"spip_out\" rel=\"external\"><span class=\"caps\">DH<\/span>\u00a0Les Sports\u00a0+<\/a>, TotalEnergies d\u00e9ment avoir d\u00e9pos\u00e9 plainte, \u00e9voquant uniquement un signalement de s\u00e9curit\u00e9 pour un v\u00e9hicule jug\u00e9 suspect. Mais pour Arnaud Gu\u00e9rard, il s\u2019agit d\u2019une tentative d\u2019intimidation visant \u00e0 faire taire ceux qui d\u00e9noncent les pratiques de l\u2019entreprise.<\/p>\n<p>Face \u00e0 cette situation, \u00c9colo a annonc\u00e9 un rassemblement de soutien ce samedi 22\u00a0mars devant le site de TotalEnergies \u00e0 Feluy, <i>\u00ab<small class=\"fine d-inline\">\u00a0<\/small>pour exiger enfin le respect des habitants, de leur sant\u00e9 et de leur environnement<small class=\"fine d-inline\">\u00a0<\/small>\u00bb<\/i> et un meilleur contr\u00f4le des pollutions industrielles. <i>\u00ab<small class=\"fine d-inline\">\u00a0<\/small>Une multinationale ne peut \u00eatre au-dessus des lois ni r\u00e9duire au silence les citoyens engag\u00e9s pour la transparence, la sant\u00e9 publique et la protection de notre environnement<small class=\"fine d-inline\">\u00a0<\/small>\u00bb<\/i>, d\u00e9nonce le mouvement.<\/p>\n<aside class=\"boite_encarts\">\n<div class=\"encart encart_gris noprint\">\n<p><strong>Puisque vous \u00eates l\u00e0&#8230;<\/strong><\/p>\n<p>&#8230; nous avons un petit service \u00e0 vous demander.<br class=\"autobr\"\/><br \/>\nEntre la pr\u00e9sence d\u2019un climatosceptique \u00e0 la t\u00eate de la premi\u00e8re puissance mondiale, un gouvernement fran\u00e7ais qui flirte avec l\u2019extr\u00eame-droite, et les catastrophes climatiques qui s\u2019enchainent&#8230; Faire vivre l\u2019\u00e9cologie dans le d\u00e9bat public est un enjeu crucial.<\/p>\n<p>Personne ne modifie ce que nous publions. Nous n\u2019avons ni actionnaire, ni propri\u00e9taire milliardaire \u2014 seulement une \u00e9quipe d\u2019irr\u00e9ductibles journalistes, pleine de d\u00e9termination.<\/p>\n<p>Nous avons la conviction que l\u2019urgence \u00e9cologique est l\u2019enjeu majeur de notre \u00e9poque. Et comme plus de 2 millions de lectrices et lecteurs chaque mois, vous partagez sans doute cette conviction&#8230;<\/p>\n<p><strong>Depuis 12 ans, nous publions des articles de qualit\u00e9 sur l\u2019\u00e9cologie, en acc\u00e8s libre et sans publicit\u00e9, pour tous.<\/strong><br class=\"autobr\"\/><br \/>\nMais ce travail demande beaucoup de temps et de ressources.<\/p>\n<p>Alors, si vous en avez les moyens, sachez qu\u2019un don, m\u00eame d\u20191\u20ac, est un acte de soutien fort pour l\u2019\u00e9cologie et le journalisme ind\u00e9pendant.<br class=\"autobr\"\/><br \/>\n(Et \u00e7a vous prendra moins de temps que la lecture de ce texte).<\/p>\n<p><strong>Si vous le pouvez, choisissez un soutien mensuel. Merci.<\/strong><\/p>\n<p><a target=\"_blank\" href=\"https:\/\/reporterre.net\/dons\" class=\"bt_soutenir\">Je soutiens <i>Reporterre<\/i><\/a><\/p>\n<\/p><\/div>\n<div class=\"encart encart_vert noprint montre_1023\">\n<div class=\"infolettre-form-container noprint\">\n<p>Abonnez-vous \u00e0 la lettre d\u2019info de Reporterre<\/p>\n<\/div><\/div>\n<\/aside>\n<aside class=\"boite_apresarticle encart_note\">\n<h4>Apr\u00e8s cet article<\/h4>\n<p>      <a target=\"_blank\" href=\"https:\/\/reporterre.net\/Sols-rivieres-Dans-ces-villes-belges-le-plastique-de-TotalEnergies-s-infiltre-partout\" class=\"lien_article\">\n      <picture class=\"vignette_gauche\"><source type=\"image\/webp\" srcset=\"https:\/\/reporterre.net\/local\/cache-vignettes\/L450xH300\/arton28362-8650d.jpg@.webp?1737372684\"><img decoding=\"async\" src=\"https:\/\/reporterre.net\/local\/cache-vignettes\/L450xH300\/arton28362-8650d.jpg?1737372684\" width=\"450\" height=\"300\" alt=\"\" class=\"marge12\" loading=\"lazy\"\/><br \/>\n<\/source><\/picture>\n<p class=\"libelle\">\n<p>          Enqu\u00eate \u2014<\/p>\n<p>      Pollutions\n    <\/p>\n<p class=\"titre pol20\">Total\u00c9nergies noie des villes belges sous ses billes de plastique<\/p>\n<p>      <\/a><br \/>\n    <\/aside>\n<aside class=\"boite_complement texte\">\n<p>      <!-- zone_forum --><br \/>\n          <\/aside>\n<aside class=\"boite_lireaussi noprint\">\n<\/aside>\n<aside class=\"colonne\">\n<div class=\"article_info cache_1023 noprint\">\n        <span class=\"date\">21 mars 2025  \u00e0 15h31<\/span><\/p>\n<p class=\"duree_lecture\">\n        Dur\u00e9e de lecture : 1 minute\n      <\/p>\n<\/p><\/div>\n<div class=\"bloc_infolettre\">\n<div class=\"infolettre-form-container noprint\">\n<p>Abonnez-vous \u00e0 la lettre d\u2019info de Reporterre<\/p>\n<\/div><\/div>\n<\/aside>\n<div id=\"galerie\">\n  <img decoding=\"async\" src=\"\" class=\"principale\" id=\"principale\"\/><\/p>\n<p id=\"legende\">legende<\/p>\n<\/div>\n<footer class=\"noprint\">\n<\/footer>\n<\/div>\n<p><br \/>\n<br \/><a href=\"https:\/\/reporterre.net\/Perquisition-chez-un-elu-belge-ayant-documente-la-pollution-de-TotalEnergies\" target=\"_blank\"\">Source link <\/a><\/p>\n","protected":false},"excerpt":{"rendered":"<p>L&rsquo;\u00e9lu communal Arnaud Gu\u00e9rard alerte sur la pollution aux pellets de plastiques provenant d&rsquo;une usine de TotalEnergies. &#8211; \u00a9 P-O. C. \/ Reporterre L&rsquo;\u00e9lu communal Arnaud Gu\u00e9rard alerte sur la&hellip; <\/p>\n","protected":false},"author":1,"featured_media":5003,"comment_status":"open","ping_status":"open","sticky":false,"template":"","format":"standard","meta":{"footnotes":""},"categories":[1],"tags":[],"class_list":["post-5002","post","type-post","status-publish","format-standard","has-post-thumbnail","hentry","category-non-classe"],"_links":{"self":[{"href":"https:\/\/monde25.info\/index.php\/wp-json\/wp\/v2\/posts\/5002","targetHints":{"allow":["GET"]}}],"collection":[{"href":"https:\/\/monde25.info\/index.php\/wp-json\/wp\/v2\/posts"}],"about":[{"href":"https:\/\/monde25.info\/index.php\/wp-json\/wp\/v2\/types\/post"}],"author":[{"embeddable":true,"href":"https:\/\/monde25.info\/index.php\/wp-json\/wp\/v2\/users\/1"}],"replies":[{"embeddable":true,"href":"https:\/\/monde25.info\/index.php\/wp-json\/wp\/v2\/comments?post=5002"}],"version-history":[{"count":0,"href":"https:\/\/monde25.info\/index.php\/wp-json\/wp\/v2\/posts\/5002\/revisions"}],"wp:featuredmedia":[{"embeddable":true,"href":"https:\/\/monde25.info\/index.php\/wp-json\/wp\/v2\/media\/5003"}],"wp:attachment":[{"href":"https:\/\/monde25.info\/index.php\/wp-json\/wp\/v2\/media?parent=5002"}],"wp:term":[{"taxonomy":"category","embeddable":true,"href":"https:\/\/monde25.info\/index.php\/wp-json\/wp\/v2\/categories?post=5002"},{"taxonomy":"post_tag","embeddable":true,"href":"https:\/\/monde25.info\/index.php\/wp-json\/wp\/v2\/tags?post=5002"}],"curies":[{"name":"wp","href":"https:\/\/api.w.org\/{rel}","templated":true}]}}