{"id":5006,"date":"2025-03-23T02:38:35","date_gmt":"2025-03-23T01:38:35","guid":{"rendered":"https:\/\/monde25.info\/index.php\/2025\/03\/23\/analyse-des-defis-et-depenses-des-agences-de-developpement-usaid-et-afd-perspectives-de-benoit-pare-ancien-militaire-et-fonctionnaire-international\/"},"modified":"2025-03-23T02:38:35","modified_gmt":"2025-03-23T01:38:35","slug":"analyse-des-defis-et-depenses-des-agences-de-developpement-usaid-et-afd-perspectives-de-benoit-pare-ancien-militaire-et-fonctionnaire-international","status":"publish","type":"post","link":"https:\/\/monde25.info\/index.php\/2025\/03\/23\/analyse-des-defis-et-depenses-des-agences-de-developpement-usaid-et-afd-perspectives-de-benoit-pare-ancien-militaire-et-fonctionnaire-international\/","title":{"rendered":"Analyse des d\u00e9fis et d\u00e9penses des Agences de D\u00e9veloppement (USAID et AFD) : Perspectives de Beno\u00eet Par\u00e9 ancien militaire et fonctionnaire international"},"content":{"rendered":"<p> <br \/>\n<\/p>\n<div>\n<p>Beno\u00eet Par\u00e9 est un ancien militaire et fonctionnaire international. Dans ce debriefing, il nous offre un regard incisif sur les op\u00e9rations de l&rsquo;USAID et de l&rsquo;Agence Fran\u00e7aise de D\u00e9veloppement (AFD), deux organismes majeurs dans le domaine de l&rsquo;aide internationale. Benoit Par\u00e9 d\u00e9taille ses exp\u00e9riences de terrain, notamment en Afghanistan et au Liban, soulignant les d\u00e9fis et les controverses li\u00e9s \u00e0 la gestion de l&rsquo;aide au d\u00e9veloppement.<\/p>\n<h5><strong>L&rsquo;USAID : une influence tentaculaire<\/strong><\/h5>\n<p>Beno\u00eet Par\u00e9 commence par d\u00e9crire l&rsquo;USAID comme une organisation omnipr\u00e9sente dans les pays en crise :\u00a0<\/p>\n<blockquote>\n<p><em>\u00ab C&rsquo;est une organisation qui est, je dirai, tentaculaire, tellement elle s&rsquo;implique dans des domaines vari\u00e9s comme le d\u00e9veloppement ou la d\u00e9mocratisation<\/em>. \u00bb Il souligne que l&rsquo;USAID finance une multitude de programmes, allant du soutien aux partis politiques \u00e0 l&rsquo;appui des m\u00e9dias locaux. Cette omnipr\u00e9sence soul\u00e8ve la question de l&rsquo;influence am\u00e9ricaine \u00e0 travers ces financements.<\/p>\n<\/blockquote>\n<p>Par\u00e9 note que l&rsquo;USAID utilise ses ressources non seulement pour aider, mais aussi pour \u00e9tablir des \u00c9tats clients redevables aux \u00c9tats-Unis : \u00ab <em>Les cadres que vous formez, ils sont quelque part redevables au pays qui les a aid\u00e9s.<\/em> \u00bb<\/p>\n<p>\u00a0<\/p>\n<h5><strong>L&rsquo;AFD : inefficacit\u00e9 des d\u00e9penses. Entre r\u00e9ticence et coop\u00e9ration forc\u00e9e.<\/strong><\/h5>\n<p>Dans la seconde partie de l\u2019interview, il \u00e9voque l\u2019Agence Fran\u00e7aise du D\u00e9veloppement, dont le budget annuel oscille entre 13 et 15 milliards d&rsquo;euros. Par\u00e9 souligne <strong>un \u00e9chec apparent de l&rsquo;AFD \u00e0 maintenir une influence en Afrique<\/strong> malgr\u00e9 des investissements massifs : \u00ab <em>On a d\u00e9pens\u00e9 de l&rsquo;argent, peut-\u00eatre pas \u00e0 mauvais escient, mais en tout cas, le retour sur investissement est questionnable.<\/em> \u00bb<\/p>\n<p>En Afghanistan, Par\u00e9 parle d\u2019une tentative de collaboration entre l&rsquo;arm\u00e9e fran\u00e7aise et l&rsquo;AFD pour s\u00e9curiser la province de Kapisa qui se solde par un manque \u00e9vident d\u2019envie de collaboration. il \u00e9voque la r\u00e9ticence initiale de l&rsquo;AFD \u00e0 coop\u00e9rer avec les militaires, per\u00e7ue comme une intrusion dans leur domaine en expliquant que \u00ab\u00a0<em>ce n\u2019est pas dans la culture de l\u2019AFD<\/em> \u00bb. Cette r\u00e9ticence complique la mise en place de synergies entre les moyens militaires et civils, pourtant souhait\u00e9es par le gouvernement pour maximiser l&rsquo;impact des interventions fran\u00e7aises.<\/p>\n<p>Il partage une anecdote o\u00f9 l&rsquo;argent destin\u00e9 au d\u00e9veloppement de poulaillers semblait d\u00e9tourn\u00e9 par les talibans\u00a0: \u00ab\u00a0 <em>on a cherch\u00e9 les poulaillers, tout d\u2019abord l\u2019AFD ignoraient o\u00f9 ils \u00e9taient<\/em>\u00a0\u00bb. Une fois que l\u2019on en a trouv\u00e9 un, on a demand\u00e9 aux gens\u00a0: \u00ab\u00a0<em>Qui avait financ\u00e9 ce poulailler flambant neuf ?<\/em>\u00a0\u00bb On s&rsquo;attendait \u00e0 ce qu&rsquo;ils nous disent : \u00ab\u00a0<em>C&rsquo;est la France<\/em>\u00a0\u00bb. En fait les les villageois leur ont r\u00e9pondu\u00a0: \u00ab\u00a0<em>c&rsquo;est les talibans.<\/em>\u00a0\u00bb\u00a0<\/p>\n<p>Ceci illustre un manque de contr\u00f4le des fonds : \u00ab <em>comment est-il possible que l&rsquo;argent fran\u00e7ais, l&rsquo;argent du contribuable fran\u00e7ais\u2026 soit d\u00e9tourn\u00e9 au profit des opposants\u00a0\u00bb. <\/em>Cette gestion d\u00e9faillante et ce manque de contr\u00f4le des projets financ\u00e9s par l&rsquo;AFD, posent la question de l&rsquo;efficacit\u00e9 et de l&rsquo;impact de ces investissements.<\/p>\n<p><iframe style=\"left:0;position:absolute;top:0;\" width=\"100%\" height=\"100%\" frameborder=\"0\" allow=\"accelerometer; autoplay; encrypted-media; gyroscope; picture-in-picture\" allowfullscreen=\"true\" referrerpolicy=\"unsafe-url\" class=\"lazyload\" data-src=\"https:\/\/app.videas.fr\/embed\/media\/c494ccf5-c6d3-4acf-8fe5-cf7fe4131b44\/\"><\/iframe><\/p>\n<p>\u00a0<\/p>\n<p>\u00a0<\/p>\n<h5><strong>Des cas d&rsquo;\u00e9chec \u00e0 la r\u00e9ussite potentielle<\/strong><\/h5>\n<p>Au Liban, Par\u00e9 d\u00e9crit un projet de panneaux solaires \u00e0 Tibnine qui n&rsquo;a jamais vu le jour, bloqu\u00e9 par des r\u00e9ticences de la part de l&rsquo;AFD. Il d\u00e9plore le manque de volont\u00e9 de l&rsquo;AFD \u00e0 collaborer, malgr\u00e9 des propositions viables de la part de l&rsquo;arm\u00e9e fran\u00e7aise et d&rsquo;autres partenaires : \u00ab <em>Quand on veut, on peut. Mais quand vous avez quelqu&rsquo;un qui tra\u00eene des pieds syst\u00e9matiquement, comment voulez-vous que \u00e7a aboutisse ?<\/em> \u00bb Cela d\u00e9montre un r\u00e9el probl\u00e8me de coordination avec l\u2019AFD o\u00f9 les projets sont souvent frein\u00e9s par une bureaucratie lourde et un manque de volont\u00e9\u00a0 de coop\u00e9ration\u00a0: \u00ab\u00a0<em>On avait l&rsquo;impression que le responsable de l&rsquo;AFD, il voulait garder son enveloppe \u00e0 lui dans son coin.<\/em>\u00a0\u00bb<\/p>\n<p>Malgr\u00e9 ces \u00e9checs, Par\u00e9 partage des exemples positifs o\u00f9 des projets ont \u00e9t\u00e9 men\u00e9s \u00e0 bien gr\u00e2ce \u00e0 une coordination rigoureuse entre les militaires et les organisations de financement, soulignant l&rsquo;importance d&rsquo;un suivi strict pour assurer le succ\u00e8s des projets de d\u00e9veloppement.<\/p>\n<p>Ces difficult\u00e9s soulignent un probl\u00e8me r\u00e9current de coordination et de mise en \u0153uvre des projets de d\u00e9veloppement.<\/p>\n<p><strong>Le rayonnement international : une lame \u00e0 double tranchant<\/strong><\/p>\n<p>Selon Par\u00e9, le rayonnement international doit <strong>\u00eatre justifi\u00e9 par des investissements bien contr\u00f4l\u00e9s<\/strong>. Sans cela, les projets peuvent faire plus de mal que de bien, entra\u00eenant des critiques plut\u00f4t qu&rsquo;un rayonnement positif :\u00a0<\/p>\n<blockquote>\n<p>\u00ab <em>L&rsquo;investissement dans le d\u00e9veloppement \u00e0 l&rsquo;\u00e9tranger, ce n&rsquo;est pas une affaire d&rsquo;amateurs et \u00e7a n\u00e9cessite un effort de long terme, de suivi.<\/em> \u00bb<\/p>\n<\/blockquote>\n<p>Beno\u00eet Par\u00e9 met en lumi\u00e8re les d\u00e9fis de la gestion des fonds de d\u00e9veloppement international, soulignant la n\u00e9cessit\u00e9 <strong>d&rsquo;une transparence et d&rsquo;un contr\u00f4le accrus<\/strong>. Ses exp\u00e9riences sur le terrain r\u00e9v\u00e8lent des le\u00e7ons cruciales pour am\u00e9liorer l&rsquo;efficacit\u00e9 de l&rsquo;aide au d\u00e9veloppement, en \u00e9vitant les erreurs du pass\u00e9 et en optimisant l&rsquo;impact des futurs investissements.<\/p>\n<p>\u00a0<\/p>\n<p>Pour Benoit Par\u00e9, le soft-power est essentiel dans les divers pays o\u00f9 interviennent les agences de d\u00e9veloppement. Cependant, c\u2019est l\u2019exc\u00e8s qui est condamnable et que l\u2019on doit combattre. Il d\u00e9clare\u00a0: \u00ab\u00a0<em>Ce qui me choque, ce sont les d\u00e9rives du syst\u00e8me, pas le syst\u00e8me en lui-m\u00eame.\u00a0Mais aux USA, c&rsquo;\u00e9tait devenu une mani\u00e8re d&rsquo;influer id\u00e9ologiquement le monde dans tous les domaines, et plus seulement d&rsquo;aider\u00a0\u00bb.<\/em><\/p>\n<p>Ayant partag\u00e9 ses exp\u00e9riences en Bosnie, Afghanistan, Liban, et Ukraine, Beno\u00eet Par\u00e9 soulignant comment les fonds destin\u00e9s au d\u00e9veloppement peuvent \u00eatre mal g\u00e9r\u00e9s ou m\u00eame profiter aux ennemis d\u00e9clar\u00e9s, comme les talibans en Afghanistan\u00a0: \u00ab\u00a0<em>le manque de supervision et les soup\u00e7ons de corruption dans la gestion des projets de d\u00e9veloppement sont soulev\u00e9s comme des probl\u00e8mes majeurs.\u00a0\u00bb<\/em><\/p>\n<blockquote>\n<p>\u00ab\u00a0<em>Il serait peut-\u00eatre bon d&rsquo;aller \u00e0 la chasse au gaspi sur la consommation des d\u00e9penses publiques et de l&rsquo;argent public, et surtout de faire une totale transparence sur ces d\u00e9penses.<\/em>\u00a0\u00bb<\/p>\n<\/blockquote>\n<\/div>\n<p><script>(function(d, s, id) {  var js, fjs = d.getElementsByTagName(s)[0];  if (d.getElementById(id)) return;  js = d.createElement(s); js.id = id;  js.src = \"\/\/connect.facebook.net\/fr_FR\/sdk.js#xfbml=1&version=v2.3\";  fjs.parentNode.insertBefore(js, fjs);}(document, \"script\", \"facebook-jssdk\"));<\/script><br \/>\n<br \/><br \/>\n<br \/><a href=\"https:\/\/www.francesoir.fr\/videos-les-debriefings\/analyse-des-defis-et-depenses-des-agences-de-developpement-usaid-et-afd\" target=\"_blank\"\">Source link <\/a><\/p>\n","protected":false},"excerpt":{"rendered":"<p>Beno\u00eet Par\u00e9 est un ancien militaire et fonctionnaire international. Dans ce debriefing, il nous offre un regard incisif sur les op\u00e9rations de l&rsquo;USAID et de l&rsquo;Agence Fran\u00e7aise de D\u00e9veloppement (AFD),&hellip; <\/p>\n","protected":false},"author":1,"featured_media":5007,"comment_status":"open","ping_status":"open","sticky":false,"template":"","format":"standard","meta":{"footnotes":""},"categories":[1],"tags":[],"class_list":["post-5006","post","type-post","status-publish","format-standard","has-post-thumbnail","hentry","category-non-classe"],"_links":{"self":[{"href":"https:\/\/monde25.info\/index.php\/wp-json\/wp\/v2\/posts\/5006","targetHints":{"allow":["GET"]}}],"collection":[{"href":"https:\/\/monde25.info\/index.php\/wp-json\/wp\/v2\/posts"}],"about":[{"href":"https:\/\/monde25.info\/index.php\/wp-json\/wp\/v2\/types\/post"}],"author":[{"embeddable":true,"href":"https:\/\/monde25.info\/index.php\/wp-json\/wp\/v2\/users\/1"}],"replies":[{"embeddable":true,"href":"https:\/\/monde25.info\/index.php\/wp-json\/wp\/v2\/comments?post=5006"}],"version-history":[{"count":0,"href":"https:\/\/monde25.info\/index.php\/wp-json\/wp\/v2\/posts\/5006\/revisions"}],"wp:featuredmedia":[{"embeddable":true,"href":"https:\/\/monde25.info\/index.php\/wp-json\/wp\/v2\/media\/5007"}],"wp:attachment":[{"href":"https:\/\/monde25.info\/index.php\/wp-json\/wp\/v2\/media?parent=5006"}],"wp:term":[{"taxonomy":"category","embeddable":true,"href":"https:\/\/monde25.info\/index.php\/wp-json\/wp\/v2\/categories?post=5006"},{"taxonomy":"post_tag","embeddable":true,"href":"https:\/\/monde25.info\/index.php\/wp-json\/wp\/v2\/tags?post=5006"}],"curies":[{"name":"wp","href":"https:\/\/api.w.org\/{rel}","templated":true}]}}