{"id":5016,"date":"2025-03-23T05:59:37","date_gmt":"2025-03-23T04:59:37","guid":{"rendered":"https:\/\/monde25.info\/index.php\/2025\/03\/23\/22-000-personnes-a-tomorrowland-winter\/"},"modified":"2025-03-23T05:59:37","modified_gmt":"2025-03-23T04:59:37","slug":"22-000-personnes-a-tomorrowland-winter","status":"publish","type":"post","link":"https:\/\/monde25.info\/index.php\/2025\/03\/23\/22-000-personnes-a-tomorrowland-winter\/","title":{"rendered":"22 000 personnes \u00e0 Tomorrowland Winter"},"content":{"rendered":"<p> <br \/>\n<\/p>\n<div style=\"position:relative;\">\n        <picture><source type=\"image\/webp\" srcset=\"https:\/\/reporterre.net\/local\/cache-vignettes\/L720xH480\/xralamontagne-ba2cd.jpg@.webp?1742565531\"><img loading=\"lazy\" decoding=\"async\" src=\"https:\/\/reporterre.net\/local\/cache-vignettes\/L720xH480\/xralamontagne-ba2cd.jpg?1742565531\" width=\"720\" height=\"480\" alt=\"Festival en pleine montagne\u00a0: 22 000 personnes \u00e0 Tomorrowland Winter\" class=\"image_logo voir_logo\"\/><\/p>\n<p><\/source><\/picture>\n<p class=\"legende_logo\">Des activistes d&rsquo;Extinction Rebellion se sont introduits sur l&rsquo;une des sc\u00e8nes et ont d\u00e9ploy\u00e9 une banderole sur laquelle \u00e9tait \u00e9crit \u00abMontagne en danger\u00bb. <span class=\"copyright_logo\">&#8211; \u00a9 XR<\/span><\/p>\n<p class=\"legende_logo_480\">Des activistes d&rsquo;Extinction Rebellion se sont introduits sur l&rsquo;une des sc\u00e8nes et ont d\u00e9ploy\u00e9 une banderole sur laquelle \u00e9tait \u00e9crit \u00abMontagne en danger\u00bb. <span class=\"copyright_logo\">&#8211; \u00a9 XR<\/span><\/p>\n<\/p><\/div>\n<div>\n        <span class=\"date\">21 mars 2025  \u00e0 14h58<\/span><\/p>\n<p>    <span class=\"date_modif\">Mis \u00e0 jour le 22 mars 2025 \u00e0 12h01<\/span>      <\/p>\n<p class=\"duree_lecture\">\n        Dur\u00e9e de lecture : 2 minutes\n      <\/p>\n<\/p><\/div>\n<div>\n<p>Derniers instants de f\u00eate \u00e0 2\u00a0400 m\u00e8tres d\u2019altitude. Apr\u00e8s six jours de danse au rythme de musiques \u00e9lectroniques devant les montagnes enneig\u00e9es, le festival Tomorrowland Winter \u00e0 l\u2019Alpe d\u2019Huez se termine vendredi 22\u00a0mars. L\u2019\u00e9v\u00e8nement, version montagnarde du plus grand festival de musique \u00e9lectronique du monde en Belgique, tenait du 15 au 22\u00a0mars sa cinqui\u00e8me \u00e9dition dans la station is\u00e9roise.<\/p>\n<p>Les participants, <a target=\"_blank\" href=\"https:\/\/reporterre.net\/A-Tomorrowland-Winter-les-riches-clubbeurs-en-plein-deni-climatique\">venus des quatre coins de la plan\u00e8te<\/a>, \u00e9taient une nouvelle fois tr\u00e8s nombreux\u00a0:  22\u00a0000 personnes ont achet\u00e9 des billets. Toutes les places ont \u00e9t\u00e9 vendues malgr\u00e9 des tarifs tr\u00e8s \u00e9lev\u00e9s. Le prix du billet d\u2019entr\u00e9e pour une semaine, qui comprend un forfait de ski, d\u00e9marrait \u00e0 695\u00a0euros. La facture pouvait grimper jusqu\u2019\u00e0 1\u00a0070 euros, sans compter l\u2019h\u00e9bergement, la nourriture, les boissons et les transports.<\/p>\n<blockquote class=\"spip\">\n<p>\u00ab<small class=\"fine d-inline\">\u00a0<\/small>Disneylandisation de la montagne<small class=\"fine d-inline\">\u00a0<\/small>\u00bb<\/p>\n<\/blockquote>\n<p>L\u2019\u00e9v\u00e8nement qui promet une <i>\u00ab<small class=\"fine d-inline\">\u00a0<\/small>exp\u00e9rience hivernale unique<small class=\"fine d-inline\">\u00a0<\/small>\u00bb<\/i> avec sept sc\u00e8nes aux d\u00e9cors gigantesques, dont trois sur les pistes, anim\u00e9es par 150\u00a0<span class=\"caps\">DJ<\/span> et qui doit se tenir au moins jusqu\u2019en 2030, est d\u00e9cri\u00e9 par plusieurs associations et collectifs. Bilan carbone outrancier, pollutions sonores et lumineuses \u00e0 c\u00f4t\u00e9 du parc national des \u00c9crins, vision consum\u00e9riste et \u00e9litiste\u2026 Face \u00e0 cette <i>\u00ab<small class=\"fine d-inline\">\u00a0<\/small><a target=\"_blank\" href=\"https:\/\/reporterre.net\/A-l-Alpe-d-Huez-un-festival-transforme-la-montagne-en-Disneyland\">disneylandisation de la montagne<\/a><small class=\"fine d-inline\">\u00a0<\/small>\u00bb<\/i> plusieurs organisations ont manifest\u00e9 leur opposition.<\/p>\n<p>Le collectif Stop Tomorrowland Winter a organis\u00e9 une marche festive de protestation samedi 15\u00a0mars avec Moutain Wilderness et <span class=\"caps\">FNE<\/span> Is\u00e8re pour mettre en lumi\u00e8re les <i>\u00ab<small class=\"fine d-inline\">\u00a0<\/small>2\u00a0millions d\u2019euros de subventions accord\u00e9es au festival, le tout <a target=\"_blank\" href=\"https:\/\/reporterre.net\/22-000-personnes-en-pleine-montagne-le-festival-Tomorrowland-Winter-est-il-legal\">sans march\u00e9 public<\/a><small class=\"fine d-inline\">\u00a0<\/small>\u00bb<\/i>.  Le lendemain, plusieurs activistes d\u2019Extinction rebellion Grenoble se sont introduits sur l\u2019une des sc\u00e8nes en altitude pour d\u00e9ployer des fumig\u00e8nes et des pancartes <i>\u00ab<small class=\"fine d-inline\">\u00a0<\/small>Montagne en danger<small class=\"fine d-inline\">\u00a0<\/small>\u00bb<\/i> et <i>\u00ab<small class=\"fine d-inline\">\u00a0<\/small>Stop Tomorrowland Winter<small class=\"fine d-inline\">\u00a0<\/small>\u00bb<\/i>.<\/p>\n<aside class=\"boite_encarts\">\n<div class=\"encart encart_gris noprint\">\n<p><strong>Puisque vous \u00eates l\u00e0&#8230;<\/strong><\/p>\n<p>&#8230; nous avons un petit service \u00e0 vous demander.<br class=\"autobr\"\/><br \/>\nEntre la pr\u00e9sence d\u2019un climatosceptique \u00e0 la t\u00eate de la premi\u00e8re puissance mondiale, un gouvernement fran\u00e7ais qui flirte avec l\u2019extr\u00eame-droite, et les catastrophes climatiques qui s\u2019enchainent&#8230; Faire vivre l\u2019\u00e9cologie dans le d\u00e9bat public est un enjeu crucial.<\/p>\n<p>Personne ne modifie ce que nous publions. Nous n\u2019avons ni actionnaire, ni propri\u00e9taire milliardaire \u2014 seulement une \u00e9quipe d\u2019irr\u00e9ductibles journalistes, pleine de d\u00e9termination.<\/p>\n<p>Nous avons la conviction que l\u2019urgence \u00e9cologique est l\u2019enjeu majeur de notre \u00e9poque. Et comme plus de 2 millions de lectrices et lecteurs chaque mois, vous partagez sans doute cette conviction&#8230;<\/p>\n<p><strong>Depuis 12 ans, nous publions des articles de qualit\u00e9 sur l\u2019\u00e9cologie, en acc\u00e8s libre et sans publicit\u00e9, pour tous.<\/strong><br class=\"autobr\"\/><br \/>\nMais ce travail demande beaucoup de temps et de ressources.<\/p>\n<p>Alors, si vous en avez les moyens, sachez qu\u2019un don, m\u00eame d\u20191\u20ac, est un acte de soutien fort pour l\u2019\u00e9cologie et le journalisme ind\u00e9pendant.<br class=\"autobr\"\/><br \/>\n(Et \u00e7a vous prendra moins de temps que la lecture de ce texte).<\/p>\n<p><strong>Si vous le pouvez, choisissez un soutien mensuel. Merci.<\/strong><\/p>\n<p><a target=\"_blank\" href=\"https:\/\/reporterre.net\/dons\" class=\"bt_soutenir\">Je soutiens <i>Reporterre<\/i><\/a><\/p>\n<\/p><\/div>\n<div class=\"encart encart_vert noprint montre_1023\">\n<div class=\"infolettre-form-container noprint\">\n<p>Abonnez-vous \u00e0 la lettre d\u2019info de Reporterre<\/p>\n<\/div><\/div>\n<\/aside>\n<aside class=\"boite_apresarticle encart_note\">\n<h4>Apr\u00e8s cet article<\/h4>\n<p>      <a target=\"_blank\" href=\"https:\/\/reporterre.net\/22-000-personnes-en-pleine-montagne-le-festival-Tomorrowland-Winter-est-il-legal\" class=\"lien_article\">\n      <picture class=\"vignette_gauche\"><source type=\"image\/webp\" srcset=\"https:\/\/reporterre.net\/local\/cache-vignettes\/L450xH300\/afp__20240226__4744866__v1__highres__franceiserehuezalpedhuezskiresortoisansvalleygr_1_-f4948.jpg@.webp?1737368131\"><img decoding=\"async\" src=\"https:\/\/reporterre.net\/local\/cache-vignettes\/L450xH300\/afp__20240226__4744866__v1__highres__franceiserehuezalpedhuezskiresortoisansvalleygr_1_-f4948.jpg?1737368131\" width=\"450\" height=\"300\" alt=\"\" class=\"marge12\" loading=\"lazy\"\/><br \/>\n<\/source><\/picture>\n<p class=\"libelle\">\n<p>          Reportage \u2014<\/p>\n<p>      Montagne\n    <\/p>\n<p class=\"titre pol20\">22\u00a0000 personnes en pleine montagne\u00a0: le festival Tomorrowland Winter est-il l\u00e9gal<small class=\"fine d-inline\">\u00a0<\/small>?<\/p>\n<p>      <\/a><br \/>\n    <\/aside>\n<aside class=\"boite_complement texte\">\n<p>      <!-- zone_forum --><br \/>\n          <\/aside>\n<aside class=\"boite_lireaussi noprint\">\n<\/aside>\n<aside class=\"colonne\">\n<div class=\"article_info cache_1023 noprint\">\n        <span class=\"date\">21 mars 2025  \u00e0 14h58<\/span><\/p>\n<p>    <span class=\"date_modif\">Mis \u00e0 jour le 22 mars 2025 \u00e0 12h01<\/span>      <\/p>\n<p class=\"duree_lecture\">\n        Dur\u00e9e de lecture : 2 minutes\n      <\/p>\n<\/p><\/div>\n<div class=\"bloc_infolettre\">\n<div class=\"infolettre-form-container noprint\">\n<p>Abonnez-vous \u00e0 la lettre d\u2019info de Reporterre<\/p>\n<\/div><\/div>\n<\/aside>\n<div id=\"galerie\">\n  <img decoding=\"async\" src=\"\" class=\"principale\" id=\"principale\"\/><\/p>\n<p id=\"legende\">legende<\/p>\n<\/div>\n<footer class=\"noprint\">\n<\/footer>\n<\/div>\n<p><br \/>\n<br \/><a href=\"https:\/\/reporterre.net\/Festival-en-pleine-montagne-22-000-personnes-a-Tomorrowland-Winter\" target=\"_blank\"\">Source link <\/a><\/p>\n","protected":false},"excerpt":{"rendered":"<p>Des activistes d&rsquo;Extinction Rebellion se sont introduits sur l&rsquo;une des sc\u00e8nes et ont d\u00e9ploy\u00e9 une banderole sur laquelle \u00e9tait \u00e9crit \u00abMontagne en danger\u00bb. &#8211; \u00a9 XR Des activistes d&rsquo;Extinction Rebellion&hellip; <\/p>\n","protected":false},"author":1,"featured_media":5017,"comment_status":"open","ping_status":"open","sticky":false,"template":"","format":"standard","meta":{"footnotes":""},"categories":[1],"tags":[],"class_list":["post-5016","post","type-post","status-publish","format-standard","has-post-thumbnail","hentry","category-non-classe"],"_links":{"self":[{"href":"https:\/\/monde25.info\/index.php\/wp-json\/wp\/v2\/posts\/5016","targetHints":{"allow":["GET"]}}],"collection":[{"href":"https:\/\/monde25.info\/index.php\/wp-json\/wp\/v2\/posts"}],"about":[{"href":"https:\/\/monde25.info\/index.php\/wp-json\/wp\/v2\/types\/post"}],"author":[{"embeddable":true,"href":"https:\/\/monde25.info\/index.php\/wp-json\/wp\/v2\/users\/1"}],"replies":[{"embeddable":true,"href":"https:\/\/monde25.info\/index.php\/wp-json\/wp\/v2\/comments?post=5016"}],"version-history":[{"count":0,"href":"https:\/\/monde25.info\/index.php\/wp-json\/wp\/v2\/posts\/5016\/revisions"}],"wp:featuredmedia":[{"embeddable":true,"href":"https:\/\/monde25.info\/index.php\/wp-json\/wp\/v2\/media\/5017"}],"wp:attachment":[{"href":"https:\/\/monde25.info\/index.php\/wp-json\/wp\/v2\/media?parent=5016"}],"wp:term":[{"taxonomy":"category","embeddable":true,"href":"https:\/\/monde25.info\/index.php\/wp-json\/wp\/v2\/categories?post=5016"},{"taxonomy":"post_tag","embeddable":true,"href":"https:\/\/monde25.info\/index.php\/wp-json\/wp\/v2\/tags?post=5016"}],"curies":[{"name":"wp","href":"https:\/\/api.w.org\/{rel}","templated":true}]}}