{"id":5020,"date":"2025-03-23T07:07:29","date_gmt":"2025-03-23T06:07:29","guid":{"rendered":"https:\/\/monde25.info\/index.php\/2025\/03\/23\/turquie-la-contestation-se-durcit-erdogan-jure-de-ne-pas-ceder-a-la-terreur-de-la-rue\/"},"modified":"2025-03-23T07:07:29","modified_gmt":"2025-03-23T06:07:29","slug":"turquie-la-contestation-se-durcit-erdogan-jure-de-ne-pas-ceder-a-la-terreur-de-la-rue","status":"publish","type":"post","link":"https:\/\/monde25.info\/index.php\/2025\/03\/23\/turquie-la-contestation-se-durcit-erdogan-jure-de-ne-pas-ceder-a-la-terreur-de-la-rue\/","title":{"rendered":"Turquie : la contestation se durcit, Erdogan jure de ne pas c\u00e9der \u00e0 la \u00ab\u00a0terreur de la rue\u00a0\u00bb"},"content":{"rendered":"<p> <br \/>\n<\/p>\n<div>\n<p><span data-contrast=\"none\">Le pr\u00e9sident turc Recep Tayyip Erdogan a assur\u00e9 vendredi que la Turquie ne c\u00e9derait pas \u00e0 la \u00ab\u00a0terreur de la rue\u00a0\u00bb, au troisi\u00e8me jour de manifestations d\u00e9clench\u00e9es par l&rsquo;arrestation du maire d&rsquo;opposition d&rsquo;Istanbul pour \u00ab\u00a0terrorisme\u00a0\u00bb et \u00ab\u00a0corruption\u00a0\u00bb.<\/span><span data-ccp-props=\"{&quot;134233117&quot;:false,&quot;134233118&quot;:false,&quot;335559738&quot;:300,&quot;335559739&quot;:300}\">\u00a0<\/span><\/p>\n<p><span data-contrast=\"none\">\u00ab\u00a0La Turquie ne sera pas livr\u00e9e \u00e0 la terreur de la rue\u00a0\u00bb, a d\u00e9clar\u00e9 le chef de l\u2019\u00c9tat, affirmant que les manifestations \u00e0 l&rsquo;appel de l&rsquo;opposition m\u00e8neraient \u00e0 une \u00ab\u00a0impasse\u00a0\u00bb.<\/span><span data-ccp-props=\"{&quot;134233117&quot;:false,&quot;134233118&quot;:false,&quot;335559738&quot;:300,&quot;335559739&quot;:300}\">\u00a0<\/span><\/p>\n<p><span data-contrast=\"none\">\u00d6zg\u00fcr \u00d6zel, le chef du Parti r\u00e9publicain du peuple (CHP, social-d\u00e9mocrate), premi\u00e8re force d&rsquo;opposition \u00e0 laquelle appartient M. Imamoglu, a appel\u00e9 les Turcs \u00e0 sortir dans les rues \u00e0 20H30 (17H30 GMT), apr\u00e8s le repas de rupture du je\u00fbne du ramadan, malgr\u00e9 les mises en garde des autorit\u00e9s.<\/span><span data-ccp-props=\"{&quot;134233117&quot;:false,&quot;134233118&quot;:false,&quot;335559738&quot;:300,&quot;335559739&quot;:300}\">\u00a0<\/span><\/p>\n<p><span data-contrast=\"none\">\u00ab\u00a0D\u00e9sormais, personne ne doit s&rsquo;attendre \u00e0 ce que le CHP fasse de la politique dans des salles ou des b\u00e2timents. D\u00e9sormais, nous sommes dans la rue et sur les places\u00a0\u00bb, a pr\u00e9venu jeudi soir M. \u00d6zel devant la municipalit\u00e9 d&rsquo;Istanbul, o\u00f9 des milliers de manifestants \u00e9taient r\u00e9unis pour le deuxi\u00e8me soir d&rsquo;affil\u00e9e en soutien au maire de la ville, principal opposant au pr\u00e9sident Erdogan.<\/span><span data-ccp-props=\"{&quot;134233117&quot;:false,&quot;134233118&quot;:false,&quot;335559738&quot;:300,&quot;335559739&quot;:300}\">\u00a0<\/span><\/p>\n<p><span data-contrast=\"none\">Deux ponts et plusieurs grands axes permettant d&rsquo;atteindre le si\u00e8ge de la municipalit\u00e9 d&rsquo;Istanbul ont \u00e9t\u00e9 ferm\u00e9s \u00e0 la circulation vendredi pour 24 heures.<\/span><span data-ccp-props=\"{&quot;134233117&quot;:false,&quot;134233118&quot;:false,&quot;335559738&quot;:300,&quot;335559739&quot;:300}\">\u00a0<\/span><\/p>\n<p><span data-contrast=\"none\">Au total, des manifestations se sont tenues depuis mercredi dans au moins 32 des 81 provinces turques, selon un comptage de l&rsquo;AFP.<\/span><span data-ccp-props=\"{&quot;134233117&quot;:false,&quot;134233118&quot;:false,&quot;335559738&quot;:300,&quot;335559739&quot;:300}\">\u00a0<\/span><\/p>\n<p><span data-contrast=\"none\">Le ministre de la Justice, Yilmaz Tun\u00e7, a qualifi\u00e9 d'\u00a0\u00bbill\u00e9gaux et inacceptables\u00a0\u00bb les appels r\u00e9p\u00e9t\u00e9s de l&rsquo;opposition \u00e0 manifester.<\/span><span data-ccp-props=\"{&quot;134233117&quot;:false,&quot;134233118&quot;:false,&quot;335559738&quot;:300,&quot;335559739&quot;:300}\">\u00a0<\/span><\/p>\n<p><span data-contrast=\"none\" data-ccp-parastyle=\"heading 2\"><strong>&#8211; \u00ab\u00a0Spectacles de l&rsquo;opposition\u00a0\u00bb &#8211;<\/strong><\/span><span data-ccp-props=\"{&quot;134233117&quot;:false,&quot;134233118&quot;:false,&quot;134245418&quot;:true,&quot;134245529&quot;:true,&quot;201341983&quot;:0,&quot;335559738&quot;:600,&quot;335559739&quot;:360,&quot;335559740&quot;:450}\">\u00a0<\/span><\/p>\n<p><span data-contrast=\"none\">\u00c0 Istanbul, o\u00f9 les rassemblements ont \u00e9t\u00e9 interdits jusqu&rsquo;\u00e0 dimanche, la situation s&rsquo;est tendue jeudi soir et la police a fait usage de gaz lacrymog\u00e8ne et de balles en caoutchouc pour bloquer des manifestants qui voulaient se diriger vers l&#8217;embl\u00e9matique place Taksim depuis l&rsquo;h\u00f4tel de ville.<\/span><span data-ccp-props=\"{&quot;134233117&quot;:false,&quot;134233118&quot;:false,&quot;335559738&quot;:300,&quot;335559739&quot;:300}\">\u00a0<\/span><\/p>\n<p><span data-contrast=\"none\">La police a \u00e9galement fait usage de canons \u00e0 eaux et de balles en caoutchouc \u00e0 Ankara, ont constat\u00e9 des journalistes de l&rsquo;AFP.<\/span><span data-ccp-props=\"{&quot;134233117&quot;:false,&quot;134233118&quot;:false,&quot;335559738&quot;:300,&quot;335559739&quot;:300}\">\u00a0<\/span><\/p>\n<p><span data-contrast=\"none\">53 personnes ont \u00e9t\u00e9 interpell\u00e9es et 16 policiers ont \u00e9t\u00e9 bless\u00e9s lors de heurts avec les manifestants, selon les autorit\u00e9s, qui ont aussi interdit tout rassemblement jusqu&rsquo;\u00e0 mardi soir \u00e0 Ankara et Izmir (ouest), la troisi\u00e8me ville du pays, acquise \u00e0 l&rsquo;opposition.<\/span><span data-ccp-props=\"{&quot;134233117&quot;:false,&quot;134233118&quot;:false,&quot;335559738&quot;:300,&quot;335559739&quot;:300}\">\u00a0<\/span><\/p>\n<p><span data-contrast=\"none\">Cette vague de contestation est in\u00e9dite depuis les grandes manifestations de 2013 parties de la place Taksim.<\/span><span data-ccp-props=\"{&quot;134233117&quot;:false,&quot;134233118&quot;:false,&quot;335559738&quot;:300,&quot;335559739&quot;:300}\">\u00a0<\/span><\/p>\n<p><span data-contrast=\"none\">Ekrem Imamoglu, dont l&rsquo;audition par les enqu\u00eateurs a d\u00e9marr\u00e9 vendredi apr\u00e8s-midi, selon la cha\u00eene \u00e9tatique TRT, devait \u00eatre investi dimanche candidat du CHP \u00e0 la prochaine \u00e9lection pr\u00e9sidentielle.<\/span><span data-ccp-props=\"{&quot;134233117&quot;:false,&quot;134233118&quot;:false,&quot;335559738&quot;:300,&quot;335559739&quot;:300}\">\u00a0<\/span><\/p>\n<p><span data-contrast=\"none\">Mais le dipl\u00f4me universitaire de l&rsquo;\u00e9dile, r\u00e9\u00e9lu triomphalement l&rsquo;an dernier apr\u00e8s avoir ravi Istanbul en 2019 au parti AKP (islamo-conservateur) au pouvoir, avait \u00e9t\u00e9 annul\u00e9 mardi soir, quelques heures avant son arrestation, ajoutant un obstacle sur sa route car la Constitution turque exige que tout candidat \u00e0 la pr\u00e9sidence justifie d&rsquo;un dipl\u00f4me d&rsquo;enseignement sup\u00e9rieur.<\/span><span data-ccp-props=\"{&quot;134233117&quot;:false,&quot;134233118&quot;:false,&quot;335559738&quot;:300,&quot;335559739&quot;:300}\">\u00a0<\/span><\/p>\n<p><span data-contrast=\"none\" data-ccp-parastyle=\"heading 2\"><strong>&#8211; \u00ab\u00a0Ni voleur, ni terroriste\u00a0\u00bb &#8211;<\/strong><\/span><span data-ccp-props=\"{&quot;134233117&quot;:false,&quot;134233118&quot;:false,&quot;134245418&quot;:true,&quot;134245529&quot;:true,&quot;201341983&quot;:0,&quot;335559738&quot;:600,&quot;335559739&quot;:360,&quot;335559740&quot;:450}\">\u00a0<\/span><\/p>\n<p><span data-contrast=\"none\">Les charges pesant contre lui, en particulier celle de \u00ab\u00a0soutien au terrorisme\u00a0\u00bb, font redouter \u00e0 ses partisans qu&rsquo;il puisse \u00eatre incarc\u00e9r\u00e9 \u00e0 l&rsquo;issue de sa garde \u00e0 vue dimanche et remplac\u00e9 par un administrateur nomm\u00e9 par l&rsquo;\u00c9tat.<\/span><span data-ccp-props=\"{&quot;134233117&quot;:false,&quot;134233118&quot;:false,&quot;335559738&quot;:300,&quot;335559739&quot;:300}\">\u00a0<\/span><\/p>\n<p><span data-contrast=\"none\">\u00ab\u00a0Le maire n&rsquo;est ni corrompu, ni voleur, ni terroriste\u00a0\u00bb, a lanc\u00e9 jeudi soir le chef du CHP \u00e0 la foule r\u00e9unie devant l&rsquo;h\u00f4tel de ville d&rsquo;Istanbul, promettant de \u00ab\u00a0ne pas abandonner la lutte jusqu&rsquo;\u00e0 ce qu&rsquo;Imamoglu et les autres maires emprisonn\u00e9s soient lib\u00e9r\u00e9s\u00a0\u00bb.<\/span><span data-ccp-props=\"{&quot;134233117&quot;:false,&quot;134233118&quot;:false,&quot;335559738&quot;:300,&quot;335559739&quot;:300}\">\u00a0<\/span><\/p>\n<p><span data-contrast=\"none\">Au total, 90 personnes, arr\u00eat\u00e9es pour la plupart en m\u00eame temps que le maire, \u00e9taient toujours en garde \u00e0 vue vendredi, selon la presse turque.<\/span><span data-ccp-props=\"{&quot;134233117&quot;:false,&quot;134233118&quot;:false,&quot;335559738&quot;:300,&quot;335559739&quot;:300}\">\u00a0<\/span><\/p>\n<p><span data-contrast=\"none\">Cette contestation intervient un an apr\u00e8s la d\u00e9b\u00e2cle subie par le Parti de la justice et du d\u00e9veloppement (AKP) du pr\u00e9sident Erdogan lors d&rsquo;\u00e9lections municipales, dans un contexte de crise \u00e9conomique.<\/span><span data-ccp-props=\"{&quot;134233117&quot;:false,&quot;134233118&quot;:false,&quot;335559738&quot;:300,&quot;335559739&quot;:300}\">\u00a0<\/span><\/p>\n<p><span data-contrast=\"none\">Les \u00e9v\u00e8nements ont pes\u00e9 vendredi sur la Bourse d&rsquo;Istanbul : peu avant 17H00 (14H00 GMT), son indice vedette chutait de pr\u00e8s de 8%. Face \u00e0 ce d\u00e9vissage, les cotations ont \u00e9t\u00e9 suspendues \u00e0 deux reprises dans la matin\u00e9e.<\/span><span data-ccp-props=\"{&quot;134233117&quot;:false,&quot;134233118&quot;:false,&quot;335559738&quot;:300,&quot;335559739&quot;:300}\">\u00a0<\/span><\/p>\n<p><span data-ccp-props=\"{}\">\u00a0<\/span><\/p>\n<\/div>\n<p><script>(function(d, s, id) {  var js, fjs = d.getElementsByTagName(s)[0];  if (d.getElementById(id)) return;  js = d.createElement(s); js.id = id;  js.src = \"\/\/connect.facebook.net\/fr_FR\/sdk.js#xfbml=1&version=v2.3\";  fjs.parentNode.insertBefore(js, fjs);}(document, \"script\", \"facebook-jssdk\"));<\/script><br \/>\n<br \/><br \/>\n<br \/><a href=\"https:\/\/www.francesoir.fr\/politique-monde\/turquie-la-contestation-se-durcit-erdogan-jure-de-ne-pas-ceder-la-terreur-de-la-rue\" target=\"_blank\"\">Source link <\/a><\/p>\n","protected":false},"excerpt":{"rendered":"<p>Le pr\u00e9sident turc Recep Tayyip Erdogan a assur\u00e9 vendredi que la Turquie ne c\u00e9derait pas \u00e0 la \u00ab\u00a0terreur de la rue\u00a0\u00bb, au troisi\u00e8me jour de manifestations d\u00e9clench\u00e9es par l&rsquo;arrestation du&hellip; <\/p>\n","protected":false},"author":1,"featured_media":5021,"comment_status":"open","ping_status":"open","sticky":false,"template":"","format":"standard","meta":{"footnotes":""},"categories":[1],"tags":[],"class_list":["post-5020","post","type-post","status-publish","format-standard","has-post-thumbnail","hentry","category-non-classe"],"_links":{"self":[{"href":"https:\/\/monde25.info\/index.php\/wp-json\/wp\/v2\/posts\/5020","targetHints":{"allow":["GET"]}}],"collection":[{"href":"https:\/\/monde25.info\/index.php\/wp-json\/wp\/v2\/posts"}],"about":[{"href":"https:\/\/monde25.info\/index.php\/wp-json\/wp\/v2\/types\/post"}],"author":[{"embeddable":true,"href":"https:\/\/monde25.info\/index.php\/wp-json\/wp\/v2\/users\/1"}],"replies":[{"embeddable":true,"href":"https:\/\/monde25.info\/index.php\/wp-json\/wp\/v2\/comments?post=5020"}],"version-history":[{"count":0,"href":"https:\/\/monde25.info\/index.php\/wp-json\/wp\/v2\/posts\/5020\/revisions"}],"wp:featuredmedia":[{"embeddable":true,"href":"https:\/\/monde25.info\/index.php\/wp-json\/wp\/v2\/media\/5021"}],"wp:attachment":[{"href":"https:\/\/monde25.info\/index.php\/wp-json\/wp\/v2\/media?parent=5020"}],"wp:term":[{"taxonomy":"category","embeddable":true,"href":"https:\/\/monde25.info\/index.php\/wp-json\/wp\/v2\/categories?post=5020"},{"taxonomy":"post_tag","embeddable":true,"href":"https:\/\/monde25.info\/index.php\/wp-json\/wp\/v2\/tags?post=5020"}],"curies":[{"name":"wp","href":"https:\/\/api.w.org\/{rel}","templated":true}]}}