{"id":5032,"date":"2025-03-23T12:06:18","date_gmt":"2025-03-23T11:06:18","guid":{"rendered":"https:\/\/monde25.info\/index.php\/2025\/03\/23\/general-dominique-delawarde-nouvelles-du-22-mars-2025\/"},"modified":"2025-03-23T12:06:18","modified_gmt":"2025-03-23T11:06:18","slug":"general-dominique-delawarde-nouvelles-du-22-mars-2025","status":"publish","type":"post","link":"https:\/\/monde25.info\/index.php\/2025\/03\/23\/general-dominique-delawarde-nouvelles-du-22-mars-2025\/","title":{"rendered":"G\u00e9n\u00e9ral Dominique Delawarde : Nouvelles du 22 mars 2025"},"content":{"rendered":"<p> <br \/>\n<\/p>\n<div>\n<h4 class=\"wp-block-heading\"><strong><u>\u00c9conomie<\/u><\/strong><\/h4>\n<h5 class=\"wp-block-heading\">\u00c9conomie Russe\u00a0: <\/h5>\n<p>Selon le minist\u00e8re de l\u2019\u00e9conomie fran\u00e7ais, le PIB de la Russie, mesur\u00e9\u00a0 avec le recul n\u00e9cessaire s\u2019est inscrit en hausse de 4,1% en 2024. \u00a0\u00a0\u00a0\u00a0\u00a0\u00a0\u00a0\u00a0\u00a0\u00a0\u00a0\u00a0\u00a0\u00a0\u00a0\u00a0\u00a0\u00a0\u00a0\u00a0\u00a0\u00a0\u00a0\u00a0\u00a0\u00a0\u00a0\u00a0\u00a0\u00a0\u00a0\u00a0\u00a0\u00a0\u00a0\u00a0\u00a0\u00a0\u00a0\u00a0\u00a0\u00a0\u00a0\u00a0\u00a0\u00a0\u00a0\u00a0\u00a0\u00a0\u00a0\u00a0\u00a0\u00a0\u00a0\u00a0\u00a0\u00a0\u00a0\u00a0\u00a0\u00a0\u00a0\u00a0\u00a0\u00a0\u00a0\u00a0\u00a0\u00a0\u00a0\u00a0\u00a0\u00a0\u00a0\u00a0\u00a0\u00a0\u00a0\u00a0 \u00a0\u00a0\u00a0\u00a0\u00a0\u00a0\u00a0\u00a0\u00a0\u00a0\u00a0\u00a0\u00a0\u00a0\u00a0\u00a0\u00a0\u00a0\u00a0\u00a0\u00a0\u00a0\u00a0\u00a0\u00a0\u00a0\u00a0\u00a0\u00a0\u00a0\u00a0\u00a0\u00a0\u00a0\u00a0 \u00a0<a target=\"_blank\" href=\"https:\/\/www.tresor.economie.gouv.fr\/Articles\/2025\/03\/07\/les-nouvelles-economiques-de-l-eurasie-du-7-mars-2025\" target=\"_blank\" rel=\"noopener\" title=\"\">https:\/\/www.tresor.economie.gouv.fr\/Articles\/2025\/03\/07\/les-nouvelles-economiques-de-l-eurasie-du-7-mars-2025<\/a><\/p>\n<p>\u00a0La r\u00e9union hebdomadaire de la Chambre de Commerce et d\u2019industrie franco-russe s\u2019est tenue le 20 mars. Elle nous apporte un \u00e9clairage tr\u00e8s int\u00e9ressant sur l\u2019actualit\u00e9 \u00e9conomique, politique et sociale russe. 4 donn\u00e9es m\u00e9ritent une attention particuli\u00e8re: <\/p>\n<p><center><\/p>\n<p><iframe loading=\"lazy\" title=\"Briefing #238 \u00ab \u00c9clairage sur l\u2019actualit\u00e9 \u00bb \/ 20.03.2025\" width=\"1110\" height=\"624\" src=\"https:\/\/www.youtube.com\/embed\/2pOoeI8zKyI?feature=oembed\" frameborder=\"0\" allow=\"accelerometer; autoplay; clipboard-write; encrypted-media; gyroscope; picture-in-picture; web-share\" referrerpolicy=\"strict-origin-when-cross-origin\" allowfullscreen><\/iframe><\/p>\n<p><\/center><\/p>\n<p>\u00a0\u00a0\u00a0\u00a0\u00a0\u00a0\u00a0\u00a0\u00a0\u00a0\u00a0 * La pr\u00e9vision de croissance de la Russie 2025 par l\u2019OCDE \u00e0 + 1,3\u00a0%, la Russie pr\u00e9voit pour sa part + 2,5\u00a0% . Nous verrons en fin d\u2019ann\u00e9e qui aura eu raison et\u00a0 si la sous estimation chronique de la Russie par l\u2019OCDE biaise sa pr\u00e9vision. M\u00eame avec 1,3\u00a0%, la croissance russe sera sup\u00e9rieure \u00e0 la notre.<\/p>\n<p>\u00a0\u00a0\u00a0\u00a0\u00a0\u00a0\u00a0\u00a0\u00a0\u00a0\u00a0 * La dette de la Russie par rapport au PIB n\u2019est que de 13\u00a0%. Celle de la France de 114\u00a0%. Lequel des deux pays est le plus proche de l\u2019effondrement \u00e9conomique\u00a0?<\/p>\n<p>\u00a0\u00a0\u00a0\u00a0\u00a0\u00a0\u00a0\u00a0\u00a0\u00a0\u00a0 * La France est le principal partenaire commercial de la Russie, devant l\u2019Allemagne, dans l\u2019Union europ\u00e9enne. Avec le discours belliciste qui est le notre, qui l\u2019aurait cru\u00a0?<\/p>\n<p>\u00a0\u00a0\u00a0\u00a0\u00a0\u00a0\u00a0\u00a0\u00a0\u00a0\u00a0 * Les \u00c9tats-Unis quittent le Centre international pour la poursuite des crimes contre l\u2019Ukraine (ICPA). C\u2019est un message envoy\u00e9\u00a0\u00a0 \u00e0 une UE\u00a0 rest\u00e9e russophobe.\u00a0\u00a0<\/p>\n<h3 class=\"wp-block-heading has-text-align-center\">*<\/h3>\n<p>L\u2019avant derni\u00e8re vid\u00e9o \u00e9conomique et\u00a0 g\u00e9opolitique de Philippe B\u00e9chade, r\u00e9dacteur en chef de\u00a0\u00a0\u00a0\u00a0 \u00abLa Chronique Agora\u00bb et de \u00abLa Lettre des Affranchis \u00bb : \u00abN\u2019aurions-nous pas plut\u00f4t besoin d\u2019un manuel de survie financier ?\u00bb.\u00a0<\/p>\n<p><center><\/p>\n<p><iframe loading=\"lazy\" title=\"N\u2019aurions-nous pas plut\u00f4t besoin d\u2019un manuel de survie financier ?\" width=\"1110\" height=\"624\" src=\"https:\/\/www.youtube.com\/embed\/xh7ICcqo56E?feature=oembed\" frameborder=\"0\" allow=\"accelerometer; autoplay; clipboard-write; encrypted-media; gyroscope; picture-in-picture; web-share\" referrerpolicy=\"strict-origin-when-cross-origin\" allowfullscreen><\/iframe><\/p>\n<p><\/center><\/p>\n<p>\u00a0et la derni\u00e8re\u00a0: \u00abLe grand emprunt d\u00e9fense : entre r\u00e9quisition et confiscation\u00bb \u00a0\u00a0<\/p>\n<p><center><\/p>\n<p><iframe loading=\"lazy\" title=\"Le grand emprunt d\u00e9fense : entre r\u00e9quisition et confiscation\" width=\"1110\" height=\"624\" src=\"https:\/\/www.youtube.com\/embed\/3BeokfcEgFg?feature=oembed\" frameborder=\"0\" allow=\"accelerometer; autoplay; clipboard-write; encrypted-media; gyroscope; picture-in-picture; web-share\" referrerpolicy=\"strict-origin-when-cross-origin\" allowfullscreen><\/iframe><\/p>\n<p><\/center><\/p>\n<p>Menace russe : Macron invente l\u2019\u00e9conomie de guerre sans guerre\u00a0: \u00a0\u00a0\u00a0\u00a0\u00a0\u00a0\u00a0\u00a0\u00a0\u00a0\u00a0\u00a0\u00a0\u00a0\u00a0\u00a0\u00a0\u00a0\u00a0\u00a0\u00a0\u00a0\u00a0\u00a0\u00a0\u00a0\u00a0\u00a0\u00a0\u00a0\u00a0\u00a0\u00a0\u00a0\u00a0\u00a0\u00a0\u00a0\u00a0\u00a0\u00a0 <a target=\"_blank\" href=\"https:\/\/ssofidelis.substack.com\/p\/menace-russe-macron-invente-leconomie\" target=\"_blank\" rel=\"noopener\" title=\"\">https:\/\/ssofidelis.substack.com\/p\/menace-russe-macron-invente-leconomie<\/a><\/p>\n<h3 class=\"wp-block-heading has-text-align-center\">*<\/h3>\n<h4 class=\"wp-block-heading\">G\u00e9opolitique g\u00e9n\u00e9rale.<\/h4>\n<h5 class=\"wp-block-heading\">\u00c9lection pr\u00e9sidentielle\u00a0roumaine de mai prochain.<\/h5>\n<p>George Simion, le candidat souverainiste qui a repris le flambeau de Calin Georgescu, \u00e9limin\u00e9 sur pression de l\u2019UE et sous un faux pr\u00e9texte, est en t\u00eate des sondages et en appelle aux observateurs internationaux pour contrer la possibilit\u00e9 d\u2019ing\u00e9rence \u00e9lectorale (de l\u2019UE \u00e9videmment)                                                        . <a target=\"_blank\" href=\"https:\/\/www.francesoir.fr\/politique-monde\/roumanie-george-simion-en-tete-des-sondages-appelle-aux-observateurs-internationaux\" target=\"_blank\" rel=\"noopener\" title=\"\">https:\/\/www.francesoir.fr\/politique-monde\/roumanie-george-simion-en-tete-des-sondages-appelle-aux-observateurs-internationaux<\/a><\/p>\n<p>\u00a0\u00c0 fort juste titre, la confiance ne r\u00e8gne pas entre une gouvernance europ\u00e9enne n\u00e9oconservatrice, donc mafieuse et corrompue, et certaines populations de moins en moins dispos\u00e9es \u00e0 subir.<\/p>\n<h5 class=\"wp-block-heading\">Union europ\u00e9enne\u00a0: <\/h5>\n<p>Un g\u00e9n\u00e9ral Italien, d\u00e9put\u00e9 europ\u00e9en\u00a0 s\u2019oppose dans un discours v\u00e9h\u00e9ment prononc\u00e9 au parlement europ\u00e9en aux initiatives bellicistes de Madame Von der Leyen.                                                                               <a target=\"_blank\" href=\"https:\/\/www.bvoltaire.fr\/un-eurodepute-italien-explique-les-vraies-urgences-a-von-der-leyen\/\" target=\"_blank\" rel=\"noopener\" title=\"\">https:\/\/www.bvoltaire.fr\/un-eurodepute-italien-explique-les-vraies-urgences-a-von-der-leyen\/<\/a><\/p>\n<p>Rappelons pour m\u00e9moire que la Commission europ\u00e9enne et sa pr\u00e9sidente n\u2019ont aucune attribution en mati\u00e8re de d\u00e9fense pas plus qu\u2019elle n\u2019en avait en mati\u00e8re de sant\u00e9 lors de la crise Covid. Cette commission et sa pr\u00e9sidente s\u2019arrogent donc des pouvoirs qu\u2019elles n\u2019ont pas dans une sorte de coup d\u2019\u00c9tat permanent men\u00e9 au d\u00e9triment des souverainet\u00e9s nationales et cela de mani\u00e8re assur\u00e9e et d\u00e9complex\u00e9e. \u00a0\u00a0\u00a0\u00a0\u00a0\u00a0\u00a0\u00a0\u00a0\u00a0\u00a0\u00a0\u00a0\u00a0\u00a0\u00a0\u00a0\u00a0\u00a0\u00a0\u00a0\u00a0\u00a0\u00a0\u00a0\u00a0 \u00a0\u00a0\u00a0\u00a0\u00a0\u00a0\u00a0\u00a0\u00a0\u00a0\u00a0\u00a0\u00a0\u00a0\u00a0\u00a0\u00a0\u00a0\u00a0\u00a0\u00a0\u00a0\u00a0\u00a0\u00a0\u00a0<\/p>\n<p>Ce coup d\u2019\u00c9tat permanent ne pourrait \u00eatre men\u00e9 sans la complicit\u00e9 active des camarades \u00ab\u00a0young leaders\u00a0\u00bb, chefs d\u2019\u00c9tats promus par les m\u00e9dias et plut\u00f4t mal \u00e9lus par les peuples dans les grands pays de l\u2019Union (Starmer, Macron et Scholtz puis Merz). Cela ne peut, \u00e9videmment que mal se terminer\u00a0 pour nos pays, pour l\u2019UE et peut \u00eatre m\u00eame pour les int\u00e9ress\u00e9s eux m\u00eames.<\/p>\n<h5 class=\"wp-block-heading\">\u00a0\u00abL\u2019Exception Mortelle de Trump pour Isra\u00ebl &amp; La Folie des Tarifs\u00bb<\/h5>\n<p>Quelle est la justification de Trump pour bombarder l\u2019un des pays les plus pauvres du monde ? Quels sont les effets de l\u2019utilisation des tarifs comme outil de politique \u00e9trang\u00e8re ? L\u2019ex-ambassadeur US Chas Freeman, connu pour son franc-parler r\u00e9pond \u00e0 ces questions sur \u00abNeutrality Studies\u00bb. \u00a0\u00a0\u00a0\u00a0\u00a0\u00a0\u00a0\u00a0\u00a0\u00a0\u00a0\u00a0\u00a0\u00a0\u00a0 \u00a0\u00a0\u00a0\u00a0\u00a0\u00a0\u00a0\u00a0\u00a0\u00a0\u00a0\u00a0\u00a0\u00a0\u00a0\u00a0\u00a0\u00a0\u00a0\u00a0\u00a0\u00a0\u00a0\u00a0\u00a0\u00a0\u00a0\u00a0\u00a0\u00a0\u00a0\u00a0\u00a0\u00a0\u00a0\u00a0\u00a0\u00a0\u00a0\u00a0\u00a0\u00a0\u00a0\u00a0\u00a0\u00a0 <a target=\"_blank\" href=\"https:\/\/www.youtube.com\/watch?v=qrXwQ-b9brg\" target=\"_blank\" rel=\"noopener\" title=\"\">https:\/\/www.youtube.com\/watch?v=qrXwQ-b9brg<\/a><\/p>\n<h3 class=\"wp-block-heading has-text-align-center\">*<\/h3>\n<h4 class=\"wp-block-heading\">OTAN-Kiev vs Russie + :<\/h4>\n<p>\u00a0Douglas Macgregor: \u00abWashington n\u2019a pas de strat\u00e9gie claire\u00bb.<\/p>\n<p>Excellent entretien (30 mn) entre le c\u00e9l\u00e8bre colonel US et Irina Dubois du Dialogue franco-russe.<\/p>\n<p><center><\/p>\n<p><iframe loading=\"lazy\" title=\"Douglas Macgregor: &#039;&#039; Washington n&#039;a pas de strat\u00e9gie claire&#039;&#039;.\" width=\"1110\" height=\"624\" src=\"https:\/\/www.youtube.com\/embed\/YrkYwU0GcO8?feature=oembed\" frameborder=\"0\" allow=\"accelerometer; autoplay; clipboard-write; encrypted-media; gyroscope; picture-in-picture; web-share\" referrerpolicy=\"strict-origin-when-cross-origin\" allowfullscreen><\/iframe><\/p>\n<p><\/center><\/p>\n<p>L\u2019entretien est en anglais tr\u00e8s clair sous titr\u00e9 en bon fran\u00e7ais. Il aborde aussi bien les guerres en Ukraine que celles qui agitent le Moyen Orient.<\/p>\n<p>Bulletin num\u00e9ro 230 \u00a0sur le bras de fer plan\u00e9taire, militaire et \u00e9conomique, OTAN-Russie, en Ukraine et ailleurs, pr\u00e9sent\u00e9 par Xavier Moreau \u00ab30 000 sanctions, offensives Tik-Tok\u00bb .<a target=\"_blank\" href=\"https:\/\/odysee.com\/@STRATPOL:d\/2302comp:d?src=embed\">https:\/\/odysee.com\/@STRATPOL:d\/2302comp:d?src=embed<\/a><\/p>\n<p> \u00ab \u2013 ICI MOSCOU ! N\u00e9gociations sur l\u2019Ukraine : Cessez le feu !\u00bb \u00a0pr\u00e9sent\u00e9 par Xavier Moreau.\u00a0\u00a0\u00a0<\/p>\n<p><center><\/p>\n<p><iframe id=\"odysee-iframe\" style=\"width:100%; aspect-ratio:16 \/ 9;\" src=\"https:\/\/odysee.com\/%24\/embed\/%40EchiquierMondial%3A2%2FIC140325_TG%3A6?r=CwN9fCs6HpwkWneXTmw1zCB7rvb3eE2D\" allowfullscreen=\"\"><\/iframe><\/p>\n<p><\/center><\/p>\n<p>Rapport militaire du 19 mars 2025 soir en fran\u00e7ais (14 mn): \u00abGuerre en Ukraine : Effondrement total \u00e0 Koursk \/ Offensive russe \u00e0 Zaporijjia\u00bb\u00a0\u00a0\u00a0\u00a0\u00a0\u00a0\u00a0\u00a0\u00a0\u00a0\u00a0\u00a0\u00a0\u00a0\u00a0 \u00a0\u00a0\u00a0\u00a0\u00a0\u00a0\u00a0\u00a0\u00a0\u00a0\u00a0\u00a0\u00a0\u00a0\u00a0\u00a0<\/p>\n<p><center><\/p>\n<p><iframe loading=\"lazy\" title=\"Guerre en Ukraine :  Effondrement total \u00e0 Koursk \/ Offensive russe \u00e0 Zaporijjia | ORION 19\/03\/2025\" width=\"1110\" height=\"624\" src=\"https:\/\/www.youtube.com\/embed\/q7TuhzNrlO0?feature=oembed\" frameborder=\"0\" allow=\"accelerometer; autoplay; clipboard-write; encrypted-media; gyroscope; picture-in-picture; web-share\" referrerpolicy=\"strict-origin-when-cross-origin\" allowfullscreen><\/iframe><\/p>\n<p><\/center><\/p>\n<p>Rapport militaire du 21 mars 2025 en fran\u00e7ais \u00abPr\u00e9paration de la Bataille G\u00e9n\u00e9rale est en Cours \u2013 Cessez-le-Feu D\u00e9jou\u00e9\u00bb\u00a0 <\/p>\n<p><center><\/p>\n<p><iframe loading=\"lazy\" title=\"Pr\u00e9paration De Bataille G\u00e9n\u00e9rale est en Cours\u2694\ufe0f\ud83d\udd25Cessez-le-Feu D\u00e9jou\u00e9\ud83d\udca5\ud83d\udd4aRapports Militaires 21.3.2025\ud83d\udcf0\" width=\"1110\" height=\"624\" src=\"https:\/\/www.youtube.com\/embed\/cQFlJufSGjM?feature=oembed\" frameborder=\"0\" allow=\"accelerometer; autoplay; clipboard-write; encrypted-media; gyroscope; picture-in-picture; web-share\" referrerpolicy=\"strict-origin-when-cross-origin\" allowfullscreen><\/iframe><\/p>\n<p><\/center><\/p>\n<p>Dernier rapport militaire du 22 mars 2025 10h30 en anglais: \u00abParties Prepare for Talks \u2013 The Russians Clear Chasiv Yar\u00bb:\u00a0\u00a0\u00a0\u00a0\u00a0\u00a0\u00a0<\/p>\n<p><center><\/p>\n<p><iframe loading=\"lazy\" title=\"Parties Prepare for Talks\ud83e\udd1dThe Russians Clear Chasiv Yar\ud83d\udcaaMilitary Summary And Analysis For 2025.03.22\" width=\"1110\" height=\"624\" src=\"https:\/\/www.youtube.com\/embed\/3DHQpPLHn3s?feature=oembed\" frameborder=\"0\" allow=\"accelerometer; autoplay; clipboard-write; encrypted-media; gyroscope; picture-in-picture; web-share\" referrerpolicy=\"strict-origin-when-cross-origin\" allowfullscreen><\/iframe><\/p>\n<p><\/center><\/p>\n<h3 class=\"wp-block-heading has-text-align-center\">*<\/h3>\n<h4 class=\"wp-block-heading\">Proche et Moyen Orient.\u00a0\u00a0\u00a0<\/h4>\n<h5 class=\"wp-block-heading\">SYRIE 2025 : \u00a0\u00a0<\/h5>\n<p>Isra\u00ebl poursuit ses frappes syst\u00e9matiques et quasi-pathologiques contre des pays\u00a0 voisins jug\u00e9s inamicaux et leurs soutiens (Syrie, Liban, Y\u00e9men) \u00a0\u00a0\u00a0\u00a0\u00a0\u00a0\u00a0\u00a0\u00a0\u00a0\u00a0\u00a0\u00a0\u00a0\u00a0\u00a0\u00a0\u00a0\u00a0\u00a0\u00a0\u00a0\u00a0\u00a0\u00a0\u00a0\u00a0\u00a0\u00a0\u00a0\u00a0\u00a0\u00a0\u00a0\u00a0\u00a0\u00a0\u00a0\u00a0\u00a0\u00a0\u00a0\u00a0\u00a0\u00a0\u00a0\u00a0\u00a0\u00a0\u00a0\u00a0\u00a0\u00a0\u00a0\u00a0\u00a0\u00a0\u00a0\u00a0\u00a0\u00a0\u00a0\u00a0\u00a0\u00a0\u00a0\u00a0\u00a0 <a target=\"_blank\" href=\"https:\/\/www.lorientlejour.com\/article\/1452872\/larmee-israelienne-annonce-avoir-frappe-deux-bases-militaires-dans-le-centre-de-la-syrie.html\" target=\"_blank\" rel=\"noopener\" title=\"\">https:\/\/www.lorientlejour.com\/article\/1452872\/larmee-israelienne-annonce-avoir-frappe-deux-bases-militaires-dans-le-centre-de-la-syrie.html<\/a><\/p>\n<p>L\u2019id\u00e9e est\u00a0 de ramener ces pays 40 ans en arri\u00e8re, de leur \u00f4ter tout pouvoir de nuisance et, bien s\u00fbr, au passage, d\u2019annexer de nouvelles terres pour se rapprocher de l\u2019objectif de toujours\u00a0: le grand Isra\u00ebl.<\/p>\n<h5 class=\"wp-block-heading\">\u00a0Y\u00e9men\u00a0:<\/h5>\n<p>Ce courageux petit \u00c9tat qui a pris fait et cause pour la Palestine continue de se battre pour faire valoir ce \u00e0 quoi il croit.\u00a0 Il riposte toujours aux frappes US ou isra\u00e9liennes qui lui sont appliqu\u00e9es.<\/p>\n<p><center><\/p>\n<p><iframe loading=\"lazy\" title=\"Les Houthis y\u00e9m\u00e9nites revendiquent un nouveau tir de missile balistique sur Isra\u00ebl\" width=\"1110\" height=\"624\" src=\"https:\/\/www.youtube.com\/embed\/S8UBvL6-i3E?feature=oembed\" frameborder=\"0\" allow=\"accelerometer; autoplay; clipboard-write; encrypted-media; gyroscope; picture-in-picture; web-share\" referrerpolicy=\"strict-origin-when-cross-origin\" allowfullscreen><\/iframe><\/p>\n<p><\/center><\/p>\n<p>Il n\u2019est pas exclu que ces \u00e9changes de frappes d\u00e9g\u00e9n\u00e8rent en un conflit plus large incluant l\u2019Iran.<\/p>\n<p>\u00a0A ceux qui souhaitent en savoir plus sur la Palestine occup\u00e9e\u00a0: deux liens utiles.                                               <a target=\"_blank\" href=\"https:\/\/www.france-palestine.org\/-En-direct-de-Palestine-\" target=\"_blank\" rel=\"noopener\" title=\"\">https:\/\/www.france-palestine.org\/-En-direct-de-Palestine \u2013<\/a> et\u00a0\u00a0<a target=\"_blank\" href=\"https:\/\/substack.com\/@ssofidelis\" target=\"_blank\" rel=\"noopener\" title=\"\">https:\/\/substack.com\/@ssofidelis<\/a><\/p>\n<h5 class=\"wp-block-heading\">\u00a0<strong>Palestine occup\u00e9e.<\/strong><\/h5>\n<p>\u00a0\u00a0\u00a0\u00a0Palestine occup\u00e9e.<\/p>\n<p>Rupture du cessez le feu par Isra\u00ebl. Les massacres de masse se poursuivent \u00e0 Gaza.<a target=\"_blank\" href=\"https:\/\/reseauinternational.net\/?p=448990#easy-footnote-bottom-1-448990\"><sup>1<\/sup><\/a>. De source m\u00e9dicale, pr\u00e8s de 1 000 personnes ont \u00e9t\u00e9 tu\u00e9es \u00e0 Gaza en 48 heures dont 75% de femmes et d\u2019enfants<\/p>\n<p>Bilan des pertes:\u00a0Depuis le 7 octobre 2023, le bilan des\u00a0pertes palestiniennes\u00a0directes, li\u00e9es aux op\u00e9rations des forces isra\u00e9liennes, largement soutenues par l\u2019occident otanien,\u00a0s\u2019est encore alourdi\u00a0avec la rupture du cessez le feu,\u00a0 toujours dans l\u2019indiff\u00e9rence passive et coupable des gouvernances occidentales\u00a0\u00a0et d\u2019une trop grande partie de l\u2019opinion publique, anesth\u00e9si\u00e9e par les m\u00e9dias grand public US-UE, contr\u00f4l\u00e9s par les lobbies pro-Isra\u00ebl, qui tentent de faire diversion en oubliant de s\u2019\u00e9tendre sur des r\u00e9alit\u00e9s criminelles en Palestine et en insistant sur d\u2019autres \u00e9v\u00e9nements d\u2019actualit\u00e9 que l\u2019on monte en \u00e9pingle.<\/p>\n<p>J\u2019exag\u00e8re sans doute en parlant d\u2019indiff\u00e9rence puisque la France se dit\u00a0\u00abconstern\u00e9e\u00bb<a target=\"_blank\" href=\"https:\/\/reseauinternational.net\/?p=448990#easy-footnote-bottom-2-448990\"><sup>2<\/sup><\/a>\u00a0ce qui ne l\u2019emp\u00eachera pas de jouer au foot avec l\u2019\u00e9quipe de l\u2019\u00c9tat g\u00e9nocidaire \u00e0 la premi\u00e8re occasion.<\/p>\n<p>Le premier ministre britannique se dit\u00a0\u00abprofond\u00e9ment pr\u00e9occup\u00e9\u00bb                                             \u00a0<a target=\"_blank\" href=\"https:\/\/www.aa.com.tr\/fr\/monde\/le-premier-ministre-britannique-profond%C3%A9ment-pr%C3%A9occup%C3%A9-par-les-actions-isra%C3%A9liennes-en-cisjordanie\/3459445\" target=\"_blank\" rel=\"noreferrer noopener\">https:\/\/www.aa.com.tr\/fr\/monde\/le-premier-ministre-britannique-profond%C3%A9ment-pr%C3%A9occup%C3%A9-par-les-actions-isra%C3%A9liennes-en-cisjordanie\/3459445<\/a>\u00a0.<\/p>\n<p>Quant au Pr\u00e9sident isra\u00e9lien, il se dit\u00a0\u00abtroubl\u00e9\u00bb\u00a0par la reprise des combats.\u00a0\u00a0\u00a0\u00a0\u00a0\u00a0\u00a0\u00a0\u00a0\u00a0\u00a0\u00a0\u00a0\u00a0\u00a0 \u00a0 \u00a0<a target=\"_blank\" href=\"https:\/\/www.google.com\/search?client=firefox-b-d&amp;q=Pr%C3%A9sident+isra%C3%A9lien+troubl%C3%A9\" target=\"_blank\" rel=\"noreferrer noopener\">https:\/\/www.google.com\/search?client=firefox-b-d&amp;q=Pr%C3%A9sident+isra%C3%A9lien+troubl%C3%A9<\/a><\/p>\n<p>Avec ce type de r\u00e9actions \u00e0 chaud dont on sait qu\u2019elles seront sans lendemain, on n\u2019est pas pr\u00eat d\u2019arr\u00eater le massacre en Palestine<\/p>\n<p>Voici le dernier bilan des pertes palestiniennes connues au\u00a021\u00a0 mars 2025<\/p>\n<p>Pour Gaza :\u00a049 54 7tu\u00e9s dont + de 17 492\u00a0 enfants, + de 112 032 bless\u00e9s, dont + de 25 000 enfants \u00a0plus de\u00a014 222\u00a0\u00a0disparus<\/p>\n<p>Cisjordanie :\u00a0\u00a01 004\u00a0tu\u00e9s dont plus de\u00a0 181\u00a0 enfants, plus de 7 370 bless\u00e9s\u00a0\u00a0\u00a0\u00a0\u00a0<\/p>\n<p>Total Palestine:\u00a050 551\u00a0tu\u00e9s dont plus de\u00a017 673\u00a0enfants, plus de\u00a0119 402 bless\u00e9s<\/p>\n<div class=\"wp-block-image\">\n<figure class=\"aligncenter size-full\"><a target=\"_blank\" href=\"https:\/\/i0.wp.com\/reseauinternational.net\/wp-content\/uploads\/2025\/03\/image-262.png?quality=100&amp;ssl=1\"><img data-recalc-dims=\"1\" decoding=\"async\" width=\"1004\" height=\"203\" src=\"https:\/\/i0.wp.com\/reseauinternational.net\/wp-content\/uploads\/2025\/03\/image-262.png?resize=1004%2C203&amp;quality=100&amp;ssl=1\" alt=\"\" class=\"wp-image-449002\" loading=\"lazy\" srcset=\"https:\/\/i0.wp.com\/reseauinternational.net\/wp-content\/uploads\/2025\/03\/image-262.png?w=1004&amp;quality=100&amp;ssl=1 1004w, https:\/\/i0.wp.com\/reseauinternational.net\/wp-content\/uploads\/2025\/03\/image-262.png?resize=300%2C61&amp;quality=100&amp;ssl=1 300w, https:\/\/i0.wp.com\/reseauinternational.net\/wp-content\/uploads\/2025\/03\/image-262.png?resize=768%2C155&amp;quality=100&amp;ssl=1 768w, https:\/\/i0.wp.com\/reseauinternational.net\/wp-content\/uploads\/2025\/03\/image-262.png?resize=990%2C200&amp;quality=100&amp;ssl=1 990w\" sizes=\"auto, (max-width: 1004px) 100vw, 1004px\"\/><\/a><\/figure>\n<\/div>\n<p>Si l\u2019on rajoute les pertes\u00a0indirectes\u00a0(Famines, \u00e9pid\u00e9mies, d\u00e9fauts de\u00a0 soin, en appliquant le facteur 4 du Lancet), le montant total des pertes palestiniennes serait aujourd\u2019hui de pr\u00e8s de\u00a0253 000 morts.<\/p>\n<p>Une nouvelle \u00e9tude publi\u00e9e dans le Lancet, \u00a0 prestigieuse revue m\u00e9dicale britannique, estime\u00a0que\u00a0le\u00a0 nombre de d\u00e9c\u00e8s direct publi\u00e9 par le minist\u00e8re de la sant\u00e9 palestinien au cours des neufs premiers mois de guerre\u00a0 \u00e9tait sous estim\u00e9 de 41%.                                                                                                                        \u00a0<a target=\"_blank\" href=\"https:\/\/www.youtube.com\/watch?v=HODSTIYAAaI\" target=\"_blank\" rel=\"noreferrer noopener\">https:\/\/www.youtube.com\/watch?v=HODSTIYAAaI<\/a><\/p>\n<p>Ce nombre pour la zone de Gaza serait donc aujourd\u2019hui de\u00a0plus\u00a0 de 64 000 d\u00e9c\u00e8s direct, et non 49 547 . Il ne compterait ni les disparus encore sous les d\u00e9combres, ni les pertes indirectes (d\u00e9faut de soin, malnutrition, \u00e9pid\u00e9mies). Ceci veut\u00a0 dire que\u00a0le chiffre de 253 000 d\u00e9c\u00e8s\u00a0incluant les pertes indirectes\u00a0\u00a0est probablement lui aussi largement sous estim\u00e9.<\/p>\n<p>Lien vers la version originale\u00a0 de l\u2019\u00e9tude Lancet :\u00a0\u00a0<a target=\"_blank\" href=\"https:\/\/www.thelancet.com\/journals\/lancet\/article\/PIIS0140-6736(24)02678-3\/fulltext\" target=\"_blank\" rel=\"noreferrer noopener\">https:\/\/www.thelancet.com\/journals\/lancet\/article\/PIIS0140-6736(24)02678-3\/fulltext<\/a><\/p>\n<p><em>\u00abLes femmes et les enfants repr\u00e9sentaient \u00abpr\u00e8s de 70%\u00a0\u00bb\u00a0des morts dans la bande de Gaza sur la p\u00e9riode novembre 2023 \u00e0 avril 2024,\u00a0<\/em>affirme l\u2019ONU<em>\u00a0apr\u00e8s une minutieuse v\u00e9rification d\u2019un d\u00e9compte partiel des victimes de la guerre men\u00e9e par Isra\u00ebl contre le Hamas. \u00a0\u00a0\u00a0\u00a0\u00a0                                                          \u00a0\u00a0\u00a0 <\/em><a target=\"_blank\" href=\"https:\/\/peacekeeping.un.org\/fr\/pres-de-70-des-victimes-de-la-guerre-gaza-sont-des-femmes-et-des-enfants-onu\">https:\/\/peacekeeping.un.org\/fr\/pres-de-70-des-victimes-de-la-guerre-gaza-sont-des-femmes-et-des-enfants-onu<\/a><\/p>\n<p>S\u2019agissant de\u00a0l\u2019extermination\u00a0des civils: femmes, enfants, vieillards, les forces arm\u00e9es isra\u00e9liennes se comportent comme\u00a0une arm\u00e9e de voyous meurtriers de la pire esp\u00e8ce. On est tr\u00e8s tr\u00e8s loin de la mani\u00e8re de faire la guerre des forces arm\u00e9es russes en Ukraine: beaucoup plus professionnelles, \u00e9pargnant les populations civiles autant que faire se peut. Le simple examen comparatif des\u00a0 bilans\u00a0 humains des pertes civiles est effarant. Un petit commentaire de nos sayanim favoris serait le bienvenu.                                                                                    \u00a0<a target=\"_blank\" href=\"https:\/\/www.unicef.fr\/article\/gaza-au-moins-74-enfants-tues-au-cours-de-la-premiere-semaine-de-2025\" target=\"_blank\" rel=\"noreferrer noopener\">https:\/\/www.unicef.fr\/article\/gaza-au-moins-74-enfants-tues-au-cours-de-la-premiere-semaine-de-2025<\/a><\/p>\n<p>Tsahal a toujours \u00e9t\u00e9 et reste l\u2019arm\u00e9e\u00a0la plus immorale du monde.\u00a0(1 057 docteurs et personnels m\u00e9dicaux ont \u00e9t\u00e9 tu\u00e9s \u00e0 Gaza depuis le 7 octobre 2023)<em>.\u00a0<\/em>L\u2019\u00e9normit\u00e9 de ce chiffre montre qu\u2019ils \u00e9taient\u00a0volontairement vis\u00e9s pour accro\u00eetre les pertes indirectes.                                                                                          \u00a0<a target=\"_blank\" href=\"https:\/\/tass.com\/world\/1886815\" target=\"_blank\" rel=\"noreferrer noopener\">https:\/\/tass.com\/world\/1886815<\/a>\u00a0\u00a0\u00a0\u00a0\u00a0\u00a0\u00a0\u00a0\u00a0 \u00a0\u00a0\u00a0\u00a0\u00a0\u00a0\u00a0\u00a0\u00a0\u00a0\u00a0\u00a0\u00a0\u00a0\u00a0\u00a0\u00a0\u00a0\u00a0\u00a0\u00a0\u00a0\u00a0<\/p>\n<p>Selon Al Jazeera , 222 journalistes ont \u00e9t\u00e9 tu\u00e9s en Palestine depuis le 7 Octobre 2023. Cette guerre est, de loin, la plus meurtri\u00e8re de notre si\u00e8cle pour les journalistes qui sont abattus d\u00e9lib\u00e9r\u00e9ment.\u00a0 \u00a0\u00a0<\/p>\n<div class=\"sharedaddy sd-block sd-like jetpack-likes-widget-wrapper jetpack-likes-widget-unloaded\" id=\"like-post-wrapper-237719536-448990-67dfeb3233464\" data-src=\"https:\/\/widgets.wp.com\/likes\/?ver=14.2.1#blog_id=237719536&amp;post_id=448990&amp;origin=reseauinternational.net&amp;obj_id=237719536-448990-67dfeb3233464&amp;n=1\" data-name=\"like-post-frame-237719536-448990-67dfeb3233464\" data-title=\"Aimer ou rebloguer\">\n<h3 class=\"sd-title\">J\u2019aime \u00e7a\u00a0:<\/h3>\n<p><span class=\"button\"><span>J\u2019aime<\/span><\/span> <span class=\"loading\">chargement\u2026<\/span><\/p>\n<p><span class=\"sd-text-color\"\/><a target=\"_blank\" class=\"sd-link-color\"\/><\/div>\n<p><meta itemscope=\"\" itemprop=\"mainEntityOfPage\" itemtype=\"https:\/\/schema.org\/WebPage\" itemid=\"https:\/\/reseauinternational.net\/general-dominique-delawarde-nouvelles-du-22-mars-2025\/\"\/><meta itemprop=\"headline\" content=\"G\u00e9n\u00e9ral Dominique Delawarde : Nouvelles du 22 mars 2025\"\/><span style=\"display: none;\" itemprop=\"author\" itemscope=\"\" itemtype=\"https:\/\/schema.org\/Person\"><meta itemprop=\"name\" content=\"G\u00e9n\u00e9ral Dominique Delawarde\"\/><\/span><span style=\"display: none;\" itemprop=\"image\" itemscope=\"\" itemtype=\"https:\/\/schema.org\/ImageObject\"><meta itemprop=\"url\" content=\"https:\/\/i0.wp.com\/reseauinternational.net\/wp-content\/uploads\/2025\/03\/Gaza-20250323.webp?fit=800%2C467&amp;quality=100&amp;ssl=1\"\/><meta itemprop=\"width\" content=\"800\"\/><meta itemprop=\"height\" content=\"467\"\/><\/span><span style=\"display: none;\" itemprop=\"publisher\" itemscope=\"\" itemtype=\"https:\/\/schema.org\/Organization\"><span style=\"display: none;\" itemprop=\"logo\" itemscope=\"\" itemtype=\"https:\/\/schema.org\/ImageObject\"><meta itemprop=\"url\" content=\"https:\/\/reseauinternational.net\/wp-content\/uploads\/2022\/06\/Capture-de\u0301cran-2022-06-14-a\u0300-16.51.07.png\"\/><\/span><meta itemprop=\"name\" content=\"G\u00e9n\u00e9ral Dominique Delawarde\"\/><\/span><meta itemprop=\"datePublished\" content=\"2025-03-23T12:05:57+00:00\"\/><meta itemprop=\"dateModified\" content=\"2025-03-23T12:06:09+00:00\"\/><\/div>\n<p><br \/>\n<br \/><a href=\"https:\/\/reseauinternational.net\/general-dominique-delawarde-nouvelles-du-22-mars-2025\/\" target=\"_blank\"\">Source link <\/a><\/p>\n","protected":false},"excerpt":{"rendered":"<p>\u00c9conomie \u00c9conomie Russe\u00a0: Selon le minist\u00e8re de l\u2019\u00e9conomie fran\u00e7ais, le PIB de la Russie, mesur\u00e9\u00a0 avec le recul n\u00e9cessaire s\u2019est inscrit en hausse de 4,1% en 2024. \u00a0\u00a0\u00a0\u00a0\u00a0\u00a0\u00a0\u00a0\u00a0\u00a0\u00a0\u00a0\u00a0\u00a0\u00a0\u00a0\u00a0\u00a0\u00a0\u00a0\u00a0\u00a0\u00a0\u00a0\u00a0\u00a0\u00a0\u00a0\u00a0\u00a0\u00a0\u00a0\u00a0\u00a0\u00a0\u00a0\u00a0\u00a0\u00a0\u00a0\u00a0\u00a0\u00a0\u00a0\u00a0\u00a0\u00a0\u00a0\u00a0\u00a0\u00a0\u00a0\u00a0\u00a0\u00a0\u00a0\u00a0\u00a0\u00a0\u00a0\u00a0\u00a0\u00a0\u00a0\u00a0\u00a0\u00a0\u00a0\u00a0\u00a0\u00a0\u00a0\u00a0\u00a0\u00a0\u00a0\u00a0\u00a0\u00a0\u00a0 \u00a0\u00a0\u00a0\u00a0\u00a0\u00a0\u00a0\u00a0\u00a0\u00a0\u00a0\u00a0\u00a0\u00a0\u00a0\u00a0\u00a0\u00a0\u00a0\u00a0\u00a0\u00a0\u00a0\u00a0\u00a0\u00a0\u00a0\u00a0\u00a0\u00a0\u00a0\u00a0\u00a0\u00a0\u00a0 \u00a0https:\/\/www.tresor.economie.gouv.fr\/Articles\/2025\/03\/07\/les-nouvelles-economiques-de-l-eurasie-du-7-mars-2025&hellip; <\/p>\n","protected":false},"author":1,"featured_media":5033,"comment_status":"open","ping_status":"open","sticky":false,"template":"","format":"standard","meta":{"footnotes":""},"categories":[1],"tags":[],"class_list":["post-5032","post","type-post","status-publish","format-standard","has-post-thumbnail","hentry","category-non-classe"],"_links":{"self":[{"href":"https:\/\/monde25.info\/index.php\/wp-json\/wp\/v2\/posts\/5032","targetHints":{"allow":["GET"]}}],"collection":[{"href":"https:\/\/monde25.info\/index.php\/wp-json\/wp\/v2\/posts"}],"about":[{"href":"https:\/\/monde25.info\/index.php\/wp-json\/wp\/v2\/types\/post"}],"author":[{"embeddable":true,"href":"https:\/\/monde25.info\/index.php\/wp-json\/wp\/v2\/users\/1"}],"replies":[{"embeddable":true,"href":"https:\/\/monde25.info\/index.php\/wp-json\/wp\/v2\/comments?post=5032"}],"version-history":[{"count":0,"href":"https:\/\/monde25.info\/index.php\/wp-json\/wp\/v2\/posts\/5032\/revisions"}],"wp:featuredmedia":[{"embeddable":true,"href":"https:\/\/monde25.info\/index.php\/wp-json\/wp\/v2\/media\/5033"}],"wp:attachment":[{"href":"https:\/\/monde25.info\/index.php\/wp-json\/wp\/v2\/media?parent=5032"}],"wp:term":[{"taxonomy":"category","embeddable":true,"href":"https:\/\/monde25.info\/index.php\/wp-json\/wp\/v2\/categories?post=5032"},{"taxonomy":"post_tag","embeddable":true,"href":"https:\/\/monde25.info\/index.php\/wp-json\/wp\/v2\/tags?post=5032"}],"curies":[{"name":"wp","href":"https:\/\/api.w.org\/{rel}","templated":true}]}}