{"id":5034,"date":"2025-03-23T12:39:44","date_gmt":"2025-03-23T11:39:44","guid":{"rendered":"https:\/\/monde25.info\/index.php\/2025\/03\/23\/jusquou-macron-menera-t-il-la-france-dans-lengrenage-guerrier-contre-la-volonte-des-francais\/"},"modified":"2025-03-23T12:39:44","modified_gmt":"2025-03-23T11:39:44","slug":"jusquou-macron-menera-t-il-la-france-dans-lengrenage-guerrier-contre-la-volonte-des-francais","status":"publish","type":"post","link":"https:\/\/monde25.info\/index.php\/2025\/03\/23\/jusquou-macron-menera-t-il-la-france-dans-lengrenage-guerrier-contre-la-volonte-des-francais\/","title":{"rendered":"Jusqu\u2019o\u00f9 Macron m\u00e8nera-t-il la France dans l\u2019engrenage guerrier contre la volont\u00e9 des Fran\u00e7ais ?"},"content":{"rendered":"<p> <br \/>\n<\/p>\n<div>\n<blockquote>\n<p>R\u00e9sum\u00e9 : Emmanuel Macron, ce pr\u00e9sident qui se voit en maitre du jeu et des horloges, n&rsquo;est-il en r\u00e9alit\u00e9 qu&rsquo;un g\u00e9n\u00e9ral de pacotille\u00a0? \u00ab\u00a0<em>Un Dom Quichotte chochotte, mais qui choque.<\/em>\u00a0\u00bb (1) Un \u00ab\u00a0fou\u00a0\u00bb qui enfonce la France dans un d\u00e9lire guerrier contre la Russie, contre la volont\u00e9 des Fran\u00e7ais et contre tout bon sens ! Avec un budget militaire gonfl\u00e9 \u00e0 50,5 milliards d\u2019euros en 2025, et des exportations d\u2019armes records, il dilapide nos ressources, il ignore les 73 % de Fran\u00e7ais qui hurlent \u00ab <em>Stop \u00e0 la guerre\u00a0!<\/em>\u00a0\u00bb, et il s\u2019accroche d\u00e9sesp\u00e9r\u00e9ment \u00e0 l\u2019OTAN, comme un junkie \u00e0 sa dose. Alors que JFK pr\u00f4nait la paix avant d\u2019\u00eatre abattu, Emmanuel Macron, lui, pr\u00e9f\u00e8re le fracas des Mirages 2000-5 et les int\u00e9r\u00eats des lobbies, laissant aux Fran\u00e7ais, en guise d\u2019h\u00e9ritage, une dette abyssale, et en guise d\u2019avenir pour nos enfants, une population exsangue. Quelle honte\u00a0! Quel fiasco !<\/p>\n<p>La dose de drogue ou son alternative. La guerre est une drogue, et Macron semble y avoir pris go\u00fbt. Elle dope les egos, gonfle les budgets, et surtout, elle d\u00e9tourne l\u2019attention des vrais probl\u00e8mes : la pr\u00e9carit\u00e9 galopante, la dette abyssale, l\u2019effondrement de nos libert\u00e9s. En ces temps o\u00f9 la France s\u2019enfonce dans une crise multidimensionnelle, le pr\u00e9sident semble pr\u00e9f\u00e9rer le fracas des armes, \u00e0 la r\u00e9solution des maux int\u00e9rieurs. Ce choix n\u2019\u00e9tonne plus, tant il s\u2019inscrit dans une logique de pouvoir bien rod\u00e9e.<\/p>\n<\/blockquote>\n<p><strong>EDITO COMPLET<\/strong><br \/>La posture belliqueuse d\u2019Emmanuel Macron, Pr\u00e9sident de la R\u00e9publique fran\u00e7aise, s\u2019inscrit dans une continuit\u00e9 s\u00e9mantique initi\u00e9e au d\u00e9but de la crise covid. Nous \u00e9tions le 16 mars 2020 et il avait alors d\u00e9clar\u00e9 ceci \u00e0 six reprises lors de son allocution t\u00e9l\u00e9vis\u00e9e depuis l\u2019\u00c9lys\u00e9e\u00a0: \u00ab\u00a0<em><strong>Nous sommes en guerre\u00a0!<\/strong><\/em>\u00a0\u00bb<\/p>\n<p>Il annon\u00e7a l\u00e0 le confinement face \u00e0 la pand\u00e9mie de Covid-19, avec 7 730 cas confirm\u00e9s et 175 d\u00e9c\u00e8s en France \u00e0 cette date, selon \u00ab\u00a0Sant\u00e9 publique France.\u00a0\u00bb En f\u00e9vrier 2022, cette rh\u00e9torique martiale, initialement cantonn\u00e9e au domaine sanitaire, pivote en direction d\u2019un discours militaire, frontalement et express\u00e9ment. Emmanuel Macron fait de l\u2019op\u00e9ration russe en Ukraine une menace g\u00e9opolitique, et, le 26 f\u00e9vrier 2024, lors d\u2019une conf\u00e9rence \u00e0 Paris r\u00e9unissant 20 dirigeants europ\u00e9ens, il \u00e9voque l\u2019envoi potentiel de troupes sur le terrain.<\/p>\n<ul>\n<li>Les donn\u00e9es factuelles montrent une escalade progressive : en mars 2022, Macron r\u00e9it\u00e8re cette position dans une interview t\u00e9l\u00e9vis\u00e9e. Il affirme que \u00ab\u00a0<em>toutes les options sont sur la table\u00a0\u00bb<\/em> face \u00e0 la Russie, dirig\u00e9e par Vladimir Poutine depuis le 7 mai 2012. Cette d\u00e9claration sera suivie, le <a target=\"_blank\" href=\"https:\/\/www.elysee.fr\/emmanuel-macron\/2024\/02\/16\/accord-de-cooperation-en-matiere-de-securite-entre-la-france-et-lukraine\">16 f\u00e9vrier 2024<\/a>, d\u2019un accord de s\u00e9curit\u00e9 bilat\u00e9ral avec l\u2019Ukraine, pr\u00e9voyant 3 milliards d\u2019euros d\u2019aide militaire pour 2024, selon le minist\u00e8re des Arm\u00e9es fran\u00e7ais. Un accord qui <a target=\"_blank\" href=\"https:\/\/www.francesoir.fr\/politique-france\/accord-franco-ukrainien-macron-attal-et-sejourne-ont-ils-sciemment-viole-la\">pourrait bien avoir viol\u00e9 la Constitution fran\u00e7aise et d\u00e9sinform\u00e9 le Parlement,<\/a> \u00e9crivait France-Soir en avril 2024.<\/li>\n<li>En juin 2024, lors d\u2019une visite \u00e0 Kiev, <a target=\"_blank\" href=\"https:\/\/www.lemonde.fr\/international\/article\/2024\/06\/07\/guerre-en-ukraine-avec-l-envoi-de-mirage-emmanuel-macron-franchit-une-nouvelle-etape-dans-son-soutien-a-kiev_6237760_3210.html\">Macron annonce la livraison de Mirage 2000-5, avions de combat fabriqu\u00e9s par Dassault Aviation<\/a>, op\u00e9ration confirm\u00e9e par le ministre des Arm\u00e9es.<\/li>\n<li>Les chiffres corroborent cette militarisation : <a target=\"_blank\" href=\"https:\/\/www.defense.gouv.fr\/sites\/default\/files\/ministere-armees\/Projet%20de%20Loi%20de%20Finances%202025%20-%20LPM%20ann%C3%A9e%202%20%2810%202024%29.pdf\">le budget de la d\u00e9fense fran\u00e7aise<\/a> pour 2025 atteint 50,5 milliards d\u2019euros, contre 47,2 milliards en 2024, <a target=\"_blank\" href=\"https:\/\/www.defense.gouv.fr\/ministere\/politique-defense\/loi-programmation-militaire-2024-2030\/projet-loi-finances-armees-2025-lpm-annee-2\">selon la Loi de programmation militaire (LPM) 2024-2030 adopt\u00e9e le 13 juillet 2023, une hausse de 56 % entre 2017 et 2024 et de 6,9 % sur un an<\/a>.<\/li>\n<li>Parall\u00e8lement, 2024 est la seconde ann\u00e9e record pour les exportations d\u2019armement. Elles bondissent jusqu\u2019\u00e0 18 milliards d\u2019euros <a target=\"_blank\" href=\"https:\/\/www.capital.fr\/economie-politique\/vente-d-armes-la-france-a-atteint-des-records-en-2024-1507757\">d\u2019apr\u00e8s Capital. Et 2025 est en passe d\u2019\u00eatre une nouvelle ann\u00e9e record<\/a>. Une analyse compl\u00e8te peut \u00eatre lue dans le <a target=\"_blank\" href=\"https:\/\/www.defense.gouv.fr\/sites\/default\/files\/ministere-armees\/Rapport%20au%20Parlement%202024%20sur%20les%20exportations%20d%E2%80%99armement%20de%20la%20France%20%2807%202024%29.pdf\">rapport au Parlement sur les exportations d\u2019armement, publi\u00e9 le 4 juillet 2024<\/a>.<\/li>\n<\/ul>\n<p>L\u2019alignement sur l\u2019Organisation du trait\u00e9 de l&rsquo;Atlantique nord (OTAN), pr\u00e9sid\u00e9e par Jens Stoltenberg jusqu\u2019au 1er octobre 2024, puis par Mark Rutte, constitue un axe central de cette strat\u00e9gie.<\/p>\n<ul>\n<li>Le sommet de l\u2019OTAN \u00e0 Washington, du 9 au 11 juillet 2024, voit Macron plaider pour une \u00ab\u00a0<em>Europe de la d\u00e9fense<\/em>\u00a0\u00bb int\u00e9gr\u00e9e \u00e0 l\u2019Alliance. Ce qui se traduit par une proposition de 850 milliards d\u2019euros de von der Leyen, avec le plan REARM Europe. Une forme de folie en p\u00e9riode de crise \u00e9conomique importante en Europe, que seule <a target=\"_blank\" href=\"https:\/\/www.francesoir.fr\/politique-france\/rearmement-ou-desarmement-bonsensorg-secoue-l-ue-et-s-engage-pour-la-paix\">l&rsquo;association BonSens.org questionne en saisissant la m\u00e9diatrice europ\u00e9enne<\/a> : <strong>l\u2019association plaide pour la paix, <\/strong>et face \u00e0 la d\u00e9fiance massive envers Macron, estime que cette d\u00e9marche citoyenne pourrait inspirer des d\u00e9put\u00e9s de tous les pays europ\u00e9ens qui contestent le r\u00e9armement : <strong>\u00ab REARM Europe \u00bb ou \u00ab DISARM Europe \u00bb ?<\/strong><\/li>\n<li>Et il semblerait que <a target=\"_blank\" href=\"https:\/\/www.lemonde.fr\/idees\/article\/2025\/03\/11\/porter-l-effort-de-defense-francais-a-2-5-ou-3-du-pib-est-plus-realiste-qu-il-n-y-parait_6579235_3232.html\">porter l\u2019engagement de la France \u00e0 2,5 % \u00e0 3 % du PIB parait plus r\u00e9aliste qu\u2019il n\u2019y parait. <\/a>\u00ab\u00a0<em>On n\u2019a pas d\u2019argent pour les retraites ou les agriculteurs, cependant pour s\u2019armer et faire la guerre, on le trouve<\/em>. \u00bb<\/li>\n<li>Cet alignement suscite des critiques internes : en f\u00e9vrier 2025, France-Soir\/BonSens.org \u00e9tablit que Macron est rejet\u00e9, que le niveau de dette est d\u00e9cri\u00e9, et que la d\u00e9mocratie r\u00e9clam\u00e9e. Le peuple veut le pouvoir et dit \u00ab\u00a0Stop \u00e0 la guerre\u00a0! \u00bb, r\u00e9v\u00e8le que 73 % des Fran\u00e7ais <a target=\"_blank\" href=\"https:\/\/edition.francesoir.fr\/politique-france\/les-francais-disent-stop-l-europe-et-la-guerre-macron-seul-contre-tous-2025-la-fin\">s\u2019opposent \u00e0 une intervention militaire directe en Ukraine<\/a>.<\/li>\n<\/ul>\n<p>La rh\u00e9torique guerri\u00e8re d\u2019Emmanuel Macron s\u2019accompagne d\u2019une exploitation s\u00e9mantique de la peur, analys\u00e9e dans \u00ab\u00a0<a target=\"_blank\" href=\"https:\/\/www.francesoir.fr\/opinions-editos\/la-guerre-des-mots\">La guerre des mots\u00a0<\/a>\u00bb\u00a0: \u00ab\u00a0<em>Rh\u00e9torique belliqueuse, s\u00e9mantique fallacieuse\u2026 toute la communication d&rsquo;Emmanuel Macron consiste \u00e0 faire insidieusement accepter \u00e0 la population fran\u00e7aise une guerre qu\u2019il souhaite d\u00e9clarer \u00e0 la Russie pour le compte de l&rsquo;Otan, comme finalit\u00e9 in\u00e9vitable, logique et m\u00eame l\u00e9gitime<\/em>\u00a0\u00bb. Cela intervient alors que la logique et le bon sens, ces valeurs et notions on ne peut plus \u201cpopulaires\u201d, dictent \u00e0 toute personne sens\u00e9e, que rien, absolument RIEN ne justifie cette guerre.\u00a0\u00bb<\/p>\n<ul>\n<li>Entre 2022 et 2024, l\u2019utilisation du terme \u00ab\u00a0<em>menace russe <\/em>\u00bb est en nette augmentation dans les discours de Macron. Et en 2025, la menace russe est prononc\u00e9e quasiment \u00e0 toutes les sauces. \u00c0 croire que les chars russes sont \u00e0 deux pas de l\u2019Arc de Triomphe.<\/li>\n<li>Ce 7 mars 2025, Macron d\u00e9clare \u00e0 Bruxelles\u00a0: <a target=\"_blank\" href=\"https:\/\/www.lefigaro.fr\/international\/en-direct-guerre-en-ukraine-macron-appelle-les-francais-au-courage-face-a-un-monde-de-dangers-20250306\"><em>Guerre en Ukraine\u00a0: la Russie repr\u00e9sente \u00ab une menace existentielle \u00bb pour l\u2019Europe, assure Emmanuel Macron<\/em><\/a><\/li>\n<li>\n<p>Cette strat\u00e9gie trouve un \u00e9cho dans les m\u00e9dias traditionnels : une recherche sur les mots cl\u00e9s \u00ab\u00a0risque de guerre en France 2025\u00a0\u00bb donne 31.3 millions de r\u00e9ponses, le double de la recherche sur les mots cl\u00e9s \u00ab\u00a0effets secondaires de la vaccination 2025\u00a0\u00bb. La corruption en Europe et la loi sur les ZFE d\u00e9livrent bien moins de r\u00e9ponses.\u00a0Et notez \u00e9galement que la recherche sur les mots cl\u00e9s \u00ab\u00a0Brigitte Macron est-elle un homme\u00a0\u00bb sur BING.fr ne d\u00e9livre pas de nombre de r\u00e9ponses. Aucun\u00a0!<\/p>\n<p><img decoding=\"async\" data-entity-uuid=\"494d2f57-0751-4ead-9bc3-8c95520a2cf8\" data-entity-type=\"file\" alt=\"Recherche BING\" width=\"945\" height=\"533\" loading=\"lazy\" class=\"lazyload\" src=\"https:\/\/www.francesoir.fr\/sites\/default\/files\/inline-images\/image_154.png\"\/><\/p>\n<\/li>\n<\/ul>\n<p><strong>Le refus cat\u00e9gorique de la guerre par les Fran\u00e7ais s\u2019exprime avec force dans trois sondages r\u00e9alis\u00e9s le 27 f\u00e9vrier 2025 par <\/strong><em><strong>France-Soir <\/strong><\/em><strong>et BonSens.org, aupr\u00e8s de 1 200 personnes.<\/strong><\/p>\n<ul>\n<li>73 % <a target=\"_blank\" href=\"https:\/\/edition.francesoir.fr\/politique-france\/les-francais-disent-stop-l-europe-et-la-guerre-macron-seul-contre-tous-2025-la-fin\">des sond\u00e9s rejettent l\u2019envoi de troupes fran\u00e7aises en Ukraine<\/a>, privil\u00e9giant la pr\u00e9servation des ressources nationales face \u00e0 une inflation persistante depuis 2023.<\/li>\n<li>Ce rejet s\u2019amplifie dans l\u2019analyse \u00ab\u00a0<a target=\"_blank\" href=\"https:\/\/edition.francesoir.fr\/politique-france\/les-francais-disent-stop-l-europe-et-la-guerre-macron-seul-contre-tous-2025-la-fin\"><em>Macron rejet\u00e9, dette d\u00e9cri\u00e9e, d\u00e9mocratie r\u00e9clam\u00e9e : le peuple veut le pouvoir<\/em><\/a> \u00bb (<em>France-Soir<\/em>, 11 mars 2025), o\u00f9 67 % des sond\u00e9s, s\u2019opposent \u00e0 toute intervention militaire directe, estimant qu\u2019elle aggrave la dette publique, \u00e9valu\u00e9e \u00e0 120 % du PIB en 2025.<br \/>&#8211; Enfin, \u00ab\u00a0<a target=\"_blank\" href=\"https:\/\/edition.francesoir.fr\/politique-france\/les-francais-disent-stop-l-europe-et-la-guerre-macron-seul-contre-tous-2025-la-fin\">Les Fran\u00e7ais disent stop \u00e0 l\u2019Europe et \u00e0 la guerre : Macron seul contre tous, 2025 la fin ?<\/a>\u00a0\u00bb (<em>France-Soir<\/em>, 12 mars 2025) r\u00e9v\u00e8le que seuls 14 % soutiennent une augmentation de l\u2019aide \u00e0 l\u2019Ukraine, 54 % pr\u00e9f\u00e9rant une politique de souverainet\u00e9 nationale \u00e0 l\u2019engagement international pr\u00f4n\u00e9 par Macron.<\/li>\n<\/ul>\n<p><strong>Un parall\u00e8le historique \u00e9merge avec le discours de John F. Kennedy, pr\u00e9sident des \u00c9tats-Unis, prononc\u00e9 le 10 juin 1963 \u00e0 l\u2019American University de Washington, cinq mois avant son assassinat, le 22 novembre 1963, \u00e0 Dallas.<\/strong><\/p>\n<ul>\n<li>Dans <a target=\"_blank\" href=\"https:\/\/videos.francesoir.fr\/discours-de-dallas-de-kennedy-avant-son-assassinat-en-63-propos-enigmatiques-et-compromettants-mp4\/\">cette allocution<\/a>, JFK appelle \u00e0 une paix durable, d\u00e9clarant : \u00ab\u00a0<em>Nous respirons tous le m\u00eame air. Nous ch\u00e9rissons tous l\u2019avenir de nos enfants. Et nous sommes tous mortels <\/em>\u00bb, propos enregistr\u00e9s devant 5 000 \u00e9tudiants.<\/li>\n<li>JFK critique <strong>les logiques belliqueuses de la Guerre froide<\/strong>, opposant \u00e0 l\u2019\u00e9poque les \u00c9tats-Unis \u00e0 l\u2019Union sovi\u00e9tique, dirig\u00e9e par Khrouchtchev depuis le 27 mars 1958. Il propose une d\u00e9tente avec Moscou, concr\u00e9tis\u00e9e par le Trait\u00e9 d\u2019interdiction partielle des essais nucl\u00e9aires sign\u00e9 le 5 ao\u00fbt 1963.<\/li>\n<li>Ce discours, <em>\u00ab\u00a0jug\u00e9 compromettant par certains analystes<\/em>\u00a0\u00bb selon <em>France-Soir<\/em>, pr\u00e9c\u00e8de de cinq mois son \u00e9limination physique, un \u00e9v\u00e9nement que l\u2019\u00e9dito, satirique, mais \u00f4 combien r\u00e9aliste, \u00ab\u00a0<a target=\"_blank\" href=\"https:\/\/www.francesoir.fr\/opinions-editos\/le-virus-de-la-guerre\">Le virus de la guerre\u00a0<\/a>\u00bb relie aux risques encourus par les dirigeants pr\u00f4nant <strong>la paix face aux int\u00e9r\u00eats militaro-industriels<\/strong>.<\/li>\n<\/ul>\n<p>Et dans ce m\u00eame \u00e9dito, <strong>l\u2019analyse met en lumi\u00e8re une addiction structurelle au conflit<\/strong>.<\/p>\n<ul>\n<li>(je le r\u00e9p\u00e8te expr\u00e8s) :\u00a0La guerre est une drogue, et Macron semble y avoir pris go\u00fbt. Elle dope les egos, gonfle les budgets, et surtout, elle d\u00e9tourne l\u2019attention des vrais probl\u00e8mes : la pr\u00e9carit\u00e9 galopante, la dette abyssale, l\u2019effondrement de nos libert\u00e9s\u00a0\u00bb, une observation que l\u2019on peut corr\u00e9ler \u00e0 l\u2019augmentation de 3,3 milliards d\u2019euros du budget militaire entre 2024 et 2025.<\/li>\n<li>\n<p>Les exportations d\u2019armes fran\u00e7aises, pass\u00e9es \u00e0 18 milliards d\u2019euros en 2024 et attendues en une nouvelle ann\u00e9e record en 2025, profitent \u00e0 des groupes comme Dassault Aviation et Thales, dont les actions ont respectivement grimp\u00e9 de 55,7 % et 73,&amp; % sur le CAC 40, entre janvier et mars 2025, pendant que le CAC40, indice boursier parisien, n\u2019augmentait que de 8,97 % (Source : ZoneBourse).<\/p>\n<p><img decoding=\"async\" data-entity-uuid=\"8324649e-1f2d-4678-8ccb-0001f9036574\" data-entity-type=\"file\" alt=\"Comparaison cours d'actions\" width=\"945\" height=\"529\" loading=\"lazy\" class=\"lazyload\" src=\"https:\/\/www.francesoir.fr\/sites\/default\/files\/inline-images\/image_155.png\"\/><\/p>\n<\/li>\n<li>Cette d\u00e9pendance \u00e9conomique et politique au complexe militaro-industriel, terme popularis\u00e9 par Dwight Eisenhower le 17 janvier 1961, est un v\u00e9ritable moteur de l\u2019escalade actuelle.<\/li>\n<\/ul>\n<p>La population fran\u00e7aise exprime un rejet croissant d\u2019Emmanuel Macron. Il se retrouve seul contre tous. Seuls 4 % des personnes interrog\u00e9es pensent qu\u2019il m\u00e8ne le pays dans la bonne direction (source sondage <em>France-Soir<\/em>\/BonSens.org vague f\u00e9vrier 2025). De nombreuses manifestations prennent place en ce d\u00e9but d\u2019ann\u00e9e pour d\u00e9noncer \u00ab\u00a0la guerre de Macron\u00a0\u00bb, et pour aller contre le plan de R\u00e9armement de l\u2019Europe promu par von der Leyen.<br \/>&#8211; Les pancartes affichent : \u00ab\u00a0<em>Non \u00e0 l\u2019OTAN, oui \u00e0 la paix <\/em>\u00bb.<br \/>&#8211; Le m\u00eame sondage France-Soir\/BonSens.org \u00e9tabli que seuls 6 % des sond\u00e9s pensent que Macron et ses gouvernements ont rendu le monde plus stable, et 50 % estiment qu\u2019ils l\u2019ont rendu moins stable.<\/p>\n<p><img decoding=\"async\" data-entity-uuid=\"ec35e0b9-3f4f-4b8e-8e43-46ad5f2dd65a\" data-entity-type=\"file\" alt=\"Stabilit\u00e9 de la France\" width=\"945\" height=\"378\" loading=\"lazy\" class=\"lazyload\" src=\"https:\/\/www.francesoir.fr\/sites\/default\/files\/inline-images\/image_156.png\"\/><\/p>\n<p><strong>Perspectives<\/strong><\/p>\n<p>Les tensions internes pourraient s\u2019accentuer avec l\u2019approche des \u00e9lections de 2027. De plus en plus de personnalit\u00e9s politiques annoncent leurs candidatures (\u00c9douard Philippe, Marine Le Pen, Nicolas Dupont-Aignan, Laurent Wauquiez, Xavier Bertrand, Fran\u00e7ois Asselineau), d\u2019autres leurs intentions de candidater (Jordan Bardella, Jean-Luc M\u00e9lenchon, Gabriel Attal, David Lisnard), et tous le font sans vraisemblablement tenir compte du fait que <a target=\"_blank\" href=\"https:\/\/www.francesoir.fr\/politique-france\/macron-rejete-dette-decriee-democratie-reclamee-le-peuple-veut-le-pouvoir-sondage\">69 % des Fran\u00e7ais estiment qu\u2019\u00a0\u00ab\u00a0<em>aucune personnalit\u00e9 actuelle n\u2019incarne un avenir positif pour la France<\/em>\u00a0\u00bb<\/a>.\u00a0 Les Fran\u00e7ais ont un avis d\u00e9favorable sur la quasi-totalit\u00e9 des personnalit\u00e9s politiques\u202f!<\/p>\n<p><img decoding=\"async\" data-entity-uuid=\"31de5f98-35ca-46fc-9baf-644c5205efa7\" data-entity-type=\"file\" alt=\"Sondage personnalit\u00e9s politiques\" width=\"4848\" height=\"4010\" loading=\"lazy\" class=\"lazyload\" src=\"https:\/\/www.francesoir.fr\/sites\/default\/files\/inline-images\/Sondage%20vague%20II%20-%20%20Personnalit%C3%A9s%20poliitques_1.png\"\/><\/p>\n<p>En outre, 54 % des sond\u00e9s d\u00e9clarent qu\u2019\u00ab\u00a0<em>aucune de ces personnes ne m\u2019inspire<\/em>\u00a0\u00bb. Un message qui ne semble pas entendu par les politiques fran\u00e7ais, et qui d\u00e9montre plus encore la fracture qui existe entre les Fran\u00e7ais et ces personnalit\u00e9s politiques. \u00ab\u00a0Quoi <em>que disent ou pensent les Fran\u00e7ais de ces personnalit\u00e9s, celles-ci semblent toujours les \u00e9couter, selon leurs dires, mais aucune ne les \u00e9coute ni ne prend acte de leur volont\u00e9\u00a0<\/em>\u00bb, d\u00e9clare un sociologue \u00e0 la vue des r\u00e9sultats de l\u2019enqu\u00eate <em>France-Soir<\/em>\/BonSens.org. <strong>Aucune opposition politique ne para\u00eet \u00e0 l\u2019heure actuelle capable de capitaliser sur ce m\u00e9contentement. Cela atteste du fait que la confiance dans les personnalit\u00e9s politiques est r\u00e9ellement tr\u00e8s basse.<\/strong><\/p>\n<p>De surcro\u00eet, la d\u00e9pendance croissante \u00e0 l\u2019OTAN risque de r\u00e9duire la marge de man\u0153uvre diplomatique fran\u00e7aise, tandis que les ressources allou\u00e9es \u00e0 la d\u00e9fense pourraient aggraver la dette publique, estim\u00e9e \u00e0 121 % du PIB en 2025 par le Fonds Mon\u00e9taire International (FMI).<\/p>\n<p>Carl von Clausewitz \u00e9crivait dans \u00ab\u00a0<em>De la guerre<\/em>\u00a0\u00bb (1832) : \u00ab\u00a0<em>La guerre est la continuation de la politique par d\u2019autres moyens.<\/em>\u00a0\u00bb Cette maxime s\u2019inscrit pleinement dans la r\u00e9alit\u00e9 avec l\u2019ent\u00eatement d\u2019Emmanuel Macron \u00e0 militariser sa diplomatie, tout en <a target=\"_blank\" href=\"https:\/\/edition.francesoir.fr\/opinions-editos\/macron-t-il-aussi-rendu-malade-ses-concitoyens-en-mettant-en-place-une-maltraitance\">continuant \u00e0 maltraiter institutionnellement les Fran\u00e7ais<\/a>, \u00e0 les rendre malades. Et \u00e0 cela s\u2019ajoute une v\u00e9rit\u00e9 plus am\u00e8re encore de Marcel Camus\u00a0: \u00ab\u00a0<em>On fait la guerre \u00e0 des gens qu\u2019on ne conna\u00eet pas, au nom d\u2019id\u00e9es qu\u2019on ne comprend pas toujours<\/em>.\u00a0\u00bb En 2025, les Fran\u00e7ais, eux, semblent dire massivement stop \u00e0 cette logique. Ils r\u00e9clament une politique au service de la paix, et non pas une politique de l\u2019escalade. Mais qui va donc les entendre v\u00e9ritablement\u00a0?<\/p>\n<p>Oui. Malheureusement la question pos\u00e9e en titre est on ne peut plus d&rsquo;actualit\u00e9 :<\/p>\n<blockquote>\n<p>\u00ab <em>Jusqu&rsquo;o\u00f9 Emmanuel Macron va-t-il conduire la France dans l&rsquo;engrenage guerrier, suicidaire et irr\u00e9versible<\/em> \u00bb ?<\/p>\n<\/blockquote>\n<p>Si rien n\u2019est fait pour l\u2019arr\u00eater, \u00e0 coup s\u00fbr, il va la conduire droit \u00e0 la catastrophe, \u00e0 savoir comme il le fait depuis huit ans. C\u2019est-\u00e0-dire <strong>syst\u00e9matiquement en m\u00eame temps contre les int\u00e9r\u00eats de la France et\u00a0des Fran\u00e7ais<\/strong>, et contre <strong>la volont\u00e9 du souverain qu&rsquo;est le peuple<\/strong>, en th\u00e9orie, dans une d\u00e9mocratie. Ce souverain \u00e0 propos duquel Fran\u00e7ois Bayrou a \u00e9t\u00e9 on ne peut plus clair\u00a0: il n&rsquo;est <strong>aucunement question d&rsquo;interroger les Fran\u00e7ais sur les sujets d&rsquo;importance<\/strong>. Qu&rsquo;un r\u00e9f\u00e9rendum posant celle \u00ab <em>Oui ou non : voulez-vous que la France entre en guerre contre la Russie <\/em>? \u00bb serait rigoureusement \u00ab\u00a0anti-d\u00e9mocratique\u00a0\u00bb (sic) et ram\u00e8nerait la France dans la p\u00e9riode la plus sombre de son Histoire.<\/p>\n<p>Alors que 96 % des Fran\u00e7ais rejettent la direction d\u00e9sastreuse d\u2019Emmanuel Macron, ce dernier s\u2019obstine dans sa croisade guerri\u00e8re, transformant la France en pion docile de l\u2019OTAN, et en terrain de jeux pour les marchands d\u2019armes. Quelle ironie tragique, cet homme si prompt \u00e0 quasiment d\u00e9clarer la guerre, incapable de voir que <strong>l&rsquo;unique bataille qui lui incombait r\u00e9ellement, il l&rsquo;a d\u00e9j\u00e0 perdue<\/strong>. <strong>C\u2019\u00e9tait celle de la confiance populaire !<\/strong> S\u2019il avait eu un tant soit peu, f\u00fbt-ce infinit\u00e9simalement, l\u2019\u00e9toffe d\u2019un chef d\u2019\u00c9tat, se donner corps et \u00e2me dans cette bataille aurait \u00e9t\u00e9 la priorit\u00e9 de ses priorit\u00e9s. Mais bon. N\u2019est pas Jacques Chirac qui veut. Ni encore moins le G\u00e9n\u00e9ral de Gaulle. Une stature <em>a fortiori<\/em> inaccessible pour un enfant g\u00e2t\u00e9, g\u00e2teux pr\u00e9coce, chef des arm\u00e9es qui n\u2019a m\u00eame pas fait son service militaire.<\/p>\n<blockquote>\n<p>C&rsquo;est \u00e0 se demander <strong>si en lieu et place du boulet de d\u00e9molition, ce n&rsquo;est pas \u00ab\u00a0la b\u00eate de l&rsquo;\u00e9v\u00e9nement\u00a0\u00bb qui est l\u00e0 <\/strong>?<\/p>\n<p>Auquel cas, reste \u00e0 savoir de quel \u00e9v\u00e9nement pr\u00e9cis\u00e9ment il s\u2019agit, et quelle est la v\u00e9ritable nature de \u00ab\u00a0la b\u00eate\u00a0\u00bb\u00a0: qui est-elle vraiment\u00a0?<\/p>\n<p>Je m\u2019emploierai \u00e0 tenter de r\u00e9pondre au mieux \u00e0 ces trois questions dans mon prochain \u00e9dito.<\/p>\n<\/blockquote>\n<p>\u00a0<\/p>\n<p>Liens web des \u00e9ditos r\u00e9f\u00e9renc\u00e9s\u00a0:<\/p>\n<p>1) tirade extraite du nouveau spectacle de Docteur Alwest\u00a0: \u00ab\u00a0<em>Droit dans l\u2019 mur\u00a0!<\/em>\u00a0\u00bb<\/p>\n<\/div>\n<p><script>(function(d, s, id) {  var js, fjs = d.getElementsByTagName(s)[0];  if (d.getElementById(id)) return;  js = d.createElement(s); js.id = id;  js.src = \"\/\/connect.facebook.net\/fr_FR\/sdk.js#xfbml=1&version=v2.3\";  fjs.parentNode.insertBefore(js, fjs);}(document, \"script\", \"facebook-jssdk\"));<\/script><br \/>\n<br \/><br \/>\n<br \/><a href=\"https:\/\/www.francesoir.fr\/opinions-editos\/jusqu-ou-macron-menera-t-il-la-france-dans-l-engrenage-guerrier-contre-la-volonte\" target=\"_blank\"\">Source link <\/a><\/p>\n","protected":false},"excerpt":{"rendered":"<p>R\u00e9sum\u00e9 : Emmanuel Macron, ce pr\u00e9sident qui se voit en maitre du jeu et des horloges, n&rsquo;est-il en r\u00e9alit\u00e9 qu&rsquo;un g\u00e9n\u00e9ral de pacotille\u00a0? \u00ab\u00a0Un Dom Quichotte chochotte, mais qui choque.\u00a0\u00bb&hellip; <\/p>\n","protected":false},"author":1,"featured_media":5035,"comment_status":"open","ping_status":"open","sticky":false,"template":"","format":"standard","meta":{"footnotes":""},"categories":[1],"tags":[],"class_list":["post-5034","post","type-post","status-publish","format-standard","has-post-thumbnail","hentry","category-non-classe"],"_links":{"self":[{"href":"https:\/\/monde25.info\/index.php\/wp-json\/wp\/v2\/posts\/5034","targetHints":{"allow":["GET"]}}],"collection":[{"href":"https:\/\/monde25.info\/index.php\/wp-json\/wp\/v2\/posts"}],"about":[{"href":"https:\/\/monde25.info\/index.php\/wp-json\/wp\/v2\/types\/post"}],"author":[{"embeddable":true,"href":"https:\/\/monde25.info\/index.php\/wp-json\/wp\/v2\/users\/1"}],"replies":[{"embeddable":true,"href":"https:\/\/monde25.info\/index.php\/wp-json\/wp\/v2\/comments?post=5034"}],"version-history":[{"count":0,"href":"https:\/\/monde25.info\/index.php\/wp-json\/wp\/v2\/posts\/5034\/revisions"}],"wp:featuredmedia":[{"embeddable":true,"href":"https:\/\/monde25.info\/index.php\/wp-json\/wp\/v2\/media\/5035"}],"wp:attachment":[{"href":"https:\/\/monde25.info\/index.php\/wp-json\/wp\/v2\/media?parent=5034"}],"wp:term":[{"taxonomy":"category","embeddable":true,"href":"https:\/\/monde25.info\/index.php\/wp-json\/wp\/v2\/categories?post=5034"},{"taxonomy":"post_tag","embeddable":true,"href":"https:\/\/monde25.info\/index.php\/wp-json\/wp\/v2\/tags?post=5034"}],"curies":[{"name":"wp","href":"https:\/\/api.w.org\/{rel}","templated":true}]}}