{"id":5042,"date":"2025-03-23T14:52:00","date_gmt":"2025-03-23T13:52:00","guid":{"rendered":"https:\/\/monde25.info\/index.php\/2025\/03\/23\/justice-assistants-parlementaires-fictifs-du-rn-jordy-bardella-perd-un-proces-contre-liberation\/"},"modified":"2025-03-23T14:52:00","modified_gmt":"2025-03-23T13:52:00","slug":"justice-assistants-parlementaires-fictifs-du-rn-jordy-bardella-perd-un-proces-contre-liberation","status":"publish","type":"post","link":"https:\/\/monde25.info\/index.php\/2025\/03\/23\/justice-assistants-parlementaires-fictifs-du-rn-jordy-bardella-perd-un-proces-contre-liberation\/","title":{"rendered":"Justice &#8211; Assistants parlementaires fictifs du RN : Jordy Bardella perd un proc\u00e8s contre \u00ab Lib\u00e9ration \u00bb !"},"content":{"rendered":"<p> <br \/>\n<\/p>\n<div>\n<p><span class=\"dropcap \" style=\"background-color: #ffffff; color: #000000; border-color: #ffffff;\"><strong>U<\/strong><\/span>n article de <em>Lib\u00e9ration<\/em> avait qualifi\u00e9 l\u2019actuel pr\u00e9sident du parti d\u2019extr\u00eame droite fran\u00e7ais, le Rassemblement national, d\u2019\u00ab assistant parlementaire fant\u00f4me \u00bb. De fait, ce dernier a d\u00e9pos\u00e9 plainte pour diffamation et atteinte \u00e0 son honneur. Il vient de perdre son proc\u00e8s en premi\u00e8re instance. Effectivement, dans cette affaire tr\u00e8s grave de d\u00e9tournement d\u2019argent public du RN, Jordy est accus\u00e9 de n\u2019avoir jamais travaill\u00e9 en tant qu\u2019assistant parlementaire. Pire, il a, selon l\u2019enqu\u00eate, achet\u00e9 de vieux agendas en les a antidat\u00e9s afin de cr\u00e9er de fausses preuves et tromper la justice.<\/p>\n<p>Faut-il rappeler le passage t\u00e9l\u00e9 tr\u00e8s g\u00eanant \u2013 <a target=\"_blank\" href=\"https:\/\/www.lelibrepenseur.org\/thomas-guenole-atomise-jordan-bardella-sur-ses-agendas-falsifies-tentative-pathetique-de-sauvetage-par-hanouna\/\">sur TPMP \u2013 de Jordy face \u00e0 Thomas Gu\u00e9nol\u00e9<\/a>. Il ne savait plus quoi r\u00e9pondre \u00e0 une question pourtant tr\u00e8s simple. Il cherchait du regard un secours de Cyril Hanouna, en vain, car la v\u00e9rit\u00e9 s\u2019est impos\u00e9e sur son visage et ce n\u2019\u00e9tait pas joli \u00e0 voir.<\/p>\n<\/div>\n<div id=\"\">\n<div class=\"TextElement__Container-sc-koi3k7-0 gcxGlf\">\n<p class=\"sc-cPiKLX AiZTS text-element\">L\u2019enqu\u00eate \u00e9tait la premi\u00e8re d\u2019une s\u00e9rie sur l\u2019emploi que Jordan Bardella est cens\u00e9 avoir occup\u00e9 au Parlement europ\u00e9en en 2015. Elle a \u00e9t\u00e9 publi\u00e9e quelques jours apr\u00e8s que le parquet de Paris a rendu son r\u00e9quisitoire d\u00e9finitif dans l\u2019affaire dite des \u00ab assistants fictifs du FN \u00bb devenu RN, <a target=\"_blank\" href=\"https:\/\/www.liberation.fr\/politique\/affaire-des-assistants-parlementaires-du-rn-tout-comprendre-au-proces-qui-souvre-ce-lundi-20240929_3HW4PKCYLRFRHA67NSNS34XSMQ\/\" target=\"_blank\" rel=\"noopener\">un vaste syst\u00e8me pr\u00e9sum\u00e9 de d\u00e9tournement de fonds publics europ\u00e9ens<\/a>. L\u2019article relatait qu\u2019\u00e0 la diff\u00e9rence de Marine Le Pen, Jordan Bardella n\u2019\u00e9tait pas poursuivi, alors m\u00eame qu\u2019aux termes de l\u2019enqu\u00eate men\u00e9e par\u00a0<i>Lib\u00e9ration,<\/i>\u00a0aucune preuve de travail effectif pour son eurod\u00e9put\u00e9 quand il \u00e9tait son assistant, n\u2019avait pu \u00eatre retrouv\u00e9e, malgr\u00e9 une r\u00e9mun\u00e9ration totale de 10 444 euros.\u00a0<i>Lib\u00e9ration\u00a0<\/i>n\u2019avait pas encore r\u00e9v\u00e9l\u00e9 que, pour maquiller cet ancien emploi spectral,\u00a0<a target=\"_blank\" href=\"https:\/\/www.liberation.fr\/politique\/assistants-fictifs-du-rassemblement-national-les-faux-documents-de-jordan-bardella-20240909_5IHPRZRD7NAORD7PNHD5UHJAIA\/\" target=\"_blank\" rel=\"noopener\">de faux documents antidat\u00e9s<\/a>\u00a0ont \u00e9t\u00e9 fabriqu\u00e9s pour berner la justice, si elle venait un jour \u00e0 l\u2019entendre.\u00a0<a target=\"_blank\" href=\"https:\/\/www.liberation.fr\/politique\/elections\/affaire-bardella-liberation-publie-une-partie-des-faux-documents-fabriques-par-lactuel-president-du-rn-20240919_OQ576RLFNZGS3AGSA4MHCSGHHA\/\" target=\"_blank\" rel=\"noopener\">Ces documents<\/a>, en partie publi\u00e9s en septembre 2024 par\u00a0<i>Lib\u00e9ration,\u00a0<\/i>n\u2019ont, eux, rien de \u00ab fantomatiques \u00bb.<\/p>\n<\/div>\n<hr\/>\n<h6><span class=\"sc-cPiKLX cmUVuJ\">Photo d\u2019illustration : Jordan Bardella, pr\u00e9sident du Rassemblement national, prononce son discours de Nouvel An devant la presse \u00e0 Paris, France, le 27 janvier 2025. <\/span><span class=\"sc-cPiKLX cmUVuJ\">(Gonzalo Fuentes\/REUTERS)<\/span><\/h6>\n<hr\/>\n<p><a target=\"_blank\" class=\"sc-cPiKLX iiyjzS\" href=\"https:\/\/www.liberation.fr\/auteur\/tristan-berteloot\/\">Tristan Berteloot<\/a><\/p>\n<p><a target=\"_blank\" href=\"https:\/\/www.liberation.fr\/societe\/police-justice\/assistants-parlementaires-fictifs-du-rn-jordan-bardella-perd-un-proces-contre-liberation-20250321_OGZXZUFV3VFOFKBFPO64A3HXR4\/?s=03\"><img loading=\"lazy\" decoding=\"async\" class=\"\" data-pagespeed-lazy-src=\"https:\/\/journal.liberation.fr\/img\/logo.svg\" alt=\"Lib\u00e9ration\" width=\"121\" height=\"44\" src=\"\/pagespeed_static\/1.JiBnMqyl6S.gif\" onload=\"pagespeed.lazyLoadImages.loadIfVisibleAndMaybeBeacon(this);\" onerror=\"this.onerror=null;pagespeed.lazyLoadImages.loadIfVisibleAndMaybeBeacon(this);\"\/><\/a><\/p>\n<h6>21 mars 2025<\/h6>\n<\/div>\n<p><br \/>\n<br \/><a href=\"https:\/\/www.lelibrepenseur.org\/justice-assistants-parlementaires-fictifs-du-rn-jordy-bardella-perd-un-proces-contre-liberation\/\" target=\"_blank\"\">Source link <\/a><\/p>\n","protected":false},"excerpt":{"rendered":"<p>Un article de Lib\u00e9ration avait qualifi\u00e9 l\u2019actuel pr\u00e9sident du parti d\u2019extr\u00eame droite fran\u00e7ais, le Rassemblement national, d\u2019\u00ab assistant parlementaire fant\u00f4me \u00bb. De fait, ce dernier a d\u00e9pos\u00e9 plainte pour diffamation&hellip; <\/p>\n","protected":false},"author":1,"featured_media":0,"comment_status":"open","ping_status":"open","sticky":false,"template":"","format":"standard","meta":{"footnotes":""},"categories":[1],"tags":[],"class_list":["post-5042","post","type-post","status-publish","format-standard","hentry","category-non-classe"],"_links":{"self":[{"href":"https:\/\/monde25.info\/index.php\/wp-json\/wp\/v2\/posts\/5042","targetHints":{"allow":["GET"]}}],"collection":[{"href":"https:\/\/monde25.info\/index.php\/wp-json\/wp\/v2\/posts"}],"about":[{"href":"https:\/\/monde25.info\/index.php\/wp-json\/wp\/v2\/types\/post"}],"author":[{"embeddable":true,"href":"https:\/\/monde25.info\/index.php\/wp-json\/wp\/v2\/users\/1"}],"replies":[{"embeddable":true,"href":"https:\/\/monde25.info\/index.php\/wp-json\/wp\/v2\/comments?post=5042"}],"version-history":[{"count":0,"href":"https:\/\/monde25.info\/index.php\/wp-json\/wp\/v2\/posts\/5042\/revisions"}],"wp:attachment":[{"href":"https:\/\/monde25.info\/index.php\/wp-json\/wp\/v2\/media?parent=5042"}],"wp:term":[{"taxonomy":"category","embeddable":true,"href":"https:\/\/monde25.info\/index.php\/wp-json\/wp\/v2\/categories?post=5042"},{"taxonomy":"post_tag","embeddable":true,"href":"https:\/\/monde25.info\/index.php\/wp-json\/wp\/v2\/tags?post=5042"}],"curies":[{"name":"wp","href":"https:\/\/api.w.org\/{rel}","templated":true}]}}