{"id":5045,"date":"2025-03-23T16:30:52","date_gmt":"2025-03-23T15:30:52","guid":{"rendered":"https:\/\/monde25.info\/index.php\/2025\/03\/23\/meteo-france-decrit-une-france-a-4-c-apocalyptique\/"},"modified":"2025-03-23T16:30:52","modified_gmt":"2025-03-23T15:30:52","slug":"meteo-france-decrit-une-france-a-4-c-apocalyptique","status":"publish","type":"post","link":"https:\/\/monde25.info\/index.php\/2025\/03\/23\/meteo-france-decrit-une-france-a-4-c-apocalyptique\/","title":{"rendered":"M\u00e9t\u00e9o-France d\u00e9crit une France \u00e0 +4\u00a0\u00b0C apocalyptique"},"content":{"rendered":"<p> <br \/>\n<\/p>\n<div>\n<p>    <span class=\"date\">21 mars 2025  \u00e0 09h55<\/span><\/p>\n<p>    <span class=\"date_modif\">Mis \u00e0 jour le 22 mars 2025 \u00e0 09h53<\/span>      <\/p>\n<p class=\"duree_lecture\">\n        Dur\u00e9e de lecture : 4 minutes\n      <\/p>\n<\/p><\/div>\n<div>\n<p>Des canicules s\u2019\u00e9tendant de mi-mai \u00e0 mi-septembre, et pouvant durer deux mois continus<small class=\"fine d-inline\">\u00a0<\/small>; des \u00e9pisodes de s\u00e9cheresse durant des ann\u00e9es<small class=\"fine d-inline\">\u00a0<\/small>; une multiplication par dix des jours de vagues de chaleur et de nuits tropicales<small class=\"fine d-inline\">\u00a0<\/small>; des montagnes priv\u00e9es de neige pendant la majorit\u00e9 de l\u2019hiver\u2026<\/p>\n<p>Dans un <a target=\"_blank\" href=\"https:\/\/meteofrance.com\/sites\/meteofrance.com\/files\/files\/editorial\/rapport-trajectoire-rechauffement-adaptation-changement-climatique-partie-2.pdf\" class=\"spip_out\" rel=\"external\">rapport<\/a> publi\u00e9 jeudi 20\u00a0mars, M\u00e9t\u00e9o-France d\u00e9crit le climat d\u2019une France \u00e0 +4\u00a0\u00b0C. Il s\u2019agit de la hausse du thermom\u00e8tre attendue en 2100 (par rapport \u00e0 l\u2019\u00e8re pr\u00e9industrielle) si les politiques climatiques poursuivent leur trajectoire actuelle. La France se r\u00e9chauffe plus vite que le reste du monde. Sans changement majeur de l\u2019action climatique internationale, la temp\u00e9rature moyenne devrait y \u00eatre sup\u00e9rieure de 2\u00a0\u00b0C aux moyennes pr\u00e9industrielles en 2030, et de 2,7\u00a0\u00b0C en 2050. Les \u00c9tats qui ont sign\u00e9 l\u2019Accord de Paris s\u2019\u00e9taient pourtant engag\u00e9s, en 2015, \u00e0 <a target=\"_blank\" href=\"https:\/\/reporterre.net\/Pourquoi-le-seuil-de-1-5-oC-de-rechauffement-est-crucial\">limiter le r\u00e9chauffement \u00e0 1,5\u00a0\u00b0C<\/a>.<\/p>\n<blockquote class=\"spip\">\n<p>\u00ab<small class=\"fine d-inline\">\u00a0<\/small>Il ne s\u2019agira plus de vivre mais de survivre \u00e0 de tels bouleversements<small class=\"fine d-inline\">\u00a0<\/small>\u00bb<\/p>\n<\/blockquote>\n<p><i>\u00ab<small class=\"fine d-inline\">\u00a0<\/small>C\u2019est un autre pays qui nous est racont\u00e9. Les extr\u00eames seront tellement intenses et fr\u00e9quents qu\u2019il ne s\u2019agira plus de vivre mais de survivre \u00e0 de tels bouleversements<small class=\"fine d-inline\">\u00a0<\/small>\u00bb<\/i>, a d\u00e9crit le climatologue et directeur de recherche au <span class=\"caps\">CNRS<\/span> Davide Faranda aux journalistes du <a target=\"_blank\" href=\"https:\/\/www.lemonde.fr\/planete\/article\/2025\/03\/20\/secheresses-canicules-et-pluies-diluviennes-le-grand-bouleversement-d-une-france-a-4-c_6583877_3244.html\" class=\"spip_out\" rel=\"external\"><i>Monde<\/i><\/a>. <i>\u00ab<small class=\"fine d-inline\">\u00a0<\/small>Dans de nombreux cas, les moyennes du futur pourront ressembler aux extr\u00eames des derni\u00e8res ann\u00e9es<small class=\"fine d-inline\">\u00a0<\/small>\u00bb<\/i>, ajoute Jean-Michel Soubeyroux, directeur adjoint \u00e0 la climatologie \u00e0 M\u00e9t\u00e9o-France et auteur principal de l\u2019\u00e9tude, qui appelle \u00e0 se pr\u00e9parer <i>\u00ab<small class=\"fine d-inline\">\u00a0<\/small>d\u00e8s maintenant<small class=\"fine d-inline\">\u00a0<\/small>\u00bb<\/i>.<\/p>\n<h2 class=\"spip\">Records de chaleur jusqu\u2019\u00e0 50 \u00b0C<\/h2>\n<p>Ainsi, \u00e0 la fin du si\u00e8cle, une ann\u00e9e telle que 2022 \u2014 la plus chaude jamais enregistr\u00e9e en France \u2014 pourrait sembler exceptionnellement fraiche. Des records de chaleur jusqu\u2019\u00e0 50\u00a0\u00b0C seraient possibles localement d\u00e8s l\u2019horizon\u00a02050\u00a0et deviendraient <i>\u00ab<small class=\"fine d-inline\">\u00a0<\/small>probables<small class=\"fine d-inline\">\u00a0<\/small>\u00bb<\/i> lors des canicules en\u00a02100. Les habitants du sud de la France, mais aussi du centre, de l\u2019est et de la r\u00e9gion parisienne seraient touch\u00e9es par ces chaleurs extr\u00eames, dont les cons\u00e9quences sanitaires peuvent aller <a target=\"_blank\" href=\"https:\/\/reporterre.net\/Canicule-pas-si-simple-de-compter-les-morts\">jusqu\u2019\u00e0 la mort<\/a>.<\/p>\n<p>La ressource en eau s\u2019amenuiserait drastiquement, ce qui promet d\u2019augmenter le nombre et l\u2019intensit\u00e9 des incendies. En\u00a02100, les sols de la moiti\u00e9 nord du pays pourraient rester secs pendant quatre \u00e0 cinq\u00a0mois, et ceux des r\u00e9gions m\u00e9diterran\u00e9ennes et de l\u2019Occitanie, plus de sept\u00a0mois. Les \u00e9pisodes de pluie intense devraient n\u00e9anmoins s\u2019aggraver, entra\u00eenant inondations et pertes agricoles. La neige, elle, deviendra de moins en moins pr\u00e9sente dans notre paysage. Les Alpes du Sud, \u00e0 1\u00a0800\u00a0m\u00e8tres d\u2019altitude, ne seraient par exemple plus enneig\u00e9es que 52\u00a0jours par an, contre 132\u00a0jours dans les ann\u00e9es 1990.<\/p>\n<p>Notre sant\u00e9, notre \u00e9conomie, nos activit\u00e9s sociales, touristiques et culturelles\u2026 Tous les domaines promettent d\u2019\u00eatre boulevers\u00e9s par cette modification rapide du climat.<\/p>\n<p>Parmi les secteurs les plus affect\u00e9s\u00a0: l\u2019agriculture. <i>\u00ab<small class=\"fine d-inline\">\u00a0<\/small>Aucune culture fran\u00e7aise ne survit \u00e0 des temp\u00e9ratures [de 45-50\u00a0\u00b0C]<small class=\"fine d-inline\">\u00a0<\/small>\u00bb<\/i>, r\u00e9agit Serge Zaka <a target=\"_blank\" href=\"https:\/\/www.linkedin.com\/posts\/sergezaka_je-ne-comprends-pas-la-position-du-gouvernement-activity-7308591276394799105-1rHd?utm_source=share&amp;utm_medium=member_desktop&amp;rcm=ACoAAEepXPoBrEfiC5b--QqDbnhrURMbSZN7Zsk\" class=\"spip_out\" rel=\"external\">sur le r\u00e9seau social Linkedin<\/a>. Selon l\u2019agroclimatologue, de telles chaleurs r\u00e9duiraient \u00e0 n\u00e9ant les champs de ma\u00efs et de tournesol, tueraient massivement les vaches laiti\u00e8res, br\u00fbleraient les cultures mara\u00eech\u00e8res. <i>\u00ab<small class=\"fine d-inline\">\u00a0<\/small>Quelqu\u2019un a une solution<small class=\"fine d-inline\">\u00a0<\/small>?<\/i> fait mine de s\u2019interroger le chercheur. <i>Je veux bien proposer des strat\u00e9gies d\u2019adaptation, mais \u00e0 +4\u00a0\u00b0C, il n\u2019y en a plus.<small class=\"fine d-inline\">\u00a0<\/small>\u00bb<\/i><\/p>\n<h2 class=\"spip\">Inaction gouvernementale<\/h2>\n<p>Le gouvernement a justement <a target=\"_blank\" href=\"https:\/\/reporterre.net\/Maigres-nouveautes-montants-insuffisants-Ce-que-contient-le-plan-d-adaptation-au-changement-climatique\">pr\u00e9sent\u00e9 son troisi\u00e8me plan d\u2019adaptation<\/a> le 10\u00a0mars dernier. Malgr\u00e9 quelques maigres avanc\u00e9es, le texte <i>\u00ab<small class=\"fine d-inline\">\u00a0<\/small>reste un brouillon inabouti, un assemblage de mesures floues<small class=\"fine d-inline\">\u00a0<\/small>\u00bb<\/i>, <a target=\"_blank\" href=\"https:\/\/bsky.app\/profile\/oxfamfrance.bsky.social\/post\/3ljzdyyncrc2f\" class=\"spip_out\" rel=\"external\">selon Oxfam<\/a>. <i>\u00ab<small class=\"fine d-inline\">\u00a0<\/small>En plus d\u2019\u00eatre d\u00e9pourvu d\u2019objectifs ambitieux, le plan national d\u2019adaptation au <a target=\"_blank\" href=\"Qu-est-ce-que-le-rechauffement-climatique\">changement climatique<\/a> pr\u00e9voit de financer ces politiques avec des fonds que [le gouvernement] vient tout juste de supprimer, comme <a target=\"_blank\" href=\"https:\/\/reporterre.net\/Budget-2025-745-millions-d-euros-en-moins-pour-l-Ecologie\">la coupe dans le fonds vert<\/a><small class=\"fine d-inline\">\u00a0<\/small>\u00bb<\/i>, soulignait \u00e9galement l\u2019<span class=\"caps\">ONG<\/span>, en d\u00e9non\u00e7ant un <i>\u00ab<small class=\"fine d-inline\">\u00a0<\/small>bricolage budg\u00e9taire aberrant<small class=\"fine d-inline\">\u00a0<\/small>\u00bb<\/i>.<\/p>\n<p><a target=\"_blank\" href=\"https:\/\/reporterre.net\/Adaptation-a-4-oC-le-plan-de-la-France-blame-par-le-Haut-Conseil-pour-le-climat\" class=\"lien_lireaussi\"><strong>Lire aussi : <\/strong> <span>Adaptation \u00e0 +4 \u00b0C\u00a0: le plan de la France bl\u00e2m\u00e9 par le Haut Conseil pour le climat<\/span><\/a><\/p>\n<p>Seule solution\u00a0: diminuer nos \u00e9missions de gaz \u00e0 effet de serre, insiste M\u00e9t\u00e9o-France dans son rapport. Or, au fur et \u00e0 mesure que les pouvoirs publics mettent l\u2019accent sur l\u2019adaptation, la lutte contre le changement climatique \u2014 afin d\u2019\u00e9viter une hausse du thermom\u00e8tre de 4\u00a0\u00b0C \u2014 para\u00eet rel\u00e9gu\u00e9e \u00e0 l\u2019arri\u00e8re-plan.<\/p>\n<p>Un paradoxe <a target=\"_blank\" href=\"https:\/\/reporterre.net\/4-oC-en-France-Soit-on-s-adapte-soit-on-lutte-contre\">soulign\u00e9 par le chercheur Thierry Ribault<\/a>\u00a0: <i>\u00ab<small class=\"fine d-inline\">\u00a0<\/small>Le gouvernement d\u00e9clare que nous devons nous adapter \u00e0 4\u00a0\u00b0C suppl\u00e9mentaires en 2100, mais dans le m\u00eame temps, il continue, voire acc\u00e9l\u00e8re, l\u2019industrialisation de l\u2019agriculture, l\u2019extractivisme et tous les d\u00e9lires technophiles responsables de la catastrophe,<\/i> analysait-il sur <i>Reporterre<\/i>. <i>Il nous dit de nous pr\u00e9parer au pire et \u00e0 un futur catastrophique, mais il ne fait absolument rien ici et maintenant.<small class=\"fine d-inline\">\u00a0<\/small>\u00bb<\/i><\/p>\n<aside class=\"boite_encarts\">\n<div class=\"encart encart_gris noprint\">\n<p><strong>Puisque vous \u00eates l\u00e0&#8230;<\/strong><\/p>\n<p>&#8230; nous avons un petit service \u00e0 vous demander.<br class=\"autobr\"\/><br \/>\nEntre la pr\u00e9sence d\u2019un climatosceptique \u00e0 la t\u00eate de la premi\u00e8re puissance mondiale, un gouvernement fran\u00e7ais qui flirte avec l\u2019extr\u00eame-droite, et les catastrophes climatiques qui s\u2019enchainent&#8230; Faire vivre l\u2019\u00e9cologie dans le d\u00e9bat public est un enjeu crucial.<\/p>\n<p>Personne ne modifie ce que nous publions. Nous n\u2019avons ni actionnaire, ni propri\u00e9taire milliardaire \u2014 seulement une \u00e9quipe d\u2019irr\u00e9ductibles journalistes, pleine de d\u00e9termination.<\/p>\n<p>Nous avons la conviction que l\u2019urgence \u00e9cologique est l\u2019enjeu majeur de notre \u00e9poque. Et comme plus de 2 millions de lectrices et lecteurs chaque mois, vous partagez sans doute cette conviction&#8230;<\/p>\n<p><strong>Depuis 12 ans, nous publions des articles de qualit\u00e9 sur l\u2019\u00e9cologie, en acc\u00e8s libre et sans publicit\u00e9, pour tous.<\/strong><br class=\"autobr\"\/><br \/>\nMais ce travail demande beaucoup de temps et de ressources.<\/p>\n<p>Alors, si vous en avez les moyens, sachez qu\u2019un don, m\u00eame d\u20191\u20ac, est un acte de soutien fort pour l\u2019\u00e9cologie et le journalisme ind\u00e9pendant.<br class=\"autobr\"\/><br \/>\n(Et \u00e7a vous prendra moins de temps que la lecture de ce texte).<\/p>\n<p><strong>Si vous le pouvez, choisissez un soutien mensuel. Merci.<\/strong><\/p>\n<p><a target=\"_blank\" href=\"https:\/\/reporterre.net\/dons\" class=\"bt_soutenir\">Je soutiens <i>Reporterre<\/i><\/a><\/p>\n<\/p><\/div>\n<div class=\"encart encart_vert noprint montre_1023\">\n<div class=\"infolettre-form-container noprint\">\n<p>Abonnez-vous \u00e0 la lettre d\u2019info de Reporterre<\/p>\n<\/div><\/div>\n<\/aside>\n<aside class=\"boite_apresarticle encart_note\">\n<h4>Apr\u00e8s cet article<\/h4>\n<p>      <a target=\"_blank\" href=\"https:\/\/reporterre.net\/Adaptation-a-4-oC-le-plan-de-la-France-blame-par-le-Haut-Conseil-pour-le-climat\" class=\"lien_article\">\n      <picture class=\"vignette_gauche\"><source type=\"image\/webp\" srcset=\"https:\/\/reporterre.net\/local\/cache-vignettes\/L450xH300\/dsc_0237-2-1b4f3.jpg@.webp?1741876082\"><img decoding=\"async\" src=\"https:\/\/reporterre.net\/local\/cache-vignettes\/L450xH300\/dsc_0237-2-1b4f3.jpg?1741876082\" width=\"450\" height=\"300\" alt=\"\" class=\"marge12\" loading=\"lazy\"\/><br \/>\n<\/source><\/picture>\n<p class=\"libelle\">\n<p>      Climat\n    <\/p>\n<p class=\"titre pol20\">Adaptation \u00e0 +4 \u00b0C\u00a0: le plan de la France bl\u00e2m\u00e9 par le Haut Conseil pour le climat<\/p>\n<p>      <\/a><br \/>\n    <\/aside>\n<aside class=\"boite_complement texte\">\n<p>      <!-- zone_forum --><br \/>\n          <\/aside>\n<aside class=\"boite_lireaussi noprint\">\n<\/aside>\n<aside class=\"colonne\">\n<div class=\"article_info cache_1023 noprint\">\n<p>    <span class=\"date\">21 mars 2025  \u00e0 09h55<\/span><\/p>\n<p>    <span class=\"date_modif\">Mis \u00e0 jour le 22 mars 2025 \u00e0 09h53<\/span>      <\/p>\n<p class=\"duree_lecture\">\n        Dur\u00e9e de lecture : 4 minutes\n      <\/p>\n<\/p><\/div>\n<div class=\"bloc_infolettre\">\n<div class=\"infolettre-form-container noprint\">\n<p>Abonnez-vous \u00e0 la lettre d\u2019info de Reporterre<\/p>\n<\/div><\/div>\n<\/aside>\n<div id=\"galerie\">\n  <img decoding=\"async\" src=\"\" class=\"principale\" id=\"principale\"\/><\/p>\n<p id=\"legende\">legende<\/p>\n<\/div>\n<footer class=\"noprint\">\n<\/footer>\n<\/div>\n<p><br \/>\n<br \/><a href=\"https:\/\/reporterre.net\/Meteo-France-decrit-une-France-a-4oC-apocalyptique\" target=\"_blank\"\">Source link <\/a><\/p>\n","protected":false},"excerpt":{"rendered":"<p>21 mars 2025 \u00e0 09h55 Mis \u00e0 jour le 22 mars 2025 \u00e0 09h53 Dur\u00e9e de lecture : 4 minutes Des canicules s\u2019\u00e9tendant de mi-mai \u00e0 mi-septembre, et pouvant durer&hellip; <\/p>\n","protected":false},"author":1,"featured_media":5046,"comment_status":"open","ping_status":"open","sticky":false,"template":"","format":"standard","meta":{"footnotes":""},"categories":[1],"tags":[],"class_list":["post-5045","post","type-post","status-publish","format-standard","has-post-thumbnail","hentry","category-non-classe"],"_links":{"self":[{"href":"https:\/\/monde25.info\/index.php\/wp-json\/wp\/v2\/posts\/5045","targetHints":{"allow":["GET"]}}],"collection":[{"href":"https:\/\/monde25.info\/index.php\/wp-json\/wp\/v2\/posts"}],"about":[{"href":"https:\/\/monde25.info\/index.php\/wp-json\/wp\/v2\/types\/post"}],"author":[{"embeddable":true,"href":"https:\/\/monde25.info\/index.php\/wp-json\/wp\/v2\/users\/1"}],"replies":[{"embeddable":true,"href":"https:\/\/monde25.info\/index.php\/wp-json\/wp\/v2\/comments?post=5045"}],"version-history":[{"count":0,"href":"https:\/\/monde25.info\/index.php\/wp-json\/wp\/v2\/posts\/5045\/revisions"}],"wp:featuredmedia":[{"embeddable":true,"href":"https:\/\/monde25.info\/index.php\/wp-json\/wp\/v2\/media\/5046"}],"wp:attachment":[{"href":"https:\/\/monde25.info\/index.php\/wp-json\/wp\/v2\/media?parent=5045"}],"wp:term":[{"taxonomy":"category","embeddable":true,"href":"https:\/\/monde25.info\/index.php\/wp-json\/wp\/v2\/categories?post=5045"},{"taxonomy":"post_tag","embeddable":true,"href":"https:\/\/monde25.info\/index.php\/wp-json\/wp\/v2\/tags?post=5045"}],"curies":[{"name":"wp","href":"https:\/\/api.w.org\/{rel}","templated":true}]}}