{"id":5059,"date":"2025-03-23T20:56:19","date_gmt":"2025-03-23T19:56:19","guid":{"rendered":"https:\/\/monde25.info\/index.php\/2025\/03\/23\/le-peu-dambition-du-gouvernement-pour-sauver-les-glaciers\/"},"modified":"2025-03-23T20:56:19","modified_gmt":"2025-03-23T19:56:19","slug":"le-peu-dambition-du-gouvernement-pour-sauver-les-glaciers","status":"publish","type":"post","link":"https:\/\/monde25.info\/index.php\/2025\/03\/23\/le-peu-dambition-du-gouvernement-pour-sauver-les-glaciers\/","title":{"rendered":"Le peu d\u2019ambition du gouvernement pour sauver les glaciers"},"content":{"rendered":"<p> <br \/>\n<\/p>\n<div>\n<p>    <span class=\"date\">21 mars 2025  \u00e0 09h49<\/span><\/p>\n<p>    <span class=\"date_modif\">Mis \u00e0 jour le 23 mars 2025 \u00e0 18h33<\/span>      <\/p>\n<p class=\"duree_lecture\">\n        Dur\u00e9e de lecture : 4 minutes\n      <\/p>\n<\/p><\/div>\n<div>\n<p class=\"indication_lieu\">Bourg-Saint-Maurice (Savoie), reportage<\/p>\n<p>Paroles, paroles et encore des paroles. Jeudi 20\u00a0mars, Agn\u00e8s Pannier-Runacher, la ministre de la Transition \u00e9cologique, est venue \u00e0 Bourg-Saint-Maurice \u00e0 l\u2019occasion du festival <a target=\"_blank\" href=\"https:\/\/agirpourlesglaciers.org\/\" class=\"spip_out\" rel=\"external\">Agir pour les glaciers<\/a>, qui dure trois jours. Les organisatrices et organisateurs s\u2019attendaient \u00e0 des annonces concr\u00e8tes pour prot\u00e9ger ces ch\u00e2teaux d\u2019eau des montagnes. Ils ont \u00e9t\u00e9 d\u00e9\u00e7us.<\/p>\n<p>La ministre a commenc\u00e9 par r\u00e9affirmer la volont\u00e9 du gouvernement de placer 100<small class=\"fine d-inline\">\u00a0<\/small>% des glaciers fran\u00e7ais <i>\u00ab<small class=\"fine d-inline\">\u00a0<\/small>sous protection forte \u00e0 l\u2019horizon 2030<small class=\"fine d-inline\">\u00a0<\/small>\u00bb<\/i>. Une annonce d\u00e9j\u00e0 faite par Emmanuel Macron en novembre 2023 lors du <a target=\"_blank\" href=\"https:\/\/reporterre.net\/Emmanuel-Macron-annonce-1-milliard-d-euros-pour-les-poles\">One polar summit<\/a> qui manque aujourd\u2019hui de traduction juridique et d\u2019application sur le terrain.<\/p>\n<p>Un exemple\u00a0: cette protection totale pourrait-elle emp\u00eacher la construction d\u2019un <a target=\"_blank\" href=\"https:\/\/reporterre.net\/Glacier-en-danger-une-nuit-a-la-zad-la-plus-haute-d-Europe\" class=\"spip_in\">troisi\u00e8me tron\u00e7on de t\u00e9l\u00e9ph\u00e9rique sur le glacier de la Girose<\/a>, au-dessus de la Grave, dans les Hautes-Alpes<small class=\"fine d-inline\">\u00a0<\/small>?<\/p>\n<h2 class=\"spip\">Des \u00ab<small class=\"fine d-inline\">\u00a0<\/small>capteurs<small class=\"fine d-inline\">\u00a0<\/small>\u00bb pour rep\u00e9rer les points de vuln\u00e9rabilit\u00e9<\/h2>\n<p>Ce projet, bloqu\u00e9 depuis une occupation des Soul\u00e8vements de la Terre, <a target=\"_blank\" href=\"https:\/\/reporterre.net\/Telepherique-sur-le-glacier-de-la-Girose-le-chantier-a-l-arret\">n\u2019a pas \u00e9t\u00e9 abandonn\u00e9<\/a>. Interrog\u00e9e sur le sujet, la ministre a bott\u00e9 en touche. <i>\u00ab<small class=\"fine d-inline\">\u00a0<\/small>Ce dossier est particulier. Je n\u2019en ai pas pris connaissance personnellement. Il n\u2019y a pas de d\u00e9cision imm\u00e9diate<small class=\"fine d-inline\">\u00a0<\/small>\u00bb<\/i>, a-t-elle d\u00e9clar\u00e9 lors d\u2019une conf\u00e9rence de presse donn\u00e9e sur la terrasse d\u2019un restaurant dans la station de ski des Arcs.<\/p>\n<p>Pour \u00e9viter d\u2019autres catastrophes comme celles de <a target=\"_blank\" href=\"https:\/\/reporterre.net\/Les-ecolos-boucs-emissaires-du-drame-de-La-Berarde\">La B\u00e9rarde<\/a>, ce village englouti par une crue exceptionnelle, elle estime qu\u2019il faut <i>\u00ab<small class=\"fine d-inline\">\u00a0<\/small>am\u00e9liorer notre culture collective du risque<small class=\"fine d-inline\">\u00a0<\/small>\u00bb<\/i>. Gr\u00e2ce \u00e0 un plan sur les risques d\u2019origine glaciaire et p\u00e9riglaciaire, elle souhaite accompagner les \u00e9lus locaux pour mettre en place des capteurs et rep\u00e9rer les points de vuln\u00e9rabilit\u00e9, <i>\u00ab<small class=\"fine d-inline\">\u00a0<\/small>pour que ce qui devrait arriver ait le minimum d\u2019impact sur nos vies<small class=\"fine d-inline\">\u00a0<\/small>\u00bb<\/i>.<\/p>\n<p><a target=\"_blank\" href=\"https:\/\/reporterre.net\/Sous-les-glaciers-qui-fondent-de-nouveaux-ecosystemes-a-defendre\" class=\"lien_lireaussi\"><strong>Lire aussi : <\/strong> <span>Sous les glaciers qui fondent, de nouveaux \u00e9cosyst\u00e8mes \u00e0 d\u00e9fendre<\/span><\/a><\/p>\n<p>Elle a \u00e9galement demand\u00e9 \u00e0 tous les pr\u00e9fets de mener des concertations, massif par massif, en vue de conclure des pactes territoriaux d\u2019ici la fin de l\u2019ann\u00e9e. Il s\u2019agit de trouver des solutions pour d\u00e9cliner les actions concr\u00eates de protection des glaciers en partenariat avec les collectivit\u00e9s locales.<\/p>\n<p>Ces pactes avaient \u00e9t\u00e9 promis d\u00e8s 2024, comme le rappelle l\u2019association <a target=\"_blank\" href=\"https:\/\/www.mountainwilderness.fr\/protection-des-glaciers-quel-bilan\" class=\"spip_out\" rel=\"external\">Mountain Wilderness<\/a>. Pourquoi de tels d\u00e9lais<small class=\"fine d-inline\">\u00a0<\/small>? <i>\u00ab<small class=\"fine d-inline\">\u00a0<\/small>Je les ai lanc\u00e9s d\u00e8s que j\u2019en ai eu la possibilit\u00e9. Ils devraient \u00eatre termin\u00e9s d\u2019ici la fin de l\u2019ann\u00e9e ou d\u00e9but d\u2019ann\u00e9e prochaine<small class=\"fine d-inline\">\u00a0<\/small>\u00bb<\/i>, assure la ministre.<\/p>\n<p>Ces retards n\u2019\u00e9tonnent pas Jean-Baptiste Bosson, glaciologue et organisateur du festival <a target=\"_blank\" href=\"https:\/\/agirpourlesglaciers.org\/\" class=\"spip_out\" rel=\"external\">Agir pour les glaciers<\/a>. <i>\u00ab<small class=\"fine d-inline\">\u00a0<\/small>L\u2019\u00c9tat n\u2019a pas vraiment mis de moyens sur le sujet. De plus, les \u00e9lus des territoires de montagne n\u2019\u00e9taient pas tr\u00e8s enthousiastes. Ils sont le miroir de leurs concitoyens, pas toujours motiv\u00e9s par le sujet<small class=\"fine d-inline\">\u00a0<\/small>\u00bb<\/i>, constate-t-il. <i>\u00ab<small class=\"fine d-inline\">\u00a0<\/small>Ce qui est positif, c\u2019est que gr\u00e2ce \u00e0 l\u2019ann\u00e9e internationale de la pr\u00e9servation des glaciers, les gens commencent \u00e0 avoir envie d\u2019avancer<small class=\"fine d-inline\">\u00a0<\/small>\u00bb<\/i>.<\/p>\n<h2 class=\"spip\">Aucun budget d\u00e9bloqu\u00e9<\/h2>\n<p>C\u00f4t\u00e9 finances, Agn\u00e8s Pannier-Runacher n\u2019a pas sorti son ch\u00e9quier. Aucun budget sp\u00e9cifiquement d\u00e9di\u00e9 \u00e0 la montagne n\u2019a \u00e9t\u00e9 annonc\u00e9. Les territoires devront se partager le fonds du plan d\u2019adaptation au <a target=\"_blank\" href=\"Qu-est-ce-que-le-rechauffement-climatique\">changement climatique<\/a> avec le reste de la France, notamment les communes du littoral qui doivent lutter contre la submersion maritime. Sur les <a target=\"_blank\" href=\"https:\/\/reporterre.net\/Maigres-nouveautes-montants-insuffisants-Ce-que-contient-le-plan-d-adaptation-au-changement-climatique\">1,6\u00a0milliard\u00a0d\u2019euros pr\u00e9vus<\/a>, les communes pourront piocher dans le fonds Barnier (300\u00a0millions d\u2019euros) mis en place pour aider les collectivit\u00e9s \u00e0 faire face aux catastrophes naturelles ou encore le fonds vert (260\u00a0millions d\u2019euros), qui finance la transition \u00e9cologique des collectivit\u00e9s. <i>\u00ab<small class=\"fine d-inline\">\u00a0<\/small>Ce sont des cr\u00e9dits consid\u00e9rables destin\u00e9s \u00e0 l\u2019ensemble des communes fran\u00e7aises, et notamment aux montagnes, littoraux et for\u00eats<small class=\"fine d-inline\">\u00a0<\/small>\u00bb<\/i>, a pr\u00e9cis\u00e9 la ministre.<\/p>\n<p>Pr\u00e9sent lors de ces annonces, Antoine Pin, le directeur de l\u2019association Protect Our Winters France, s\u2019est montr\u00e9 dubitatif. <i>\u00ab<small class=\"fine d-inline\">\u00a0<\/small>On ne peut que les accueillir positivement, mais on se r\u00e9jouira encore plus lorsqu\u2019elles seront concr\u00e9tis\u00e9es<small class=\"fine d-inline\">\u00a0<\/small>\u00bb<\/i>. Car au-del\u00e0 de nouveaux outils, il estime qu\u2019il faudrait d\u00e9j\u00e0 renforcer l\u2019existant. <i>\u00ab<small class=\"fine d-inline\">\u00a0<\/small>La strat\u00e9gie nationale bas carbone existe, il faudrait faire des efforts pour qu\u2019elle soit mieux appliqu\u00e9e.<small class=\"fine d-inline\">\u00a0<\/small>\u00bb<\/i><\/p>\n<p>Quelles que soient les mesures de protection sp\u00e9cifiques aux glaciers, le meilleur moyen de les sauver serait de r\u00e9duire nos \u00e9missions de gaz \u00e0 effet de serre. <i>\u00ab<small class=\"fine d-inline\">\u00a0<\/small>Si on respectait l\u2019Accord de Paris par exemple, tous les efforts suppl\u00e9mentaires d\u00e9ploy\u00e9s pour prot\u00e9ger les glaciers seraient encore plus impactants<small class=\"fine d-inline\">\u00a0<\/small>\u00bb<\/i>, assure Antoine Pin.<\/p>\n<p>Car il y a urgence. En France, les glaciers ont presque totalement disparu des Pyr\u00e9n\u00e9es et ont perdu pr\u00e8s des <a target=\"_blank\" href=\"https:\/\/reporterre.net\/Les-glaciers-ne-couvrent-plus-qu-un-km2-dans-les-Pyrenees\">deux tiers de leur surface initiale dans Alpes<\/a>. Et les territoires de montagne se r\u00e9chauffent deux fois plus vite que les autres \u00e9cosyst\u00e8mes<\/p>\n<aside class=\"boite_encarts\">\n<div class=\"encart encart_gris noprint\">\n<p><strong>Puisque vous \u00eates l\u00e0&#8230;<\/strong><\/p>\n<p>&#8230; nous avons un petit service \u00e0 vous demander.<br class=\"autobr\"\/><br \/>\nEntre la pr\u00e9sence d\u2019un climatosceptique \u00e0 la t\u00eate de la premi\u00e8re puissance mondiale, un gouvernement fran\u00e7ais qui flirte avec l\u2019extr\u00eame-droite, et les catastrophes climatiques qui s\u2019enchainent&#8230; Faire vivre l\u2019\u00e9cologie dans le d\u00e9bat public est un enjeu crucial.<\/p>\n<p>Personne ne modifie ce que nous publions. Nous n\u2019avons ni actionnaire, ni propri\u00e9taire milliardaire \u2014 seulement une \u00e9quipe d\u2019irr\u00e9ductibles journalistes, pleine de d\u00e9termination.<\/p>\n<p>Nous avons la conviction que l\u2019urgence \u00e9cologique est l\u2019enjeu majeur de notre \u00e9poque. Et comme plus de 2 millions de lectrices et lecteurs chaque mois, vous partagez sans doute cette conviction&#8230;<\/p>\n<p><strong>Depuis 12 ans, nous publions des articles de qualit\u00e9 sur l\u2019\u00e9cologie, en acc\u00e8s libre et sans publicit\u00e9, pour tous.<\/strong><br class=\"autobr\"\/><br \/>\nMais ce travail demande beaucoup de temps et de ressources.<\/p>\n<p>Alors, si vous en avez les moyens, sachez qu\u2019un don, m\u00eame d\u20191\u20ac, est un acte de soutien fort pour l\u2019\u00e9cologie et le journalisme ind\u00e9pendant.<br class=\"autobr\"\/><br \/>\n(Et \u00e7a vous prendra moins de temps que la lecture de ce texte).<\/p>\n<p><strong>Si vous le pouvez, choisissez un soutien mensuel. Merci.<\/strong><\/p>\n<p><a target=\"_blank\" href=\"https:\/\/reporterre.net\/dons\" class=\"bt_soutenir\">Je soutiens <i>Reporterre<\/i><\/a><\/p>\n<\/p><\/div>\n<div class=\"encart encart_vert noprint montre_1023\">\n<div class=\"infolettre-form-container noprint\">\n<p>Abonnez-vous \u00e0 la lettre d\u2019info de Reporterre<\/p>\n<\/div><\/div>\n<\/aside>\n<aside class=\"boite_apresarticle encart_note\">\n<h4>Apr\u00e8s cet article<\/h4>\n<p>      <a target=\"_blank\" href=\"https:\/\/reporterre.net\/Sous-les-glaciers-qui-fondent-de-nouveaux-ecosystemes-a-defendre\" class=\"lien_article\">\n      <picture class=\"vignette_gauche\"><source type=\"image\/webp\" srcset=\"https:\/\/reporterre.net\/local\/cache-vignettes\/L450xH300\/arton29651-9933c.jpg@.webp?1737374210\"><img decoding=\"async\" src=\"https:\/\/reporterre.net\/local\/cache-vignettes\/L450xH300\/arton29651-9933c.jpg?1737374210\" width=\"450\" height=\"300\" alt=\"\" class=\"marge12\" loading=\"lazy\"\/><br \/>\n<\/source><\/picture>\n<p class=\"libelle\">\n<p>      Climat\n    <\/p>\n<p class=\"titre pol20\">Sous les glaciers qui fondent, de nouveaux \u00e9cosyst\u00e8mes \u00e0 d\u00e9fendre<\/p>\n<p>      <\/a><br \/>\n    <\/aside>\n<aside class=\"boite_complement texte\">\n<p>      <!-- zone_forum --><br \/>\n          <\/aside>\n<aside class=\"boite_lireaussi noprint\">\n<\/aside>\n<aside class=\"colonne\">\n<div class=\"article_info cache_1023 noprint\">\n<p>    <span class=\"date\">21 mars 2025  \u00e0 09h49<\/span><\/p>\n<p>    <span class=\"date_modif\">Mis \u00e0 jour le 23 mars 2025 \u00e0 18h33<\/span>      <\/p>\n<p class=\"duree_lecture\">\n        Dur\u00e9e de lecture : 4 minutes\n      <\/p>\n<\/p><\/div>\n<div class=\"bloc_infolettre\">\n<div class=\"infolettre-form-container noprint\">\n<p>Abonnez-vous \u00e0 la lettre d\u2019info de Reporterre<\/p>\n<\/div><\/div>\n<\/aside>\n<div id=\"galerie\">\n  <img decoding=\"async\" src=\"\" class=\"principale\" id=\"principale\"\/><\/p>\n<p id=\"legende\">legende<\/p>\n<\/div>\n<footer class=\"noprint\">\n<\/footer>\n<\/div>\n<p><br \/>\n<br \/><a href=\"https:\/\/reporterre.net\/Le-peu-d-ambition-du-gouvernement-pour-sauver-les-glaciers\" target=\"_blank\"\">Source link <\/a><\/p>\n","protected":false},"excerpt":{"rendered":"<p>21 mars 2025 \u00e0 09h49 Mis \u00e0 jour le 23 mars 2025 \u00e0 18h33 Dur\u00e9e de lecture : 4 minutes Bourg-Saint-Maurice (Savoie), reportage Paroles, paroles et encore des paroles. Jeudi&hellip; <\/p>\n","protected":false},"author":1,"featured_media":5060,"comment_status":"open","ping_status":"open","sticky":false,"template":"","format":"standard","meta":{"footnotes":""},"categories":[1],"tags":[],"class_list":["post-5059","post","type-post","status-publish","format-standard","has-post-thumbnail","hentry","category-non-classe"],"_links":{"self":[{"href":"https:\/\/monde25.info\/index.php\/wp-json\/wp\/v2\/posts\/5059","targetHints":{"allow":["GET"]}}],"collection":[{"href":"https:\/\/monde25.info\/index.php\/wp-json\/wp\/v2\/posts"}],"about":[{"href":"https:\/\/monde25.info\/index.php\/wp-json\/wp\/v2\/types\/post"}],"author":[{"embeddable":true,"href":"https:\/\/monde25.info\/index.php\/wp-json\/wp\/v2\/users\/1"}],"replies":[{"embeddable":true,"href":"https:\/\/monde25.info\/index.php\/wp-json\/wp\/v2\/comments?post=5059"}],"version-history":[{"count":0,"href":"https:\/\/monde25.info\/index.php\/wp-json\/wp\/v2\/posts\/5059\/revisions"}],"wp:featuredmedia":[{"embeddable":true,"href":"https:\/\/monde25.info\/index.php\/wp-json\/wp\/v2\/media\/5060"}],"wp:attachment":[{"href":"https:\/\/monde25.info\/index.php\/wp-json\/wp\/v2\/media?parent=5059"}],"wp:term":[{"taxonomy":"category","embeddable":true,"href":"https:\/\/monde25.info\/index.php\/wp-json\/wp\/v2\/categories?post=5059"},{"taxonomy":"post_tag","embeddable":true,"href":"https:\/\/monde25.info\/index.php\/wp-json\/wp\/v2\/tags?post=5059"}],"curies":[{"name":"wp","href":"https:\/\/api.w.org\/{rel}","templated":true}]}}