{"id":5088,"date":"2025-03-24T08:39:38","date_gmt":"2025-03-24T07:39:38","guid":{"rendered":"https:\/\/monde25.info\/index.php\/2025\/03\/24\/en-bretagne-lagro-industrie-impose-une-charte-de-bonne-conduite-aux-neoruraux\/"},"modified":"2025-03-24T08:39:38","modified_gmt":"2025-03-24T07:39:38","slug":"en-bretagne-lagro-industrie-impose-une-charte-de-bonne-conduite-aux-neoruraux","status":"publish","type":"post","link":"https:\/\/monde25.info\/index.php\/2025\/03\/24\/en-bretagne-lagro-industrie-impose-une-charte-de-bonne-conduite-aux-neoruraux\/","title":{"rendered":"En Bretagne, l\u2019agro-industrie impose une charte de bonne conduite aux n\u00e9oruraux"},"content":{"rendered":"<p> <br \/>\n<\/p>\n<div>\n<p class=\"indication_lieu\">Finist\u00e8re, correspondance<\/p>\n<p>\u00c9pandage, utilisation de produits phytosanitaires\u2026 Dans le Finist\u00e8re, depuis d\u00e9but 2025, un document in\u00e9dit a vu le jour\u00a0: <a target=\"_blank\" href=\"https:\/\/www.finistere.fr\/actualites\/le-departement-diffuse-une-charte-dinstallation-en-milieu-rural\/\" class=\"spip_out\" rel=\"external\">une <i>\u00ab<small class=\"fine d-inline\">\u00a0<\/small>charte d\u2019installation en milieu rural<small class=\"fine d-inline\">\u00a0<\/small>\u00bb<\/i><\/a>. Port\u00e9, entre autres, par le conseil d\u00e9partemental, la chambre d\u2019agriculture et la chambre des notaires du Finist\u00e8re, ce document fait la part belle \u00e0 l\u2019agriculture intensive et cherche \u00e0 museler toute opposition au mod\u00e8le productiviste dominant.<\/p>\n<p>La charte, non obligatoire l\u00e9galement, est apparue dans un contexte o\u00f9 <i>\u00ab<small class=\"fine d-inline\">\u00a0<\/small>on remarquait depuis quelque temps des tensions pr\u00e9sentes sur les territoires et milieux ruraux entre productions agricoles et citadins qui y habitent<small class=\"fine d-inline\">\u00a0<\/small>\u00bb<\/i>, pr\u00e9cise Yannick Galliou, vice-pr\u00e9sident des Jeunes agriculteurs (<span class=\"caps\">JA<\/span>) 29, syndicat productiviste \u00e0 l\u2019initiative de la charte.<\/p>\n<p>Selon le conseil d\u00e9partemental, qui a bascul\u00e9 \u00e0 droite en 2021 et est d\u00e9sormais pr\u00e9sid\u00e9 par Ma\u00ebl de Calan (Les R\u00e9publicains), ce texte a \u00e9t\u00e9 cr\u00e9\u00e9 <i>\u00ab<small class=\"fine d-inline\">\u00a0<\/small>afin de pr\u00e9venir les conflits de voisinage entre agriculteurs et particuliers<small class=\"fine d-inline\">\u00a0<\/small>\u00bb<\/i>.<\/p>\n<h2 class=\"spip\">D\u00e9fendre le mod\u00e8le agricole conventionnel <\/h2>\n<p>Sauf qu\u2019en seulement quatre\u00a0pages, le document veut faire <i>\u00ab<small class=\"fine d-inline\">\u00a0<\/small>comprendre l\u2019agriculture au fil des saisons<small class=\"fine d-inline\">\u00a0<\/small>\u00bb<\/i>, notamment \u00e0 coups de pesticides. Il rappelle, entre autres, le poids \u00e9conomique de ce secteur dans le d\u00e9partement, premier producteur de porcs, volailles de chair, artichauts, \u00e9chalotes et choux-fleurs. 56<small class=\"fine d-inline\">\u00a0<\/small>% de la surface du Finist\u00e8re est destin\u00e9e \u00e0 l\u2019activit\u00e9 agricole, 12<small class=\"fine d-inline\">\u00a0<\/small>% des 30\u00a0000 emplois de l\u2019agroalimentaire et de l\u2019agriculture sont pourvus sur ce territoire.<\/p>\n<p>Pour maintenir cela, tout semble permis, selon la charte\u00a0: <i>\u00ab<small class=\"fine d-inline\">\u00a0<\/small>Pour prot\u00e9ger ses cultures, l\u2019exploitant peut utiliser des produits phytosanitaires ou d\u00e9sherber m\u00e9caniquement. Chaque produit est homologu\u00e9 et utilis\u00e9 dans un cadre r\u00e9glementaire. L\u2019exploitant est form\u00e9 et certifi\u00e9.<small class=\"fine d-inline\">\u00a0<\/small>\u00bb<\/i> Peu importe, donc, que l\u2019exposition \u00e0 ces produits chimiques puisse <a target=\"_blank\" href=\"https:\/\/reporterre.net\/Un-cancer-a-33-ans-victimes-des-pesticides-ils-temoignent-en-lycee-agricole\">accro\u00eetre le risque de cancer<\/a> ou encore des maladies neurologiques comme celle de Parkinson. Les agriculteurs sont particuli\u00e8rement touch\u00e9s par cette derni\u00e8re, parfois reconnue comme maladie professionnelle.<\/p>\n<p><i>\u00ab<small class=\"fine d-inline\">\u00a0<\/small>Vivre ou se rendre en milieu rural<\/i>, lit-on aussi sur la charte, <i>c\u2019est donc accepter de coexister avec les agriculteurs et l\u2019activit\u00e9 agricole, apprendre \u00e0 se conna\u00eetre, \u00e0 se respecter, pour une vie plus sereine.<small class=\"fine d-inline\">\u00a0<\/small>\u00bb<\/i> Sous-entendu\u00a0: le mod\u00e8le productiviste dominant n\u2019est pas \u00e0 remettre en cause. Et ce, alors que de nombreux projets de fermes-usines <a target=\"_blank\" href=\"https:\/\/reporterre.net\/Les-opposants-aux-fermes-usines-s-unissent-contre-le-lobby-agricole\">sont contest\u00e9s dans la r\u00e9gion<\/a>. Et que les relations sont tendues entre certains agriculteurs et habitants, <a target=\"_blank\" href=\"https:\/\/reporterre.net\/En-Bretagne-intimider-ceux-qui-critiquent-l-agro-industrie-est-systemique\">avec des menaces et intimidations<\/a>, comme dans le <a target=\"_blank\" href=\"https:\/\/reporterre.net\/Algues-vertes-un-film-percutant-pour-raconter-le-scandale\">scandale des algues vertes<\/a> sur les plages, cons\u00e9quence des <a target=\"_blank\" href=\"https:\/\/reporterre.net\/Algues-vertes-en-Bretagne-4-points-pour-comprendre-le-probleme\">pratiques agricoles intensives de la r\u00e9gion<\/a>.<\/p>\n<p>Pour Laurent Le Berre, d\u00e9l\u00e9gu\u00e9 d\u00e9partemental de l\u2019association Eaux et Rivi\u00e8res de Bretagne, l\u2019objectif est ainsi de museler paysans et habitants\u00a0: <i>\u00ab<small class=\"fine d-inline\">\u00a0<\/small>C\u2019est plus dur de parler pour quelqu\u2019un qui est du coin. \u00c0 Eaux et Rivi\u00e8res de Bretagne, nous faisons face \u00e0 des intimidations terribles\u00a0: des pneus crev\u00e9s, des boulons dans les bo\u00eetes aux lettres ou encore des menaces de mort.<small class=\"fine d-inline\">\u00a0<\/small>\u00bb<\/i><\/p>\n<blockquote class=\"spip\">\n<p>\u00ab<small class=\"fine d-inline\">\u00a0<\/small>Ce document, c\u2019est \u201cPoussez-vous, on est chez nous\u201d<small class=\"fine d-inline\">\u00a0<\/small>\u00bb<\/p>\n<\/blockquote>\n<p><i>\u00ab<small class=\"fine d-inline\">\u00a0<\/small>L\u2019\u00e9conomie agricole est forte en Bretagne et fa\u00e7onne les paysages<\/i>, dit V\u00e9ronique Taleb, responsable d\u2019animation territoriale \u00e0 la chambre d\u2019agriculture du Finist\u00e8re et des C\u00f4tes-d\u2019Armor. <i>En parall\u00e8le, de plus en plus de personnes viennent s\u2019installer en zone rurale avec une grande m\u00e9connaissance du milieu. C\u2019est un lieu de vie et de loisirs pour certains, et un lieu de vie et de travail pour d\u2019autres, c\u2019est le cas des agriculteurs.<small class=\"fine d-inline\">\u00a0<\/small>\u00bb<\/i><\/p>\n<h2 class=\"spip\">Accepter une \u00ab<small class=\"fine d-inline\">\u00a0<\/small>clause de bon voisinage<small class=\"fine d-inline\">\u00a0<\/small>\u00bb<\/h2>\n<p>Pr\u00e9sent\u00e9e comme non contraignante, cette charte n\u2019a, sur le papier, pas l\u2019air d\u2019avoir des cons\u00e9quences de grande ampleur. Mais elle vient poser des probl\u00e8mes de fond. Pour Julien Tallec, pr\u00e9sident de la Conf\u00e9d\u00e9ration paysanne dans le Finist\u00e8re \u2014 un syndicat agricole de gauche\u00a0\u2014, il s\u2019agit d\u2019un outil de communication au profit de l\u2019agriculture conventionnelle. <i>\u00ab<small class=\"fine d-inline\">\u00a0<\/small>On a \u00e9t\u00e9 sollicit\u00e9 \u00e0 la Conf\u2019 en novembre 2023 au sujet de la charte. On a d\u00e9plor\u00e9 une vision simplifi\u00e9e d\u2019un seul mod\u00e8le agricole<\/i>, regrette-t-il. <i>La charte ne va que dans un sens. Elle ne proposait pas d\u2019espace d\u2019\u00e9changes entre paysans et habitants.<small class=\"fine d-inline\">\u00a0<\/small>\u00bb<\/i><\/p>\n<p>Le pr\u00e9sident de la Conf\u00e9d\u00e9ration paysanne s\u2019\u00e9tonne que sa structure apparaisse comme partenaire de la charte aux c\u00f4t\u00e9s des <span class=\"caps\">JA<\/span>, de la <span class=\"caps\">FNSEA<\/span> (un syndicat productiviste), de la Coordination rurale (aux valeurs <a target=\"_blank\" href=\"https:\/\/reporterre.net\/Virile-anti-ecolo-protectionniste-Que-defend-la-Coordination-rurale\">proches de celles de l\u2019extr\u00eame droite<\/a>) ou encore du Groupement des agriculteurs biologiques (<span class=\"caps\">GAB<\/span>) 29.<\/p>\n<p><i>\u00ab<small class=\"fine d-inline\">\u00a0<\/small>Depuis 2023, nous n\u2019avons pas eu de nouvelles, et ce jusqu\u2019en f\u00e9vrier dernier, o\u00f9 nous avons re\u00e7u une invitation pour la venue de Fran\u00e7oise Gatel [ministre d\u00e9l\u00e9gu\u00e9e charg\u00e9e de la Ruralit\u00e9] \u00e0 Roscoff \u00e0 ce sujet. Je ne crois m\u00eame pas avoir eu le document dans les mains<small class=\"fine d-inline\">\u00a0<\/small>\u00bb<\/i>, pr\u00e9cise-t-il.<\/p>\n<p><i>\u00ab<small class=\"fine d-inline\">\u00a0<\/small>Ce document, c\u2019est \u201cPoussez-vous, on est chez nous\u201d<small class=\"fine d-inline\">\u00a0<\/small>\u00bb<\/i>, dit de son c\u00f4t\u00e9 Christophe Le Visage, vice-pr\u00e9sident de l\u2019association Eau et Rivi\u00e8res de Bretagne. Mais pas seulement. La fameuse <i>\u00ab<small class=\"fine d-inline\">\u00a0<\/small>charte d\u2019installation en milieu rural<small class=\"fine d-inline\">\u00a0<\/small>\u00bb<\/i> a une particularit\u00e9 qui a de quoi inqui\u00e9ter\u00a0: la participation des notaires du d\u00e9partement \u00e0 l\u2019\u00e9laboration de ce document.<\/p>\n<p>D\u00e9sormais, dans tous les actes de vente, se trouve une clause de bon voisinage. Clause qui indique que l\u2019acheteur doit, de lui-m\u00eame, s\u2019assurer des activit\u00e9s exerc\u00e9es autour de chez lui et pouvant occasionner des nuisances <i>\u00ab<small class=\"fine d-inline\">\u00a0<\/small>sonores, olfactives ou autres<small class=\"fine d-inline\">\u00a0<\/small>\u00bb<\/i>. Sous-entendu\u00a0: qu\u2019il ne vienne pas se plaindre ensuite&#8230;<\/p>\n<p>Quelques articles de loi sont \u00e9galement cit\u00e9s, comme <a target=\"_blank\" href=\"https:\/\/www.dalloz.fr\/documentation\/Document?id=CODE_URBA_ARTI_L112-6&amp;FromId=CODES_SECS_NEXP\" class=\"spip_out\" rel=\"external\">l\u2019article L.112-6<\/a> du Code de construction de l\u2019urbanisme, selon lequel les nuisances caus\u00e9es par des activit\u00e9s agricoles, industrielles ou autres ne permettent aucun d\u00e9dommagement tant que celles-ci r\u00e9pondent aux dispositions l\u00e9gales.<\/p>\n<h2 class=\"spip\">Stigmatisation des n\u00e9oruraux<\/h2>\n<p><i>\u00ab<small class=\"fine d-inline\">\u00a0<\/small>Il ne s\u2019agit que d\u2019un rappel r\u00e9glementaire pour \u00e9viter tout contentieux<small class=\"fine d-inline\">\u00a0<\/small>\u00bb<\/i>, dit Anne-Sophie Queinnec, pr\u00e9sidente du p\u00f4le Finist\u00e8re de la chambre interd\u00e9partementale des notaires. Et c\u2019est bien tout le probl\u00e8me, selon Laurent Le Berre, d\u2019Eaux et Rivi\u00e8res de Bretagne\u00a0: <i>\u00ab<small class=\"fine d-inline\">\u00a0<\/small>Que se passera-t-il demain si, apr\u00e8s s\u2019\u00eatre install\u00e9 dans un village tranquille, la ferme \u00e0 c\u00f4t\u00e9 de chez nous devient une usine<small class=\"fine d-inline\">\u00a0<\/small>? En cas d\u2019enqu\u00eate publique, on dira alors aux signataires [de la clause] qu\u2019ils n\u2019ont pas voix au chapitre, puisqu\u2019ils auront sign\u00e9 cette clause [qui compl\u00e8te la charte].<small class=\"fine d-inline\">\u00a0<\/small>\u00bb<\/i><\/p>\n<p><i>\u00ab<small class=\"fine d-inline\">\u00a0<\/small>Qu\u2019en est-il des risques pour la sant\u00e9 li\u00e9s aux \u00e9pandages de lisier ou \u00e0 l\u2019usage de produits phytosanitaires<small class=\"fine d-inline\">\u00a0<\/small>? La charte parle des nuisances, mais n\u2019\u00e9voque pas les risques<small class=\"fine d-inline\">\u00a0<\/small>\u00bb<\/i>, ajoute Christophe Le Visage, pour qui cette charte <i>\u00ab<small class=\"fine d-inline\">\u00a0<\/small>fantasme le territoire rural comme appartenant aux agriculteurs et \u00e0 eux seuls<small class=\"fine d-inline\">\u00a0<\/small>\u00bb<\/i>.<\/p>\n<p><i>\u00ab<small class=\"fine d-inline\">\u00a0<\/small>Et puis, qu\u2019est-ce qu\u2019un n\u00e9orural<small class=\"fine d-inline\">\u00a0<\/small>?<small class=\"fine d-inline\">\u00a0<\/small>\u00bb<\/i> abonde Laurent Le Berre. <i>\u00ab<small class=\"fine d-inline\">\u00a0<\/small>On joue sur l\u2019image facile du Parisien qui n\u2019y connait rien [en agriculture] et ne veut pas du chant du coq au r\u00e9veil. Or, ce genre de conflit est marginal<small class=\"fine d-inline\">\u00a0<\/small>\u00bb<\/i>, compl\u00e8te Christophe Le Visage.<\/p>\n<blockquote class=\"spip\">\n<p>\u00ab<small class=\"fine d-inline\">\u00a0<\/small>Une volont\u00e9 minist\u00e9rielle de l\u2019\u00e9tendre sur tous les territoires<small class=\"fine d-inline\">\u00a0<\/small>\u00bb<\/p>\n<\/blockquote>\n<p>En 2022 d\u00e9j\u00e0, la chambre d\u2019agriculture avait fait para\u00eetre <a target=\"_blank\" href=\"https:\/\/www.finistere.gouv.fr\/contenu\/telechargement\/52467\/363179\/file\/AP+n%C2%B029-2022-07-27-00005+du+27+juillet+2022+publi%C3%A9.pdf\" class=\"spip_out\" rel=\"external\">une charte<\/a> <i>\u00ab<small class=\"fine d-inline\">\u00a0<\/small>de bonne pratique de l\u2019usage des produits phytopharmaceutiques pour de bonnes relations de voisinage<small class=\"fine d-inline\">\u00a0<\/small>\u00bb<\/i>, publi\u00e9e par arr\u00eat\u00e9 pr\u00e9fectoral. Elle disait, en r\u00e9sum\u00e9, <i>\u00ab<small class=\"fine d-inline\">\u00a0<\/small>qu\u2019\u00e9pandre des produits phytosanitaires \u00e9tait normal, tout en incluant des d\u00e9rogations pour \u00e9tendre l\u2019usage de ces produits<small class=\"fine d-inline\">\u00a0<\/small>\u00bb<\/i>, rappelle Christophe Le Visage. En 2021, <a target=\"_blank\" href=\"https:\/\/reporterre.net\/IMG\/pdf\/bien_vivre_ensemble-1.pdf\">un <i>flyer<\/i><\/a> explicatif sur l\u2019agriculture et similaire \u00e0 la charte avait d\u00e9j\u00e0 \u00e9t\u00e9 diffus\u00e9 en Pays d\u2019Iroise.<\/p>\n<p>Si cette nouvelle charte n\u2019existe pour le moment que dans le Finist\u00e8re, elle pourrait s\u2019exporter ailleurs. <i>\u00ab<small class=\"fine d-inline\">\u00a0<\/small>L\u2019initiative a \u00e9t\u00e9 reprise par Notaires de France et il y avait une volont\u00e9 minist\u00e9rielle de l\u2019\u00e9tendre sur tous les territoires<small class=\"fine d-inline\">\u00a0<\/small>\u00bb<\/i>, dit Yannick Galliou, des Jeunes agriculteurs\u00a029.<\/p>\n<p>De son c\u00f4t\u00e9, la notaire Anne-Sophie Queinnec l\u2019assure, la clause n\u2019est pas obligatoire dans les actes de vente, et <i>\u00ab<small class=\"fine d-inline\">\u00a0<\/small>cela n\u2019ouvrira pas plus de droits devant les tribunaux<small class=\"fine d-inline\">\u00a0<\/small>\u00bb<\/i>. Dans ce cas, \u00e0 quoi bon<small class=\"fine d-inline\">\u00a0<\/small>?<\/p>\n<aside class=\"boite_encarts\">\n<div class=\"encart encart_gris noprint\">\n<p><strong>Puisque vous \u00eates l\u00e0&#8230;<\/strong><\/p>\n<p>&#8230; nous avons un petit service \u00e0 vous demander.<br class=\"autobr\"\/><br \/>\nEntre la pr\u00e9sence d\u2019un climatosceptique \u00e0 la t\u00eate de la premi\u00e8re puissance mondiale, un gouvernement fran\u00e7ais qui flirte avec l\u2019extr\u00eame-droite, et les catastrophes climatiques qui s\u2019enchainent&#8230; Faire vivre l\u2019\u00e9cologie dans le d\u00e9bat public est un enjeu crucial.<\/p>\n<p>Personne ne modifie ce que nous publions. Nous n\u2019avons ni actionnaire, ni propri\u00e9taire milliardaire \u2014 seulement une \u00e9quipe d\u2019irr\u00e9ductibles journalistes, pleine de d\u00e9termination.<\/p>\n<p>Nous avons la conviction que l\u2019urgence \u00e9cologique est l\u2019enjeu majeur de notre \u00e9poque. Et comme plus de 2 millions de lectrices et lecteurs chaque mois, vous partagez sans doute cette conviction&#8230;<\/p>\n<p><strong>Depuis 12 ans, nous publions des articles de qualit\u00e9 sur l\u2019\u00e9cologie, en acc\u00e8s libre et sans publicit\u00e9, pour tous.<\/strong><br class=\"autobr\"\/><br \/>\nMais ce travail demande beaucoup de temps et de ressources.<\/p>\n<p>Alors, si vous en avez les moyens, sachez qu\u2019un don, m\u00eame d\u20191\u20ac, est un acte de soutien fort pour l\u2019\u00e9cologie et le journalisme ind\u00e9pendant.<br class=\"autobr\"\/><br \/>\n(Et \u00e7a vous prendra moins de temps que la lecture de ce texte).<\/p>\n<p><strong>Si vous le pouvez, choisissez un soutien mensuel. Merci.<\/strong><\/p>\n<p><a target=\"_blank\" href=\"https:\/\/reporterre.net\/dons\" class=\"bt_soutenir\">Je soutiens <i>Reporterre<\/i><\/a><\/p>\n<\/p><\/div>\n<div class=\"encart encart_vert noprint montre_1023\">\n<div class=\"infolettre-form-container noprint\">\n<p>Abonnez-vous \u00e0 la lettre d\u2019info de Reporterre<\/p>\n<\/div><\/div>\n<\/aside>\n<aside class=\"boite_apresarticle encart_note\">\n<\/aside>\n<aside class=\"boite_complement texte\">\n<p>      <!-- zone_forum --><br \/>\n          <\/aside>\n<aside class=\"boite_lireaussi noprint\">\n<\/aside>\n<aside class=\"colonne\">\n<div class=\"article_info cache_1023 noprint\">\n<p>    <span class=\"date\">21 mars 2025  \u00e0 09h28<\/span><\/p>\n<p>    <span class=\"date_modif\">Mis \u00e0 jour le 22 mars 2025 \u00e0 09h53<\/span>      <\/p>\n<p class=\"duree_lecture\">\n        Dur\u00e9e de lecture : 7 minutes\n      <\/p>\n<\/p><\/div>\n<div class=\"bloc_infolettre\">\n<div class=\"infolettre-form-container noprint\">\n<p>Abonnez-vous \u00e0 la lettre d\u2019info de Reporterre<\/p>\n<\/div><\/div>\n<\/aside>\n<div id=\"galerie\">\n  <img decoding=\"async\" src=\"\" class=\"principale\" id=\"principale\"\/><\/p>\n<p id=\"legende\">legende<\/p>\n<\/div>\n<footer class=\"noprint\">\n<\/footer>\n<\/div>\n<p><br \/>\n<br \/><a href=\"https:\/\/reporterre.net\/En-Bretagne-l-agro-industrie-impose-une-charte-de-bonne-conduite-aux-neoruraux\" target=\"_blank\"\">Source link <\/a><\/p>\n","protected":false},"excerpt":{"rendered":"<p>Finist\u00e8re, correspondance \u00c9pandage, utilisation de produits phytosanitaires\u2026 Dans le Finist\u00e8re, depuis d\u00e9but 2025, un document in\u00e9dit a vu le jour\u00a0: une \u00ab\u00a0charte d\u2019installation en milieu rural\u00a0\u00bb. Port\u00e9, entre autres, par&hellip; <\/p>\n","protected":false},"author":1,"featured_media":5089,"comment_status":"open","ping_status":"open","sticky":false,"template":"","format":"standard","meta":{"footnotes":""},"categories":[1],"tags":[],"class_list":["post-5088","post","type-post","status-publish","format-standard","has-post-thumbnail","hentry","category-non-classe"],"_links":{"self":[{"href":"https:\/\/monde25.info\/index.php\/wp-json\/wp\/v2\/posts\/5088","targetHints":{"allow":["GET"]}}],"collection":[{"href":"https:\/\/monde25.info\/index.php\/wp-json\/wp\/v2\/posts"}],"about":[{"href":"https:\/\/monde25.info\/index.php\/wp-json\/wp\/v2\/types\/post"}],"author":[{"embeddable":true,"href":"https:\/\/monde25.info\/index.php\/wp-json\/wp\/v2\/users\/1"}],"replies":[{"embeddable":true,"href":"https:\/\/monde25.info\/index.php\/wp-json\/wp\/v2\/comments?post=5088"}],"version-history":[{"count":0,"href":"https:\/\/monde25.info\/index.php\/wp-json\/wp\/v2\/posts\/5088\/revisions"}],"wp:featuredmedia":[{"embeddable":true,"href":"https:\/\/monde25.info\/index.php\/wp-json\/wp\/v2\/media\/5089"}],"wp:attachment":[{"href":"https:\/\/monde25.info\/index.php\/wp-json\/wp\/v2\/media?parent=5088"}],"wp:term":[{"taxonomy":"category","embeddable":true,"href":"https:\/\/monde25.info\/index.php\/wp-json\/wp\/v2\/categories?post=5088"},{"taxonomy":"post_tag","embeddable":true,"href":"https:\/\/monde25.info\/index.php\/wp-json\/wp\/v2\/tags?post=5088"}],"curies":[{"name":"wp","href":"https:\/\/api.w.org\/{rel}","templated":true}]}}