{"id":5092,"date":"2025-03-24T09:48:04","date_gmt":"2025-03-24T08:48:04","guid":{"rendered":"https:\/\/monde25.info\/index.php\/2025\/03\/24\/rte-devra-verser-plus-de-450-000-euros-a-un-eleveur\/"},"modified":"2025-03-24T09:48:04","modified_gmt":"2025-03-24T08:48:04","slug":"rte-devra-verser-plus-de-450-000-euros-a-un-eleveur","status":"publish","type":"post","link":"https:\/\/monde25.info\/index.php\/2025\/03\/24\/rte-devra-verser-plus-de-450-000-euros-a-un-eleveur\/","title":{"rendered":"RTE devra verser plus de 450\u00a0000 euros \u00e0 un \u00e9leveur"},"content":{"rendered":"<p> <br \/>\n<\/p>\n<div style=\"position:relative;\">\n        <picture><source type=\"image\/webp\" srcset=\"https:\/\/reporterre.net\/local\/cache-vignettes\/L720xH480\/ohlavache-dc076.jpg@.webp?1742802206\"><img loading=\"lazy\" decoding=\"async\" src=\"https:\/\/reporterre.net\/local\/cache-vignettes\/L720xH480\/ohlavache-dc076.jpg?1742802206\" width=\"720\" height=\"480\" alt=\"Vaches perturb\u00e9es par l'\u00e9lectricit\u00e9\u00a0: &lt;span class=&quot;caps&quot;&gt;RTE&lt;\/span&gt; devra verser plus de 450\u00a0000 euros \u00e0 un \u00e9leveur\" class=\"image_logo voir_logo\"\/><\/p>\n<p><\/source><\/picture>\n<p class=\"legende_logo\">L&rsquo;agriculteur avait d\u00fb d\u00e9placer son troupeau de plusieurs kilom\u00e8tres pour retrouver une activit\u00e9 normale. <span class=\"copyright_logo\">&#8211; don cload \/ CC BY-SA 2.0 \/ Wikimedia Commons<\/span><\/p>\n<p class=\"legende_logo_480\">L&rsquo;agriculteur avait d\u00fb d\u00e9placer son troupeau de plusieurs kilom\u00e8tres pour retrouver une activit\u00e9 normale. <span class=\"copyright_logo\">&#8211; don cload \/ CC BY-SA 2.0 \/ Wikimedia Commons<\/span><\/p>\n<\/p><\/div>\n<div>\n        <span class=\"date\">24 mars 2025  \u00e0 09h33<\/span><\/p>\n<p class=\"duree_lecture\">\n        Dur\u00e9e de lecture : 2 minutes\n      <\/p>\n<\/p><\/div>\n<div>\n<p>Cette fois, la d\u00e9cision est d\u00e9finitive\u00a0: la ligne \u00e0 haute tension qui passait au-dessus de sa ferme est bien en lien avec les difficult\u00e9s que Dominique Vaupr\u00e8s a rencontr\u00e9es dans son \u00e9levage laitier. Le 13\u00a0mars, la Cour de cassation a rejet\u00e9 le pourvoi form\u00e9 par <span class=\"caps\">RTE<\/span>. Le gestionnaire du r\u00e9seau \u00e9lectrique devra verser plus de 450\u00a0000 euros \u00e0 l\u2019agriculteur en r\u00e9paration du <i>\u00ab<small class=\"fine d-inline\">\u00a0<\/small>pr\u00e9judice d\u2019exploitation<small class=\"fine d-inline\">\u00a0<\/small>\u00bb<\/i> subi, comme le pr\u00e9voyait la cour d\u2019appel de Caen dans <a target=\"_blank\" href=\"https:\/\/reporterre.net\/Lignes-electriques-un-eleveur-indemnise-par-RTE\">un arr\u00eat du 2\u00a0juin 2022<\/a>.<\/p>\n<p><i>\u00ab<small class=\"fine d-inline\">\u00a0<\/small>Cette d\u00e9cision exemplaire est l\u2019aboutissement d\u2019un long combat judiciaire men\u00e9 par les \u00e9leveurs victimes d\u2019installations \u00e9lectriques accompagn\u00e9s<small class=\"fine d-inline\">\u00a0<\/small>\u00bb<\/i>, indique <a target=\"_blank\" href=\"https:\/\/blog.ttla-avocats.com\/2025\/03\/19\/victoire-pour-un-eleveur-de-la-manche-contre-rte\/\" class=\"spip_out\" rel=\"external\">un communiqu\u00e9 publi\u00e9<\/a> sur le site du cabinet d\u2019avocats <span class=\"caps\">TTLA<\/span> &amp; Associ\u00e9s, qui accompagne Dominique Vaupr\u00e8s. Ce dernier se battait depuis 2012 contre <span class=\"caps\">RTE<\/span>. D\u00e8s l\u2019installation de la ligne, ses vaches avaient montr\u00e9 des troubles\u00a0: baisse de la production, comportement anormal, mammites \u00e0 r\u00e9p\u00e9tition, surmortalit\u00e9\u2026 De guerre lasse, il avait fini par d\u00e9placer son cheptel dans une autre ferme situ\u00e9e \u00e0 5\u00a0km de l\u00e0. Tout \u00e9tait alors revenu \u00e0 la normale.<\/p>\n<h2 class=\"spip\">Vers une jurisprudence<small class=\"fine d-inline\">\u00a0<\/small>?<\/h2>\n<p><a target=\"_blank\" href=\"https:\/\/www.courdecassation.fr\/decision\/653a067ed0451e8318d0e9d9\" class=\"spip_out\" rel=\"external\">La cour<\/a> a consid\u00e9r\u00e9 que <i>\u00ab<small class=\"fine d-inline\">\u00a0<\/small>l\u2019absence de preuve scientifique ne fait pas obstacle \u00e0 l\u2019existence de pr\u00e9somptions pr\u00e9cises, fiables et concordantes<small class=\"fine d-inline\">\u00a0<\/small>\u00bb<\/i>. Aussi cette victoire pourrait faire jurisprudence pour les autres affaires actuellement en cours de proc\u00e9dure.<\/p>\n<p>Comme <i>Reporterre<\/i> l\u2019expliquait <a target=\"_blank\" href=\"https:\/\/reporterre.net\/Eolien-lignes-haute-tension-des-eleveurs-desempares-face-a-leurs-troupeaux-malades\" class=\"spip_in\">dans une enqu\u00eate<\/a> publi\u00e9e en f\u00e9vrier dernier, partout en France, de nombreux \u00e9leveurs se disent confront\u00e9s \u00e0 de grosses difficult\u00e9s \u00e0 la suite de l\u2019implantation de lignes \u00e9lectriques, de parcs \u00e9oliens ou d\u2019autres installations \u00e9lectriques pr\u00e8s de leur ferme. Beaucoup se retrouvent d\u00e9munis face \u00e0 <a target=\"_blank\" href=\"https:\/\/reporterre.net\/Les-elevages-perturbes-par-les-installations-electriques-Un-mystere-scientifique\" class=\"spip_in\">une science qui patine<\/a> et des instances pas assez promptes \u00e0 les accompagner.<\/p>\n<aside class=\"boite_encarts\">\n<div class=\"encart encart_gris noprint\">\n<p><strong>Puisque vous \u00eates l\u00e0&#8230;<\/strong><\/p>\n<p>&#8230; nous avons un petit service \u00e0 vous demander.<br class=\"autobr\"\/><br \/>\nEntre la pr\u00e9sence d\u2019un climatosceptique \u00e0 la t\u00eate de la premi\u00e8re puissance mondiale, un gouvernement fran\u00e7ais qui flirte avec l\u2019extr\u00eame-droite, et les catastrophes climatiques qui s\u2019enchainent&#8230; Faire vivre l\u2019\u00e9cologie dans le d\u00e9bat public est un enjeu crucial.<\/p>\n<p>Personne ne modifie ce que nous publions. Nous n\u2019avons ni actionnaire, ni propri\u00e9taire milliardaire \u2014 seulement une \u00e9quipe d\u2019irr\u00e9ductibles journalistes, pleine de d\u00e9termination.<\/p>\n<p>Nous avons la conviction que l\u2019urgence \u00e9cologique est l\u2019enjeu majeur de notre \u00e9poque. Et comme plus de 2 millions de lectrices et lecteurs chaque mois, vous partagez sans doute cette conviction&#8230;<\/p>\n<p><strong>Depuis 12 ans, nous publions des articles de qualit\u00e9 sur l\u2019\u00e9cologie, en acc\u00e8s libre et sans publicit\u00e9, pour tous.<\/strong><br class=\"autobr\"\/><br \/>\nMais ce travail demande beaucoup de temps et de ressources.<\/p>\n<p>Alors, si vous en avez les moyens, sachez qu\u2019un don, m\u00eame d\u20191\u20ac, est un acte de soutien fort pour l\u2019\u00e9cologie et le journalisme ind\u00e9pendant.<br class=\"autobr\"\/><br \/>\n(Et \u00e7a vous prendra moins de temps que la lecture de ce texte).<\/p>\n<p><strong>Si vous le pouvez, choisissez un soutien mensuel. Merci.<\/strong><\/p>\n<p><a target=\"_blank\" href=\"https:\/\/reporterre.net\/dons\" class=\"bt_soutenir\">Je soutiens <i>Reporterre<\/i><\/a><\/p>\n<\/p><\/div>\n<div class=\"encart encart_vert noprint montre_1023\">\n<div class=\"infolettre-form-container noprint\">\n<p>Abonnez-vous \u00e0 la lettre d\u2019info de Reporterre<\/p>\n<\/div><\/div>\n<\/aside>\n<aside class=\"boite_apresarticle encart_note\">\n<h4>Apr\u00e8s cet article<\/h4>\n<p>      <a target=\"_blank\" href=\"https:\/\/reporterre.net\/Les-elevages-perturbes-par-les-installations-electriques-Un-mystere-scientifique\" class=\"lien_article\">\n      <picture class=\"vignette_gauche\"><source type=\"image\/webp\" srcset=\"https:\/\/reporterre.net\/local\/cache-vignettes\/L450xH300\/afp__20230615__dpa-pa_230615-99-59726_dpai__v1__highres__windenergyannualpkofthelanu-32217.jpg@.webp?1740494885\"><img decoding=\"async\" src=\"https:\/\/reporterre.net\/local\/cache-vignettes\/L450xH300\/afp__20230615__dpa-pa_230615-99-59726_dpai__v1__highres__windenergyannualpkofthelanu-32217.jpg?1740494885\" width=\"450\" height=\"300\" alt=\"\" class=\"marge12\" loading=\"lazy\"\/><br \/>\n<\/source><\/picture>\n<p class=\"libelle\">\n<p>      Sciences\n    <\/p>\n<p class=\"titre pol20\">Les \u00e9levages perturb\u00e9s par les installations \u00e9lectriques<small class=\"fine d-inline\">\u00a0<\/small>? Un myst\u00e8re scientifique<\/p>\n<p>      <\/a><br \/>\n    <\/aside>\n<aside class=\"boite_complement texte\">\n<p>      <!-- zone_forum --><br \/>\n          <\/aside>\n<aside class=\"boite_lireaussi noprint\">\n<\/aside>\n<aside class=\"colonne\">\n<div class=\"article_info cache_1023 noprint\">\n        <span class=\"date\">24 mars 2025  \u00e0 09h33<\/span><\/p>\n<p class=\"duree_lecture\">\n        Dur\u00e9e de lecture : 2 minutes\n      <\/p>\n<\/p><\/div>\n<div class=\"bloc_infolettre\">\n<div class=\"infolettre-form-container noprint\">\n<p>Abonnez-vous \u00e0 la lettre d\u2019info de Reporterre<\/p>\n<\/div><\/div>\n<\/aside>\n<div id=\"galerie\">\n  <img decoding=\"async\" src=\"\" class=\"principale\" id=\"principale\"\/><\/p>\n<p id=\"legende\">legende<\/p>\n<\/div>\n<footer class=\"noprint\">\n<\/footer>\n<\/div>\n<p><br \/>\n<br \/><a href=\"https:\/\/reporterre.net\/Vaches-perturbees-par-l-electricite-RTE-devra-verser-plus-de-450-000-euros-a-un-eleveur\" target=\"_blank\"\">Source link <\/a><\/p>\n","protected":false},"excerpt":{"rendered":"<p>L&rsquo;agriculteur avait d\u00fb d\u00e9placer son troupeau de plusieurs kilom\u00e8tres pour retrouver une activit\u00e9 normale. &#8211; don cload \/ CC BY-SA 2.0 \/ Wikimedia Commons L&rsquo;agriculteur avait d\u00fb d\u00e9placer son troupeau&hellip; <\/p>\n","protected":false},"author":1,"featured_media":5093,"comment_status":"open","ping_status":"open","sticky":false,"template":"","format":"standard","meta":{"footnotes":""},"categories":[1],"tags":[],"class_list":["post-5092","post","type-post","status-publish","format-standard","has-post-thumbnail","hentry","category-non-classe"],"_links":{"self":[{"href":"https:\/\/monde25.info\/index.php\/wp-json\/wp\/v2\/posts\/5092","targetHints":{"allow":["GET"]}}],"collection":[{"href":"https:\/\/monde25.info\/index.php\/wp-json\/wp\/v2\/posts"}],"about":[{"href":"https:\/\/monde25.info\/index.php\/wp-json\/wp\/v2\/types\/post"}],"author":[{"embeddable":true,"href":"https:\/\/monde25.info\/index.php\/wp-json\/wp\/v2\/users\/1"}],"replies":[{"embeddable":true,"href":"https:\/\/monde25.info\/index.php\/wp-json\/wp\/v2\/comments?post=5092"}],"version-history":[{"count":0,"href":"https:\/\/monde25.info\/index.php\/wp-json\/wp\/v2\/posts\/5092\/revisions"}],"wp:featuredmedia":[{"embeddable":true,"href":"https:\/\/monde25.info\/index.php\/wp-json\/wp\/v2\/media\/5093"}],"wp:attachment":[{"href":"https:\/\/monde25.info\/index.php\/wp-json\/wp\/v2\/media?parent=5092"}],"wp:term":[{"taxonomy":"category","embeddable":true,"href":"https:\/\/monde25.info\/index.php\/wp-json\/wp\/v2\/categories?post=5092"},{"taxonomy":"post_tag","embeddable":true,"href":"https:\/\/monde25.info\/index.php\/wp-json\/wp\/v2\/tags?post=5092"}],"curies":[{"name":"wp","href":"https:\/\/api.w.org\/{rel}","templated":true}]}}