{"id":5106,"date":"2025-03-24T14:14:24","date_gmt":"2025-03-24T13:14:24","guid":{"rendered":"https:\/\/monde25.info\/index.php\/2025\/03\/24\/les-scientifiques-francais-se-mobilisent-contre-trump\/"},"modified":"2025-03-24T14:14:24","modified_gmt":"2025-03-24T13:14:24","slug":"les-scientifiques-francais-se-mobilisent-contre-trump","status":"publish","type":"post","link":"https:\/\/monde25.info\/index.php\/2025\/03\/24\/les-scientifiques-francais-se-mobilisent-contre-trump\/","title":{"rendered":"Les scientifiques fran\u00e7ais se mobilisent contre Trump"},"content":{"rendered":"<p> <br \/>\n<\/p>\n<div>\n<h4><b>Face aux attaques r\u00e9p\u00e9t\u00e9es contre la recherche scientifique aux \u00c9tats-Unis \u2013 coupes budg\u00e9taires, censure id\u00e9ologique et r\u00e9pression des chercheurs \u2013 la mobilisation s\u2019intensifie. Alors que l\u2019administration Trump renforce son offensive contre les sciences, la communaut\u00e9 acad\u00e9mique fran\u00e7aise se l\u00e8ve en soutien \u00e0 ses coll\u00e8gues am\u00e9ricains \u00e0 l\u2019occasion de plusieurs manifestations <\/b><a target=\"_blank\" href=\"https:\/\/standupforscience.fr\/\"><b><i>Stand up for Science<\/i><\/b><\/a><b> organis\u00e9es sur tout le territoire.<\/b><\/h4>\n<p><span style=\"font-weight: 400;\">Le 7 mars, devant le campus Pierre-et-Marie-Curie de l\u2019universit\u00e9 de la Sorbonne \u00e0 Paris, <strong>2 500 personnes se sont rassembl\u00e9es pour d\u00e9noncer l\u2019offensive contre les sciences d\u00e9clench\u00e9e par le pr\u00e9sident am\u00e9ricain Donald Trump<\/strong>. Dans plusieurs autres villes de France, des chercheurs de toutes les disciplines se sont \u00e9galement r\u00e9unis pour d\u00e9fendre la recherche \u00e0 travers une vaste mobilisation, en soutien \u00e0 leurs confr\u00e8res et consoeurs d\u2019outre-Atlantique. <strong>Au total, ils seraient plus de 8 000 \u00e0 s\u2019\u00eatre mobilis\u00e9s.<\/strong><\/span><\/p>\n<figure id=\"attachment_716208\" aria-describedby=\"caption-attachment-716208\" style=\"width: 1024px\" class=\"wp-caption alignnone\"><img fetchpriority=\"high\" decoding=\"async\" class=\"wp-image-716208 size-medium\" src=\"https:\/\/mrmondialisation.org\/wp-content\/uploads\/2025\/03\/2025-03-07-standupforscience-lille-moulins-6-e1742815589839-1024x734.jpeg\" alt=\"\" width=\"1024\" height=\"734\" srcset=\"https:\/\/mrmondialisation.org\/wp-content\/uploads\/2025\/03\/2025-03-07-standupforscience-lille-moulins-6-e1742815589839-1024x734.jpeg 1024w, https:\/\/mrmondialisation.org\/wp-content\/uploads\/2025\/03\/2025-03-07-standupforscience-lille-moulins-6-e1742815589839-768x550.jpeg 768w, https:\/\/mrmondialisation.org\/wp-content\/uploads\/2025\/03\/2025-03-07-standupforscience-lille-moulins-6-e1742815589839-696x499.jpeg 696w, https:\/\/mrmondialisation.org\/wp-content\/uploads\/2025\/03\/2025-03-07-standupforscience-lille-moulins-6-e1742815589839-1068x765.jpeg 1068w, https:\/\/mrmondialisation.org\/wp-content\/uploads\/2025\/03\/2025-03-07-standupforscience-lille-moulins-6-e1742815589839-586x420.jpeg 586w, https:\/\/mrmondialisation.org\/wp-content\/uploads\/2025\/03\/2025-03-07-standupforscience-lille-moulins-6-e1742815589839.jpeg 1200w\" sizes=\"(max-width: 1024px) 100vw, 1024px\"\/><figcaption id=\"caption-attachment-716208\" class=\"wp-caption-text\">Cr\u00e9dit : Stand up for Science<\/figcaption><\/figure>\n<h2><b>Un assaut frontal contre la recherche et la d\u00e9mocratie<\/b><\/h2>\n<p><span style=\"font-weight: 400;\">Et pour cause, <strong>entre licenciements massifs, abandons de projets, suppressions de donn\u00e9es, censures de certaines th\u00e9matiques, pertes de budgets et isolement sur la sc\u00e8ne internationale<\/strong>, les agressions envers la recherche sont brutales depuis le d\u00e9but du second mandat de Donald Trump \u00e0 la Maison-Blanche.\u00a0<\/span><\/p>\n<p><i><span style=\"font-weight: 400;\">\u00ab Par le pass\u00e9, des scientifiques avaient \u00e9t\u00e9 attaqu\u00e9s sur leurs opinions. L\u00e0, nous sommes vis\u00e9s sur la d\u00e9finition m\u00eame de notre m\u00e9tier, et c\u2019est sans pr\u00e9c\u00e9dent de ce point de vue-l\u00e0. <strong>C\u2019est une attaque massive contre la d\u00e9mocratie \u00bb<\/strong><\/span><\/i><span style=\"font-weight: 400;\">, s\u2019exclame l\u2019historien Patrick Boucheron lors de la conf\u00e9rence de presse qui a pr\u00e9c\u00e9d\u00e9 la marche, <\/span><a target=\"_blank\" href=\"https:\/\/vert.eco\/articles\/stand-up-for-science-a-paris-2-500-manifestants-denoncent-lattaque-generalisee-de-donald-trump-contre-la-recherche\"><span style=\"font-weight: 400;\">couverte par les journalistes de Vert<\/span><\/a><span style=\"font-weight: 400;\">.\u00a0<\/span><\/p>\n<h2><b>Des coupes budg\u00e9taires et une censure sans pr\u00e9c\u00e9dent<\/b><\/h2>\n<p><span style=\"font-weight: 400;\">En quelques semaines, l\u2019administration Trump et le D\u00e9partement de l\u2019efficacit\u00e9 gouvernementale (DOGE) d\u2019Elon Musk ont successivement <strong>retoqu\u00e9 les programmes d\u2019aide \u00e0 l\u2019inclusion au sein des universit\u00e9s, r\u00e9duit les financements de recherche et restreint l\u2019acc\u00e8s \u00e0 de nombreuses bases de donn\u00e9es<\/strong>.\u00a0<\/span><\/p>\n<p><span style=\"font-weight: 400;\">En outre, le Pr\u00e9sident s\u2019est empress\u00e9 de<strong> supprimer le programme de la NASA destin\u00e9 \u00e0 la surveillance de la Terre, qui \u00e9valuait les taux de gaz \u00e0 effet de serre, mais aussi <a target=\"_blank\" href=\"https:\/\/mrmondialisation.org\/climat-la-chaleur-des-nuits-augmente-au-peril-de-la-sante\/\">la pollution touchant la sant\u00e9 des populations.<\/a><\/strong> Cette d\u00e9cision dramatique a eu pour effet d\u2019interrompre la continuit\u00e9 des observations, impactant profond\u00e9ment tous les pays qui basaient en partie leur recherche sur ces donn\u00e9es.\u00a0<\/span><\/p>\n<p><span style=\"font-weight: 400;\">Donald Trump s\u2019est aussi attaqu\u00e9 \u00e0 plusieurs agences f\u00e9d\u00e9rales, dont l\u2019USDA en charge de l\u2019agriculture, <strong>en leur interdisant de poursuivre des travaux sur certaines th\u00e9matiques.<\/strong> <i>\u00ab <\/i><\/span><i><span style=\"font-weight: 400;\">Il a ainsi fait supprimer des sites f\u00e9d\u00e9raux au moins 8 000 pages web mentionnant des sujets d\u00e9sormais interdits, touchant au changement climatique, \u00e0 l\u2019environnement, \u00e0 la biodiversit\u00e9 ou aux \u00e9tudes de genre \u00bb<\/span><\/i><span style=\"font-weight: 400;\">, <\/span><a target=\"_blank\" href=\"https:\/\/www.academie-sciences.fr\/communique-de-presse-menaces-sur-la-science-et-la-recherche-scientifique-retrait-de-laide\"><span style=\"font-weight: 400;\">rel\u00e8ve l\u2019Acad\u00e9mie des sciences dans un communiqu\u00e9<\/span><\/a><span style=\"font-weight: 400;\">.\u00a0\u00a0<\/span><\/p>\n<p><span style=\"font-weight: 400;\">L\u2019institut fran\u00e7ais note aussi le d\u00e9mant\u00e8lement du plan f\u00e9d\u00e9ral de r\u00e9formes \u00e9cologiques et sociales pour la protection de l\u2019environnement et le d\u00e9veloppement des \u00e9nergies propres et renouvelables. A contrario, <strong>la Maison Blanche annonce un soutien massif \u00e0 l\u2019industrie des \u00e9nergies fossiles.\u00a0<\/strong><\/span><\/p>\n<h2><b>Une offensive id\u00e9ologique contre l\u2019inclusion et la diversit\u00e9<\/b><\/h2>\n<p><span style=\"font-weight: 400;\">Pour justifier ces interventions, Donald Trump \u00e9voque une lutte contre la pr\u00e9tendue \u00ab id\u00e9ologie <em>woke <\/em>\u00bb et assure d\u00e9fendre des valeurs r\u00e9actionnaires qui redonneront sa grandeur \u00e0 l\u2019Am\u00e9rique. Sous ce pr\u00e9texte, <a target=\"_blank\" href=\"https:\/\/mrmondialisation.org\/transidentite-deconstruire-les-prejuges-combattre-la-haine\/\"><strong>l\u2019administration s\u2019attaque en r\u00e9alit\u00e9 \u00e0 toutes les politiques de diversit\u00e9, d\u2019\u00e9quit\u00e9 et d\u2019inclusion<\/strong>.<\/a> <\/span><span style=\"font-weight: 400;\">L\u2019Acad\u00e9mie des sciences conclut : <\/span><\/p>\n<blockquote>\n<p><strong><em>\u00ab <\/em><i>Toute discrimination positive est d\u00e9sormais interdite : ceci s\u2019applique tout aussi bien aux \u00e9tudiants \u00e9trangers aux \u00c9tats-Unis qu\u2019aux femmes et aux minorit\u00e9s dans les entreprises, les universit\u00e9s et les institutions acad\u00e9miques \u00bb<\/i><\/strong><\/p>\n<\/blockquote>\n<p><span style=\"font-weight: 400;\">\u00c0 ce titre, une liste d\u2019une centaine de termes proscrits ou <em>\u00ab \u00e0 surveiller \u00bb<\/em> est rapidement parvenus \u00e0 la <\/span><i><span style=\"font-weight: 400;\">National Science Foundation<\/span><\/i><span style=\"font-weight: 400;\">, qui supervise la recherche scientifique am\u00e9ricaine. Parmi eux figurent notamment <strong>\u00ab<\/strong> <strong>handicap \u00bb, \u00ab<em>\u00a0<\/em>femme \u00bb, \u00ab racisme \u00bb, \u00ab victime \u00bb, \u00ab justice sociale \u00bb, \u00ab personne noire \u00bb ou \u00ab latino\/latina \u00bb et encore \u00ab discrimination \u00bb<\/strong>. Des termes g\u00e9n\u00e9riques des sciences sociales, comme \u00ab historiquement \u00bb, \u00ab politique \u00bb, \u00ab socioculturel \u00bb \u00a0et \u00ab socio-\u00e9conomique \u00bb, apparaissent \u00e9galement dans la liste.<\/span><\/p>\n<div class=\"td-a-rec td-a-rec-id-content_inline  tdi_1 td_block_template_1\">\n<span class=\"td-adspot-title\">&#8211; Pour une information libre ! &#8211;<\/span><a target=\"_blank\" href=\"https:\/\/fr.tipeee.com\/mr-mondialisation\" class=\"tipeee-project-small\">Soutenir Mr Japanization sur Tipeee<\/a>\n<\/div>\n<p><span style=\"font-weight: 400;\">Qualifi\u00e9e d\u2019un <strong><em>\u00ab <\/em><\/strong><\/span><strong><i>assaut lexical contre la recherche <em>\u00bb<\/em><\/i><\/strong><span style=\"font-weight: 400;\"><strong>\u00a0<\/strong>par les analystes du Monde, cette guerre du vocabulaire vise sans d\u00e9tours \u00e0 <em>\u00ab <\/em><\/span><i><span style=\"font-weight: 400;\">combattre et modeler \u00e0 la source le d\u00e9bat politique, au risque de la censure <em>\u00bb<\/em><\/span><\/i><span style=\"font-weight: 400;\">, <\/span><a target=\"_blank\" href=\"https:\/\/www.lemonde.fr\/les-decodeurs\/article\/2025\/03\/02\/comment-donald-trump-tord-la-langue-pour-gouverner_6572853_4355770.html\"><span style=\"font-weight: 400;\">assure le journal.\u00a0<\/span><\/a><\/p>\n<figure id=\"attachment_716211\" aria-describedby=\"caption-attachment-716211\" style=\"width: 1024px\" class=\"wp-caption alignnone\"><img loading=\"lazy\" decoding=\"async\" class=\"size-medium wp-image-716211\" src=\"https:\/\/mrmondialisation.org\/wp-content\/uploads\/2025\/03\/man-2562325-1280-1024x682.jpg\" alt=\"\" width=\"1024\" height=\"682\" srcset=\"https:\/\/mrmondialisation.org\/wp-content\/uploads\/2025\/03\/man-2562325-1280-1024x682.jpg 1024w, https:\/\/mrmondialisation.org\/wp-content\/uploads\/2025\/03\/man-2562325-1280-768x512.jpg 768w, https:\/\/mrmondialisation.org\/wp-content\/uploads\/2025\/03\/man-2562325-1280-696x464.jpg 696w, https:\/\/mrmondialisation.org\/wp-content\/uploads\/2025\/03\/man-2562325-1280-1068x712.jpg 1068w, https:\/\/mrmondialisation.org\/wp-content\/uploads\/2025\/03\/man-2562325-1280-630x420.jpg 630w, https:\/\/mrmondialisation.org\/wp-content\/uploads\/2025\/03\/man-2562325-1280.jpg 1280w\" sizes=\"auto, (max-width: 1024px) 100vw, 1024px\"\/><figcaption id=\"caption-attachment-716211\" class=\"wp-caption-text\">L\u2019Acad\u00e9mie des sciences se dit \u00ab\u00a0tr\u00e8s pr\u00e9occup\u00e9e\u00a0\u00bb par le licenciement brutal des personnels de recherche les plus pr\u00e9caires, notamment les \u00e9tudiants \u00e9trangers, en th\u00e8se et les post-doctorants. \u2013 Cr\u00e9dits : Pixabay<\/figcaption><\/figure>\n<h2><b>Entre exil et risque de repr\u00e9saille : des chercheurs en danger<\/b><\/h2>\n<p><span style=\"font-weight: 400;\">Pour les scientifiques d\u2019outre-Atlantique, la crainte des repr\u00e9sailles est r\u00e9elle. <em>\u00ab <\/em><\/span><i><span style=\"font-weight: 400;\">Nous avons re\u00e7u de premi\u00e8res candidatures am\u00e9ricaines <em>\u00bb<\/em><\/span><\/i><span style=\"font-weight: 400;\">, indique Patrick Boucheron \u00e0 Vert, faisant r\u00e9f\u00e9rence au programme de recherche Pause, <strong>cens\u00e9 accueillir au sein des institutions fran\u00e7aises des scientifiques en exil, priv\u00e9s de leur libert\u00e9 acad\u00e9mique dans leur pays d\u2019origine<\/strong>. Lanc\u00e9e en 2017, cette initiative \u00e9tait alors destin\u00e9e \u00e0 offrir une opportunit\u00e9 aux scientifiques menac\u00e9s en Syrie, en Afghanistan, en Ukraine ou en Russie.\u00a0<\/span><\/p>\n<p><strong><em>\u00ab <\/em><i>L\u2019Universit\u00e9 et la recherche font aujourd\u2019hui l\u2019objet d\u2019attaques d\u2019une ampleur in\u00e9dite depuis la Seconde Guerre mondiale <em>\u00bb<\/em><\/i><\/strong><span style=\"font-weight: 400;\">, expliquent <\/span><span style=\"font-weight: 400;\">Olivier Bern\u00e9, astrophysicien, Patrick Lemaire, biologiste et Emmanuelle Perez-Tisserant, historienne, initiateurs de l\u2019action <\/span><i><span style=\"font-weight: 400;\">Stand up for sciences<\/span><\/i><span style=\"font-weight: 400;\"> en France. Bas\u00e9e sur le m\u00eame mod\u00e8le que <\/span><a target=\"_blank\" href=\"https:\/\/standupforscience2025.org\/our-policy-goals\/\"><span style=\"font-weight: 400;\">son homologue am\u00e9ricain<\/span><\/a><span style=\"font-weight: 400;\">, la mobilisation a atteint son objectif de visibilisation de la menace qui p\u00e8se sur la communaut\u00e9 scientifique.\u00a0<\/span><\/p>\n<p><iframe loading=\"lazy\" title=\"\u00ab La science am\u00e9ricaine attaqu\u00e9e par Trump \u00bb : la recherche fran\u00e7aise affiche sa solidarit\u00e9\" width=\"1110\" height=\"624\" src=\"https:\/\/www.youtube.com\/embed\/jycsjBNiikU?feature=oembed\" frameborder=\"0\" allow=\"accelerometer; autoplay; clipboard-write; encrypted-media; gyroscope; picture-in-picture; web-share\" referrerpolicy=\"strict-origin-when-cross-origin\" allowfullscreen><\/iframe><\/p>\n<h2><b>L\u2019Europe face aux m\u00eames d\u00e9rives ?<\/b><\/h2>\n<p><span style=\"font-weight: 400;\">Si l\u2019offensive <em>\u00ab <\/em><\/span><i><span style=\"font-weight: 400;\">est particuli\u00e8rement alarmante aux \u00c9tats-Unis <em>\u00bb<\/em><\/span><\/i><span style=\"font-weight: 400;\">, o\u00f9 les institutions de recherche, les agences de r\u00e9gulation, les droits civiques et les fondements m\u00eames de la d\u00e9mocratie sont mis \u00e0 mal par l\u2019administration Trump, <strong>la solidarit\u00e9 internationale s\u2019av\u00e8re <em>\u00ab <\/em><\/strong><\/span><strong><i>indispensable <strong><em>\u00bb<\/em><\/strong><\/i>, selon les trois chercheurs, alors que <em>\u00ab <\/em><i>de semblables menaces p\u00e8sent sur l\u2019Europe <em>\u00bb<\/em><\/i>.<\/strong><\/p>\n<p><span style=\"font-weight: 400;\">Institutions scientifiques cibl\u00e9es, financements fragilis\u00e9s, chercheurs accus\u00e9s de \u00ab wokisme \u00bb :<strong> la recherche subit en France une offensive croissante, souvent men\u00e9e par l\u2019extr\u00eame droite<\/strong>.<\/span><span style=\"font-weight: 400;\"> Au micro de Vert, <strong>Val\u00e9rie Masson-Delmotte, climatologue et ancienne co-pr\u00e9sidente de l\u2019un des groupes de travail du Giec<\/strong> (Groupe d\u2019experts intergouvernemental sur l\u2019\u00e9volution du climat), questionne : <\/span><\/p>\n<blockquote>\n<p><strong><i><em>\u00ab <\/em>Je vous invite \u00e0 r\u00e9fl\u00e9chir sur les symboles quand, en France, on mure l\u2019entr\u00e9e de <\/i><i>l\u2019Office fran\u00e7ais de la biodiversit\u00e9<\/i><i>, <\/i><i>de l\u2019Anses, de l\u2019Inrae<\/i><i>. Qu\u2019est-ce que \u00e7a veut dire : on veut intimider, on ne veut pas laisser parler ? <em>\u00bb<\/em><\/i><\/strong><\/p>\n<\/blockquote>\n<p><i><span style=\"font-weight: 400;\"><em>\u00ab <\/em>Nous ne sommes pas au m\u00eame niveau d\u2019attaques, mais il faut <a target=\"_blank\" href=\"https:\/\/mrmondialisation.org\/20-femmes-sciences-histoire\/\"><strong>prendre soin de la science, qui est un bien commun<\/strong><\/a> \u00bb <\/span><\/i><span style=\"font-weight: 400;\">: <\/span><span style=\"font-weight: 400;\">C\u2019est ce qu\u2019a fermement d\u00e9fendu le mouvement <\/span><i><span style=\"font-weight: 400;\">Stand up for Science<\/span><\/i><span style=\"font-weight: 400;\">, aux Etats-Unis mais \u00e9galement dans l\u2019Hexagone, le 7 mars dernier.<\/span><\/p>\n<p style=\"text-align: right;\"><em><span style=\"font-weight: 400;\"><strong class=\"gmail_sendername\" dir=\"auto\">\u2013 Lou Aendekerk<\/strong><\/span><\/em><\/p>\n<hr\/>\n<p>Photo de couverture : Marche de mobilisation Stand up for Science, organis\u00e9e \u00e0 Nantes. \u2013 Cr\u00e9dits : <a target=\"_blank\" href=\"https:\/\/standupforscience.fr\">Stand up for science<\/a><\/p>\n<div class=\"td-a-rec td-a-rec-id-content_bottom  tdi_2 td_block_template_1\">\n<span class=\"td-adspot-title\">&#8211; Cet article gratuit et ind\u00e9pendant existe gr\u00e2ce \u00e0 vous &#8211;<\/span><\/p>\n<div class=\"td-all-devices\">\n    <a target=\"_blank\" href=\"https:\/\/mrmondialisation.org\/donation\/\" title=\"Faire_un_don\"><img decoding=\"async\" class=\"donationArticle\" src=\"https:\/\/mrmondialisation.org\/wp-content\/uploads\/2022\/12\/220405-flikalicious-final.jpg\" alt=\"Donation\"\/><\/a>\n<\/div>\n<\/div><\/div>\n<p><br \/>\n<br \/><a href=\"https:\/\/mrmondialisation.org\/trump-stand-up-for-science-france\/\" target=\"_blank\"\">Source link <\/a><\/p>\n","protected":false},"excerpt":{"rendered":"<p>Face aux attaques r\u00e9p\u00e9t\u00e9es contre la recherche scientifique aux \u00c9tats-Unis \u2013 coupes budg\u00e9taires, censure id\u00e9ologique et r\u00e9pression des chercheurs \u2013 la mobilisation s\u2019intensifie. Alors que l\u2019administration Trump renforce son offensive&hellip; <\/p>\n","protected":false},"author":1,"featured_media":5107,"comment_status":"open","ping_status":"open","sticky":false,"template":"","format":"standard","meta":{"footnotes":""},"categories":[1],"tags":[],"class_list":["post-5106","post","type-post","status-publish","format-standard","has-post-thumbnail","hentry","category-non-classe"],"_links":{"self":[{"href":"https:\/\/monde25.info\/index.php\/wp-json\/wp\/v2\/posts\/5106","targetHints":{"allow":["GET"]}}],"collection":[{"href":"https:\/\/monde25.info\/index.php\/wp-json\/wp\/v2\/posts"}],"about":[{"href":"https:\/\/monde25.info\/index.php\/wp-json\/wp\/v2\/types\/post"}],"author":[{"embeddable":true,"href":"https:\/\/monde25.info\/index.php\/wp-json\/wp\/v2\/users\/1"}],"replies":[{"embeddable":true,"href":"https:\/\/monde25.info\/index.php\/wp-json\/wp\/v2\/comments?post=5106"}],"version-history":[{"count":0,"href":"https:\/\/monde25.info\/index.php\/wp-json\/wp\/v2\/posts\/5106\/revisions"}],"wp:featuredmedia":[{"embeddable":true,"href":"https:\/\/monde25.info\/index.php\/wp-json\/wp\/v2\/media\/5107"}],"wp:attachment":[{"href":"https:\/\/monde25.info\/index.php\/wp-json\/wp\/v2\/media?parent=5106"}],"wp:term":[{"taxonomy":"category","embeddable":true,"href":"https:\/\/monde25.info\/index.php\/wp-json\/wp\/v2\/categories?post=5106"},{"taxonomy":"post_tag","embeddable":true,"href":"https:\/\/monde25.info\/index.php\/wp-json\/wp\/v2\/tags?post=5106"}],"curies":[{"name":"wp","href":"https:\/\/api.w.org\/{rel}","templated":true}]}}