{"id":5108,"date":"2025-03-24T14:46:58","date_gmt":"2025-03-24T13:46:58","guid":{"rendered":"https:\/\/monde25.info\/index.php\/2025\/03\/24\/les-etats-unis-dressent-une-liste-de-plus-en-plus-longue-des-ennemis-de-la-liberte-dexpression\/"},"modified":"2025-03-24T14:46:58","modified_gmt":"2025-03-24T13:46:58","slug":"les-etats-unis-dressent-une-liste-de-plus-en-plus-longue-des-ennemis-de-la-liberte-dexpression","status":"publish","type":"post","link":"https:\/\/monde25.info\/index.php\/2025\/03\/24\/les-etats-unis-dressent-une-liste-de-plus-en-plus-longue-des-ennemis-de-la-liberte-dexpression\/","title":{"rendered":"Les \u00c9tats-Unis dressent une liste de plus en plus longue des ennemis de la libert\u00e9 d\u2019expression"},"content":{"rendered":"<p> <br \/>\n<\/p>\n<div>\n<p>par <strong>Philip Giraldi<\/strong><\/p>\n<p><strong>\u00abPersonne ne peut vous prot\u00e9ger. Nous vivons une \u00e9poque dangereuse\u00bb.<\/strong><\/p>\n<p>Ce fut une nouvelle semaine passionnante ici au Pays d\u2019Oz, anciennement connu sous le nom d\u2019\u00c9tats-Unis d\u2019Am\u00e9rique, qui subit actuellement une purge apparemment attendue depuis longtemps et qui remplacera l\u2019\u00c9tat de droit par un processus fantaisiste dans lequel le chef de l\u2019ex\u00e9cutif est habilit\u00e9 \u00e0 tout d\u00e9cider dans un nouveau pays qui sera probablement rebaptis\u00e9 Trumpland. La transition n\u2019a pas \u00e9t\u00e9 jolie, car une partie du processus consiste \u00e0 expulser tous les ind\u00e9sirables. En cons\u00e9quence, des pays consid\u00e9r\u00e9s comme amis du peuple et du gouvernement am\u00e9ricains, notamment la Grande-Bretagne et l\u2019Allemagne, <a target=\"_blank\" href=\"https:\/\/www.yahoo.com\/lifestyle\/more-countries-now-telling-citizens-200000125.html\" target=\"_blank\" rel=\"noopener\" title=\"\">invitent d\u00e9sormais leurs citoyens<\/a> \u00e0 reconsid\u00e9rer leur projet de voyage aux \u00c9tats-Unis, car ils pourraient \u00eatre d\u00e9tenus par une ou plusieurs autorit\u00e9s am\u00e9ricaines charg\u00e9es de l\u2019application de la loi, m\u00eame si leur statut de voyageur est parfaitement l\u00e9gal et qu\u2019ils n\u2019ont commis aucun acte pouvant \u00eatre consid\u00e9r\u00e9 comme un crime dans le monde r\u00e9el. L\u2019Allemagne a d\u00e9clar\u00e9 cette semaine qu\u2019elle enqu\u00eatait sur le cas de trois de ses citoyens qui se sont vu refuser l\u2019entr\u00e9e et ont \u00e9t\u00e9 plac\u00e9s en d\u00e9tention alors qu\u2019ils tentaient d\u2019entrer par la fronti\u00e8re sud des \u00c9tats-Unis. De m\u00eame, la Grande-Bretagne a examin\u00e9 le cas d\u2019un citoyen qui a \u00e9galement tent\u00e9 d\u2019entrer par le Mexique. Cela s\u2019ajoute \u00e0 la liste des pays qui cherchent \u00e0 se distancier des politiques \u00e9manant de Washington et qui se pr\u00e9parent \u00e0 riposter contre les droits de douane punitifs, les sanctions et les d\u00e9tentions arbitraires, notamment le \u00abcinquante et uni\u00e8me \u00c9tat\u00bb le Canada, le Mexique, le Panama et le Groenland.<\/p>\n<p>Les minist\u00e8res des Affaires \u00e9trang\u00e8res europ\u00e9ens fondent sans doute en partie leurs conseils <a target=\"_blank\" href=\"https:\/\/www.msn.com\/en-us\/news\/politics\/french-scientist-denied-entry-to-us-over-anti-trump-messages\/ar-AA1BkNXi\" target=\"_blank\" rel=\"noopener\" title=\"\">sur le cas<\/a> d\u2019un scientifique fran\u00e7ais qui s\u2019est vu arbitrairement refuser l\u2019entr\u00e9e aux \u00c9tats-Unis ce mois-ci en raison de messages jug\u00e9s critiques \u00e0 l\u2019\u00e9gard des politiques de recherche de l\u2019administration du pr\u00e9sident Trump. Philippe Baptiste, ministre fran\u00e7ais de l\u2019Enseignement sup\u00e9rieur, a expliqu\u00e9 comment \u00ab<em>il avait appris avec inqui\u00e9tude qu\u2019un universitaire fran\u00e7ais qui se rendait \u00e0 une conf\u00e9rence \u00e0 Houston s\u2019\u00e9tait vu refuser l\u2019entr\u00e9e avant d\u2019\u00eatre expuls\u00e9<\/em>\u00bb vers l\u2019Europe. L\u2019universitaire, dont le nom n\u2019a pas \u00e9t\u00e9 r\u00e9v\u00e9l\u00e9, \u00e9tait en mission pour le Centre national de la recherche scientifique fran\u00e7ais. Baptise a expliqu\u00e9 :<\/p>\n<p>\u00ab<em>Cette mesure a apparemment \u00e9t\u00e9 prise par les autorit\u00e9s am\u00e9ricaines parce que le t\u00e9l\u00e9phone de ce chercheur contenait des \u00e9changes avec des coll\u00e8gues et des amis dans lesquels il exprimait une opinion personnelle sur la politique de recherche de l\u2019administration Trump. La libert\u00e9 d\u2019opinion, la libert\u00e9 de la recherche et la libert\u00e9 acad\u00e9mique sont des valeurs que nous continuerons \u00e0 d\u00e9fendre fi\u00e8rement. Je d\u00e9fendrai la possibilit\u00e9 pour tous les chercheurs fran\u00e7ais d\u2019y \u00eatre fid\u00e8les, dans le respect de la loi<\/em>\u00bb.<\/p>\n<p>Et les universit\u00e9s am\u00e9ricaines, qui sont particuli\u00e8rement vis\u00e9es car elles sont le foyer du seul crime capital qui compte vraiment actuellement, l\u2019antis\u00e9mitisme, se plient pour \u00e9chapper \u00e0 la col\u00e8re de l\u2019Oint de J\u00e9hovah \u00e0 Washington en expulsant des \u00e9tudiants et des professeurs et m\u00eame en d\u00e9pouillant les dipl\u00f4m\u00e9s de leurs dipl\u00f4mes apr\u00e8s coup. Les points de ralliement des manifestations pro-palestiniennes, comme l\u2019universit\u00e9 Columbia \u00e0 New York et l\u2019universit\u00e9 de Californie \u00e0 Los Angeles, <a target=\"_blank\" href=\"https:\/\/www.nytimes.com\/2025\/03\/21\/nyregion\/columbia-response-trump-demands.html\" target=\"_blank\" rel=\"noopener\" title=\"\">d\u00e9montrent leur loyaut\u00e9<\/a> envers le nouvel ordre aussi vite qu\u2019ils le peuvent, reconnaissant clairement que permettre \u00e0 quelqu\u2019un de d\u00e9noncer le g\u00e9nocide des Palestiniens revient \u00e0 \u00eatre identifi\u00e9 <em>ipso facto<\/em> par la Maison-Blanche comme un terroriste. Columbia, par exemple, autorise les agents de la S\u00e9curit\u00e9 int\u00e9rieure \u00e0 se rendre sur le campus et, sans mandat ni accusation d\u2019activit\u00e9 criminelle, \u00e0 interroger et \u00e0 arr\u00eater des \u00e9tudiants dans les dortoirs et les salles de classe. Il est int\u00e9ressant de noter, cependant, que les \u00e9tudiants commencent \u00e0 se venger. Un rapport sugg\u00e8re que les \u00e9tudiants accept\u00e9s dans la nouvelle promotion de Columbia en septembre <a target=\"_blank\" href=\"https:\/\/www.yahoo.com\/news\/students-scramble-rescind-columbia-applications-171306162.html\" target=\"_blank\" rel=\"noopener\" title=\"\">changent d\u2019avis<\/a> et annulent leur inscription en grand nombre.<\/p>\n<p>La victime la plus en vue de la chasse aux sorci\u00e8res de l\u2019administration Trump reste Mahmoud Khalil, r\u00e9cemment dipl\u00f4m\u00e9 de Columbia et organisateur de premier plan lors des manifestations du printemps dernier \u00e0 Gaza. Il a \u00e9t\u00e9 <a target=\"_blank\" href=\"https:\/\/newsletters.mondoweiss.net\/td\/c\/eyJ2Ijoie1wiYVwiOjU5NzMwLFwibFwiOjE0OTMwODE2NTkxMzA1MzExMSxcInJcIjoxNDkzMDgxODIyNTQwNjA5NTh9IiwicyI6Ijg4ZTY5N2Y3ZDQ3NTdiZjIifQ\" target=\"_blank\" rel=\"noopener\" title=\"\">arr\u00eat\u00e9 par<\/a> les agents de l\u2019Immigration and Customs Enforcement (ICE) devant sa femme enceinte, qui a suppli\u00e9 les agents d\u2019expliquer les charges retenues contre lui. Khalil \u00e9tait r\u00e9sident permanent et poss\u00e9dait une carte verte en cours de validit\u00e9, mais celle-ci a \u00e9t\u00e9 r\u00e9voqu\u00e9e par le gouvernement f\u00e9d\u00e9ral en m\u00eame temps que son visa \u00e9tudiant. L\u2019administration Trump a demand\u00e9 l\u2019expulsion imm\u00e9diate de Khalil, mais cette demande a d\u2019abord \u00e9t\u00e9 <a target=\"_blank\" href=\"https:\/\/newsletters.mondoweiss.net\/td\/c\/eyJ2Ijoie1wiYVwiOjU5NzMwLFwibFwiOjE0OTMwODE2NTkxNzI0NzQxNixcInJcIjoxNDkzMDgxODIyNTQwNjA5NTh9IiwicyI6IjZkMGIzZTMwMDUzNzY1NDgifQ\" target=\"_blank\" rel=\"noopener\" title=\"\">bloqu\u00e9e par<\/a> un juge f\u00e9d\u00e9ral de New York. Pendant longtemps, personne ne savait o\u00f9 se trouvait Khalil, mais on a finalement appris qu\u2019il \u00e9tait d\u00e9tenu dans un centre de d\u00e9tention en Louisiane. Lors de sa premi\u00e8re audience, on a appris que ses avocats n\u2019avaient pas pu communiquer avec lui.<\/p>\n<p>L\u2019\u00e9quipe Trump a imm\u00e9diatement c\u00e9l\u00e9br\u00e9 le calvaire de Khalil. \u00ab<em>C\u2019est la premi\u00e8re arrestation d\u2019une longue s\u00e9rie<\/em>\u00bb, <a target=\"_blank\" href=\"https:\/\/newsletters.mondoweiss.net\/td\/c\/eyJ2Ijoie1wiYVwiOjU5NzMwLFwibFwiOjE0OTMwODE2NTkyMjQ5MDMwMCxcInJcIjoxNDkzMDgxODIyNTQwNjA5NTh9IiwicyI6ImZkMzQyZjhhZmEyZmM1ZWIifQ\" target=\"_blank\" rel=\"noopener\" title=\"\">a \u00e9crit<\/a> le pr\u00e9sident dans un post sur <em>Truth Social<\/em>. \u00ab<em>Nous savons qu\u2019il y a d\u2019autres \u00e9tudiants \u00e0 Columbia et dans d\u2019autres universit\u00e9s du pays qui se sont engag\u00e9s dans des activit\u00e9s pro-terroristes, antis\u00e9mites et anti-am\u00e9ricaines, et l\u2019administration Trump ne le tol\u00e9rera pas. Beaucoup ne sont pas des \u00e9tudiants, ce sont des agitateurs pay\u00e9s<\/em>\u00bb. Le secr\u00e9taire d\u2019\u00c9tat Marco Rubio a invoqu\u00e9 une loi de 1952 sur l\u2019<em>immigration et la nationalit\u00e9<\/em>, la \u00abRed scare\u00bb, qui autorisait le gouvernement \u00e0 cibler et \u00e0 expulser \u00ab<em>tout \u00e9tranger dont la pr\u00e9sence ou les activit\u00e9s aux \u00c9tats-Unis pourraient avoir des cons\u00e9quences n\u00e9gatives graves sur la politique \u00e9trang\u00e8re des \u00c9tats-Unis, si le secr\u00e9taire d\u2019\u00c9tat a des motifs raisonnables de le croire<\/em>\u00bb.<\/p>\n<p>La semaine derni\u00e8re, deux autres \u00e9tudiants de Columbia ont \u00e9t\u00e9 vis\u00e9s par une mesure d\u2019expulsion. Un communiqu\u00e9 de presse du d\u00e9partement de la S\u00e9curit\u00e9 int\u00e9rieure (DHS) <a target=\"_blank\" href=\"https:\/\/newsletters.mondoweiss.net\/td\/c\/eyJ2Ijoie1wiYVwiOjU5NzMwLFwibFwiOjE0OTMwODE2NTkzOTI2NzUyMixcInJcIjoxNDkzMDgxODIyNTQwNjA5NTh9IiwicyI6ImRkZWMwYWZjZWM0YjA2NWMifQ\" target=\"_blank\" rel=\"noopener\" title=\"\">a annonc\u00e9<\/a> que Leqaa Kordia, une Palestinienne de Cisjordanie, avait \u00e9t\u00e9 arr\u00eat\u00e9e \u00e0 Newark, dans le New Jersey, par des agents de l\u2019ICE pour avoir pr\u00e9tendument d\u00e9pass\u00e9 la dur\u00e9e de validit\u00e9 de son visa d\u2019\u00e9tudiant F-1. Elle est actuellement <a target=\"_blank\" href=\"https:\/\/newsletters.mondoweiss.net\/td\/c\/eyJ2Ijoie1wiYVwiOjU5NzMwLFwibFwiOjE0OTMwODE2NTk0NDUxMDQwNCxcInJcIjoxNDkzMDgxODIyNTQwNjA5NTh9IiwicyI6IjI0ZGY0YjFjMzk1ZmQ5NzUifQ\" target=\"_blank\" rel=\"noopener\" title=\"\">d\u00e9tenue<\/a> au centre de d\u00e9tention de Prairieland \u00e0 Alvarado, au Texas. Kordia aurait <a target=\"_blank\" href=\"https:\/\/newsletters.mondoweiss.net\/td\/c\/eyJ2Ijoie1wiYVwiOjU5NzMwLFwibFwiOjE0OTMwODE2NTk0ODcwNDcxMSxcInJcIjoxNDkzMDgxODIyNTQwNjA5NTh9IiwicyI6ImY2MDY4YTg3MjM1OTM3MDgifQ\" target=\"_blank\" rel=\"noopener\" title=\"\">particip\u00e9 aux<\/a> manifestations de l\u2019universit\u00e9 \u00e0 Gaza au printemps dernier. De m\u00eame, Ranjani Srinivasan, une ressortissante indienne et boursi\u00e8re Fulbright \u00e0 Columbia, a fui les \u00c9tats-Unis par crainte d\u2019\u00eatre d\u00e9tenue. Elle est aux \u00c9tats-Unis depuis pr\u00e8s de dix ans.<\/p>\n<p>\u00ab<em>La r\u00e9vocation de mon visa et la perte de mon statut d\u2019\u00e9tudiante ont boulevers\u00e9 ma vie et mon avenir, non pas \u00e0 cause d\u2019un acte r\u00e9pr\u00e9hensible, mais parce que j\u2019ai exerc\u00e9 mon droit \u00e0 la libert\u00e9 d\u2019expression<\/em>\u00bb, a-t-elle expliqu\u00e9 \u00e0 <em>CNN<\/em> dans une <a target=\"_blank\" href=\"https:\/\/newsletters.mondoweiss.net\/td\/c\/eyJ2Ijoie1wiYVwiOjU5NzMwLFwibFwiOjE0OTMwODE2NTk1Mjg5OTAxNixcInJcIjoxNDkzMDgxODIyNTQwNjA5NTh9IiwicyI6IjA1MWExY2I4ZTUzMTFhNWUifQ\" target=\"_blank\" rel=\"noopener\" title=\"\">d\u00e9claration<\/a>.<\/p>\n<p>Momodou Taal, \u00e9tudiant en doctorat en \u00e9tudes africaines \u00e0 Cornell, a contest\u00e9 le d\u00e9cret de Trump appelant aux expulsions. Taal a d\u00e9pos\u00e9 plainte le 15 mars dans l\u2019espoir d\u2019emp\u00eacher l\u2019administration de le d\u00e9tenir ou de l\u2019expulser, ainsi que d\u2019autres personnes ayant particip\u00e9 \u00e0 des <a target=\"_blank\" href=\"https:\/\/www.yahoo.com\/news\/cornell-student-challenged-trump-eos-091357407.html\" target=\"_blank\" rel=\"noopener\" title=\"\">manifestations pro-palestiniennes<\/a>, mais le DHS a indiqu\u00e9 qu\u2019il serait d\u00e9tenu. Il y a aussi le Dr Badar Khan Suri, chercheur postdoctoral en \u00e9tudes sur la paix et les conflits \u00e0 l\u2019universit\u00e9 de Georgetown, <a target=\"_blank\" href=\"https:\/\/www.dropsitenews.com\/p\/georgetown-postdoc-the-latest-to\" target=\"_blank\" rel=\"noopener\" title=\"\">qui a \u00e9t\u00e9 arr\u00eat\u00e9<\/a> par des agents du d\u00e9partement de la S\u00e9curit\u00e9 int\u00e9rieure alors qu\u2019il rentrait chez lui apr\u00e8s avoir donn\u00e9 un cours du soir le 17 mars. Suri, citoyen indien, est chercheur au Centre Alwaleed bin Talal pour la compr\u00e9hension entre musulmans et chr\u00e9tiens, un centre de recherche interconfessionnel situ\u00e9 sur le campus de Georgetown \u00e0 Washington DC. Des agents du DHS l\u2019ont ensuite arr\u00eat\u00e9 pr\u00e8s de chez lui \u00e0 Arlington, en Virginie, et l\u2019ont inform\u00e9 que le gouvernement am\u00e9ricain avait r\u00e9voqu\u00e9 son visa J-1, un visa de non-immigrant destin\u00e9 aux ressortissants \u00e9trangers participant \u00e0 des programmes d\u2019\u00e9changes \u00e9ducatifs et culturels. Suri a ensuite \u00e9t\u00e9 transf\u00e9r\u00e9 dans un centre de d\u00e9tention de l\u2019ICE en Virginie avant d\u2019\u00eatre transf\u00e9r\u00e9 \u00e0 nouveau dans un centre en Louisiane, o\u00f9 il est actuellement d\u00e9tenu. Depuis lors, ni sa famille ni ses avocats n\u2019ont \u00e9t\u00e9 autoris\u00e9s \u00e0 lui parler.<\/p>\n<p>Il y a eu un certain nombre d\u2019autres expulsions d\u2019universit\u00e9s ainsi que des refus de r\u00e9admission aux \u00c9tats-Unis si l\u2019on a voyag\u00e9 en dehors du pays. Dans une affaire particuli\u00e8rement <a target=\"_blank\" href=\"https:\/\/www.nytimes.com\/2025\/03\/16\/us\/brown-university-rasha-alawieh-professor-deported.html\" target=\"_blank\" rel=\"noopener\" title=\"\">bizarre,<\/a> le d\u00e9partement de la S\u00e9curit\u00e9 int\u00e9rieure a admis le 17 mars avoir expuls\u00e9 une professeure et m\u00e9decin de l\u2019universit\u00e9 Brown munie d\u2019un visa valide parce qu\u2019elle aurait assist\u00e9 aux fun\u00e9railles d\u2019un dirigeant du Hezbollah en f\u00e9vrier lors d\u2019un voyage au Liban. Interrog\u00e9e par les agents des douanes et de la protection des fronti\u00e8res \u00e0 son retour aux \u00c9tats-Unis, le Dr Rasha Alawieh, qui est libanaise, avait \u00e9t\u00e9 arr\u00eat\u00e9e \u00e0 l\u2019a\u00e9roport international de Boston Logan le jeudi pr\u00e9c\u00e9dent. \u00ab<em>Un visa est un privil\u00e8ge et non un droit<\/em>\u00bb, a d\u00e9clar\u00e9 la porte-parole Tricia McLaughlin dans une d\u00e9claration au <em>New York Times<\/em>. \u00ab<em>Glorifier et soutenir des terroristes qui tuent des Am\u00e9ricains est un motif de refus de d\u00e9livrance de visa. C\u2019est une question de s\u00e9curit\u00e9 et de bon sens<\/em>\u00bb.<\/p>\n<p>Le simple fait d\u2019\u00eatre d\u2019accord avec un point de vue exprim\u00e9 sur les r\u00e9seaux sociaux peut vous attirer de s\u00e9rieux ennuis avec le DHS. Apr\u00e8s l\u2019arrestation de Khalil, Stuart Karle, professeur adjoint \u00e0 l\u2019universit\u00e9 de Columbia, <a target=\"_blank\" href=\"https:\/\/newsletters.mondoweiss.net\/emails\/webview\/59730\/149308182254060958\" target=\"_blank\" rel=\"noopener\" title=\"\">a appel\u00e9 les \u00e9tudiants<\/a> \u00e0 s\u2019abstenir de publier des messages sur la Palestine. \u00ab<em>Si vous avez une page sur les r\u00e9seaux sociaux, assurez-vous qu\u2019elle ne soit pas remplie de commentaires sur le Moyen-Orient<\/em>\u00bb, leur a-t-il dit. Lorsqu\u2019un \u00e9tudiant palestinien s\u2019est oppos\u00e9 \u00e0 l\u2019id\u00e9e que Columbia encourage la censure et se plie aux exigences de l\u2019administration Trump, le doyen de l\u2019\u00e9cole de journalisme, <a target=\"_blank\" href=\"https:\/\/newsletters.mondoweiss.net\/td\/c\/eyJ2Ijoie1wiYVwiOjU5NzMwLFwibFwiOjE0OTMwODE2NTk3ODA2NDg1MyxcInJcIjoxNDkzMDgxODIyNTQwNjA5NTh9IiwicyI6ImM5OTFlYTEwMzdkNDMyMDMifQ\" target=\"_blank\" rel=\"noopener\" title=\"\">Jelani Cobb<\/a>, a \u00e9t\u00e9 encore plus direct. \u00ab<em>Personne ne peut vous prot\u00e9ger<\/em>\u00bb, a d\u00e9clar\u00e9 Cobb \u00e0 l\u2019\u00e9tudiant. \u00ab<em>Nous vivons une \u00e9poque dangereuse<\/em>\u00bb.<\/p>\n<p>Un aspect curieux de la r\u00e9pression des manifestants pro-palestiniens est la pr\u00e9somption que les manifestations sont non seulement perturbatrices, ce qu\u2019elles sont cens\u00e9es \u00eatre, mais qu\u2019elles repr\u00e9sentent plus que cela, une sorte de menace dirig\u00e9e \u00e0 la fois contre la politique \u00e9trang\u00e8re am\u00e9ricaine et les juifs am\u00e9ricains. Cela signifie que la violence perp\u00e9tr\u00e9e par des groupes pro-isra\u00e9liens \u00e0 <a target=\"_blank\" href=\"https:\/\/www.theguardian.com\/us-news\/2024\/jan\/23\/alleged-chemical-attack-columbia-students-pro-palestine-new-york\" target=\"_blank\" rel=\"noopener\" title=\"\">New York<\/a> et \u00e0 <a target=\"_blank\" href=\"https:\/\/www.aljazeera.com\/news\/2024\/5\/1\/ucla-clashes-pro-palestinian-protesters-attacked-by-israel-supporters\" target=\"_blank\" rel=\"noopener\" title=\"\">Los Angeles<\/a> pour p\u00e9n\u00e9trer et attaquer les campements g\u00e9n\u00e9ralement non violents des manifestants \u00e9tudiants a \u00e9t\u00e9 trait\u00e9e comme un non-probl\u00e8me. \u00c0 New York, des manifestants pacifiques ont \u00e9t\u00e9 infiltr\u00e9s par d\u2019anciens soldats isra\u00e9liens, probablement dirig\u00e9s et financ\u00e9s par des fonctionnaires du consulat isra\u00e9lien, qui se sont infiltr\u00e9s dans des groupes de manifestants avant de l\u00e2cher des \u00abbombes puantes\u00bb toxiques qui ont envoy\u00e9 de nombreux manifestants \u00e0 l\u2019h\u00f4pital. Les bombes puantes sont une \u00abarme\u00bb mise au point en Isra\u00ebl et g\u00e9n\u00e9ralement utilis\u00e9e par l\u2019arm\u00e9e et la police isra\u00e9liennes contre les manifestants arabes.<\/p>\n<p>\u00c0 Los Angeles, une foule de plusieurs centaines de personnes <a target=\"_blank\" href=\"https:\/\/www.aljazeera.com\/news\/2024\/5\/1\/ucla-clashes-pro-palestinian-protesters-attacked-by-israel-supporters\">a violemment attaqu\u00e9<\/a> le campement pro-palestinien de l\u2019UCLA, frappant les manifestants sans que les policiers pr\u00e9sents \u00e0 proximit\u00e9 n\u2019interviennent. Les Isra\u00e9liens ont \u00e9t\u00e9 identifi\u00e9s dans les deux villes et rien ne semble leur avoir \u00e9t\u00e9 fait, si ce n\u2019est qu\u2019ils ont \u00e9t\u00e9 bannis du campus, contrairement \u00e0 ce qu\u2019ont subi les manifestants pro-palestiniens pacifiques aux mains de la police et des administrations universitaires. Les <a target=\"_blank\" href=\"https:\/\/forward.com\/news\/703018\/mahmoud-khalil-columbia-cuad-ice\/\" target=\"_blank\" rel=\"noopener\" title=\"\">groupes d\u2019extr\u00e9mistes juifs<\/a> comme <a target=\"_blank\" href=\"https:\/\/twitter.com\/_ZachFoster\/status\/1899468660101554630\" target=\"_blank\" rel=\"noopener\" title=\"\">Betar-USA<\/a> qui appellent ouvertement \u00e0 la d\u00e9portation et\/ou au meurtre des Palestiniens ne sont pas non plus sous surveillance ou menac\u00e9s d\u2019arrestation. C\u2019est le <a target=\"_blank\" href=\"https:\/\/israelpalestinenews.org\/case-against-mahmoud-khalil-israel-lobby-fueled-campus-crackdown\/\" target=\"_blank\" rel=\"noopener\" title=\"\">pouvoir du lobby isra\u00e9lien<\/a> \u00e0 tous les niveaux aux \u00c9tats-Unis : utiliser la violence pour blesser et r\u00e9primer les manifestants pacifiques qui protestent contre un g\u00e9nocide alors que la cause que vous soutenez est de perp\u00e9trer ce g\u00e9nocide sans aucune objection du gouvernement am\u00e9ricain \u00e0 quelque niveau que ce soit.<\/p>\n<p>La campagne de l\u2019administration Trump visant \u00e0 d\u00e9barrasser les \u00c9tats-Unis de ce qu\u2019elle appelle les antis\u00e9mites, tout en collaborant avec le gouvernement isra\u00e9lien d\u00e9sireux de proc\u00e9der \u00e0 un nettoyage ethnique complet des Palestiniens, devrait peut-\u00eatre \u00eatre examin\u00e9e \u00e0 travers le prisme du pouvoir d\u2019Isra\u00ebl aux \u00c9tats-Unis, en raison du fonctionnement efficace de ce <a target=\"_blank\" href=\"https:\/\/www.unz.com\/plawrence\/the-zionists-within\/#comment-7044571\" target=\"_blank\" rel=\"noopener\" title=\"\">lobby national<\/a>. Les \u00abamis\u00bb d\u2019Isra\u00ebl sont partout. Il a \u00e9t\u00e9 r\u00e9cemment r\u00e9v\u00e9l\u00e9 que la femme \u00e0 l\u2019origine de la r\u00e9pression des manifestants pro-palestiniens \u00e0 l\u2019universit\u00e9 de Columbia est une ancienne offici\u00e8re des renseignements isra\u00e9liens et on sait depuis longtemps que les \u00abcenseurs\u00bb et les \u00abv\u00e9rificateurs de faits\u00bb sur de nombreux sites de m\u00e9dias sociaux am\u00e9ricains sont en r\u00e9alit\u00e9 d\u2019anciens officiers des renseignements isra\u00e9liens de la fameuse Unit\u00e9 8200, une unit\u00e9 secr\u00e8te d\u2019espionnage de cyberguerre. Dans la <a target=\"_blank\" href=\"https:\/\/israelpalestinenews.org\/professor-columbia-university-scandal-former-israeli-spy\/\" target=\"_blank\" rel=\"noopener\" title=\"\">pr\u00e9sente r\u00e9v\u00e9lation<\/a>, le Dr Keren Yarhi-Milo, directrice de l\u2019\u00c9cole des affaires internationales et publiques de l\u2019Universit\u00e9 Columbia, est une ancienne <a target=\"_blank\" href=\"https:\/\/issuu.com\/columbiags\/docs\/columbia-gs-owl-magazine-2021\/s\/14026669\" target=\"_blank\" rel=\"noopener\" title=\"\">officier du renseignement<\/a> militaire isra\u00e9lien et une ancienne fonctionnaire de la Mission d\u2019Isra\u00ebl aupr\u00e8s des Nations unies. Elle est mari\u00e9e au chef de cette mission. Yarhi-Milo a jou\u00e9 un <a target=\"_blank\" href=\"https:\/\/www.ynetnews.com\/magazine\/article\/hj6vbotx2\" target=\"_blank\" rel=\"noopener\" title=\"\">r\u00f4le important<\/a> en attisant l\u2019inqui\u00e9tude du public \u00e0 propos d\u2019une suppos\u00e9e \u00ab<em>vague d\u2019antis\u00e9mitisme intol\u00e9rable qui d\u00e9ferle sur le campus<\/em>\u00bb, pr\u00e9parant ainsi le terrain pour la vaste r\u00e9pression des libert\u00e9s civiles qui a cherch\u00e9 \u00e0 \u00e9touffer les protestations. Cela ne devrait surprendre personne, car c\u2019est exactement ainsi qu\u2019Isra\u00ebl et ses alli\u00e9s am\u00e9ricains op\u00e8rent \u00e0 tous les niveaux. Ils utilisent les \u00abdons\u00bb aux institutions et aux personnes influentes pour ouvrir la porte, puis ils dotent les entit\u00e9s cibl\u00e9es de leurs propres collaborateurs qui feront ce qu\u2019ils leur demandent. Quoi qu\u2019il en soit, les \u00c9tats-Unis paient aujourd\u2019hui le prix de leur histoire d\u2019amour avec Isra\u00ebl, quelle qu\u2019en soit la nature. La libert\u00e9 d\u2019expression et d\u2019association s\u2019envolent d\u00e9j\u00e0 par la fen\u00eatre et on ne peut que se demander ce qui va suivre.<\/p>\n<p>source : <a target=\"_blank\" href=\"https:\/\/www.unz.com\/pgiraldi\/americas-new-free-speech-enemies-list-is-getting-longer\/\" target=\"_blank\" rel=\"noopener\" title=\"\">The Unz Review<\/a><\/p>\n<div class=\"sharedaddy sd-block sd-like jetpack-likes-widget-wrapper jetpack-likes-widget-unloaded\" id=\"like-post-wrapper-237719536-449203-67e15e1c2ae84\" data-src=\"https:\/\/widgets.wp.com\/likes\/?ver=14.2.1#blog_id=237719536&amp;post_id=449203&amp;origin=reseauinternational.net&amp;obj_id=237719536-449203-67e15e1c2ae84&amp;n=1\" data-name=\"like-post-frame-237719536-449203-67e15e1c2ae84\" data-title=\"Aimer ou rebloguer\">\n<h3 class=\"sd-title\">J\u2019aime \u00e7a\u00a0:<\/h3>\n<p><span class=\"button\"><span>J\u2019aime<\/span><\/span> <span class=\"loading\">chargement\u2026<\/span><\/p>\n<p><span class=\"sd-text-color\"\/><a target=\"_blank\" class=\"sd-link-color\"\/><\/div>\n<p><meta itemscope=\"\" itemprop=\"mainEntityOfPage\" itemtype=\"https:\/\/schema.org\/WebPage\" itemid=\"https:\/\/reseauinternational.net\/les-etats-unis-dressent-une-liste-de-plus-en-plus-longue-des-ennemis-de-la-liberte-dexpression\/\"\/><meta itemprop=\"headline\" content=\"Les \u00c9tats-Unis dressent une liste de plus en plus longue des ennemis de la libert\u00e9 d\u2019expression\"\/><span style=\"display: none;\" itemprop=\"author\" itemscope=\"\" itemtype=\"https:\/\/schema.org\/Person\"><meta itemprop=\"name\" content=\"R\u00e9seau International\"\/><\/span><span style=\"display: none;\" itemprop=\"image\" itemscope=\"\" itemtype=\"https:\/\/schema.org\/ImageObject\"><meta itemprop=\"url\" content=\"https:\/\/i0.wp.com\/reseauinternational.net\/wp-content\/uploads\/2025\/03\/Sans-titre-28-4.png?fit=800%2C467&amp;quality=100&amp;ssl=1\"\/><meta itemprop=\"width\" content=\"800\"\/><meta itemprop=\"height\" content=\"467\"\/><\/span><span style=\"display: none;\" itemprop=\"publisher\" itemscope=\"\" itemtype=\"https:\/\/schema.org\/Organization\"><span style=\"display: none;\" itemprop=\"logo\" itemscope=\"\" itemtype=\"https:\/\/schema.org\/ImageObject\"><meta itemprop=\"url\" content=\"https:\/\/reseauinternational.net\/wp-content\/uploads\/2022\/06\/Capture-de\u0301cran-2022-06-14-a\u0300-16.51.07.png\"\/><\/span><meta itemprop=\"name\" content=\"R\u00e9seau International\"\/><\/span><meta itemprop=\"datePublished\" content=\"2025-03-24T11:23:42+00:00\"\/><meta itemprop=\"dateModified\" content=\"2025-03-24T11:24:45+00:00\"\/><\/div>\n<p><script async src=\"\/\/platform.twitter.com\/widgets.js\" charset=\"utf-8\"><\/script><br \/>\n<br \/><br \/>\n<br \/><a href=\"https:\/\/reseauinternational.net\/les-etats-unis-dressent-une-liste-de-plus-en-plus-longue-des-ennemis-de-la-liberte-dexpression\/\" target=\"_blank\"\">Source link <\/a><\/p>\n","protected":false},"excerpt":{"rendered":"<p>par Philip Giraldi \u00abPersonne ne peut vous prot\u00e9ger. Nous vivons une \u00e9poque dangereuse\u00bb. Ce fut une nouvelle semaine passionnante ici au Pays d\u2019Oz, anciennement connu sous le nom d\u2019\u00c9tats-Unis d\u2019Am\u00e9rique,&hellip; <\/p>\n","protected":false},"author":1,"featured_media":5109,"comment_status":"open","ping_status":"open","sticky":false,"template":"","format":"standard","meta":{"footnotes":""},"categories":[1],"tags":[],"class_list":["post-5108","post","type-post","status-publish","format-standard","has-post-thumbnail","hentry","category-non-classe"],"_links":{"self":[{"href":"https:\/\/monde25.info\/index.php\/wp-json\/wp\/v2\/posts\/5108","targetHints":{"allow":["GET"]}}],"collection":[{"href":"https:\/\/monde25.info\/index.php\/wp-json\/wp\/v2\/posts"}],"about":[{"href":"https:\/\/monde25.info\/index.php\/wp-json\/wp\/v2\/types\/post"}],"author":[{"embeddable":true,"href":"https:\/\/monde25.info\/index.php\/wp-json\/wp\/v2\/users\/1"}],"replies":[{"embeddable":true,"href":"https:\/\/monde25.info\/index.php\/wp-json\/wp\/v2\/comments?post=5108"}],"version-history":[{"count":0,"href":"https:\/\/monde25.info\/index.php\/wp-json\/wp\/v2\/posts\/5108\/revisions"}],"wp:featuredmedia":[{"embeddable":true,"href":"https:\/\/monde25.info\/index.php\/wp-json\/wp\/v2\/media\/5109"}],"wp:attachment":[{"href":"https:\/\/monde25.info\/index.php\/wp-json\/wp\/v2\/media?parent=5108"}],"wp:term":[{"taxonomy":"category","embeddable":true,"href":"https:\/\/monde25.info\/index.php\/wp-json\/wp\/v2\/categories?post=5108"},{"taxonomy":"post_tag","embeddable":true,"href":"https:\/\/monde25.info\/index.php\/wp-json\/wp\/v2\/tags?post=5108"}],"curies":[{"name":"wp","href":"https:\/\/api.w.org\/{rel}","templated":true}]}}