{"id":5110,"date":"2025-03-24T15:20:37","date_gmt":"2025-03-24T14:20:37","guid":{"rendered":"https:\/\/monde25.info\/index.php\/2025\/03\/24\/dix-journalistes-dont-un-photographe-de-lafp-arretes-a-leur-domicile-en-turquie\/"},"modified":"2025-03-24T15:20:37","modified_gmt":"2025-03-24T14:20:37","slug":"dix-journalistes-dont-un-photographe-de-lafp-arretes-a-leur-domicile-en-turquie","status":"publish","type":"post","link":"https:\/\/monde25.info\/index.php\/2025\/03\/24\/dix-journalistes-dont-un-photographe-de-lafp-arretes-a-leur-domicile-en-turquie\/","title":{"rendered":"Dix journalistes, dont un photographe de l&#039;AFP, arr\u00eat\u00e9s \u00e0 leur domicile en Turquie"},"content":{"rendered":"<p> <br \/>\n<br \/>Dix journalistes turcs, dont un photographe de l&rsquo;Agence France-Presse, ont \u00e9t\u00e9 interpell\u00e9s lundi \u00e0 leur domicile \u00e0 Istanbul et Izmir (ouest), troisi\u00e8me ville du pays, a rapport\u00e9 l&rsquo;association turque de d\u00e9fense des droits humains MLSA.<br \/>\n<br \/><br \/>\n<br \/><a href=\"https:\/\/www.francesoir.fr\/societe-justice\/dix-journalistes-dont-un-photographe-de-l-afp-arretes-leur-domicile-en-turquie\" target=\"_blank\"\">Source link <\/a><\/p>\n","protected":false},"excerpt":{"rendered":"<p>Dix journalistes turcs, dont un photographe de l&rsquo;Agence France-Presse, ont \u00e9t\u00e9 interpell\u00e9s lundi \u00e0 leur domicile \u00e0 Istanbul et Izmir (ouest), troisi\u00e8me ville du pays, a rapport\u00e9 l&rsquo;association turque de&hellip; <\/p>\n","protected":false},"author":1,"featured_media":5111,"comment_status":"open","ping_status":"open","sticky":false,"template":"","format":"standard","meta":{"footnotes":""},"categories":[1],"tags":[],"class_list":["post-5110","post","type-post","status-publish","format-standard","has-post-thumbnail","hentry","category-non-classe"],"_links":{"self":[{"href":"https:\/\/monde25.info\/index.php\/wp-json\/wp\/v2\/posts\/5110","targetHints":{"allow":["GET"]}}],"collection":[{"href":"https:\/\/monde25.info\/index.php\/wp-json\/wp\/v2\/posts"}],"about":[{"href":"https:\/\/monde25.info\/index.php\/wp-json\/wp\/v2\/types\/post"}],"author":[{"embeddable":true,"href":"https:\/\/monde25.info\/index.php\/wp-json\/wp\/v2\/users\/1"}],"replies":[{"embeddable":true,"href":"https:\/\/monde25.info\/index.php\/wp-json\/wp\/v2\/comments?post=5110"}],"version-history":[{"count":0,"href":"https:\/\/monde25.info\/index.php\/wp-json\/wp\/v2\/posts\/5110\/revisions"}],"wp:featuredmedia":[{"embeddable":true,"href":"https:\/\/monde25.info\/index.php\/wp-json\/wp\/v2\/media\/5111"}],"wp:attachment":[{"href":"https:\/\/monde25.info\/index.php\/wp-json\/wp\/v2\/media?parent=5110"}],"wp:term":[{"taxonomy":"category","embeddable":true,"href":"https:\/\/monde25.info\/index.php\/wp-json\/wp\/v2\/categories?post=5110"},{"taxonomy":"post_tag","embeddable":true,"href":"https:\/\/monde25.info\/index.php\/wp-json\/wp\/v2\/tags?post=5110"}],"curies":[{"name":"wp","href":"https:\/\/api.w.org\/{rel}","templated":true}]}}