{"id":5114,"date":"2025-03-24T16:26:55","date_gmt":"2025-03-24T15:26:55","guid":{"rendered":"https:\/\/monde25.info\/index.php\/2025\/03\/24\/le-souverainisme-affirme-rt-en-francais\/"},"modified":"2025-03-24T16:26:55","modified_gmt":"2025-03-24T15:26:55","slug":"le-souverainisme-affirme-rt-en-francais","status":"publish","type":"post","link":"https:\/\/monde25.info\/index.php\/2025\/03\/24\/le-souverainisme-affirme-rt-en-francais\/","title":{"rendered":"le souverainisme affirm\u00e9 \u2014 RT en fran\u00e7ais"},"content":{"rendered":"<p> <br \/>\n<br \/><img decoding=\"async\" src=\"https:\/\/mf.b37mrtl.ru\/french\/images\/2025.03\/thumbnail\/67e173b16f7ccc171646f156.jpg\" \/><\/p>\n<div>\n<p class=\"text__summary\">\n                                        Un an apr\u00e8s son \u00e9lection le 24 mars 2024, le pr\u00e9sident s\u00e9n\u00e9galais Bassirou Diomaye Faye a initi\u00e9 plusieurs r\u00e9formes souverainistes et actions marquantes dans les domaines politique, \u00e9conomique et social, mais aussi militaire et diplomatique. Bilan de sa premi\u00e8re ann\u00e9e au pouvoir.\n                                    <\/p>\n<p>\u00c9lu le 24 mars 2024, investi le 2 avril, Bassirou Diomaye Faye est devenu \u00e0 44 ans le plus jeune pr\u00e9sident de l&rsquo;histoire du S\u00e9n\u00e9gal. Il a nomm\u00e9 Ousmane Sonko, jeune leader du parti PASTEF, au poste de Premier ministre le jour m\u00eame de son investiture. D\u2019inspiration \u00abpanafricaniste de gauche\u00bb, le programme des deux jeunes dirigeants vise \u00e0 garantir la souverainet\u00e9 tant politique qu\u2019\u00e9conomique et sociale du S\u00e9n\u00e9gal.<\/p>\n<p>Un an apr\u00e8s son \u00e9lection, le pr\u00e9sident Faye, fort de son tandem avec Sonko, a marqu\u00e9 son mandat par une s\u00e9rie de r\u00e9formes et d&rsquo;initiatives visant \u00e0 r\u00e9pondre aux d\u00e9fis politiques, \u00e9conomiques et sociaux du pays. Retour sur les temps forts et les r\u00e9alisations phares de cette premi\u00e8re ann\u00e9e. \u00a0<\/p>\n<h2><strong>Politique : dissolution du Parlement et l\u00e9gislatives anticip\u00e9es <\/strong><\/h2>\n<p>Bassirou Diomaye Faye a pris les r\u00eanes du S\u00e9n\u00e9gal dans un contexte de fortes tensions politiques, marqu\u00e9es notamment par les divergences entre le pouvoir fra\u00eechement intronis\u00e9 et l\u2019opposition men\u00e9e par le clan de l\u2019ancien pr\u00e9sident Macky Sall. En septembre 2024, confront\u00e9 \u00e0 un blocage l\u00e9gislatif avec une Assembl\u00e9e nationale domin\u00e9e par l&rsquo;opposition, le pr\u00e9sident Faye a dissous le Parlement et annonc\u00e9 des \u00e9lections l\u00e9gislatives anticip\u00e9es pour novembre 2024. Cette d\u00e9cision visait \u00e0 surmonter les obstacles \u00e0 son programme de r\u00e9formes.<\/p>\n<p>Les \u00e9lections de novembre 2024 ont permis au parti PASTEF d&rsquo;obtenir une majorit\u00e9 parlementaire, facilitant ainsi la mise en \u0153uvre des r\u00e9formes promises par le pr\u00e9sident. De violents incidents avaient \u00e9maill\u00e9 la campagne \u00e9lectorale, notamment \u00e0 Dakar et \u00e0 Koungheul, mais \u00e9galement \u00e0 Saint-Louis, o\u00f9 plusieurs personnes avaient \u00e9t\u00e9 bless\u00e9es, notamment \u00abpar arme blanche\u00bb. Le Pastef avait accus\u00e9 les partisans de la coalition Takku Wallu, dirig\u00e9e par l\u2019ex-pr\u00e9sident Macky Sall, d\u2019\u00eatre derri\u00e8re ces violences \u00e9lectorales.<\/p>\n<p>Durant sa premi\u00e8re ann\u00e9e au pouvoir, le pr\u00e9sident Faye a \u0153uvr\u00e9 pour une gouvernance de rupture, ax\u00e9e sur la transparence, la droiture et l&rsquo;exemplarit\u00e9. Son engagement \u00e0 r\u00e9former la justice pour plus de d\u00e9mocratie et de libert\u00e9 a \u00e9t\u00e9 un pilier de son programme. Bien que critiqu\u00e9e par l\u2019opposition qui y voit une \u00abd\u00e9rive autoritaire\u00bb, la dissolution de l&rsquo;Assembl\u00e9e nationale a \u00e9t\u00e9 per\u00e7ue comme une \u00e9tape \u00abin\u00e9luctable\u00bb afin de renforcer son pouvoir et d&rsquo;acc\u00e9l\u00e9rer les r\u00e9formes.<\/p>\n<h2><strong>\u00c9conomie : r\u00e9vision des contrats avec les soci\u00e9t\u00e9s \u00e9trang\u00e8res <\/strong><\/h2>\n<p>Sur le plan \u00e9conomique, le tandem Faye-Sonko a entrepris une r\u00e9vision des contrats p\u00e9troliers et gaziers sign\u00e9s par l&rsquo;administration pr\u00e9c\u00e9dente, dans le but d&rsquo;obtenir de meilleures conditions pour le S\u00e9n\u00e9gal. En ao\u00fbt 2024, le gouvernement a annonc\u00e9, dans ce sens, la cr\u00e9ation d\u2019une commission d&rsquo;experts des secteurs juridique, fiscal et \u00e9nerg\u00e9tique pour r\u00e9examiner les contrats p\u00e9troliers et gaziers. D\u00e8s son entr\u00e9e en fonction en avril, le pr\u00e9sident Faye avait ordonn\u00e9 un audit des secteurs p\u00e9trolier, gazier et minier.<\/p>\n<p>L&rsquo;exploitation du champ de p\u00e9trole et de gaz de Sangomar, d\u00e9but\u00e9e sous son mandat, repr\u00e9sente une opportunit\u00e9 majeure pour stimuler l&rsquo;\u00e9conomie. Certaines initiatives, telles qu&rsquo;un important projet de dessalement, ont \u00e9t\u00e9 par ailleurs annul\u00e9es dans le cadre de cette r\u00e9vision des contrats, refl\u00e9tant la volont\u00e9 du gouvernement de lutter contre la corruption et de r\u00e9orienter les ressources vers des projets jug\u00e9s plus b\u00e9n\u00e9fiques pour la population.<\/p>\n<p>Dans le secteur de l\u2019agriculture, le S\u00e9n\u00e9gal a suspendu en novembre 2024 les exportations d&rsquo;arachides\u00a0; une d\u00e9cision qui visait \u00e0 r\u00e9pondre \u00e0 la demande d&rsquo;arachide sur le march\u00e9 int\u00e9rieur, \u00e0 pr\u00e9server les stocks et \u00e0 stabiliser les prix pour les producteurs d&rsquo;arachide s\u00e9n\u00e9galais. Le gouvernement a d\u00e9cid\u00e9 en outre de ne pas renouveler un accord de p\u00eache avec l\u2019Union europ\u00e9enne, afin de garantir \u00abune gestion durable\u00bb des ressources halieutiques, en \u00abmettant en avant les int\u00e9r\u00eats nationaux\u00bb.<\/p>\n<h2><strong>Soci\u00e9t\u00e9 : lutte contre le ch\u00f4mage et la corruption<\/strong><\/h2>\n<p>Sur le plan social, Faye a h\u00e9rit\u00e9 d&rsquo;une situation marqu\u00e9e par un co\u00fbt \u00e9lev\u00e9 de la vie et un ch\u00f4mage end\u00e9mique des jeunes. Il a promis de s&rsquo;attaquer \u00e0 ces probl\u00e8mes en cr\u00e9ant des emplois et en r\u00e9duisant le co\u00fbt de la vie. Conscient des d\u00e9fis li\u00e9s au ch\u00f4mage des jeunes et \u00e0 l&rsquo;\u00e9migration, le gouvernement a mis en place des programmes visant \u00e0 am\u00e9liorer les perspectives d&#8217;emploi pour la jeunesse s\u00e9n\u00e9galaise, bien que les r\u00e9sultats concrets restent \u00e0 \u00e9valuer.<\/p>\n<p>Le pr\u00e9sident Faye a plac\u00e9 la lutte contre la corruption au c\u0153ur de son mandat, lan\u00e7ant des audits \u00e9conomiques et publiant d&rsquo;anciens rapports sur la fraude et la corruption. Ces actions visent \u00e0 instaurer une gouvernance plus transparente et \u00e9thique. Il a \u00e9galement promis d&rsquo;am\u00e9liorer l&rsquo;acc\u00e8s aux soins de sant\u00e9 et \u00e0 l&rsquo;\u00e9ducation, ainsi que de r\u00e9duire le co\u00fbt des loyers et de l&rsquo;\u00e9lectricit\u00e9. Ces mesures visent \u00e0 am\u00e9liorer les conditions de vie des S\u00e9n\u00e9galais, en particulier les plus vuln\u00e9rables.<\/p>\n<h2><strong>D\u00e9fense\u00a0: retrait historique des troupes fran\u00e7aises <\/strong><\/h2>\n<p>Le d\u00e9part des troupes fran\u00e7aises stationn\u00e9es au S\u00e9n\u00e9gal avec la restitution des bases militaires d\u2019ici fin 2025 constitue sans aucun doute le fait le plus marquant de la premi\u00e8re ann\u00e9e de Faye. Ce retrait \u00abprogressif et ordonn\u00e9\u00bb intervient apr\u00e8s les d\u00e9parts du Niger, du Mali, du Burkina Faso et plus r\u00e9cemment du Tchad. Le 7 mars dernier, les premi\u00e8res emprises militaires fran\u00e7aises ont \u00e9t\u00e9 restitu\u00e9es aux autorit\u00e9s s\u00e9n\u00e9galaises marquant une \u00e9tape significative dans la red\u00e9finition des relations entre la France et le S\u00e9n\u00e9gal<\/p>\n<p>Le jeune pr\u00e9sident, qui se positionne comme souverainiste, avait promis pendant sa campagne \u00e9lectorale de red\u00e9finir les rapports du S\u00e9n\u00e9gal avec la France. C\u2019est dans ce cadre que son premier d\u00e9placement en Europe s\u2019est fait en France, o\u00f9 il a demand\u00e9 le 20 juin \u00e0 son homologue fran\u00e7ais Emmanuel Macron de \u00abdonner une nouvelle impulsion\u00bb aux relations franco-s\u00e9n\u00e9galaises, fond\u00e9es sur \u00abun respect mutuel\u00bb et \u00abun partenariat \u00e9quilibr\u00e9\u00bb.<\/p>\n<p>Le Premier ministre Ousmane Sonko s\u2019est montr\u00e9 quant \u00e0 lui beaucoup plus virulent dans ses critiques envers la France et l\u2019Occident, depuis sa nomination en avril dernier \u00e0 la t\u00eate du gouvernement. Le 16 mai en pr\u00e9sence du leader de la gauche fran\u00e7aise Jean-Luc M\u00e9lenchon, il a d\u00e9nonc\u00e9 la \u00abn\u00e9ocolonisation\u00bb \u00e0 l\u2019\u0153uvre, selon lui, dans les relations entre l\u2019Occident et l\u2019Afrique en g\u00e9n\u00e9ral, et entre la France et le S\u00e9n\u00e9gal en particulier.<\/p>\n<h2><strong>Diplomatie\u00a0: les d\u00e9fis de l\u2019int\u00e9gration r\u00e9gionale <\/strong><\/h2>\n<p>En mati\u00e8re de politique \u00e9trang\u00e8re, Faye a r\u00e9affirm\u00e9 l&rsquo;engagement du S\u00e9n\u00e9gal envers l&rsquo;int\u00e9gration africaine, notamment \u00e0 travers l\u2019Union africaine et la C\u00e9d\u00e9ao. Contrairement \u00e0 certains pays voisins de la C\u00e9d\u00e9ao, le S\u00e9n\u00e9gal a t\u00e9moign\u00e9 d\u2019un esprit d\u2019ouverture et de coop\u00e9ration envers l\u2019AES, la nouvelle conf\u00e9d\u00e9ration r\u00e9unissant le Mali, le Burkina Faso et le Niger. Le pr\u00e9sident Faye a entrepris par ailleurs des visites diplomatiques dans plusieurs pays de la sous-r\u00e9gion pour renforcer les relations bilat\u00e9rales et promouvoir la coop\u00e9ration r\u00e9gionale.<\/p>\n<p>En r\u00e9sum\u00e9, la premi\u00e8re ann\u00e9e de la pr\u00e9sidence de Bassirou Diomaye Faye a \u00e9t\u00e9 marqu\u00e9e par des ambitions r\u00e9formatrices et des initiatives audacieuses visant \u00e0 transformer le paysage notamment politique et \u00e9conomique du S\u00e9n\u00e9gal.<\/p>\n<\/div>\n<p><br \/>\n<br \/><a href=\"https:\/\/francais.rt.com\/afrique\/118414-premiere-annee-bassirou-diomaye-faye-souverainisme-affirme\" target=\"_blank\"\">Source link <\/a><\/p>\n","protected":false},"excerpt":{"rendered":"<p>Un an apr\u00e8s son \u00e9lection le 24 mars 2024, le pr\u00e9sident s\u00e9n\u00e9galais Bassirou Diomaye Faye a initi\u00e9 plusieurs r\u00e9formes souverainistes et actions marquantes dans les domaines politique, \u00e9conomique et social,&hellip; <\/p>\n","protected":false},"author":1,"featured_media":5115,"comment_status":"open","ping_status":"open","sticky":false,"template":"","format":"standard","meta":{"footnotes":""},"categories":[1],"tags":[],"class_list":["post-5114","post","type-post","status-publish","format-standard","has-post-thumbnail","hentry","category-non-classe"],"_links":{"self":[{"href":"https:\/\/monde25.info\/index.php\/wp-json\/wp\/v2\/posts\/5114","targetHints":{"allow":["GET"]}}],"collection":[{"href":"https:\/\/monde25.info\/index.php\/wp-json\/wp\/v2\/posts"}],"about":[{"href":"https:\/\/monde25.info\/index.php\/wp-json\/wp\/v2\/types\/post"}],"author":[{"embeddable":true,"href":"https:\/\/monde25.info\/index.php\/wp-json\/wp\/v2\/users\/1"}],"replies":[{"embeddable":true,"href":"https:\/\/monde25.info\/index.php\/wp-json\/wp\/v2\/comments?post=5114"}],"version-history":[{"count":0,"href":"https:\/\/monde25.info\/index.php\/wp-json\/wp\/v2\/posts\/5114\/revisions"}],"wp:featuredmedia":[{"embeddable":true,"href":"https:\/\/monde25.info\/index.php\/wp-json\/wp\/v2\/media\/5115"}],"wp:attachment":[{"href":"https:\/\/monde25.info\/index.php\/wp-json\/wp\/v2\/media?parent=5114"}],"wp:term":[{"taxonomy":"category","embeddable":true,"href":"https:\/\/monde25.info\/index.php\/wp-json\/wp\/v2\/categories?post=5114"},{"taxonomy":"post_tag","embeddable":true,"href":"https:\/\/monde25.info\/index.php\/wp-json\/wp\/v2\/tags?post=5114"}],"curies":[{"name":"wp","href":"https:\/\/api.w.org\/{rel}","templated":true}]}}