{"id":512,"date":"2024-11-20T06:16:26","date_gmt":"2024-11-20T05:16:26","guid":{"rendered":"https:\/\/monde25.info\/index.php\/2024\/11\/20\/moment-penible-de-tele-avec-jordy-bardepala\/"},"modified":"2024-11-20T06:16:26","modified_gmt":"2024-11-20T05:16:26","slug":"moment-penible-de-tele-avec-jordy-bardepala","status":"publish","type":"post","link":"https:\/\/monde25.info\/index.php\/2024\/11\/20\/moment-penible-de-tele-avec-jordy-bardepala\/","title":{"rendered":"Moment p\u00e9nible de t\u00e9l\u00e9 avec Jordy Bardepala !"},"content":{"rendered":"<p> <br \/>\n<br \/><img decoding=\"async\" width=\"768\" height=\"430\" src=\"https:\/\/www.lelibrepenseur.org\/wp-content\/uploads\/2024\/11\/Capture-decran-2024-11-19-130414-768x430.png\" class=\"webfeedsFeaturedVisual wp-post-image\" alt=\"Moment p\u00e9nible de t\u00e9l\u00e9 avec Jordy Bardella\" style=\"margin-bottom: 5px;clear:both;max-width: 100%\" loading=\"lazy\" \/><\/p>\n<div class=\"intro-text\">\n<p><span class=\"dropcap \" style=\"background-color: #ffffff;color: #000000;border-color: #ffffff\"><strong>O<\/strong><\/span>hhh que c&rsquo;est g\u00eanant ! Il se tire une balle dans le pied en excluant Marine Le Pen de toute possibilit\u00e9 de se pr\u00e9senter \u00e0 des \u00e9lections m\u00eame si la justice ne prononce pas de peine d&rsquo;in\u00e9ligibilit\u00e9 ! Il est pire que les magistrats et ne s&rsquo;en rend pas compte ! Puis, pour s&rsquo;en sortir, ne sachant quoi r\u00e9pondre, il sourit b\u00eatement ! Et \u00e7a c&rsquo;est le top du RN, le patron, le chef de l&rsquo;opposition en France ! Ok.<\/p>\n<\/div>\n<hr \/>\n<hr \/>\n<div style=\"width: 1280px\" class=\"wp-video\"><!--[if lt IE 9]&gt;document.createElement('video');&lt;![endif]--><br \/>\n<video class=\"wp-video-shortcode\" id=\"video-6047194-1\" width=\"1280\" height=\"720\" preload=\"metadata\" controls=\"controls\"><a target=\"_blank\" href=\"https:\/\/www.lelibrepenseur.org\/wp-content\/uploads\/2024\/11\/bardella-BFM.mp4\">https:\/\/www.lelibrepenseur.org\/wp-content\/uploads\/2024\/11\/bardella-BFM.mp4<\/a><\/video><\/div>\n<p>L\u2019article <a target=\"_blank\" href=\"https:\/\/www.lelibrepenseur.org\/moment-penible-de-tele-avec-jordy-bardepala\/\">Moment p\u00e9nible de t\u00e9l\u00e9 avec Jordy Bardepala !<\/a> est apparu en premier sur <a target=\"_blank\" href=\"https:\/\/www.lelibrepenseur.org\">Le Libre Penseur<\/a>.<\/p>\n<p><br \/>\n<br \/><a href=\"https:\/\/www.lelibrepenseur.org\/moment-penible-de-tele-avec-jordy-bardepala\/\" target=\"_blank\"\">Source link <\/a><\/p>\n","protected":false},"excerpt":{"rendered":"<p>Ohhh que c&rsquo;est g\u00eanant ! Il se tire une balle dans le pied en excluant Marine Le Pen de toute possibilit\u00e9 de se pr\u00e9senter \u00e0 des \u00e9lections m\u00eame si la&hellip; <\/p>\n","protected":false},"author":1,"featured_media":513,"comment_status":"open","ping_status":"open","sticky":false,"template":"","format":"standard","meta":{"footnotes":""},"categories":[1],"tags":[],"class_list":["post-512","post","type-post","status-publish","format-standard","has-post-thumbnail","hentry","category-non-classe"],"_links":{"self":[{"href":"https:\/\/monde25.info\/index.php\/wp-json\/wp\/v2\/posts\/512","targetHints":{"allow":["GET"]}}],"collection":[{"href":"https:\/\/monde25.info\/index.php\/wp-json\/wp\/v2\/posts"}],"about":[{"href":"https:\/\/monde25.info\/index.php\/wp-json\/wp\/v2\/types\/post"}],"author":[{"embeddable":true,"href":"https:\/\/monde25.info\/index.php\/wp-json\/wp\/v2\/users\/1"}],"replies":[{"embeddable":true,"href":"https:\/\/monde25.info\/index.php\/wp-json\/wp\/v2\/comments?post=512"}],"version-history":[{"count":0,"href":"https:\/\/monde25.info\/index.php\/wp-json\/wp\/v2\/posts\/512\/revisions"}],"wp:featuredmedia":[{"embeddable":true,"href":"https:\/\/monde25.info\/index.php\/wp-json\/wp\/v2\/media\/513"}],"wp:attachment":[{"href":"https:\/\/monde25.info\/index.php\/wp-json\/wp\/v2\/media?parent=512"}],"wp:term":[{"taxonomy":"category","embeddable":true,"href":"https:\/\/monde25.info\/index.php\/wp-json\/wp\/v2\/categories?post=512"},{"taxonomy":"post_tag","embeddable":true,"href":"https:\/\/monde25.info\/index.php\/wp-json\/wp\/v2\/tags?post=512"}],"curies":[{"name":"wp","href":"https:\/\/api.w.org\/{rel}","templated":true}]}}