{"id":5124,"date":"2025-03-24T22:03:08","date_gmt":"2025-03-24T21:03:08","guid":{"rendered":"https:\/\/monde25.info\/index.php\/2025\/03\/24\/la-consommation-mondiale-denergie-a-fortement-augmente-en-2024-la-chaleur-en-cause\/"},"modified":"2025-03-24T22:03:08","modified_gmt":"2025-03-24T21:03:08","slug":"la-consommation-mondiale-denergie-a-fortement-augmente-en-2024-la-chaleur-en-cause","status":"publish","type":"post","link":"https:\/\/monde25.info\/index.php\/2025\/03\/24\/la-consommation-mondiale-denergie-a-fortement-augmente-en-2024-la-chaleur-en-cause\/","title":{"rendered":"La consommation mondiale d\u2019\u00e9nergie a fortement augment\u00e9 en 2024, la chaleur en cause"},"content":{"rendered":"<p> <br \/>\n<\/p>\n<div style=\"position:relative;\">\n        <picture><source type=\"image\/webp\" srcset=\"https:\/\/reporterre.net\/local\/cache-vignettes\/L720xH480\/electricite_pylones_edf-b50b5.jpg@.webp?1742834222\"><img loading=\"lazy\" decoding=\"async\" src=\"https:\/\/reporterre.net\/local\/cache-vignettes\/L720xH480\/electricite_pylones_edf-b50b5.jpg?1742834222\" width=\"720\" height=\"480\" alt=\"La consommation mondiale d'\u00e9nergie a fortement augment\u00e9 en 2024, la chaleur en cause\" class=\"image_logo voir_logo\"\/><\/p>\n<p><\/source><\/picture>\n<p class=\"legende_logo\">La consommation mondiale d\u2019\u00e9nergie a bondi de 2,2 % en 2024. <span class=\"copyright_logo\">&#8211; \u00a9 P-O. C. \/ Reporterre<\/span><\/p>\n<p class=\"legende_logo_480\">La consommation mondiale d\u2019\u00e9nergie a bondi de 2,2 % en 2024. <span class=\"copyright_logo\">&#8211; \u00a9 P-O. C. \/ Reporterre<\/span><\/p>\n<\/p><\/div>\n<div>\n        <span class=\"date\">24 mars 2025  \u00e0 18h00<\/span><\/p>\n<p class=\"duree_lecture\">\n        Dur\u00e9e de lecture : 1 minute\n      <\/p>\n<\/p><\/div>\n<div>\n<p>L\u2019Agence internationale de l\u2019\u00e9nergie (<span class=\"caps\">AIE<\/span>) <a target=\"_blank\" href=\"https:\/\/www.iea.org\/reports\/global-energy-review-2025\" class=\"spip_out\" rel=\"external\">a r\u00e9v\u00e9l\u00e9 lundi 24\u00a0mars 2025<\/a> que la consommation mondiale d\u2019\u00e9nergie a bondi de 2,2<small class=\"fine d-inline\">\u00a0<\/small>% en 2024, avec des \u00e9missions de <span class=\"caps\">CO<\/span><sub>2<\/sub> encore en hausse (+0,8<small class=\"fine d-inline\">\u00a0<\/small>%, contre +1,1<small class=\"fine d-inline\">\u00a0<\/small>% en 2023).<\/p>\n<p>Cette envol\u00e9e, marqu\u00e9e par une hausse historique de l\u2019\u00e9lectricit\u00e9 (+4,3<small class=\"fine d-inline\">\u00a0<\/small>%), s\u2019est accompagn\u00e9e d\u2019un nouveau record des \u00e9missions de <span class=\"caps\">CO<\/span><sub>2<\/sub> li\u00e9es \u00e0 l\u2019\u00e9nergie, atteignant 37,8\u00a0gigatonnes.<\/p>\n<p>Malgr\u00e9 une progression notable des \u00e9nergies renouvelables et du nucl\u00e9aire, qui ont fourni 80<small class=\"fine d-inline\">\u00a0<\/small>% de l\u2019\u00e9lectricit\u00e9 suppl\u00e9mentaire consomm\u00e9e en 2024, la d\u00e9pendance persistante aux \u00e9nergies fossiles, notamment au gaz naturel (+2,7<small class=\"fine d-inline\">\u00a0<\/small>%), continue d\u2019alimenter le <a target=\"_blank\" href=\"Qu-est-ce-que-le-rechauffement-climatique\">r\u00e9chauffement climatique<\/a>.<\/p>\n<p>Les vagues de chaleur records enregistr\u00e9es en 2024 ont exacerb\u00e9 la situation, intensifiant la demande en climatisation et ainsi la consommation d\u2019\u00e9nergie.<\/p>\n<p>L\u2019<span class=\"caps\">AIE<\/span> souligne cependant une inflexion encourageante\u00a0: l\u2019essor du solaire et de l\u2019\u00e9olien, ainsi que du nucl\u00e9aire, qui a permis d\u2019\u00e9viter l\u2019\u00e9mission de 2,6\u00a0milliards de tonnes de <span class=\"caps\">CO<\/span><sub>2<\/sub> par an depuis 2019, soit 7<small class=\"fine d-inline\">\u00a0<\/small>% des rejets mondiaux.<\/p>\n<aside class=\"boite_encarts\">\n<div class=\"encart encart_gris noprint\">\n<p><strong>Puisque vous \u00eates l\u00e0&#8230;<\/strong><\/p>\n<p>&#8230; nous avons un petit service \u00e0 vous demander.<br class=\"autobr\"\/><br \/>\nEntre la pr\u00e9sence d\u2019un climatosceptique \u00e0 la t\u00eate de la premi\u00e8re puissance mondiale, un gouvernement fran\u00e7ais qui flirte avec l\u2019extr\u00eame-droite, et les catastrophes climatiques qui s\u2019enchainent&#8230; Faire vivre l\u2019\u00e9cologie dans le d\u00e9bat public est un enjeu crucial.<\/p>\n<p>Personne ne modifie ce que nous publions. Nous n\u2019avons ni actionnaire, ni propri\u00e9taire milliardaire \u2014 seulement une \u00e9quipe d\u2019irr\u00e9ductibles journalistes, pleine de d\u00e9termination.<\/p>\n<p>Nous avons la conviction que l\u2019urgence \u00e9cologique est l\u2019enjeu majeur de notre \u00e9poque. Et comme plus de 2 millions de lectrices et lecteurs chaque mois, vous partagez sans doute cette conviction&#8230;<\/p>\n<p><strong>Depuis 12 ans, nous publions des articles de qualit\u00e9 sur l\u2019\u00e9cologie, en acc\u00e8s libre et sans publicit\u00e9, pour tous.<\/strong><br class=\"autobr\"\/><br \/>\nMais ce travail demande beaucoup de temps et de ressources.<\/p>\n<p>Alors, si vous en avez les moyens, sachez qu\u2019un don, m\u00eame d\u20191\u20ac, est un acte de soutien fort pour l\u2019\u00e9cologie et le journalisme ind\u00e9pendant.<br class=\"autobr\"\/><br \/>\n(Et \u00e7a vous prendra moins de temps que la lecture de ce texte).<\/p>\n<p><strong>Si vous le pouvez, choisissez un soutien mensuel. Merci.<\/strong><\/p>\n<p><a target=\"_blank\" href=\"https:\/\/reporterre.net\/dons\" class=\"bt_soutenir\">Je soutiens <i>Reporterre<\/i><\/a><\/p>\n<\/p><\/div>\n<div class=\"encart encart_vert noprint montre_1023\">\n<div class=\"infolettre-form-container noprint\">\n<p>Abonnez-vous \u00e0 la lettre d\u2019info de Reporterre<\/p>\n<\/div><\/div>\n<\/aside>\n<aside class=\"boite_apresarticle encart_note\">\n<h4>Apr\u00e8s cet article<\/h4>\n<p>      <a target=\"_blank\" href=\"https:\/\/reporterre.net\/Electricite-les-factures-vont-exploser-en-2026\" class=\"lien_article\">\n      <picture class=\"vignette_gauche\"><source type=\"image\/webp\" srcset=\"https:\/\/reporterre.net\/https:\/\/reporterre.net\/local\/cache-vignettes\/L450xH300\/pexels-pixabay-207541_1_-2c17a.jpg@.webp?1740414796\"><img decoding=\"async\" src=\"https:\/\/reporterre.net\/local\/cache-vignettes\/L450xH300\/pexels-pixabay-207541_1_-2c17a.jpg?1740414796\" width=\"450\" height=\"300\" alt=\"\" class=\"marge12\" loading=\"lazy\"\/><br \/>\n<\/source><\/picture>\n<p class=\"libelle\">\n<p>      \u00c9nergie\n    <\/p>\n<p class=\"titre pol20\">\u00c9lectricit\u00e9\u00a0: les factures vont exploser en 2026<\/p>\n<p>      <\/a><br \/>\n    <\/aside>\n<aside class=\"boite_complement texte\">\n<p>      <!-- zone_forum --><br \/>\n          <\/aside>\n<aside class=\"boite_lireaussi noprint\">\n<\/aside>\n<aside class=\"colonne\">\n<div class=\"article_info cache_1023 noprint\">\n        <span class=\"date\">24 mars 2025  \u00e0 18h00<\/span><\/p>\n<p class=\"duree_lecture\">\n        Dur\u00e9e de lecture : 1 minute\n      <\/p>\n<\/p><\/div>\n<div class=\"bloc_infolettre\">\n<div class=\"infolettre-form-container noprint\">\n<p>Abonnez-vous \u00e0 la lettre d\u2019info de Reporterre<\/p>\n<\/div><\/div>\n<\/aside>\n<div id=\"galerie\">\n  <img decoding=\"async\" src=\"\" class=\"principale\" id=\"principale\"\/><\/p>\n<p id=\"legende\">legende<\/p>\n<\/div>\n<footer class=\"noprint\">\n<\/footer>\n<\/div>\n<p><br \/>\n<br \/><a href=\"https:\/\/reporterre.net\/La-consommation-mondiale-d-energie-a-fortement-augmente-en-2024-la-chaleur-en-cause\" target=\"_blank\"\">Source link <\/a><\/p>\n","protected":false},"excerpt":{"rendered":"<p>La consommation mondiale d\u2019\u00e9nergie a bondi de 2,2 % en 2024. &#8211; \u00a9 P-O. C. \/ Reporterre La consommation mondiale d\u2019\u00e9nergie a bondi de 2,2 % en 2024. &#8211; \u00a9&hellip; <\/p>\n","protected":false},"author":1,"featured_media":5125,"comment_status":"open","ping_status":"open","sticky":false,"template":"","format":"standard","meta":{"footnotes":""},"categories":[1],"tags":[],"class_list":["post-5124","post","type-post","status-publish","format-standard","has-post-thumbnail","hentry","category-non-classe"],"_links":{"self":[{"href":"https:\/\/monde25.info\/index.php\/wp-json\/wp\/v2\/posts\/5124","targetHints":{"allow":["GET"]}}],"collection":[{"href":"https:\/\/monde25.info\/index.php\/wp-json\/wp\/v2\/posts"}],"about":[{"href":"https:\/\/monde25.info\/index.php\/wp-json\/wp\/v2\/types\/post"}],"author":[{"embeddable":true,"href":"https:\/\/monde25.info\/index.php\/wp-json\/wp\/v2\/users\/1"}],"replies":[{"embeddable":true,"href":"https:\/\/monde25.info\/index.php\/wp-json\/wp\/v2\/comments?post=5124"}],"version-history":[{"count":0,"href":"https:\/\/monde25.info\/index.php\/wp-json\/wp\/v2\/posts\/5124\/revisions"}],"wp:featuredmedia":[{"embeddable":true,"href":"https:\/\/monde25.info\/index.php\/wp-json\/wp\/v2\/media\/5125"}],"wp:attachment":[{"href":"https:\/\/monde25.info\/index.php\/wp-json\/wp\/v2\/media?parent=5124"}],"wp:term":[{"taxonomy":"category","embeddable":true,"href":"https:\/\/monde25.info\/index.php\/wp-json\/wp\/v2\/categories?post=5124"},{"taxonomy":"post_tag","embeddable":true,"href":"https:\/\/monde25.info\/index.php\/wp-json\/wp\/v2\/tags?post=5124"}],"curies":[{"name":"wp","href":"https:\/\/api.w.org\/{rel}","templated":true}]}}