{"id":5128,"date":"2025-03-24T23:09:56","date_gmt":"2025-03-24T22:09:56","guid":{"rendered":"https:\/\/monde25.info\/index.php\/2025\/03\/24\/la-france-est-elle-en-train-de-perdre-son-statut-de-grande-puissance-en-marche-vers-le-tiers-monde\/"},"modified":"2025-03-24T23:09:56","modified_gmt":"2025-03-24T22:09:56","slug":"la-france-est-elle-en-train-de-perdre-son-statut-de-grande-puissance-en-marche-vers-le-tiers-monde","status":"publish","type":"post","link":"https:\/\/monde25.info\/index.php\/2025\/03\/24\/la-france-est-elle-en-train-de-perdre-son-statut-de-grande-puissance-en-marche-vers-le-tiers-monde\/","title":{"rendered":"La France est-elle en train de perdre son statut de grande puissance ? \u00ab\u00a0En marche\u00a0\u00bb vers le Tiers-Monde ?"},"content":{"rendered":"<p> <br \/>\n<\/p>\n<div>\n<blockquote>\n<p><strong>R\u00e9sum\u00e9\u00a0: La France de Macron : un g\u00e9ant aux pieds d\u2019argile et qui s\u2019effrite de toutes parts, \u00ab\u00a0En Marche vers le Tiers-Monde<\/strong><br \/>Sous Emmanuel Macron, la France s\u2019enfonce dans une spirale de d\u00e9classement qui fr\u00f4le le ridicule. Une arm\u00e9e exsangue, amput\u00e9e par des ann\u00e9es de coupes budg\u00e9taires et incapable de tenir t\u00eate \u00e0 une Russie renaissante \u2013 merci Bruno Le Maire pour le fiasco des sanctions \u00e9conomiques. N\u00e9anmoins, Macron parade, micro \u00e0 la main, en chef de guerre autoproclam\u00e9, sans jamais avoir tenu un fusil. Nos 203 000 soldats, \u00e9quip\u00e9s \u00e0 peine mieux que des animateurs de Club Med, toisent les 1,2 million de Russes et leurs missiles hypersoniques, pendant que notre dissuasion nucl\u00e9aire, aussi impressionnante qu\u2019un p\u00e9tard mouill\u00e9 face aux 5 580 ogives de Poutine, fait doucement rigoler. \u00c0 l\u2019int\u00e9rieur, l\u2019arm\u00e9e mate les Gilets jaunes et les r\u00e9calcitrants, pendant que la justice invente des droits pour les squatteurs \u2013 adieu le Code civil, bonjour l\u2019absurde. La dette explose, l\u2019industrie s\u2019effondre, et l\u2019inflation galope, tout \u00e7a pour engraisser une clique d\u2019\u00e9lites qui m\u00e9prisent le peuple, trop occup\u00e9 \u00e0 voter pour l\u2019\u00e9levage des crevettes naines plut\u00f4t que pour la guerre. \u00c0 l\u2019\u00e9tranger, Salvini et Tolsto\u00ef se marrent, et nos ex-colonies aussi. La France ? <strong>Une puissance mondiale qui ne fait plus peur \u00e0 personne, sauf peut-\u00eatre \u00e0 elle-m\u00eame.<\/strong><\/p>\n<\/blockquote>\n<p><strong>\u00a0<\/strong><\/p>\n<p><strong>\u00c9DITO VERSION AUGMENT\u00c9E<\/strong><\/p>\n<h5><strong>Une arm\u00e9e affaiblie par des contraintes budg\u00e9taires &#8211; <\/strong>Macron joue au g\u00e9n\u00e9ral, la France perd la guerre<\/h5>\n<p>Ces derni\u00e8res ann\u00e9es, la situation de l\u2019arm\u00e9e fran\u00e7aise a suscit\u00e9 des inqui\u00e9tudes. En 2018, Bruno Le Maire, alors ministre de l\u2019\u00c9conomie, avait affirm\u00e9 que les sanctions \u00e9conomiques contre la Russie mettraient ce pays \u00ab \u00e0 genoux \u00bb. Pourtant, selon les donn\u00e9es de la Banque mondiale, l\u2019\u00e9conomie russe a montr\u00e9 une r\u00e9silience inattendue face aux sanctions occidentales, avec une croissance de 3,6 % en 2023, tandis que la France a vu sa dette publique augmenter de mani\u00e8re significative, atteignant 3 300 milliards d\u2019euros d\u00e9but 2025 (soit environ 113 % du PIB, <a target=\"_blank\" href=\"https:\/\/www.ccomptes.fr\/fr\/publications\/la-situation-des-finances-publiques-debut-2025\">d\u2019apr\u00e8s la Cour des Comptes<\/a>). \u00ab\u00a0<em>Cette guerre a mis l&rsquo;\u00e9conomie fran\u00e7aise encore plus dans le rouge (600 milliards de dettes suppl\u00e9mentaires), et au terme de cette guerre, la Russie s&rsquo;est trouv\u00e9e plus forte que jamais \u00e9conomiquement\u00a0et ce n\u2019est pas faute de l\u2019avoir expliqu\u00e9 tout en haut \u00e0 maintes reprises<\/em> \u00bb, n\u2019h\u00e9site-t-on plus \u00e0 d\u00e9clarer \u00e0 propos du gouvernement. Et d\u2019ajouter \u00ab\u00a0<em>Emmanuel Macron, c&rsquo;est pareil. Pareil, en pire\u00a0!\u00a0\u00bb <\/em>(ndlr\u00a0: que Le Maire).<\/p>\n<p>Emmanuel Macron, pr\u00e9sident depuis 2017 et chef des arm\u00e9es, a souvent adopt\u00e9 une posture offensive sur la sc\u00e8ne internationale. Cependant, certains observateurs soulignent que cette ambition contraste avec les capacit\u00e9s actuelles de l\u2019arm\u00e9e fran\u00e7aise, comme dans cette vid\u00e9o de mardi dernier (1). N\u2019ayant pas effectu\u00e9 de service militaire \u2013 supprim\u00e9 en France en 1997 \u2013, il incarne pour ses d\u00e9tracteurs une forme de d\u00e9connexion avec les r\u00e9alit\u00e9s militaires, lui qui s\u2019emploie \u00e0 accaparer l\u2019espace m\u00e9diatique en esp\u00e9rant pouvoir l\u00e9gitimer une fin de mandat qui s\u2019annonce encore plus catastrophique que le reste. Le reste de ce qui restera dans l&rsquo;Histoire comme un r\u00e8gne de 10 ans au terme duquel il aura atteint l&rsquo;objectif que lui ont fix\u00e9 ses commanditaires\u00a0: <strong>la destruction totale du pays<\/strong>. Voire, carr\u00e9ment esp\u00e8re-t-il aussi pouvoir ainsi se maintenir au pouvoir au-del\u00e0 de ces 10 ans. Un expert militaire en retraite dit de lui\u00a0: \u00ab\u00a0<em>c\u2019est<\/em> <a target=\"_blank\" href=\"https:\/\/www.francesoir.fr\/opinions-editos\/guibord-macron-s-en-va-t-en-guerre\"><em>un va-t-en guerre contre tout et n\u2019importe quoi du moment que ce soit guerroyant pour apparaitre comme un ou le sauveur, une guerre de mots, une guerre contre un virus, contre une menace terroriste, contre les punaises de lits ou encore le r\u00e9chauffement climatique<\/em><\/a>\u00a0\u00bb.<\/p>\n<p>On rejoint ici cette r\u00e9flexion du philosophe et professeur am\u00e9ricain Noam Chomsky, 95 ans :\u00a0<\/p>\n<blockquote>\n<p>\u00ab\u00a0<em>Si vous voulez contr\u00f4ler un peuple, cr\u00e9ez un ennemi imaginaire qui semble plus dangereux que vous, puis pr\u00e9sentez-vous comme son sauveur<\/em>. \u00bb<\/p>\n<\/blockquote>\n<p>Les budgets allou\u00e9s \u00e0 la d\u00e9fense ont certes augment\u00e9 sous sa pr\u00e9sidence, passant de 40,9 milliards d\u2019euros en 2017 \u00e0 47,2 milliards en 2024 (selon la Loi de programmation militaire 2019-2025). Mais des coupes ant\u00e9rieures, notamment sous Fran\u00e7ois Hollande, o\u00f9 Macron \u00e9tait ministre de l\u2019\u00c9conomie (2014-2016), ont laiss\u00e9 des traces. Et des cons\u00e9quences funestes pour la comp\u00e9titivit\u00e9 de notre arm\u00e9e. Elle peine d\u00e9j\u00e0 tr\u00e8s fortement \u00e0 vaincre en Afrique, des milices qui, en nombre d&rsquo;hommes et en \u00e9quipement, semblent chacune \u00eatre une petite poign\u00e9e de G.O. du Club-Med sans aucun \u00e9quipement militaire, compar\u00e9es \u00e0 l&rsquo;arm\u00e9e russe. Par exemple, le nombre de soldats fran\u00e7ais est aujourd\u2019hui d\u2019environ 203 000 (chiffres officiels du minist\u00e8re des Arm\u00e9es), contre plus de 1,2 million pour la Russie, selon le <a target=\"_blank\" href=\"https:\/\/www.globalfirepower.com\/countries-listing.php\">Global Firepower Index 2025<\/a>. En termes d\u2019\u00e9quipement, la Russie dispose de missiles hypersoniques comme le Kinjal, capables d\u2019atteindre des vitesses sup\u00e9rieures \u00e0 Mach 10, alors que la France s\u2019appuie sur des technologies avanc\u00e9es, mais moins nombreuses, comme les missiles de croisi\u00e8re navals MdCN. Un autre sp\u00e9cialiste des armements expliquait\u00a0\u00e0 propos des missiles russes\u00a0: \u00ab\u00a0<em>ces missiles sont de surcro\u00eet quasiment impossibles \u00e0 intercepter avec nos moyens actuels et l\u2019arm\u00e9e fran\u00e7aise le sait bien, elle qui n\u2019a pas voulu croire en la technologie invent\u00e9e par Jean-Pierre Petit.\u00a0\u00bb <\/em>Et il ira plus loin en d\u00e9crivant \u00ab\u00a0<em>les hauts grad\u00e9s de l\u2019Arm\u00e9e font aujourd\u2019hui plus de la politique que de la d\u00e9fense nationale, un doigt sur la couture du pantalon choisissant le d\u00e9ni en lieu et place du devoir\u00a0<\/em>\u00bb.<\/p>\n<h5><strong>L\u2019atout nucl\u00e9aire : une dissuasion en question ? <\/strong>L\u2019\u00e8re Macron : nucl\u00e9aire en toc et peuple \u00e0 genoux.<\/h5>\n<p>La France poss\u00e8de un arsenal nucl\u00e9aire de 290 t\u00eates, contre environ 5 580 pour la Russie (selon le SIPRI, 2024). Cet \u00e9cart est r\u00e9el, mais la doctrine fran\u00e7aise repose sur la dissuasion, non sur une parit\u00e9 num\u00e9rique. Les sous-marins nucl\u00e9aires lanceurs d\u2019engins (SNLE), au nombre de quatre, et les silos terrestres constituent le c\u0153ur de cette strat\u00e9gie. Cependant, des experts militaires estiment que les d\u00e9fenses antimissiles russes, comme le syst\u00e8me S-500, pourraient compliquer une frappe fran\u00e7aise, tandis que les missiles hypersoniques russes posent un d\u00e9fi inverse, en raison de leur vitesse et de leurs trajectoires impr\u00e9visibles.<\/p>\n<p>Cela ne signifie pas que la France soit d\u00e9munie. Son statut de membre permanent du Conseil de s\u00e9curit\u00e9 de l\u2019ONU et sa participation \u00e0 l\u2019OTAN renforcent sa position strat\u00e9gique. Mais le d\u00e9s\u00e9quilibre face \u00e0 une puissance comme la Russie interroge sa capacit\u00e9 \u00e0 peser seule dans un conflit majeur.<\/p>\n<p>Ainsi, est-il envisageable que \u00ab\u00a0<em>le \u00ab\u00a0fou\u00a0\u00bb de l\u2019\u00c9lys\u00e9e<\/em>\u00a0\u00bb puisse utiliser l&rsquo;arme nucl\u00e9aire, sans que cela ait pour cons\u00e9quences, non pas une apocalypse atomique mondiale d\u00e9truisant de fait tant la Russie que la France, mais une apocalypse atomique qui d\u00e9truirait uniquement la France\u00a0? Qui plus est, il propose de mutualiser la force nucl\u00e9aire en Europe, ce qui constitue potentiellement un viol des trait\u00e9s de non-prolif\u00e9ration nucl\u00e9aire.<\/p>\n<p>En r\u00e9sum\u00e9, Emmanuel Macron semble avoir invent\u00e9 un nouveau concept g\u00e9opolitique\u00a0: <strong>le pays qu\u2019il a mis \u00ab\u00a0en marche\u00a0\u00bb vers\u00a0ceux du Tiers-Monde, d\u00e9tenteur de l&rsquo;arme atomique, mais dangereux seulement pour lui-m\u00eame\u00a0?<\/strong><\/p>\n<p>Voil\u00e0 qui une fois de plus donne pleinement raison \u00e0 Coluche <a target=\"_blank\" href=\"https:\/\/youtu.be\/AfTwyutT5pM\">sur une affirmation qui a 40 ans<\/a>\u00a0:<\/p>\n<blockquote>\n<p class=\"text-align-center\">\u00ab\u00a0<em>Ce qui nous co\u00fbte cher, en France, c&rsquo;est la bombe. Tout le militaire qui va autour. Ah oui\u00a0! \u00c7a nous co\u00fbte un fric fou. Et en plus, notre bombe, elle est trop petite pour attaquer les autres, ce qui fait de nous des assassins en impuissance. Et \u00e0 quel prix\u00a0!<\/em>\u00a0\u00bb<\/p>\n<\/blockquote>\n<p>\u00a0<\/p>\n<h5><strong>Une arm\u00e9e tourn\u00e9e vers l\u2019int\u00e9rieur ? <\/strong>De la grandeur \u00e0 la ris\u00e9e : la France coule, Macron fanfaronne.<\/h5>\n<p>Comme si tout cela ne suffisait pas largement en soi, \u00e0 rendre le positionnement belliqueux d&rsquo;Emmanuel Macron compl\u00e8tement irrationnel, je dois ajouter qu&rsquo;on n&rsquo;est m\u00eame pas capable, en France, d&rsquo;expulser quelques OFTF. Toutefois, pour ce qui est d&rsquo;\u00eatre taill\u00e9e pour mater sa population, l&rsquo;arm\u00e9e fran\u00e7aise correspond parfaitement \u00e0 une arm\u00e9e d&rsquo;un pays en voie de d\u00e9classement, direction Tiers-Monde.<\/p>\n<p>Si l\u2019arm\u00e9e fran\u00e7aise peine \u00e0 rivaliser avec les grandes puissances sur le plan conventionnel, elle reste efficace dans des missions sp\u00e9cifiques. En Afrique, par exemple, l\u2019op\u00e9ration Barkhane (2014-2022) a mobilis\u00e9 des moyens importants contre les groupes djihadistes, bien que les r\u00e9sultats soient mitig\u00e9s. Par ailleurs, les forces de l\u2019ordre et l\u2019arm\u00e9e ont \u00e9t\u00e9 largement d\u00e9ploy\u00e9es en France pour des missions int\u00e9rieures : lutte contre le terrorisme, gestion des crises sanitaires ou maintien de l\u2019ordre lors des manifestations (comme celles des Gilets Jaunes ou des retraites en 2023). Cette orientation suscite des critiques : certains y voient une arm\u00e9e davantage utilis\u00e9e pour contr\u00f4ler la population que pour d\u00e9fendre les int\u00e9r\u00eats nationaux \u00e0 l\u2019\u00e9tranger.<\/p>\n<h5><strong>Sous l&rsquo;\u00e8re Macron, les forces de l&rsquo;ordre sont devenues sa garde pr\u00e9torienne &#8211; un repli sur soi-m\u00eame<\/strong><\/h5>\n<p>Sous le commandement d&rsquo;Emmanuel Macron, en lieu et place \u00ab\u00a0<em>d&rsquo;assurer la s\u00e9curit\u00e9 de la population<\/em>\u00a0\u00bb (comme il le pr\u00e9tend), policiers, CRS, gendarmes et autres militaires ont pour fonction premi\u00e8re, d&rsquo;une part de prot\u00e9ger Emmanuel Macron et toute sa clique <strong>de la col\u00e8re l\u00e9gitime de la population<\/strong>, et d&rsquo;autre part, de<strong> mener une r\u00e9pression de tous les instants<\/strong>, <strong>ultra-f\u00e9roce contre la contestation populaire,<\/strong> et dans tous les domaines. C&rsquo;est la raison pour laquelle il convient d&rsquo;associer la justice \u00e0 la police dans cette pers\u00e9cution. Ceci tant concernant la r\u00e9pression des contestataires dans la rue et ailleurs (internet et opposants politiques authentiques), que pour ce qui est d&rsquo;opprimer les Fran\u00e7ais qui tentent de s&rsquo;extirper douloureusement des cons\u00e9quences de la politique d&rsquo;envahissement migratoire subsaharien impos\u00e9e par Bruxelles.<\/p>\n<p>Dans les pays en voie de d\u00e9veloppement, quand on fait de telles inversions de l\u2019usage de la force publique, on se pose imm\u00e9diatement des questions sur les limites franchies par la personne aux commandes. On questionne s\u2019il n\u2019est pas devenu fou ou s\u2019il n\u2019a pas perdu les p\u00e9dales. Suite \u00e0 l\u2019analyse \u00ab\u00a0<a target=\"_blank\" href=\"https:\/\/edition.francesoir.fr\/opinions-editos\/macron-t-il-aussi-rendu-malade-ses-concitoyens-en-mettant-en-place-une-maltraitance\">Macron a-t-il rendu malades ses concitoyens avec la maltraitance institutionnelle de la population\u00a0\u00a0?\u00a0<\/a>\u00bb, j\u2019avais saisi le \u00ab\u00a0<a target=\"_blank\" href=\"https:\/\/www.francesoir.fr\/politique-france\/le-conseil-constitutionnel-saisi-d-une-requete-en-empechement-du-president\"><em>Conseil constitutionnel d\u2019une requ\u00eate en emp\u00eachement du pr\u00e9sident<\/em>\u00a0<\/a>\u00bb demandant de sommer le Dr Perrochon d\u2019\u00e9tablir un bulletin sur l\u2019\u00e9tat de sant\u00e9 du pr\u00e9sident. Le dernier date de d\u00e9cembre 2020 alors qu\u2019il s\u2019est en engag\u00e9 \u00e0 en fournir un annuellement. \u00c0 d\u00e9faut, j&rsquo;avais sollicit\u00e9 qu\u2019il confirme \u00ab\u00a0<em>qu\u2019il n\u2019existe\u00a0aucune information sur la sant\u00e9\u00a0du pr\u00e9sident de la R\u00e9publique\u00a0int\u00e9ressant\u00a0les fran\u00e7ais, dans le respect de la vie priv\u00e9e et du secret m\u00e9dical, mais\u00a0\u00e9galement du l\u00e9gitime droit d\u2019information des \u00e9lecteurs, quant aux capacit\u00e9s physiques et intellectuelles de ceux qui les dirigent.\u00a0\u00bb <\/em>Au moins on ne pourra pas dire que cela n\u2019a pas \u00e9t\u00e9 fait\u00a0!<\/p>\n<h5><strong>Une politique int\u00e9rieure controvers\u00e9e &#8211; Un pays et un peuple opprim\u00e9 et maltrait\u00e9<\/strong><\/h5>\n<p>Sur le plan domestique, la pr\u00e9sidence Macron est marqu\u00e9e par des d\u00e9cisions per\u00e7ues comme \u00e9loign\u00e9es des attentes populaires. La dette publique a bondi de 1 400 milliards d\u2019euros depuis 2017, en partie \u00e0 cause des mesures \u00ab quoiqu&rsquo;il en co\u00fbte \u00bb durant la crise du Covid-19. L\u2019inflation, qui a atteint 6,2 % en 2022 (INSEE), et la fermeture de nombreux sites industriels, ont accentu\u00e9 <strong>le sentiment de d\u00e9classement<\/strong>. De plus la loi sur les ZFE promet \u00e0 pr\u00e8s de 20 millions de personnes \u00e0 terme un d\u00e9classement social certain, d\u00e9laissant le contrat social \u00ab\u00a0Libert\u00e9, Egalit\u00e9, Fraternit\u00e9\u00a0\u00bb au rang des oubliettes, des fables d&rsquo;antan &#8211; c&rsquo;est aussi cela la Tiers-Mondialisation. \u00c0 cela s\u2019ajoute une gestion migratoire critiqu\u00e9e, illustr\u00e9e par des affaires comme celle des squatteurs, o\u00f9 des d\u00e9cisions judiciaires \u2013 notamment de la Cour de cassation \u2013 ont parfois sembl\u00e9 privil\u00e9gier les occupants ill\u00e9gaux au d\u00e9triment des propri\u00e9taires, en contradiction apparente avec l\u2019article 2261 du Code civil sur la possession paisible\u00a0: la revendication l\u00e9gitime d&rsquo;un bien meuble s&rsquo;entend d&rsquo;une possession de celui-ci \u00ab\u00a0<em>continue et non interrompue, paisible, publique, non \u00e9quivoque, et \u00e0 titre de propri\u00e9taire.\u00a0La possession doit \u00eatre prolong\u00e9e dans le temps et ne doit \u00eatre affect\u00e9e d\u2019aucun vice<\/em>.\u00a0\u00bb\u00a0\u00a0(2)<\/p>\n<h5><strong>D\u00e9classement jusqu\u2019o\u00f9 ?<\/strong><\/h5>\n<p>Passons \u00e0 pr\u00e9sent \u00e0 la seconde caract\u00e9ristique principale d&rsquo;un pays en voie de d\u00e9classement vers le Tiers-Monde\u00a0: <strong>des dirigeants qui prennent quasi syst\u00e9matiquement des d\u00e9cisions qui vont contre l&rsquo;int\u00e9r\u00eat de leur propre peuple.<\/strong><\/p>\n<p>Sinc\u00e8rement, ai-je v\u00e9ritablement besoin de d\u00e9velopper le sujet ? N&rsquo;est-il pas \u00e9vident que depuis qu&rsquo;Emmanuel Macron est au pouvoir, toutes les d\u00e9cisions politiques sont all\u00e9es frontalement contre les int\u00e9r\u00eats de la France et des Fran\u00e7ais. \u00c9videmment, si\u00a0! (3)<\/p>\n<p>Quant au fait que les autoproclam\u00e9es \u00ab\u00a0\u00e9lites\u00a0\u00bb m\u00e9prisent ouvertement le peuple, l\u00e0 aussi est-ce v\u00e9ritablement n\u00e9cessaire que je d\u00e9veloppe\u00a0?<\/p>\n<p>Pour ces messieurs et dames de la politique qui \u00e9voluent dans les hautes sph\u00e8res, nous sommes des \u00ab \u00ab\u00a0emmerdeurs\u00a0\u00bb de Fran\u00e7ais\u00a0\u00bb, \u00e0 qui nos dirigeants imposent ce principe\u00a0: pour le peuple, toujours plus de devoirs et de sacrifices, pour eux, toujours plus de largesses.<\/p>\n<p>Fran\u00e7ois Bayrou l&rsquo;a encore dit r\u00e9cemment\u00a0: pas question de demander son avis au peuple s&rsquo;agissant des sujets importants. Un r\u00e9f\u00e9rendum sur les conditions sanitaires basiques de l&rsquo;\u00e9levage intensif des crevettes naines en eaux troubles, \u00e7a oui. Mais, un r\u00e9f\u00e9rendum \u00ab\u00a0<em>Oui ou non\u00a0: voulez-vous que la France entre en guerre contre la Russie\u00a0?<\/em>\u00a0\u00bb, \u00e7a non\u00a0! Diantre, non\u00a0! Que nenni\u00a0!<\/p>\n<p>Mais bon. Concernant ce point pr\u00e9cis du m\u00e9pris total que nos \u00e9lus ont pour le peuple, la faute nous revient enti\u00e8rement \u00e0 nous.<\/p>\n<p><img decoding=\"async\" data-entity-uuid=\"d5771035-5b58-42ce-998d-a9b2ac221370\" data-entity-type=\"file\" alt=\"Image\" width=\"1004\" height=\"404\" loading=\"lazy\" class=\"lazyload\" src=\"https:\/\/www.francesoir.fr\/sites\/default\/files\/inline-images\/image_158.png\"\/><\/p>\n<p>Excusez-moi, mais c&rsquo;est la v\u00e9rit\u00e9.<\/p>\n<p>\u00a0<\/p>\n<h5><strong>Une image internationale totalement \u00e9corn\u00e9e\u00a0:\u00a0 <\/strong>quand la France devient la blague du monde !<\/h5>\n<p>Passons maintenant aux deux derni\u00e8res caract\u00e9ristiques d&rsquo;un pays en voie de d\u00e9classement : \u00eatre moqu\u00e9 \u00e9hont\u00e9ment par les m\u00e9dias \u00e9trangers, et \u00eatre d\u00e9nigr\u00e9 par les dirigeants d&rsquo;autres pays sur la sc\u00e8ne internationale. Des pays nombreux et d&rsquo;importance. C&rsquo;est triste \u00e0 dire, mais s&rsquo;il est un point sur lequel chaque nouveau jour qui passe Emmanuel Macron nous fait toucher le fond plus durement que la veille, c&rsquo;est bien celui-l\u00e0.<\/p>\n<p>L&rsquo;aura de la France a laiss\u00e9 place aux moqueries les plus insistantes, y compris dans les pays en voie de d\u00e9veloppement. Nos anciennes colonies s&rsquo;en donnent \u00e0 c\u0153ur-joie. Macron est raill\u00e9 dans la presse internationale, bien pire encore pour sa gouvernance en tous points catastrophique, que pour \u00ab\u00a0l&rsquo;affaire <em>Jean-Michel Trogneux.<\/em>\u00a0\u00bb<\/p>\n<p>La France sous Macron suscite des r\u00e9actions contrast\u00e9es telles que jamais vues auparavant. Si des alli\u00e9s comme l\u2019Allemagne ou le Canada maintiennent une coop\u00e9ration \u00e9troite, d\u2019autres voix se font plus critiques. En novembre 2024, Matteo Salvini, vice-pr\u00e9sident du Conseil italien, a qualifi\u00e9 les discours belliqueux de Macron de \u00ab fous \u00bb (4), tandis que Piotr Tolsto\u00ef, vice-pr\u00e9sident de la Douma russe, a d\u00e9nonc\u00e9 une \u00ab d\u00e9cadence \u00bb (5) occidentale incarn\u00e9e par des dirigeants comme lui. Ces d\u00e9clarations, bien que pol\u00e9miques, refl\u00e8tent une perte d\u2019aura, accentu\u00e9e par les difficult\u00e9s \u00e9conomiques et sociales internes.<\/p>\n<p>Voil\u00e0 l\u2019extrait du discours de Salvini qui vaudra des excuses Meloni\u00a0:\u00a0<\/p>\n<blockquote>\n<p>\u00ab\u00a0<em>En revanche, pour une arm\u00e9e europ\u00e9enne command\u00e9e par <strong>ce fou de Macron<\/strong>, qui parle de guerre nucl\u00e9aire. Non. Jamais. Jamais. \u00ab\u00a0&#8230;..\u00a0\u00bb Mais, <strong>\u00e0 Bruxelles et \u00e0 Paris, il y a des fous<\/strong>, qui par opportunisme pour leur survie politique. \u00ab\u00a0&#8230;..\u00a0\u00bb\u00a0<\/em><\/p>\n<p><em>Zelensky veut la paix. Trump veut la paix. Poutine veut la paix.<\/em><\/p>\n<p><em>Macron et quelques-uns en Europe parlent de guerre, d&rsquo;armes, de bombes, de missiles, de chars. De dette publique europ\u00e9enne commune pour acheter des chars d&rsquo;assaut me semble \u00eatre un raisonnement insens\u00e9<\/em>.\u00a0\u00bb<\/p>\n<\/blockquote>\n<p>Je sais pertinemment que comme bien d\u2019autres dirigeants politiques occidentaux, il fait pleinement partie de la collusion occidentale g\u00e9n\u00e9rale, mais objectivement\u00a0qui aurait dit mieux ?\u00a0<\/p>\n<p>Toutefois, cela ne suffit pas pour autant, loin s&rsquo;en faut, \u00e0 ce que j&rsquo;ai le c\u0153ur \u00e0 rire.<\/p>\n<p>La France, une d\u00e9mocratie d\u00e9faillante en voie de d\u00e9classement ? Jusqu\u2019o\u00f9\u00a0?<\/p>\n<p>Pourquoi\u00a0? Parce que j&rsquo;ai en t\u00eate cette citation de Sun Tzu, g\u00e9n\u00e9ral chinois auteur du fameux livre \u00ab\u00a0<em>L&rsquo;Art de la Guerre<\/em>\u00a0\u00bb, qui me semble compl\u00e8tement correspondre \u00e0 Emmanuel Macron :<\/p>\n<blockquote>\n<p class=\"text-align-center\">\u00ab\u00a0<em><strong>Un homme mal\u00e9fique br\u00fblera sa propre nation pour r\u00e9gner sur les cendres<\/strong><\/em>.\u00a0\u00bb<\/p>\n<\/blockquote>\n<p><img decoding=\"async\" data-entity-uuid=\"bd512580-128c-4e3b-bb37-043cf81e83ac\" data-entity-type=\"file\" width=\"632\" height=\"462\" loading=\"lazy\" class=\"lazyload\" src=\"https:\/\/www.francesoir.fr\/sites\/default\/files\/inline-images\/image_159.png\"\/><\/p>\n<p>Alors en guise de conclusion factuelle, je vous laisse avec ces quelques mots\u00a0: qualifier la France de \u00ab <em>pays du Tiers-Monde<\/em> \u00bb rel\u00e8ve de l\u2019hyperbole. Avec un PIB de 2 900 milliards d\u2019euros en 2024 (FMI) et des atouts comme son industrie a\u00e9ronautique ou sa dissuasion nucl\u00e9aire, elle reste une puissance mondiale. Mais une puissance en d\u00e9classement constant sur tous les facteurs, y compris les classements PISA, et les droits fondamentaux, o\u00f9 l\u00e0 aussi la France est class\u00e9e \u00e0 la baisse (Transparency International et d\u00e9classement de The Economist \u00e0 d\u00e9mocratie d\u00e9faillante).<\/p>\n<p>Cependant, les d\u00e9fis sont r\u00e9els : une arm\u00e9e sous pression, une \u00e9conomie fragilis\u00e9e et une fracture croissante entre gouvernants et citoyens. Plut\u00f4t qu\u2019un d\u00e9clin absolu, c\u2019est peut-\u00eatre une v\u00e9ritable red\u00e9finition de son r\u00f4le qui se joue. Si nous ne sommes pas concert\u00e9s, et si nous ne nous sentons pas concern\u00e9s par cette red\u00e9finition, il se pourrait bien que la qualification de pays du Tiers-Monde devienne bien appropri\u00e9e, \u00e0 savoir dans la notion d\u2019un pays qui ne compte plus.<\/p>\n<p>Reste la question de la mutualisation de l\u2019arme nucl\u00e9aire. Mais, cela, c&rsquo;est un autre sujet.<\/p>\n<p>\u00a0<\/p>\n<p>\u00a0<\/p>\n<p>NOTES :\u00a0<\/p>\n<p>1) texte de la vid\u00e9o d&rsquo;Emmanuel Macron d&rsquo;avant-hier que j&rsquo;ai invoqu\u00e9e au d\u00e9but de cette analyse, dans laquelle on le voit s&rsquo;adresser \u00e0 des militaires fran\u00e7ais de l&rsquo;arm\u00e9e de l&rsquo;air\u00a0:\u00a0<\/p>\n<p>\u00ab\u00a0<em>Nul ne sait dire ce qu&rsquo;il adviendra dans les mois, les ann\u00e9es qui viennent.<\/em><\/p>\n<p><em>Ce que je veux, c&rsquo;est que nous soyons pr\u00eats. Ce que je veux, c&rsquo;est que nous soyons prot\u00e9g\u00e9s.<\/em><\/p>\n<p><em>Ce que je sais, c&rsquo;est que gr\u00e2ce \u00e0 cette culture de l&rsquo;engagement, \u00e0 la force de nos arm\u00e9es, \u00e0 la force de notre arm\u00e9e de l&rsquo;air et de l&rsquo;espace, ensemble, nous saurons faire face<\/em>.\u00a0\u00bb<\/p>\n<p>2) D\u00e9niant l\u00e0 outrageusement cette notion fondamentale de la norme juridique fran\u00e7aise qu&rsquo;est le droit de propri\u00e9t\u00e9, les magistrats en chef de la cabale imposent ceci au peuple fran\u00e7ais, en violation manifeste du principe constitutionnel de la s\u00e9paration des pouvoirs que juges et procureurs invoquent toujours pour justifier l&rsquo;application de la loi qu&rsquo;ils estiment appropri\u00e9e, ceci qu&rsquo;importe si celle-ci est rigoureusement contraire aux termes m\u00eames du texte de loi qui r\u00e9git la mati\u00e8re, comme en l&rsquo;occurrence\u00a0: le squatteur a priorit\u00e9. Ils ont invent\u00e9 des \u00ab\u00a0droits\u00a0\u00bb pour le squatteur, et ces droits priment sur ceux pourtant l\u00e9gitimes et d\u00e9termin\u00e9s par la loi, eux, du propri\u00e9taire.<\/p>\n<p>Oui. C&rsquo;est aussi aberrant que si la Cour de cassation avait d\u00e9cid\u00e9 que le voleur revendiqu\u00e9 d&rsquo;un bien meuble (disons une voiture ou le portefeuille d&rsquo;une personne et l&rsquo;argent qui s&rsquo;y trouve) a des droits sur ce bien meuble, et que les droits du voleur priment sur ceux du propri\u00e9taire l\u00e9gitime de ce bien.<\/p>\n<p>Que qu&rsquo;importe que le voleur a vol\u00e9 ce bien, d\u00e9sormais qu&rsquo;il est entre ses mains, c&rsquo;est sa propri\u00e9t\u00e9 !<\/p>\n<p>Ce serait une inversion totale de la possession \u00ab\u00a0paisible\u00a0\u00bb, \u00e0 savoir la r\u00e8gle fondamentale du droit fran\u00e7ais qui r\u00e9git la propri\u00e9t\u00e9 des biens meubles. Cette r\u00e8gle est pos\u00e9e par l\u2019article 2261 du Code civil\u00a0: la revendication l\u00e9gitime d&rsquo;un bien meuble s&rsquo;entend d&rsquo;une possession de celui-ci \u00ab\u00a0<em>continue et non interrompue, paisible, publique, non \u00e9quivoque, et \u00e0 titre de propri\u00e9taire.\u00a0La possession doit \u00eatre prolong\u00e9e dans le temps et ne doit \u00eatre affect\u00e9e d\u2019aucun vice<\/em>.\u00a0\u00bb<\/p>\n<p>3) Entre \u00ab\u00a0le corona circus\u00a0\u00bb et la guerre contre la Russie, les \u00ab\u00a0quoiqu&rsquo;il en co\u00fbte\u00a0\u00bb qui ont augment\u00e9 la dette publique de 1 400 milliards d&rsquo;euros, la destruction de notre \u00e9conomie et de notre industrie, notamment \u00e9nerg\u00e9tique. Pareil pour les services publics et des r\u00e9formes qui sont pass\u00e9es en force contre la volont\u00e9 populaire. Quant aux crises sociales \u00e0 r\u00e9p\u00e9tition auxquelles la France est en proie, elles sont orchestr\u00e9es par le pouvoir. Idem l&rsquo;inflation galopante. Pourquoi\u00a0? Pour que la poign\u00e9e d&rsquo;ultrariches qui ont plac\u00e9 Emmanuel Macron au pouvoir \u00e0 cet effet, accaparent la quasi-totalit\u00e9 de la production de richesse. \u00c0 cet \u00e9gard, notez que la collusion entre les partis politiques majeurs (majorit\u00e9 et opposition) est manifeste, et permet \u00e0 la Macronie de s&rsquo;accrocher au pouvoir en d\u00e9pit d&rsquo;un rejet massif de celle-ci exprim\u00e9 dans les urnes lors des l\u00e9gislatives 2024. Un rejet qui aurait \u00e9t\u00e9 nettement plus massif qui plus est, si, en accord avec un RN qui feint d&rsquo;en avoir \u00e9t\u00e9 \u00ab\u00a0la victime\u00a0\u00bb, LFI et le PS n&rsquo;avaient pas permis la r\u00e9\u00e9lection de nombreux t\u00e9nors de la Macronie (\u00c9lisabeth Borne et G\u00e9rald Darmanin par exemple) en retirant leurs candidats et en appelant \u00e0 faire barrage au RN.<\/p>\n<p>4) <a target=\"_blank\" href=\"https:\/\/youtu.be\/8YnKiFlQ_Uc\">D\u00e9claration de Matteo Salvini<\/a>, vice-pr\u00e9sident du Conseil des ministres italien\u00a0?<\/p>\n<p>\u00ab\u00a0<em>En revanche, pour une arm\u00e9e europ\u00e9enne command\u00e9e par <strong>ce fou de Macron<\/strong>, qui parle de guerre nucl\u00e9aire. Non. Jamais. Jamais.\u00a0<\/em><\/p>\n<p><em>Je le r\u00e9p\u00e8te. Zelensky appelle \u00e0 la paix. Trump travaille pour la paix. Poutine veut la paix. Mais, <strong>\u00e0 Bruxelles et \u00e0 Paris, il y a des fous<\/strong>, qui par opportunisme pour leur survie politique. Je pense que Macron cherche d\u00e9sesp\u00e9r\u00e9ment \u00e0 donner un sens \u00e0 son mandat, encore bref, \u00e0 la t\u00eate de la France. Mais ne le faites pas \u00e0 nos d\u00e9pens. Ne le faites pas aux d\u00e9pens de nos enfants.<\/em><\/p>\n<p><em>Zelensky veut la paix. Trump veut la paix. Poutine veut la paix.<\/em><\/p>\n<p><em>Macron et quelques-uns en Europe parlent de guerre, d&rsquo;armes, de bombes, de missiles, de chars. De dette publique europ\u00e9enne commune pour acheter des chars d&rsquo;assaut me semble \u00eatre un raisonnement insens\u00e9<\/em>.\u00a0\u00bb<\/p>\n<p>5) Vous vous souvenez sans doute de cette <a target=\"_blank\" href=\"https:\/\/vm.tiktok.com\/ZNddDqW2H\/\">vid\u00e9o Piotr Olegovitch Tolsto\u00ef<\/a>, vice-pr\u00e9sident de la Douma (l&rsquo;une des deux chambres du Parlement russe, et \u00e9quivalent de notre Assembl\u00e9e nationale), r\u00e9pondant sans \u00e9quivoque ni langue de bois aux questions d&rsquo;un fr\u00eale journaliste fran\u00e7ais qui l&rsquo;interviewait dans la rue (c&rsquo;\u00e9tait il y a six mois)\u00a0:<\/p>\n<p>Journaliste fran\u00e7ais (JF)\u00a0: \u00ab\u00a0<em>Qu&rsquo;est-ce qui est d\u00e9cadent chez nous, Fran\u00e7ais <\/em>?\u00a0\u00bb<\/p>\n<p>Piotr Olegovitch Tolsto\u00ef\u00a0(POT) : \u00ab\u00a0<em>Regardez votre Gouvernement. Est-ce qu&rsquo;on peut vraiment, au 21\u1d49 si\u00e8cle, que c&rsquo;est pas d\u00e9cadent d&rsquo;avoir des gens si sp\u00e9cial dans le Gouvernement<\/em>.\u00a0\u00bb<\/p>\n<p>JF\u00a0: \u00ab\u00a0<em>Est-ce que vous faites r\u00e9f\u00e9rence au fait que notre premier ministre, Gabriel Attal est homosexuel\u00a0?<\/em>\u00a0\u00bb<\/p>\n<p>POT\u00a0: \u00ab\u00a0<em>Oui. Je fais r\u00e9f\u00e9rence, qu&rsquo;aujourd&rsquo;hui la France est gouvern\u00e9e d&rsquo;une partie par les pervers, tout simplement<\/em>.\u00a0\u00bb<\/p>\n<p>JF\u00a0: \u00ab\u00a0<em>\u00catre homosexuel, c&rsquo;est \u00eatre sp\u00e9cial, voire pervers\u00a0?<\/em>\u00a0\u00bb\u00a0:<\/p>\n<p>POT\u00a0: \u00ab\u00a0<em>Tout \u00e0 fait. Pour nous, oui. Absolument<\/em>.\u00a0\u00bb<\/p>\n<p>JF\u00a0: \u00ab\u00a0<em>Le fait qu&rsquo;on ait un premier ministre ouvertement homosexuel, Gabriel Attal, pour vous, \u00e7a fait partie de cette d\u00e9cadence que vous d\u00e9crivez en Occident\u00a0<\/em>?\u00a0\u00bb<\/p>\n<p>POT\u00a0: \u00ab\u00a0<em>Mais bien s\u00fbr\u00a0!\u00a0C&rsquo;est la d\u00e9gradation des leaders europ\u00e9ens. Regardez avec qui on doit avoir affaire. Avec Sholz, avec Macron, avec Borrell, et c\u00e6tara. \u00c7a c&rsquo;est des gens qui n&rsquo;ont pas m\u00eame l&rsquo;id\u00e9e de leur parole. Ils ne peuvent pas tenir leur parole<\/em>.\u00a0\u00bb<\/p>\n<\/div>\n<p><script>(function(d, s, id) {  var js, fjs = d.getElementsByTagName(s)[0];  if (d.getElementById(id)) return;  js = d.createElement(s); js.id = id;  js.src = \"\/\/connect.facebook.net\/fr_FR\/sdk.js#xfbml=1&version=v2.3\";  fjs.parentNode.insertBefore(js, fjs);}(document, \"script\", \"facebook-jssdk\"));<\/script><br \/>\n<br \/><br \/>\n<br \/><a href=\"https:\/\/www.francesoir.fr\/opinions-editos\/la-france-est-elle-en-train-de-perdre-son-statut-de-grande-puissance-en-marche-vers\" target=\"_blank\"\">Source link <\/a><\/p>\n","protected":false},"excerpt":{"rendered":"<p>R\u00e9sum\u00e9\u00a0: La France de Macron : un g\u00e9ant aux pieds d\u2019argile et qui s\u2019effrite de toutes parts, \u00ab\u00a0En Marche vers le Tiers-MondeSous Emmanuel Macron, la France s\u2019enfonce dans une spirale&hellip; <\/p>\n","protected":false},"author":1,"featured_media":5129,"comment_status":"open","ping_status":"open","sticky":false,"template":"","format":"standard","meta":{"footnotes":""},"categories":[1],"tags":[],"class_list":["post-5128","post","type-post","status-publish","format-standard","has-post-thumbnail","hentry","category-non-classe"],"_links":{"self":[{"href":"https:\/\/monde25.info\/index.php\/wp-json\/wp\/v2\/posts\/5128","targetHints":{"allow":["GET"]}}],"collection":[{"href":"https:\/\/monde25.info\/index.php\/wp-json\/wp\/v2\/posts"}],"about":[{"href":"https:\/\/monde25.info\/index.php\/wp-json\/wp\/v2\/types\/post"}],"author":[{"embeddable":true,"href":"https:\/\/monde25.info\/index.php\/wp-json\/wp\/v2\/users\/1"}],"replies":[{"embeddable":true,"href":"https:\/\/monde25.info\/index.php\/wp-json\/wp\/v2\/comments?post=5128"}],"version-history":[{"count":0,"href":"https:\/\/monde25.info\/index.php\/wp-json\/wp\/v2\/posts\/5128\/revisions"}],"wp:featuredmedia":[{"embeddable":true,"href":"https:\/\/monde25.info\/index.php\/wp-json\/wp\/v2\/media\/5129"}],"wp:attachment":[{"href":"https:\/\/monde25.info\/index.php\/wp-json\/wp\/v2\/media?parent=5128"}],"wp:term":[{"taxonomy":"category","embeddable":true,"href":"https:\/\/monde25.info\/index.php\/wp-json\/wp\/v2\/categories?post=5128"},{"taxonomy":"post_tag","embeddable":true,"href":"https:\/\/monde25.info\/index.php\/wp-json\/wp\/v2\/tags?post=5128"}],"curies":[{"name":"wp","href":"https:\/\/api.w.org\/{rel}","templated":true}]}}