{"id":5136,"date":"2025-03-25T01:26:34","date_gmt":"2025-03-25T00:26:34","guid":{"rendered":"https:\/\/monde25.info\/index.php\/2025\/03\/25\/des-personnalites-politiques-et-une-femme-daffaires-philosophe\/"},"modified":"2025-03-25T01:26:34","modified_gmt":"2025-03-25T00:26:34","slug":"des-personnalites-politiques-et-une-femme-daffaires-philosophe","status":"publish","type":"post","link":"https:\/\/monde25.info\/index.php\/2025\/03\/25\/des-personnalites-politiques-et-une-femme-daffaires-philosophe\/","title":{"rendered":"des personnalit\u00e9s politiques et une femme d&rsquo;affaires philosophe"},"content":{"rendered":"<p> <br \/>\n<\/p>\n<div id=\"\">\n<p>Le 20 f\u00e9vrier 2019, lors du d\u00eener organis\u00e9 par le Conseil repr\u00e9sentatif des institutions juives de France (CRIF), le chef de l\u2019\u00c9tat fran\u00e7ais, Emmanuel Macron s\u2019est engag\u00e9 \u00e0 int\u00e9grer dans les textes de r\u00e9f\u00e9rence une nouvelle d\u00e9finition de l\u2019antis\u00e9mitisme \u00e9largie \u00e0 l\u2019antisionisme tout en affirmant que\u00a0:  \u00ab\u00a0l\u2019antisionisme est une des formes modernes de l\u2019antis\u00e9mitisme\u00a0\u00bb. (1)<\/p>\n<p>Six ans plus tard, \u00e0 l\u2019initiative du Collectif Nous vivrons, dans un appel \u00e9dit\u00e9 dans une tribune du <i>Monde<\/i> du 21 mars 2025, sign\u00e9 par des personnalit\u00e9s \u00e9minentes, la m\u00eame id\u00e9e refait surface dans les termes suivants\u00a0:\u00a0\u00ab\u00a0pour que l\u2019antisionisme ne serve plus de pr\u00e9texte \u00e0 l\u2019antis\u00e9mitisme, c\u2019est \u00e0 la R\u00e9publique de prot\u00e9ger les juifs en int\u00e9grant dans sa loi l\u2019antisionisme comme nouvelle forme d\u2019antis\u00e9mitisme.\u00a0\u00bb (2)<\/p>\n<p>Ces \u00e9minentes personnalit\u00e9s n\u2019omettent pas de pr\u00e9ciser qu\u2019elles sont \u00ab\u00a0pour la coexistence de deux Etats d\u00e9mocratiques.\u00a0\u00bb (2)<\/p>\n<p>Entre parenth\u00e8ses et sans mettre en doute leur souhait de l\u2019existence de deux Etats, la r\u00e9alit\u00e9 g\u00e9opolitique proche orientale semble leur \u00e9chapper compl\u00e8tement. Aussi, il est plus judicieux de rester dans l\u2019 Hexagone et de disserter sur les causes qui entra\u00eenent ces personnalit\u00e9s \u00e0 appeler \u00e0 l\u2019inscription de l\u2019antisionisme politique dans la loi comme \u00e9tant de l\u2019antis\u00e9mitisme. Les signataires de l\u2019appel ne remettent pas en cause le sionisme politique mais l\u2019instrumentalisation de l\u2019antisionisme \u00e0 des fins d\u2019 antis\u00e9mitisme. Or pour que cet antis\u00e9mitisme soit av\u00e9r\u00e9 \u00e0 travers une expression antisioniste, il faut le d\u00e9montrer et non supposer que telle manifestation antisioniste est n\u00e9cessairement antis\u00e9mite. Et sur ce point, la justice est arm\u00e9e pour \u00e9tablir les preuves d\u2019un tel \u00e9tat de fait.<\/p>\n<p>A partir de la d\u00e9finition de s\u00e9mitisme et de sionisme politique (cf ci-dessous), introduire une \u00e9quivalence entre antis\u00e9mitisme et antisionisme politique est d\u2019une incoh\u00e9rence \u00e9vidente.<\/p>\n<p>Dans leur appel, ces personnalit\u00e9s de premier rang font penser \u00e0 un m\u00e9decin qui, pour \u00e9viter \u00e0 son patient les probables effets secondaires, refuse de lui prescrire le seul m\u00e9dicament ad\u00e9quat pour le gu\u00e9rir. Autrement dit, si l\u2019antisionisme politique est interdit par la loi cela revient \u00e0 interdire la solidarit\u00e9 avec le peuple palestinien, victime depuis 107 ans du sionisme politique.<\/p>\n<p>Anim\u00e9s de bonnes intentions, nos \u00e9minentes personnalit\u00e9s ne r\u00e9alisent pas qu\u2019elles appellent ainsi \u00e0 l\u2019introduction d\u2019une incoh\u00e9rence dans la loi au nom de la loi. En effet, l\u2019antis\u00e9mitisme est un mal mais, pour le combattre, encore faut-il exiger du citoyen d\u2019ignorer l\u2019existence d\u2019un autre mal, le sionisme politique, dont est victime le peuple palestinien\u00a0?<\/p>\n<p>A cette remarque, les signataires de la tribune r\u00e9torquent que ce n\u2019est pas une raison suffisante pour que \u00ab\u00a0tout juif soutenant le sionisme devient coupable&#8230;\u00a0\u00bb (2) et dans un \u00e9lan de bont\u00e9 et de g\u00e9n\u00e9rosit\u00e9, ces \u00e9minentes personnalit\u00e9  ajoutent\u00a0: \u00ab\u00a0ni antisionisme ni supr\u00e9matisme, nous reconnaissons les m\u00eames droits \u00e0 tous les peuples.\u00a0\u00bb (2)<\/p>\n<p>Ainsi, les signataires semblent anim\u00e9s par une g\u00e9n\u00e9rosit\u00e9 sans fronti\u00e8re mais, pour les croire, il faut \u00eatre un ignorant. C\u2019est-\u00e0-dire ne pas savoir qu\u2019un sioniste politique a pour r\u00f4le de coloniser la terre de l\u2019autre. Et il s\u2019av\u00e8rent que cet autre n\u2019est pas juif. Il est palestinien.<\/p>\n<p>Toujours est-il que nos \u00e9minentes personnalit\u00e9s semblent ignorer deux d\u00e9finitions qui sont la cause de l\u2019incoh\u00e9rence v\u00e9hicul\u00e9e dans leur appel. Une incoh\u00e9rence envelopp\u00e9e dans un humanisme bon tein qui cachent mal leurs engagements sans faille au c\u00f4t\u00e9 d\u2019un Etat g\u00e9nocidaire.<\/p>\n<p>Condamner le drame du 7 octobre 2023 n\u2019emp\u00eache pas de d\u00e9noncer le g\u00e9nocide et la colonisation que vit le peuple palestinien depuis belle lurette.<\/p>\n<p>D\u00e9finition 1\u00a0: Antis\u00e9mitisme<br class=\"autobr\"\/><br \/>\nRacisme dirig\u00e9 contre les juifs (D\u00e9finition Larousse)<br class=\"autobr\"\/><br \/>\nSur ce point, l\u2019\u00c9tat fran\u00e7ais a l\u00e9gif\u00e9r\u00e9 et \u00e0 inscrit dans le marbre la loi condamnant l\u2019antis\u00e9mitisme. Et le racisme, en g\u00e9n\u00e9ral. <br class=\"autobr\"\/><br \/>\nD\u00e9finition 2\u00a0: Sionisme politique<br class=\"autobr\"\/><br \/>\n<i>\u00ab\u00a0Le Sionisme politique aspire \u00e0 la cr\u00e9ation, en Palestine, pour le peuple juif d\u2019un foyer garanti par le droit public&#8230;\u00a0\u00bb<\/i> (3) (Congr\u00e8s de B\u00e2le :1897).<\/p>\n<p>Un souhait exauc\u00e9 le 16 novembre 1917 par Lord Balfour, ministre des Affaires \u00e9trang\u00e8res britannique dans des termes qui v\u00e9hiculaient d\u00e9j\u00e0 le double langage\u00a0:\u00a0\u00ab\u00a0le gouvernement de Sa Majest\u00e9 envisage favorablement l\u2019\u00e9tablissement d\u2019un foyer national pour les Juifs et fera tous les efforts possibles en vue de faciliter la r\u00e9alisation de cet objectif, \u00e9tant bien entendu que rien ne sera entrepris qui puisse causer un pr\u00e9judice aux droits civils et religieux des communaut\u00e9s non juives existant en Palestine ou aux droits et au statut politiques dont jouissent les Juifs dans n\u2019importe quel autre pays.\u00a0\u00bb (3)<\/p>\n<p>Pour conclure, une invitation gratuite aux signataires de l\u2019appel\u00a0:\u00a0m\u00e9diter le conseil du r\u00e9sistant maghr\u00e9bin Emir Abdelkader, mort exil\u00e9 en 1883 en Syrie apr\u00e8s sa r\u00e9sistance face \u00e0 un autre colonialisme\u00a0:\u00a0\u00ab\u00a0ne demandez jamais l\u2019origine d\u2019un homme\u00a0; interroger plut\u00f4t sa vie, son courage, ses qualit\u00e9s et vous saurez ce qu\u2019il est. Si l\u2019eau puis\u00e9e dans une rivi\u00e8re est saine, agr\u00e9able et douce, c\u2019est qu\u2019elle vient d\u2019une source pure.\u00a0\u00bb (4)<\/p>\n<p>Et afin d\u2019avoir une id\u00e9e claire de ce qui se trame en g\u00e9opolitique au XXIe si\u00e8cle, il est fort conseill\u00e9 aux  \u00e9minents signataires de la tribune de lire le livre de l\u2019historien sioniste Yohanan Manor (3) o\u00f9 il cite <a target=\"_blank\" href=\"https:\/\/en.wikipedia.org\/wiki\/Naguib_Azoury\" class=\"spip_out\" rel=\"external\">Naguib Azoury<\/a>, \u00e9crivain maronite libanais et ancien adjoint au gouverneur de J\u00e9rusalem (1905)\u00a0:\u00a0\u00ab\u00a0Deux ph\u00e9nom\u00e8nes importants, de m\u00eame nature et pourtant oppos\u00e9s, qui n\u2019ont encore attir\u00e9 l\u2019attention de personne, se manifestent en ce moment dans la Turquie d\u2019Asie\u00a0:\u00a0ce sont le r\u00e9veil de la nation arabe et l\u2019effort latent des Juifs pour reconstruire sur une grande \u00e9chelle l\u2019ancienne monarchie d\u2019Isra\u00ebl. Ces deux mouvements sont destin\u00e9s \u00e0 se combattre continuellement jusqu\u2019\u00e0 ce que l\u2019un d\u2019eux l\u2019emporte sur l\u2019autre. Du r\u00e9sultat final de cette lutte entre ces deux peuples repr\u00e9sentant deux principes contraires, d\u00e9pendra le sort du monde entier.\u00a0\u00bb (3)<\/p>\n<p>Aujourd\u2019hui, nous vivons dans ce monde annon\u00e7\u00e9 par Naguib Azoury, t\u00e9moin de l\u2019existence d\u2019un peuple \u00e0 qui les puissances civilis\u00e9es dont l\u2019Etat d\u2019Isra\u00ebl veulent faire subir l\u2019histoire du peuple am\u00e9rindien avec le consentement tacite d\u2019Etats arabes soumis.<\/p>\n<p> M.\u00a0El Bachir, (24\/03\/2025)<\/p>\n<p>[1] <a target=\"_blank\" href=\"https:\/\/www.elysee.fr\/emmanuel-macron\/2019\/02\/20\/antisemitisme-plus-jamais-ca\" class=\"spip_url spip_out auto\" rel=\"nofollow external\">https:\/\/www.elysee.fr\/emmanuel-macron\/2019\/02\/20\/antisemitisme-plus-jamais-ca<\/a><br class=\"autobr\"\/><br \/>\n(2)<a target=\"_blank\" href=\"https:\/\/www.lemonde.fr\/idees\/article\/2025\/03\/21\/pour-que-l-antisionisme-ne-serve-plus-de-pretexte-a-l-antisemitisme_6584276_3232.html\" class=\"spip_url spip_out auto\" rel=\"nofollow external\">https:\/\/www.lemonde.fr\/idees\/article\/2025\/03\/21\/pour-que-l-antisionisme-ne-serve-plus-de-pretexte-a-l-antisemitisme_6584276_3232.html<\/a><br class=\"autobr\"\/><br \/>\n(3) Yohanan Manor\u00a0: <i>Naissance du sionisme politique<\/i>. Collection Archives dirig\u00e9e par Pierre Nora et Jacques Revel. Edition Galimard Julliard. <br class=\"autobr\"\/><br \/>\n(4) Bruno Etienne et Fran\u00e7ois Pouillon\u00a0: <i>Abd el-Kader, le magnanime<\/i>. D\u00e9couvertes Gallimard-Institut du Monde Arabe. 2003<\/p>\n<\/div>\n<p><script async defer>(function(d, s, id) {\nvar js, fjs = d.getElementsByTagName(s)[0];\nif (d.getElementById(id)) return;\njs = d.createElement(s); js.id = id;\njs.src=\"https:\/\/connect.facebook.net\/fr_FR\/sdk.js#xfbml=1&version=v3.0\";\nfjs.parentNode.insertBefore(js, fjs);\n}(document, 'script', 'facebook-jssdk'));<\/script><br \/>\n<br \/><br \/>\n<br \/><a href=\"https:\/\/www.legrandsoir.info\/au-seuil-du-ridicule-des-personnalites-politiques-et-une-femme-d-affaires-philosophe.html\" target=\"_blank\"\">Source link <\/a><\/p>\n","protected":false},"excerpt":{"rendered":"<p>Le 20 f\u00e9vrier 2019, lors du d\u00eener organis\u00e9 par le Conseil repr\u00e9sentatif des institutions juives de France (CRIF), le chef de l\u2019\u00c9tat fran\u00e7ais, Emmanuel Macron s\u2019est engag\u00e9 \u00e0 int\u00e9grer dans&hellip; <\/p>\n","protected":false},"author":1,"featured_media":5137,"comment_status":"open","ping_status":"open","sticky":false,"template":"","format":"standard","meta":{"footnotes":""},"categories":[1],"tags":[],"class_list":["post-5136","post","type-post","status-publish","format-standard","has-post-thumbnail","hentry","category-non-classe"],"_links":{"self":[{"href":"https:\/\/monde25.info\/index.php\/wp-json\/wp\/v2\/posts\/5136","targetHints":{"allow":["GET"]}}],"collection":[{"href":"https:\/\/monde25.info\/index.php\/wp-json\/wp\/v2\/posts"}],"about":[{"href":"https:\/\/monde25.info\/index.php\/wp-json\/wp\/v2\/types\/post"}],"author":[{"embeddable":true,"href":"https:\/\/monde25.info\/index.php\/wp-json\/wp\/v2\/users\/1"}],"replies":[{"embeddable":true,"href":"https:\/\/monde25.info\/index.php\/wp-json\/wp\/v2\/comments?post=5136"}],"version-history":[{"count":0,"href":"https:\/\/monde25.info\/index.php\/wp-json\/wp\/v2\/posts\/5136\/revisions"}],"wp:featuredmedia":[{"embeddable":true,"href":"https:\/\/monde25.info\/index.php\/wp-json\/wp\/v2\/media\/5137"}],"wp:attachment":[{"href":"https:\/\/monde25.info\/index.php\/wp-json\/wp\/v2\/media?parent=5136"}],"wp:term":[{"taxonomy":"category","embeddable":true,"href":"https:\/\/monde25.info\/index.php\/wp-json\/wp\/v2\/categories?post=5136"},{"taxonomy":"post_tag","embeddable":true,"href":"https:\/\/monde25.info\/index.php\/wp-json\/wp\/v2\/tags?post=5136"}],"curies":[{"name":"wp","href":"https:\/\/api.w.org\/{rel}","templated":true}]}}