{"id":5140,"date":"2025-03-25T02:34:22","date_gmt":"2025-03-25T01:34:22","guid":{"rendered":"https:\/\/monde25.info\/index.php\/2025\/03\/25\/la-france-encore-tres-loin-dun-progres-general\/"},"modified":"2025-03-25T02:34:22","modified_gmt":"2025-03-25T01:34:22","slug":"la-france-encore-tres-loin-dun-progres-general","status":"publish","type":"post","link":"https:\/\/monde25.info\/index.php\/2025\/03\/25\/la-france-encore-tres-loin-dun-progres-general\/","title":{"rendered":"la France encore tr\u00e8s loin d\u2019un progr\u00e8s g\u00e9n\u00e9ral"},"content":{"rendered":"<p> <br \/>\n<\/p>\n<div style=\"position:relative;\">\n        <picture><source type=\"image\/webp\" srcset=\"https:\/\/reporterre.net\/local\/cache-vignettes\/L720xH480\/_dsc5565-2-77831.jpg@.webp?1742831700\"><img loading=\"lazy\" decoding=\"async\" src=\"https:\/\/reporterre.net\/local\/cache-vignettes\/L720xH480\/_dsc5565-2-77831.jpg?1742831700\" width=\"720\" height=\"480\" alt=\"Environnement\u00a0: la France encore tr\u00e8s loin d'un progr\u00e8s g\u00e9n\u00e9ral\" class=\"image_logo voir_logo\"\/><\/p>\n<p><\/source><\/picture>\n<p class=\"legende_logo\">Les pollutions li\u00e9es aux pesticides sont toujours tr\u00e8s \u00e9lev\u00e9es en France. <span class=\"copyright_logo\">&#8211; \u00a9 Louisa T. \/ Reporterre<\/span><\/p>\n<p class=\"legende_logo_480\">Les pollutions li\u00e9es aux pesticides sont toujours tr\u00e8s \u00e9lev\u00e9es en France. <span class=\"copyright_logo\">&#8211; \u00a9 Louisa T. \/ Reporterre<\/span><\/p>\n<\/p><\/div>\n<div>\n        <span class=\"date\">24 mars 2025  \u00e0 17h04<\/span><\/p>\n<p class=\"duree_lecture\">\n        Dur\u00e9e de lecture : 2 minutes\n      <\/p>\n<\/p><\/div>\n<div>\n<p>C\u2019est un rapport riche en informations qui n\u2019a pourtant toujours pas \u00e9t\u00e9 publi\u00e9. Lundi 24\u00a0mars, <a target=\"_blank\" href=\"https:\/\/www.lemonde.fr\/planete\/article\/2025\/03\/23\/etat-de-l-environnement-en-france-le-rapport-non-publie-qui-disseque-les-progres-et-les-reculs_6585175_3244.html\" class=\"spip_out\" rel=\"external\"><i>Le Monde<\/i><\/a> a d\u00e9voil\u00e9 le contenu du rapport 2024 sur l\u2019\u00e9tat de l\u2019environnement en France que le journal s\u2019est procur\u00e9. Si quelques indicateurs sont positifs, d\u2019autres sont plus alarmants.<\/p>\n<p>La ministre de la Transition \u00e9cologique Agn\u00e8s Pannier-Runacher envisageait de le rendre public \u00e0 la fin du mois de janvier dernier, mais la premi\u00e8re mouture du texte n\u2019aurait pas convenu \u00e0 son cabinet qui souhaitait promouvoir <i>\u00ab<small class=\"fine d-inline\">\u00a0<\/small>les tendances d\u2019\u00e9volution qui sont bonnes et portent leur fruit<small class=\"fine d-inline\">\u00a0<\/small>\u00bb<\/i>, rapporte le quotidien.<\/p>\n<h2 class=\"spip\">Pollutions en hausse, surp\u00eache en baisse<\/h2>\n<p>\u00c9tabli tous les cinq ans, ce document long de cent quarante pages donne \u00e0 lire l\u2019ampleur des d\u00e9g\u00e2ts sur la nature ainsi que la complexit\u00e9 du d\u00e9fi \u00e9cologique. Parmi les donn\u00e9es les plus inqui\u00e9tantes, l\u2019extraction de ressources naturelles figure en t\u00eate des pr\u00e9occupations puisqu\u2019elle <i>\u00ab<small class=\"fine d-inline\">\u00a0<\/small>constitue une source de pollution des milieux naturels, qui elle-m\u00eame contribue au <a target=\"_blank\" href=\"Qu-est-ce-que-le-rechauffement-climatique\">changement climatique<\/a>, ce dernier \u00e9tant l\u2019un des facteurs aggravants du d\u00e9clin de la biodiversit\u00e9<small class=\"fine d-inline\">\u00a0<\/small>\u00bb<\/i>, peut-on lire. Les pollutions li\u00e9es aux pesticides et au plastique, ou encore, la baisse des ressources en eau sont aussi parmi les chiffres les moins rassurants.<\/p>\n<p>Si les \u00e9missions de gaz \u00e0 effet de serre produites par les comportements humains ont diminu\u00e9, la tendance risque de ralentir en 2024. <i>\u00ab<small class=\"fine d-inline\">\u00a0<\/small>Les actions individuelles et collectives n\u00e9cessitent d\u2019\u00eatre renforc\u00e9es<small class=\"fine d-inline\">\u00a0<\/small>\u00bb<\/i>, pr\u00e9conisent les auteurs du rapport qui soulignent combien <i>\u00ab<small class=\"fine d-inline\">\u00a0<\/small>l\u2019empreinte carbone de la France est incompatible avec l\u2019accord de Paris<small class=\"fine d-inline\">\u00a0<\/small>\u00bb<\/i> \u2014\u00a0et son seuil de 1,5\u00a0\u00b0C de <a target=\"_blank\" href=\"Qu-est-ce-que-le-rechauffement-climatique\">r\u00e9chauffement climatique<\/a>.<\/p>\n<p><i>A contrario<\/i>, bien que contrast\u00e9e dans le territoire, la qualit\u00e9 de l\u2019air s\u2019am\u00e9liore globalement, notamment gr\u00e2ce au durcissement des normes dans les transports et l\u2019industrie. Gr\u00e2ce au quotas, la surp\u00eache a \u00e9galement baiss\u00e9 de 53<small class=\"fine d-inline\">\u00a0<\/small>% \u00e0 41<small class=\"fine d-inline\">\u00a0<\/small>% entre 2000 et 2021 en France, alors qu\u2019elle a augment\u00e9 \u00e0 l\u2019\u00e9chelle mondiale.<\/p>\n<aside class=\"boite_encarts\">\n<div class=\"encart encart_gris noprint\">\n<p><strong>Puisque vous \u00eates l\u00e0&#8230;<\/strong><\/p>\n<p>&#8230; nous avons un petit service \u00e0 vous demander.<br class=\"autobr\"\/><br \/>\nEntre la pr\u00e9sence d\u2019un climatosceptique \u00e0 la t\u00eate de la premi\u00e8re puissance mondiale, un gouvernement fran\u00e7ais qui flirte avec l\u2019extr\u00eame-droite, et les catastrophes climatiques qui s\u2019enchainent&#8230; Faire vivre l\u2019\u00e9cologie dans le d\u00e9bat public est un enjeu crucial.<\/p>\n<p>Personne ne modifie ce que nous publions. Nous n\u2019avons ni actionnaire, ni propri\u00e9taire milliardaire \u2014 seulement une \u00e9quipe d\u2019irr\u00e9ductibles journalistes, pleine de d\u00e9termination.<\/p>\n<p>Nous avons la conviction que l\u2019urgence \u00e9cologique est l\u2019enjeu majeur de notre \u00e9poque. Et comme plus de 2 millions de lectrices et lecteurs chaque mois, vous partagez sans doute cette conviction&#8230;<\/p>\n<p><strong>Depuis 12 ans, nous publions des articles de qualit\u00e9 sur l\u2019\u00e9cologie, en acc\u00e8s libre et sans publicit\u00e9, pour tous.<\/strong><br class=\"autobr\"\/><br \/>\nMais ce travail demande beaucoup de temps et de ressources.<\/p>\n<p>Alors, si vous en avez les moyens, sachez qu\u2019un don, m\u00eame d\u20191\u20ac, est un acte de soutien fort pour l\u2019\u00e9cologie et le journalisme ind\u00e9pendant.<br class=\"autobr\"\/><br \/>\n(Et \u00e7a vous prendra moins de temps que la lecture de ce texte).<\/p>\n<p><strong>Si vous le pouvez, choisissez un soutien mensuel. Merci.<\/strong><\/p>\n<p><a target=\"_blank\" href=\"https:\/\/reporterre.net\/dons\" class=\"bt_soutenir\">Je soutiens <i>Reporterre<\/i><\/a><\/p>\n<\/p><\/div>\n<div class=\"encart encart_vert noprint montre_1023\">\n<div class=\"infolettre-form-container noprint\">\n<p>Abonnez-vous \u00e0 la lettre d\u2019info de Reporterre<\/p>\n<\/div><\/div>\n<\/aside>\n<aside class=\"boite_apresarticle encart_note\">\n<h4>Apr\u00e8s cet article<\/h4>\n<p>      <a target=\"_blank\" href=\"https:\/\/reporterre.net\/PFAS-dans-l-eau-potable-Les-industriels-doivent-payer\" class=\"lien_article\">\n      <picture class=\"vignette_gauche\"><source type=\"image\/webp\" srcset=\"https:\/\/reporterre.net\/https:\/\/reporterre.net\/local\/cache-vignettes\/L450xH300\/nnmaisaleauquoi-16767.jpg@.webp?1742556218\"><img decoding=\"async\" src=\"https:\/\/reporterre.net\/local\/cache-vignettes\/L450xH300\/nnmaisaleauquoi-16767.jpg?1742556218\" width=\"450\" height=\"300\" alt=\"\" class=\"marge12\" loading=\"lazy\"\/><br \/>\n<\/source><\/picture>\n<p class=\"libelle\">\n<p>          Enqu\u00eate \u2014<\/p>\n<p>      Pollutions\n    <\/p>\n<p class=\"titre pol20\"><span class=\"caps\">PFAS<\/span> dans l\u2019eau potable\u00a0: \u00ab<small class=\"fine d-inline\">\u00a0<\/small>Les industriels doivent payer<small class=\"fine d-inline\">\u00a0<\/small>\u00bb<\/p>\n<p>      <\/a><br \/>\n    <\/aside>\n<aside class=\"boite_complement texte\">\n<p>      <!-- zone_forum --><br \/>\n          <\/aside>\n<aside class=\"boite_lireaussi noprint\">\n<\/aside>\n<aside class=\"colonne\">\n<div class=\"article_info cache_1023 noprint\">\n        <span class=\"date\">24 mars 2025  \u00e0 17h04<\/span><\/p>\n<p class=\"duree_lecture\">\n        Dur\u00e9e de lecture : 2 minutes\n      <\/p>\n<\/p><\/div>\n<div class=\"bloc_infolettre\">\n<div class=\"infolettre-form-container noprint\">\n<p>Abonnez-vous \u00e0 la lettre d\u2019info de Reporterre<\/p>\n<\/div><\/div>\n<\/aside>\n<div id=\"galerie\">\n  <img decoding=\"async\" src=\"\" class=\"principale\" id=\"principale\"\/><\/p>\n<p id=\"legende\">legende<\/p>\n<\/div>\n<footer class=\"noprint\">\n<\/footer>\n<\/div>\n<p><br \/>\n<br \/><a href=\"https:\/\/reporterre.net\/Environnement-la-France-encore-tres-loin-d-un-progres-general\" target=\"_blank\"\">Source link <\/a><\/p>\n","protected":false},"excerpt":{"rendered":"<p>Les pollutions li\u00e9es aux pesticides sont toujours tr\u00e8s \u00e9lev\u00e9es en France. &#8211; \u00a9 Louisa T. \/ Reporterre Les pollutions li\u00e9es aux pesticides sont toujours tr\u00e8s \u00e9lev\u00e9es en France. &#8211; \u00a9&hellip; <\/p>\n","protected":false},"author":1,"featured_media":5141,"comment_status":"open","ping_status":"open","sticky":false,"template":"","format":"standard","meta":{"footnotes":""},"categories":[1],"tags":[],"class_list":["post-5140","post","type-post","status-publish","format-standard","has-post-thumbnail","hentry","category-non-classe"],"_links":{"self":[{"href":"https:\/\/monde25.info\/index.php\/wp-json\/wp\/v2\/posts\/5140","targetHints":{"allow":["GET"]}}],"collection":[{"href":"https:\/\/monde25.info\/index.php\/wp-json\/wp\/v2\/posts"}],"about":[{"href":"https:\/\/monde25.info\/index.php\/wp-json\/wp\/v2\/types\/post"}],"author":[{"embeddable":true,"href":"https:\/\/monde25.info\/index.php\/wp-json\/wp\/v2\/users\/1"}],"replies":[{"embeddable":true,"href":"https:\/\/monde25.info\/index.php\/wp-json\/wp\/v2\/comments?post=5140"}],"version-history":[{"count":0,"href":"https:\/\/monde25.info\/index.php\/wp-json\/wp\/v2\/posts\/5140\/revisions"}],"wp:featuredmedia":[{"embeddable":true,"href":"https:\/\/monde25.info\/index.php\/wp-json\/wp\/v2\/media\/5141"}],"wp:attachment":[{"href":"https:\/\/monde25.info\/index.php\/wp-json\/wp\/v2\/media?parent=5140"}],"wp:term":[{"taxonomy":"category","embeddable":true,"href":"https:\/\/monde25.info\/index.php\/wp-json\/wp\/v2\/categories?post=5140"},{"taxonomy":"post_tag","embeddable":true,"href":"https:\/\/monde25.info\/index.php\/wp-json\/wp\/v2\/tags?post=5140"}],"curies":[{"name":"wp","href":"https:\/\/api.w.org\/{rel}","templated":true}]}}