{"id":5142,"date":"2025-03-25T03:09:37","date_gmt":"2025-03-25T02:09:37","guid":{"rendered":"https:\/\/monde25.info\/index.php\/2025\/03\/25\/dans-un-enregistrement-secret-lambassadeur-disrael-en-autriche-suggere-dexecuter-les-enfants-de-gaza\/"},"modified":"2025-03-25T03:09:37","modified_gmt":"2025-03-25T02:09:37","slug":"dans-un-enregistrement-secret-lambassadeur-disrael-en-autriche-suggere-dexecuter-les-enfants-de-gaza","status":"publish","type":"post","link":"https:\/\/monde25.info\/index.php\/2025\/03\/25\/dans-un-enregistrement-secret-lambassadeur-disrael-en-autriche-suggere-dexecuter-les-enfants-de-gaza\/","title":{"rendered":"Dans un enregistrement secret, l\u2019ambassadeur d\u2019Isra\u00ebl en Autriche sugg\u00e8re d\u2019ex\u00e9cuter les enfants de Gaza"},"content":{"rendered":"<p> <br \/>\n<\/p>\n<div>\n<p>par <strong>Quds News Network<\/strong><\/p>\n<p><strong>Une vid\u00e9o enregistr\u00e9e en secret a r\u00e9v\u00e9l\u00e9 que l\u2019ambassadeur d\u2019Isra\u00ebl en Autriche, David Roet, a sugg\u00e9r\u00e9 d\u2019ex\u00e9cuter des enfants palestiniens, les accusant de porter des armes.<\/strong><\/p>\n<p>Lors d\u2019une r\u00e9union \u00e0 huis clos avec la communaut\u00e9 juive \u00e0 Innsbruck jeudi, Roet a d\u00e9clar\u00e9 que les adolescents en possession d\u2019une arme ou d\u2019une grenade \u00ab<em>devraient \u00eatre condamn\u00e9s \u00e0 mort<\/em>\u00bb. Il n\u2019a fourni aucune preuve de la pr\u00e9sence d\u2019enfants porteurs d\u2019armes \u00e0 Gaza.<\/p>\n<figure class=\"wp-block-embed is-type-rich is-provider-twitter wp-block-embed-twitter\"\/>\n<p>La vid\u00e9o a \u00e9t\u00e9 enregistr\u00e9e deux jours apr\u00e8s la rupture du cessez-le-feu \u00e0 Gaza par Isra\u00ebl le 18 mars. Isra\u00ebl avait alors d\u00e9j\u00e0 tu\u00e9 plus de 500 Palestiniens, dont plus de 200 enfants.<\/p>\n<p>David Roet a ni\u00e9 que l\u2019arm\u00e9e isra\u00e9lienne fasse des victimes civiles \u00e0 Gaza. Il a d\u00e9clar\u00e9 :<\/p>\n<p>\u00ab<em>Ceux qui pensent que les civils tu\u00e9s \u00e0 Gaza ne sont pas impliqu\u00e9s\u2026 croient aussi qu\u2019Isra\u00ebl cible intentionnellement les b\u00e9b\u00e9s, ce qui est faux<\/em>\u00bb.<\/p>\n<p>Selon l\u2019UNICEF, Isra\u00ebl a tu\u00e9 plus de 14 500 enfants palestiniens \u00e0 Gaza depuis le d\u00e9but de son offensive le 7 octobre 2023. Ce nombre n\u2019inclut pas les enfants tu\u00e9s apr\u00e8s la rupture du cessez-le-feu par Isra\u00ebl.<\/p>\n<p>Au total, Isra\u00ebl a tu\u00e9 plus de 50 000 Palestiniens et en a bless\u00e9 113 000 depuis le d\u00e9but des bombardements. Au moins 10 000 personnes sont toujours port\u00e9es disparues, probablement ensevelies sous les d\u00e9combres.<\/p>\n<p>Roet s\u2019est \u00e9galement demand\u00e9 si l\u2019Europe a int\u00e9r\u00eat \u00e0 investir dans la reconstruction de Gaza. Il a sugg\u00e9r\u00e9 que l\u2019enclave serait \u00e0 nouveau d\u00e9truite, confirmant l\u2019id\u00e9e qu\u2019Isra\u00ebl m\u00e8ne un g\u00e9nocide pour an\u00e9antir le peuple palestinien.<\/p>\n<p>\u00ab<em>L\u2019Europe sera-t-elle assez folle pour investir \u00e0 nouveau de l\u2019argent \u00e0 Gaza ? Nous finirons par devoir la d\u00e9truire une nouvelle fois<\/em>\u00bb a-t-il d\u00e9clar\u00e9.<\/p>\n<p>Il a \u00e9galement affirm\u00e9 \u00eatre en contact direct avec le chancelier autrichien Christian Stocker via <em>WhatsApp<\/em>. Selon Roet, Stocker a cherch\u00e9 \u00e0 le rassurer sur les liens solides qui unissent l\u2019Autriche \u00e0 Isra\u00ebl.<\/p>\n<p>L\u2019activiste qui a film\u00e9 la r\u00e9union a condamn\u00e9 les propos de Roet.<\/p>\n<p>\u00ab<em>J\u2019ai \u00e9t\u00e9 \u00e9c\u0153ur\u00e9 par le calme de la voix de Roet lorsqu\u2019il a fait ces d\u00e9clarations. Personne n\u2019est intervenu lorsqu\u2019il a sugg\u00e9r\u00e9 la peine de mort pour les enfants<\/em>\u00bb<em>,<\/em> a-t-il d\u00e9clar\u00e9.<\/p>\n<p>\u00ab<em>Cela t\u00e9moigne des d\u00e9rives de ceux qui d\u00e9tiennent le pouvoir, capables de proposer la solution de commettre des crimes de guerre. Pour mettre fin aux souffrances, d\u00e9non\u00e7ons les psychopathes fascistes qui profitent des accords imp\u00e9rialistes et nous dressent les uns contre les autres<\/em>\u00bb.<\/p>\n<p>source : <a target=\"_blank\" href=\"https:\/\/qudsnen.co\/israeli-envoy-to-austria-suggests-executing-gaza-children-in-secret-recording\/\" target=\"_blank\" rel=\"noopener\" title=\"\">Quds News Network<\/a> via <a target=\"_blank\" href=\"https:\/\/ssofidelis.substack.com\/p\/dans-un-enregistrement-secret-lambassadeur\" target=\"_blank\" rel=\"noopener\" title=\"\">Spirit of Free Speech<\/a><\/p>\n<div class=\"sharedaddy sd-block sd-like jetpack-likes-widget-wrapper jetpack-likes-widget-unloaded\" id=\"like-post-wrapper-237719536-449205-67e21057d195d\" data-src=\"https:\/\/widgets.wp.com\/likes\/?ver=14.2.1#blog_id=237719536&amp;post_id=449205&amp;origin=reseauinternational.net&amp;obj_id=237719536-449205-67e21057d195d&amp;n=1\" data-name=\"like-post-frame-237719536-449205-67e21057d195d\" data-title=\"Aimer ou rebloguer\">\n<h3 class=\"sd-title\">J\u2019aime \u00e7a\u00a0:<\/h3>\n<p><span class=\"button\"><span>J\u2019aime<\/span><\/span> <span class=\"loading\">chargement\u2026<\/span><\/p>\n<p><span class=\"sd-text-color\"\/><a target=\"_blank\" class=\"sd-link-color\"\/><\/div>\n<p><meta itemscope=\"\" itemprop=\"mainEntityOfPage\" itemtype=\"https:\/\/schema.org\/WebPage\" itemid=\"https:\/\/reseauinternational.net\/dans-un-enregistrement-secret-lambassadeur-disrael-en-autriche-suggere-dexecuter-les-enfants-de-gaza\/\"\/><meta itemprop=\"headline\" content=\"Dans un enregistrement secret, l\u2019ambassadeur d\u2019Isra\u00ebl en Autriche sugg\u00e8re d\u2019ex\u00e9cuter les enfants de Gaza\"\/><span style=\"display: none;\" itemprop=\"author\" itemscope=\"\" itemtype=\"https:\/\/schema.org\/Person\"><meta itemprop=\"name\" content=\"R\u00e9seau International\"\/><\/span><span style=\"display: none;\" itemprop=\"image\" itemscope=\"\" itemtype=\"https:\/\/schema.org\/ImageObject\"><meta itemprop=\"url\" content=\"https:\/\/i0.wp.com\/reseauinternational.net\/wp-content\/uploads\/2025\/03\/Sans-titre-26-8.png?fit=800%2C467&amp;quality=100&amp;ssl=1\"\/><meta itemprop=\"width\" content=\"800\"\/><meta itemprop=\"height\" content=\"467\"\/><\/span><span style=\"display: none;\" itemprop=\"publisher\" itemscope=\"\" itemtype=\"https:\/\/schema.org\/Organization\"><span style=\"display: none;\" itemprop=\"logo\" itemscope=\"\" itemtype=\"https:\/\/schema.org\/ImageObject\"><meta itemprop=\"url\" content=\"https:\/\/reseauinternational.net\/wp-content\/uploads\/2022\/06\/Capture-de\u0301cran-2022-06-14-a\u0300-16.51.07.png\"\/><\/span><meta itemprop=\"name\" content=\"R\u00e9seau International\"\/><\/span><meta itemprop=\"datePublished\" content=\"2025-03-24T11:23:30+00:00\"\/><meta itemprop=\"dateModified\" content=\"2025-03-24T11:24:12+00:00\"\/><\/div>\n<p><br \/>\n<br \/><a href=\"https:\/\/reseauinternational.net\/dans-un-enregistrement-secret-lambassadeur-disrael-en-autriche-suggere-dexecuter-les-enfants-de-gaza\/\" target=\"_blank\"\">Source link <\/a><\/p>\n","protected":false},"excerpt":{"rendered":"<p>par Quds News Network Une vid\u00e9o enregistr\u00e9e en secret a r\u00e9v\u00e9l\u00e9 que l\u2019ambassadeur d\u2019Isra\u00ebl en Autriche, David Roet, a sugg\u00e9r\u00e9 d\u2019ex\u00e9cuter des enfants palestiniens, les accusant de porter des armes.&hellip; <\/p>\n","protected":false},"author":1,"featured_media":5143,"comment_status":"open","ping_status":"open","sticky":false,"template":"","format":"standard","meta":{"footnotes":""},"categories":[1],"tags":[],"class_list":["post-5142","post","type-post","status-publish","format-standard","has-post-thumbnail","hentry","category-non-classe"],"_links":{"self":[{"href":"https:\/\/monde25.info\/index.php\/wp-json\/wp\/v2\/posts\/5142","targetHints":{"allow":["GET"]}}],"collection":[{"href":"https:\/\/monde25.info\/index.php\/wp-json\/wp\/v2\/posts"}],"about":[{"href":"https:\/\/monde25.info\/index.php\/wp-json\/wp\/v2\/types\/post"}],"author":[{"embeddable":true,"href":"https:\/\/monde25.info\/index.php\/wp-json\/wp\/v2\/users\/1"}],"replies":[{"embeddable":true,"href":"https:\/\/monde25.info\/index.php\/wp-json\/wp\/v2\/comments?post=5142"}],"version-history":[{"count":0,"href":"https:\/\/monde25.info\/index.php\/wp-json\/wp\/v2\/posts\/5142\/revisions"}],"wp:featuredmedia":[{"embeddable":true,"href":"https:\/\/monde25.info\/index.php\/wp-json\/wp\/v2\/media\/5143"}],"wp:attachment":[{"href":"https:\/\/monde25.info\/index.php\/wp-json\/wp\/v2\/media?parent=5142"}],"wp:term":[{"taxonomy":"category","embeddable":true,"href":"https:\/\/monde25.info\/index.php\/wp-json\/wp\/v2\/categories?post=5142"},{"taxonomy":"post_tag","embeddable":true,"href":"https:\/\/monde25.info\/index.php\/wp-json\/wp\/v2\/tags?post=5142"}],"curies":[{"name":"wp","href":"https:\/\/api.w.org\/{rel}","templated":true}]}}