{"id":5156,"date":"2025-03-25T08:44:54","date_gmt":"2025-03-25T07:44:54","guid":{"rendered":"https:\/\/monde25.info\/index.php\/2025\/03\/25\/incertaine-tunisie-par-akram-belkaid-le-monde-diplomatique-fevrier-2023\/"},"modified":"2025-03-25T08:44:54","modified_gmt":"2025-03-25T07:44:54","slug":"incertaine-tunisie-par-akram-belkaid-le-monde-diplomatique-fevrier-2023","status":"publish","type":"post","link":"https:\/\/monde25.info\/index.php\/2025\/03\/25\/incertaine-tunisie-par-akram-belkaid-le-monde-diplomatique-fevrier-2023\/","title":{"rendered":"Incertaine Tunisie, par Akram Belka\u00efd (Le Monde diplomatique, f\u00e9vrier 2023)"},"content":{"rendered":"<p> <br \/>\n<\/p>\n<div couleurfade=\"fdfae5\" couleurclaire=\"fcf5ce\" couleurpale=\"f3e7a4\" couleurmi=\"c1a60a\" couleurfoncee=\"907c08\" couleursombre=\"302902\" couleurfond=\"7c754c\" couleurtexte=\"000000\">\n<figure class=\"spip_document_30964 spip_documents spip_documents_right\" style=\"float:right; width:200px;\">\n<div class=\"limage\">\n<p>            <img loading=\"lazy\" decoding=\"async\" src=\"https:\/\/www.monde-diplomatique.fr\/\/local\/cache-vignettes\/L200xH300\/couv-nafti-ok-8e9e4.jpg?1674894848\" width=\"200\" alt=\"\" height=\"300\"\/><\/p><\/div>\n<\/figure>\n<p><span class=\"mot-lettrine\"><span class=\"lettrine\">D<\/span>epuis<\/span> la chute du r\u00e9gime de Zine El-Abidine Ben Ali en janvier\u00a02011, la question du chemin qu\u2019emprunte la Tunisie se pose. Mais elle a pris plus d\u2019acuit\u00e9 avec l\u2019\u00e9lection du pr\u00e9sident Ka\u00efs Sa\u00efed en octobre\u00a02019. Apr\u00e8s avoir suspendu et dissous le Parlement en\u00a02021 puis impos\u00e9 une nouvelle Constitution en\u00a02022, le partisan de la <i>\u00ab<small class=\"fine\">\u00a0<\/small>construction par le bas<small class=\"fine\">\u00a0<\/small>\u00bb<\/i> d\u00e9tient la majorit\u00e9 des pouvoirs. Avec celui qu\u2019on qualifie d\u2019\u00ab<small class=\"fine\">\u00a0<\/small>hyperpr\u00e9sident<small class=\"fine\">\u00a0<\/small>\u00bb, faut-il alors parler de retour de l\u2019autoritarisme, voire de la dictature, ou encore de populisme<small class=\"fine\">\u00a0<\/small>? Ing\u00e9nieur et essayiste prolixe, Hatem Nafti veille aux nuances, ayant en t\u00eate la sp\u00e9cificit\u00e9 de la situation tunisienne<span class=\"spip_note_ref\">\u00a0(<a target=\"_blank\" href=\"http:\/\/www.monde-diplomatique.fr\/2023\/02\/BELKAID\/65505#nb1\" class=\"spip_note\" rel=\"appendix\" title=\"Hatem Nafti, Tunisie. Vers un populisme autoritaire\u00a0?, pr\u00e9face de Pierre\u00a0(...)\" id=\"nh1\">1<\/a>)<\/span>. Il revient d\u2019abord sur les raisons qui ont conduit \u00e0 l\u2019\u00e9mergence de M.\u00a0Sa\u00efed, pr\u00e9sident d\u00e9sireux de mettre en place un nouveau syst\u00e8me politique o\u00f9 le peuple aurait <i>\u00ab<small class=\"fine\">\u00a0<\/small>vraiment le pouvoir<small class=\"fine\">\u00a0<\/small>\u00bb,<\/i> quitte \u00e0 supprimer les \u00e9chelons interm\u00e9diaires. \u00c9voquant la d\u00e9cennie de transition\u00a0(2011-2021), Nafti n\u2019h\u00e9site pas \u00e0 parler d\u2019une <i>\u00ab<small class=\"fine\">\u00a0<\/small>d\u00e9route<small class=\"fine\">\u00a0<\/small>\u00bb<\/i> o\u00f9 les partis dans leur grande majorit\u00e9 ne se sont pas simplement d\u00e9cr\u00e9dibilis\u00e9s, mais ont concouru \u00e0 disqualifier la notion m\u00eame de vie politique. Marchandages entre \u00e9lus de bords oppos\u00e9s lors des examens de textes de loi, man\u0153uvres dilatoires men\u00e9es par les principaux partis pour emp\u00eacher les r\u00e9formes, anath\u00e8mes et m\u00eame bagarres dans l\u2019H\u00e9micycle ont ainsi r\u00e9gi la vie parlementaire depuis\u00a02014, date de l\u2019adoption d\u2019une Constitution cens\u00e9e refermer d\u00e9finitivement l\u2019\u00e8re de la dictature de Ben Ali. L\u2019essayiste cite, entre autres, le comportement de Mme\u00a0Abir Moussi, une <i>\u00ab<small class=\"fine\">\u00a0<\/small>z\u00e9lote de l\u2019ancien r\u00e9gime<small class=\"fine\">\u00a0<\/small>\u00bb<\/i> et f\u00e9roce contemptrice des islamistes d\u2019Ennahda, \u00e0 qui il arrivait d\u2019interrompre les d\u00e9bats entre d\u00e9put\u00e9s en hurlant dans un m\u00e9gaphone ou de d\u00e9barquer au palais du Bardo coiff\u00e9e d\u2019un casque de moto pour rappeler les risques d\u2019attentat contre elle. En quelques ann\u00e9es, comme le d\u00e9montre l\u2019universitaire Hatem M\u2019rad<span class=\"spip_note_ref\">\u00a0(<a target=\"_blank\" href=\"http:\/\/www.monde-diplomatique.fr\/2023\/02\/BELKAID\/65505#nb2\" class=\"spip_note\" rel=\"appendix\" title=\"Hatem M\u2019rad, Les D\u00e9rives contraires en Tunisie. Autour de Carl Schmitt,\u00a0(...)\" id=\"nh2\">2<\/a>)<\/span>, le pays est ainsi pass\u00e9 d\u2019un \u00e9tat de <i>\u00ab<small class=\"fine\">\u00a0<\/small>sous-autorit\u00e9<small class=\"fine\">\u00a0<\/small>\u00bb<\/i> \u00e0 une <i>\u00ab<small class=\"fine\">\u00a0<\/small>sur-autorit\u00e9<small class=\"fine\">\u00a0<\/small>\u00bb<\/i> qui r\u00e9pond, avec les risques que cela comporte, au besoin d\u2019un <i>\u00ab<small class=\"fine\">\u00a0<\/small>homme fort<small class=\"fine\">\u00a0<\/small>\u00bb<\/i> tel que l\u2019expriment nombre de Tunisiens \u00e9c\u0153ur\u00e9s par l\u2019incapacit\u00e9 des \u00e9lites \u00e0 donner corps \u00e0 l\u2019id\u00e9al \u00e9galitaire de la r\u00e9volution de\u00a02011.<\/p>\n<figure class=\"spip_document_30965 spip_documents spip_documents_right\" style=\"float:right; width:200px;\">\n<div class=\"limage\">\n<p>            <img loading=\"lazy\" decoding=\"async\" src=\"https:\/\/www.monde-diplomatique.fr\/\/local\/cache-vignettes\/L200xH288\/capture-d_e_cran-2023-01-28-a_-08.56.43-c8308.jpg?1674894848\" width=\"200\" alt=\"\" height=\"288\"\/><\/p><\/div>\n<\/figure>\n<p>S\u2019il a pu \u00e9merger dans un <i>\u00ab<small class=\"fine\">\u00a0<\/small>pays ingouvernable<small class=\"fine\">\u00a0<\/small>\u00bb,<\/i> le sa\u00efedisme, explique encore Nafti, s\u2019inspire autant des comit\u00e9s populaires de Mouammar Kadhafi dans les ann\u00e9es\u00a01970 que des conseils communaux mis en place par Hugo Ch\u00e1vez en\u00a02006. Le peuple, sa volont\u00e9, ses choix sont donc au c\u0153ur d\u2019un projet dont l\u2019une des faiblesses majeures est l\u2019incapacit\u00e9 \u00e0 se colleter avec le n\u00e9olib\u00e9ralisme. Pour Nafti, le pr\u00e9sident a une <i>\u00ab<small class=\"fine\">\u00a0<\/small>vision de l\u2019\u00e9conomie qui se caract\u00e9rise par une approche monocausale et qui fait la part belle au complot<small class=\"fine\">\u00a0<\/small>\u00bb.<\/i> Contrebandiers et autres sp\u00e9culateurs sont ainsi vou\u00e9s \u00e0 la vindicte populaire, mais rien n\u2019est dit ou presque des exigences du Fonds mon\u00e9taire international\u00a0(FMI), avec qui Tunis n\u00e9gocie un pr\u00eat important.<\/p>\n<figure class=\"spip_document_30966 spip_documents spip_documents_right\" style=\"float:right; width:200px;\">\n<div class=\"limage\">\n<p>            <img loading=\"lazy\" decoding=\"async\" src=\"https:\/\/www.monde-diplomatique.fr\/\/local\/cache-vignettes\/L200xH308\/capture-d_e_cran-2023-01-28-a_-09.18.48-9f88d.jpg?1674894848\" width=\"200\" alt=\"\" height=\"308\"\/><\/p><\/div>\n<\/figure>\n<p>Les cons\u00e9quences sociales de cet accord inqui\u00e8tent d\u2019ailleurs nombre de citoyens qui craignent une explosion sociale et, par ricochet, une aggravation de l\u2019\u00e9migration clandestine. Psychanalyste et psychopathologue, Wael Garnaoui analyse \u00e0 ce sujet plusieurs t\u00e9moignages de migrants recueillis dans le cadre de sa th\u00e8se de doctorat<span class=\"spip_note_ref\">\u00a0(<a target=\"_blank\" href=\"http:\/\/www.monde-diplomatique.fr\/2023\/02\/BELKAID\/65505#nb3\" class=\"spip_note\" rel=\"appendix\" title=\"Wael Garnaoui, Harga et d\u00e9sir d\u2019Occident. \u00c9tude psychanalytique des migrants\u00a0(...)\" id=\"nh3\">3<\/a>)<\/span>. Sans pathos, les propos d\u00e9crivent des horizons bouch\u00e9s, le ch\u00f4mage, la rel\u00e9gation sociale, une volont\u00e9 de fuir l\u2019arbitraire policier et l\u2019envie de construire ailleurs sa propre vie, f\u00fbt-elle des plus modestes. <i>\u00ab<small class=\"fine\">\u00a0<\/small>Celui qui est pris par la mer est un disparu et celui qui en sort est un nouveau-n\u00e9<small class=\"fine\">\u00a0<\/small>\u00bb,<\/i> lui confie ainsi un <i>harraga<\/i> (celui qui \u00ab<small class=\"fine\">\u00a0<\/small>br\u00fble<small class=\"fine\">\u00a0<\/small>\u00bb la fronti\u00e8re). D\u00e9sir d\u2019Occident et tentation du djihadisme, notamment en Syrie, motivent souvent ces d\u00e9parts p\u00e9rilleux, le passage de l\u2019un \u00e0 l\u2019autre, bien que contradictoire, n\u2019\u00e9tant pas rare.<\/p>\n<\/p><\/div>\n<div>\n<div id=\"nb1\">\n<p><span class=\"spip_note_ref\">(<a target=\"_blank\" href=\"http:\/\/www.monde-diplomatique.fr\/2023\/02\/BELKAID\/65505#nh1\" class=\"spip_note\" title=\"Notes 1\" rev=\"appendix\">1<\/a>)\u00a0<\/span>Hatem Nafti, <i>Tunisie. Vers un populisme autoritaire<small class=\"fine\">\u00a0<\/small>?,<\/i> pr\u00e9face de Pierre Haski, Riveneuve, Paris, 2022, 270\u00a0pages, 22,50\u00a0euros.<\/p>\n<\/div>\n<div id=\"nb2\">\n<p><span class=\"spip_note_ref\">(<a target=\"_blank\" href=\"http:\/\/www.monde-diplomatique.fr\/2023\/02\/BELKAID\/65505#nh2\" class=\"spip_note\" title=\"Notes 2\" rev=\"appendix\">2<\/a>)\u00a0<\/span>Hatem M\u2019rad, <i>Les D\u00e9rives contraires en Tunisie. Autour de Carl Schmitt,<\/i> C\u00e9r\u00e8s, Tunis, 2022, 217\u00a0pages, 24\u00a0dinars tunisiens.<\/p>\n<\/div>\n<div id=\"nb3\">\n<p><span class=\"spip_note_ref\">(<a target=\"_blank\" href=\"http:\/\/www.monde-diplomatique.fr\/2023\/02\/BELKAID\/65505#nh3\" class=\"spip_note\" title=\"Notes 3\" rev=\"appendix\">3<\/a>)\u00a0<\/span>Wael Garnaoui, <i>Harga et d\u00e9sir d\u2019Occident. \u00c9tude psychanalytique des migrants clandestins tunisiens,<\/i> Nirvana, Tunis, 2022, 344\u00a0pages, 38 dinars tunisiens.<\/p>\n<\/div>\n<\/div>\n<p><br \/>\n<br \/><a href=\"https:\/\/www.monde-diplomatique.fr\/2023\/02\/BELKAID\/65505\" target=\"_blank\"\">Source link <\/a><\/p>\n","protected":false},"excerpt":{"rendered":"<p>Depuis la chute du r\u00e9gime de Zine El-Abidine Ben Ali en janvier\u00a02011, la question du chemin qu\u2019emprunte la Tunisie se pose. Mais elle a pris plus d\u2019acuit\u00e9 avec l\u2019\u00e9lection du&hellip; <\/p>\n","protected":false},"author":1,"featured_media":5157,"comment_status":"open","ping_status":"open","sticky":false,"template":"","format":"standard","meta":{"footnotes":""},"categories":[1],"tags":[],"class_list":["post-5156","post","type-post","status-publish","format-standard","has-post-thumbnail","hentry","category-non-classe"],"_links":{"self":[{"href":"https:\/\/monde25.info\/index.php\/wp-json\/wp\/v2\/posts\/5156","targetHints":{"allow":["GET"]}}],"collection":[{"href":"https:\/\/monde25.info\/index.php\/wp-json\/wp\/v2\/posts"}],"about":[{"href":"https:\/\/monde25.info\/index.php\/wp-json\/wp\/v2\/types\/post"}],"author":[{"embeddable":true,"href":"https:\/\/monde25.info\/index.php\/wp-json\/wp\/v2\/users\/1"}],"replies":[{"embeddable":true,"href":"https:\/\/monde25.info\/index.php\/wp-json\/wp\/v2\/comments?post=5156"}],"version-history":[{"count":0,"href":"https:\/\/monde25.info\/index.php\/wp-json\/wp\/v2\/posts\/5156\/revisions"}],"wp:featuredmedia":[{"embeddable":true,"href":"https:\/\/monde25.info\/index.php\/wp-json\/wp\/v2\/media\/5157"}],"wp:attachment":[{"href":"https:\/\/monde25.info\/index.php\/wp-json\/wp\/v2\/media?parent=5156"}],"wp:term":[{"taxonomy":"category","embeddable":true,"href":"https:\/\/monde25.info\/index.php\/wp-json\/wp\/v2\/categories?post=5156"},{"taxonomy":"post_tag","embeddable":true,"href":"https:\/\/monde25.info\/index.php\/wp-json\/wp\/v2\/tags?post=5156"}],"curies":[{"name":"wp","href":"https:\/\/api.w.org\/{rel}","templated":true}]}}