{"id":5176,"date":"2025-03-25T15:38:41","date_gmt":"2025-03-25T14:38:41","guid":{"rendered":"https:\/\/monde25.info\/index.php\/2025\/03\/25\/des-cartes-et-des-contes-par-marina-da-silva-le-monde-diplomatique-fevrier-2023\/"},"modified":"2025-03-25T15:38:41","modified_gmt":"2025-03-25T14:38:41","slug":"des-cartes-et-des-contes-par-marina-da-silva-le-monde-diplomatique-fevrier-2023","status":"publish","type":"post","link":"https:\/\/monde25.info\/index.php\/2025\/03\/25\/des-cartes-et-des-contes-par-marina-da-silva-le-monde-diplomatique-fevrier-2023\/","title":{"rendered":"Des cartes et des contes, par Marina Da Silva (Le Monde diplomatique, f\u00e9vrier 2023)"},"content":{"rendered":"<p> <br \/>\n<\/p>\n<div couleurfade=\"e9e9e5\" couleurclaire=\"e7e7e3\" couleurpale=\"ddddba\" couleurmi=\"6f6f5c\" couleurfoncee=\"6a692e\" couleursombre=\"1b1b17\" couleurfond=\"53534c\" couleurtexte=\"ffffff\">\n<figure class=\"spip_document_30971 spip_documents spip_documents_right\" style=\"float:right; width:200px;\">\n<div class=\"limage\">\n<p>            <img loading=\"lazy\" decoding=\"async\" src=\"https:\/\/www.monde-diplomatique.fr\/\/local\/cache-vignettes\/L200xH293\/9782283035092-0f6ec.jpg?1674895112\" width=\"200\" alt=\"\" height=\"293\"\/><\/p><\/div>\n<\/figure>\n<p><span class=\"mot-lettrine\"><span class=\"lettrine\">V<\/span>ous<\/span> aviez cru \u00e0 l\u2019existence des Amazones, \u00e9tonnant arch\u00e9type matriarcal<small class=\"fine\">\u00a0<\/small>? Dans sa <i>G\u00e9ographie des peuples fabuleux<\/i><span class=\"spip_note_ref\">\u00a0(<a target=\"_blank\" href=\"http:\/\/www.monde-diplomatique.fr\/2023\/02\/DA_SILVA\/65504#nb1\" class=\"spip_note\" rel=\"appendix\" title=\"Olivier Philipponnat, G\u00e9ographie des peuples fabuleux, Buchet-Chastel,\u00a0(...)\" id=\"nh1\">1<\/a>)<\/span>, Olivier Philipponnat nous \u00f4te toute illusion\u2026 Et l\u2019on reste partag\u00e9 entre une petite rancune\u00a0(fin des l\u00e9gendes) et la fascination pour ce travail \u00e9rudit, passionnant et inattendu, o\u00f9 il entreprend de r\u00e9pertorier ces peuples qui n\u2019ont pas exist\u00e9 ou dont l\u2019histoire et les modes de vie ont \u00e9t\u00e9 d\u00e9form\u00e9s\u00a0(avec un index aux noms saisissants). La liste est longue de ceux dont l\u2019existence a \u00e9t\u00e9 donn\u00e9e comme av\u00e9r\u00e9e par des \u00ab<small class=\"fine\">\u00a0<\/small>t\u00e9moins<small class=\"fine\">\u00a0<\/small>\u00bb innocents, incultes ou <i>\u00ab<small class=\"fine\">\u00a0<\/small>charognards<small class=\"fine\">\u00a0<\/small>\u00bb<\/i> \u2014 qui perp\u00e9tuaient la domination des peuples autochtones en en faisant des monstres ou des \u00ab<small class=\"fine\">\u00a0<\/small>races dangereuses<small class=\"fine\">\u00a0<\/small>\u00bb, jusqu\u2019\u00e0 ce que d\u2019autres, historiens ou anthropologues, parmi lesquels Claude L\u00e9vi-Strauss, r\u00e9tablissent leur dignit\u00e9. Depuis l\u2019Antiquit\u00e9, <i>\u00ab<small class=\"fine\">\u00a0<\/small>les Blemmyes, peuple sans t\u00eate<small class=\"fine\">\u00a0<\/small>\u00bb<\/i> d\u00e9crit par Pline l\u2019Ancien, les <i>\u00ab<small class=\"fine\">\u00a0<\/small>Agelastes qui ne rient jamais<small class=\"fine\">\u00a0<\/small>\u00bb, \u00ab<small class=\"fine\">\u00a0<\/small>H\u00e9micynes demi-chiens<small class=\"fine\">\u00a0<\/small>\u00bb, \u00ab<small class=\"fine\">\u00a0<\/small>Arrhines sans nez<small class=\"fine\">\u00a0<\/small>\u00bb, \u00ab<small class=\"fine\">\u00a0<\/small>Opysthodactyles aux pieds tourn\u00e9s vers l\u2019arri\u00e8re<small class=\"fine\">\u00a0<\/small>\u00bb<\/i> et tant d\u2019autres ont nourri les fantasmes et la peur. M\u00eame s\u2019il y eut, au fil des si\u00e8cles, des esprits sceptiques, les fables prosp\u00e9reront, terreau d\u2019un imaginaire qui pr\u00e9ludera \u00e0 l\u2019esclavage et \u00e0 la colonisation. Le <span class=\"siecle\">XIX<sup>e<\/sup><\/span>\u00a0si\u00e8cle laissera la \u00ab<small class=\"fine\">\u00a0<\/small>science<small class=\"fine\">\u00a0<\/small>\u00bb racialiste faire de l\u2019Afrique une terre de sauvages et industrialisera les zoos humains\u2026 Au <span class=\"siecle\">XX<sup>e<\/sup><\/span>\u00a0si\u00e8cle, on croit aux extraterrestres<small class=\"fine\">\u00a0<\/small>; au <span class=\"siecle\">XXI<sup>e<\/sup><\/span>\u00a0si\u00e8cle, \u00e0 la manipulation g\u00e9n\u00e9tique et au transhumanisme. Et \u00e0 tout moment, l\u2019Autre, l\u2019\u00e9tranger, <i>\u00ab<small class=\"fine\">\u00a0<\/small>celui qui vit aux franges de notre univers g\u00e9ographique ou mental<small class=\"fine\">\u00a0<\/small>\u00bb,<\/i> peut devenir un monstre. Le propos, r\u00e9ussi, de l\u2019essayiste est de composer, dans ce voyage surr\u00e9aliste, <i>\u00ab<small class=\"fine\">\u00a0<\/small>un atlas onirique \u00e0 l\u2019usage des curieux<small class=\"fine\">\u00a0<\/small>\u00bb,<\/i> mais aussi d\u2019alerter sur notre propre destin, peut-\u00eatre <i>\u00ab<small class=\"fine\">\u00a0<\/small>promis \u00e0 devenir la l\u00e9gende de futures civilisations<small class=\"fine\">\u00a0<\/small>\u00bb.<\/i><\/p>\n<figure class=\"spip_document_30972 spip_documents spip_documents_right\" style=\"float:right; width:200px;\">\n<div class=\"limage\">\n<p>            <img loading=\"lazy\" decoding=\"async\" src=\"https:\/\/www.monde-diplomatique.fr\/\/local\/cache-vignettes\/L200xH228\/010151595-small227-72adf.jpg?1674895112\" width=\"200\" alt=\"\" height=\"228\"\/><\/p><\/div>\n<\/figure>\n<p>Dans <i>Cartes et fictions (XVIe-XVIIIe si\u00e8cle)<\/i><span class=\"spip_note_ref\">\u00a0(<a target=\"_blank\" href=\"http:\/\/www.monde-diplomatique.fr\/2023\/02\/DA_SILVA\/65504#nb2\" class=\"spip_note\" rel=\"appendix\" title=\"Roger Chartier, Cartes et fictions (XVIe-XVIIIe\u00a0si\u00e8cle), \u00c9ditions du Coll\u00e8ge\u00a0(...)\" id=\"nh2\">2<\/a>)<\/span>, le grand sp\u00e9cialiste de l\u2019histoire du livre Roger Chartier se livre \u00e0 une cartographie tout aussi paradoxale et document\u00e9e de territoires imaginaires, ceux invent\u00e9s par des \u0153uvres litt\u00e9raires c\u00e9l\u00e8bres, et il en analyse le surgissement, selon les \u00e9poques et les lieux. Il rappelle que, si <i>Le Seigneur des anneaux<\/i> (1954), de John Ronald Ruel Tolkien, a popularis\u00e9 la repr\u00e9sentation de cartes fictives mais pr\u00e9sent\u00e9es comme vraies, pr\u00e9cises et d\u00e9taill\u00e9es, c\u2019est entre les XVIe et <span class=\"siecle\">XVIII<sup>e<\/sup><\/span>\u00a0si\u00e8cles que les premiers exemples en sont apparus. L\u2019auteur, qui distingue deux g\u00e9n\u00e9alogies, anglaise et fran\u00e7aise, choisit d\u2019en pr\u00e9senter certaines, au gr\u00e9 de ses affinit\u00e9s, et le r\u00e9sultat est de toute beaut\u00e9.<\/p>\n<p>On y d\u00e9couvre les aventures et cheminements de <i>Don Quichotte de la Manche<\/i>\u00a0(1780 et 1797) sur la <i>\u00ab<small class=\"fine\">\u00a0<\/small>carte d\u2019une partie du royaume d\u2019Espagne<small class=\"fine\">\u00a0<\/small>\u00bb<\/i> minutieusement localis\u00e9s et reproduits chronologiquement, et les controverses qu\u2019elle a suscit\u00e9es apr\u00e8s avoir \u00e9t\u00e9 ajout\u00e9e, quelque soixante ans apr\u00e8s la parution du livre de Cervant\u00e8s. <i>Les Voyages de Gulliver,<\/i> de Jonathan Swift\u00a0(1726), illustr\u00e9s en revanche d\u00e8s leur publication, ne s\u2019embarrassent pas avec l\u2019exactitude des localisations g\u00e9ographiques des p\u00e9rip\u00e9ties du h\u00e9ros. Pas plus que <i>L\u2019Utopie,<\/i> de Thomas More\u00a0(1516), ou <i>Robinson Cruso\u00e9,<\/i> de Daniel Defoe\u00a0(1719), qui joue de la fiction et de la r\u00e9alit\u00e9. Tandis que la carte du Tendre, dans <i>Cl\u00e9lie, histoire romaine,<\/i> de Madeleine de Scud\u00e9ry\u00a0(1654), revendique clairement sa fantaisie galante et sa po\u00e9sie piquante. L\u2019apparition des cartes dans des \u0153uvres d\u2019imagination perturbe et nourrit le r\u00eave du lecteur, s\u2019immisce dans la distinction entre le monde du livre et le sien, interroge le rapport entre l\u2019image et le texte. Par le pass\u00e9 comme au pr\u00e9sent.<\/p>\n<\/p><\/div>\n<p><br \/>\n<br \/><a href=\"https:\/\/www.monde-diplomatique.fr\/2023\/02\/DA_SILVA\/65504\" target=\"_blank\"\">Source link <\/a><\/p>\n","protected":false},"excerpt":{"rendered":"<p>Vous aviez cru \u00e0 l\u2019existence des Amazones, \u00e9tonnant arch\u00e9type matriarcal\u00a0? Dans sa G\u00e9ographie des peuples fabuleux\u00a0(1), Olivier Philipponnat nous \u00f4te toute illusion\u2026 Et l\u2019on reste partag\u00e9 entre une petite rancune\u00a0(fin&hellip; <\/p>\n","protected":false},"author":1,"featured_media":5177,"comment_status":"open","ping_status":"open","sticky":false,"template":"","format":"standard","meta":{"footnotes":""},"categories":[1],"tags":[],"class_list":["post-5176","post","type-post","status-publish","format-standard","has-post-thumbnail","hentry","category-non-classe"],"_links":{"self":[{"href":"https:\/\/monde25.info\/index.php\/wp-json\/wp\/v2\/posts\/5176","targetHints":{"allow":["GET"]}}],"collection":[{"href":"https:\/\/monde25.info\/index.php\/wp-json\/wp\/v2\/posts"}],"about":[{"href":"https:\/\/monde25.info\/index.php\/wp-json\/wp\/v2\/types\/post"}],"author":[{"embeddable":true,"href":"https:\/\/monde25.info\/index.php\/wp-json\/wp\/v2\/users\/1"}],"replies":[{"embeddable":true,"href":"https:\/\/monde25.info\/index.php\/wp-json\/wp\/v2\/comments?post=5176"}],"version-history":[{"count":0,"href":"https:\/\/monde25.info\/index.php\/wp-json\/wp\/v2\/posts\/5176\/revisions"}],"wp:featuredmedia":[{"embeddable":true,"href":"https:\/\/monde25.info\/index.php\/wp-json\/wp\/v2\/media\/5177"}],"wp:attachment":[{"href":"https:\/\/monde25.info\/index.php\/wp-json\/wp\/v2\/media?parent=5176"}],"wp:term":[{"taxonomy":"category","embeddable":true,"href":"https:\/\/monde25.info\/index.php\/wp-json\/wp\/v2\/categories?post=5176"},{"taxonomy":"post_tag","embeddable":true,"href":"https:\/\/monde25.info\/index.php\/wp-json\/wp\/v2\/tags?post=5176"}],"curies":[{"name":"wp","href":"https:\/\/api.w.org\/{rel}","templated":true}]}}