{"id":5178,"date":"2025-03-25T16:12:38","date_gmt":"2025-03-25T15:12:38","guid":{"rendered":"https:\/\/monde25.info\/index.php\/2025\/03\/25\/une-fusee-delon-musk-a-cree-une-spirale-bleue-dans-le-ciel\/"},"modified":"2025-03-25T16:12:38","modified_gmt":"2025-03-25T15:12:38","slug":"une-fusee-delon-musk-a-cree-une-spirale-bleue-dans-le-ciel","status":"publish","type":"post","link":"https:\/\/monde25.info\/index.php\/2025\/03\/25\/une-fusee-delon-musk-a-cree-une-spirale-bleue-dans-le-ciel\/","title":{"rendered":"Une fus\u00e9e d\u2019Elon Musk a cr\u00e9\u00e9 une spirale bleue dans le ciel"},"content":{"rendered":"<p> <br \/>\n<\/p>\n<div style=\"position:relative;\">\n        <picture><source type=\"image\/webp\" srcset=\"https:\/\/reporterre.net\/local\/cache-vignettes\/L720xH480\/elonmetdesschtroumphsdanssesreacteurs-844e7.jpg@.webp?1742914867\"><img loading=\"lazy\" decoding=\"async\" src=\"https:\/\/reporterre.net\/local\/cache-vignettes\/L720xH480\/elonmetdesschtroumphsdanssesreacteurs-844e7.jpg?1742914867\" width=\"720\" height=\"480\" alt=\"Une fus\u00e9e d'Elon Musk a cr\u00e9\u00e9 une spirale bleue dans le ciel\" class=\"image_logo voir_logo\"\/><\/p>\n<p><\/source><\/picture>\n<p class=\"legende_logo\">La spirale bleue photographi\u00e9e depuis l&rsquo;Indre, le 24 mars 2025. <span class=\"copyright_logo\">&#8211; \u00a9 Lancelot Dst pour l&rsquo;Association M\u00e9t\u00e9o Centre &#8211; Val de Loire<\/span><\/p>\n<p class=\"legende_logo_480\">La spirale bleue photographi\u00e9e depuis l&rsquo;Indre, le 24 mars 2025. <span class=\"copyright_logo\">&#8211; \u00a9 Lancelot Dst pour l&rsquo;Association M\u00e9t\u00e9o Centre &#8211; Val de Loire<\/span><\/p>\n<\/p><\/div>\n<div>\n        <span class=\"date\">25 mars 2025  \u00e0 16h02<\/span><\/p>\n<p class=\"duree_lecture\">\n        Dur\u00e9e de lecture : 2 minutes\n      <\/p>\n<\/p><\/div>\n<div>\n<p>Une \u00e9trange spirale bleut\u00e9e a travers\u00e9 le ciel nocturne d\u2019une partie de l\u2019Europe, dont la France, lundi 24\u00a0mars, un peu apr\u00e8s 21\u00a0h. Des <a target=\"_blank\" href=\"https:\/\/bsky.app\/profile\/assometeocvdl.bsky.social\/post\/3ll5nilgrp22i\" class=\"spip_out\" rel=\"external\">photos impressionnantes ont rapidement circul\u00e9<\/a> en ligne, suscitant de nombreuses r\u00e9actions et commentaires. Le ph\u00e9nom\u00e8ne a \u00e9t\u00e9 caus\u00e9 par le largage de carburant de fus\u00e9e, comme <a target=\"_blank\" href=\"https:\/\/bsky.app\/profile\/ericlagadec.bsky.social\/post\/3ll5nvceqt22k\" class=\"spip_out\" rel=\"external\">l\u2019explique notamment l\u2019astrophysicien Eric Lagadec<\/a>.<\/p>\n<p>L\u2019\u00e9v\u00e8nement co\u00efncide avec le lancement de la fus\u00e9e Falcon\u00a09 de SpaceX, <a target=\"_blank\" href=\"https:\/\/www.nro.gov\/news-media-featured-stories\/news-media-press-releases\/Archived-Press-Releases\/Press-Release-Article\/Article\/4133173\/nro-and-us-space-force-partner-to-launch-nrol-69-mission\/\" class=\"spip_out\" rel=\"external\">pour la mission <span class=\"caps\">NROL<\/span>-69<\/a>. De mani\u00e8re classique, la fus\u00e9e a r\u00e9alis\u00e9 un d\u00e9gazage \u00e0 la fin de sa mission, c\u2019est-\u00e0-dire le relargage de son surplus de carburant. Celui-ci est compos\u00e9 d\u2019eau et de dioxyde de carbone.<\/p>\n<h2 class=\"spip\">Un ph\u00e9nom\u00e8ne qui pourrait se reproduire<\/h2>\n<p>Ce m\u00e9lange peut produire un \u00e9ph\u00e9m\u00e8re nuage qui, lorsque la trajectoire de la fus\u00e9e, la position de la Terre et celle du Soleil sont dans la bonne combinaison, peut entra\u00eener ce ph\u00e9nom\u00e8ne visuel. La dynamique du nuage lui donne sa forme spirale et l\u2019\u00e9clairage par le soleil lui conf\u00e8re cette teinte bleut\u00e9e, comme l\u2019<a target=\"_blank\" href=\"https:\/\/www.theguardian.com\/world\/2022\/jun\/20\/lights-spiral-new-zealand-night-sky-nz-blue-light-spirals\" class=\"spip_out\" rel=\"external\">expliquait en 2022 au journal <i>The Guardian<\/i> le physicien Richard Easther<\/a>, lorsque le m\u00eame ph\u00e9nom\u00e8ne avait \u00e9t\u00e9 observ\u00e9 en Australie.<\/p>\n<p>Le ph\u00e9nom\u00e8ne devrait \u00eatre de plus en plus r\u00e9current, les lancements de fus\u00e9e connaissant une croissance exponentielle. L\u2019ann\u00e9e 2024 a enregistr\u00e9 un total <a target=\"_blank\" href=\"https:\/\/www.francebleu.fr\/emissions\/toulouse-capitale-des-etoiles\/records-battus-pour-les-lancements-de-fusees-en-2024-2840399\" class=\"spip_out\" rel=\"external\">de 261\u00a0lancements orbitaux, un record<\/a>. SpaceX est largement leader de cette activit\u00e9, avec plus de la moiti\u00e9 des lancements mondiaux. L\u2019entreprise d\u2019Elon Musk ne devrait pas s\u2019arr\u00eater l\u00e0 puisqu\u2019elle continue de d\u00e9ployer l\u2019une des m\u00e9gaconstellations de satellites de t\u00e9l\u00e9communication, <a target=\"_blank\" href=\"https:\/\/reporterre.net\/Comment-les-constellations-de-satellites-nous-coupent-de-l-univers\">qui polluent dangereusement l\u2019orbite terrestre<\/a>.<\/p>\n<aside class=\"boite_encarts\">\n<div class=\"encart encart_gris noprint\">\n<p><strong>Puisque vous \u00eates l\u00e0&#8230;<\/strong><\/p>\n<p>&#8230; nous avons un petit service \u00e0 vous demander.<br class=\"autobr\"\/><br \/>\nEntre la pr\u00e9sence d\u2019un climatosceptique \u00e0 la t\u00eate de la premi\u00e8re puissance mondiale, un gouvernement fran\u00e7ais qui flirte avec l\u2019extr\u00eame-droite, et les catastrophes climatiques qui s\u2019enchainent&#8230; Faire vivre l\u2019\u00e9cologie dans le d\u00e9bat public est un enjeu crucial.<\/p>\n<p>Personne ne modifie ce que nous publions. Nous n\u2019avons ni actionnaire, ni propri\u00e9taire milliardaire \u2014 seulement une \u00e9quipe d\u2019irr\u00e9ductibles journalistes, pleine de d\u00e9termination.<\/p>\n<p>Nous avons la conviction que l\u2019urgence \u00e9cologique est l\u2019enjeu majeur de notre \u00e9poque. Et comme plus de 2 millions de lectrices et lecteurs chaque mois, vous partagez sans doute cette conviction&#8230;<\/p>\n<p><strong>Depuis 12 ans, nous publions des articles de qualit\u00e9 sur l\u2019\u00e9cologie, en acc\u00e8s libre et sans publicit\u00e9, pour tous.<\/strong><br class=\"autobr\"\/><br \/>\nMais ce travail demande beaucoup de temps et de ressources.<\/p>\n<p>Alors, si vous en avez les moyens, sachez qu\u2019un don, m\u00eame d\u20191\u20ac, est un acte de soutien fort pour l\u2019\u00e9cologie et le journalisme ind\u00e9pendant.<br class=\"autobr\"\/><br \/>\n(Et \u00e7a vous prendra moins de temps que la lecture de ce texte).<\/p>\n<p><strong>Si vous le pouvez, choisissez un soutien mensuel. Merci.<\/strong><\/p>\n<p><a target=\"_blank\" href=\"https:\/\/reporterre.net\/dons\" class=\"bt_soutenir\">Je soutiens <i>Reporterre<\/i><\/a><\/p>\n<\/p><\/div>\n<div class=\"encart encart_vert noprint montre_1023\">\n<div class=\"infolettre-form-container noprint\">\n<p>Abonnez-vous \u00e0 la lettre d\u2019info de Reporterre<\/p>\n<\/div><\/div>\n<\/aside>\n<aside class=\"boite_apresarticle encart_note\">\n<h4>Apr\u00e8s cet article<\/h4>\n<p>      <a target=\"_blank\" href=\"https:\/\/reporterre.net\/Comment-les-constellations-de-satellites-nous-coupent-de-l-univers\" class=\"lien_article\">\n      <picture class=\"vignette_gauche\"><source type=\"image\/webp\" srcset=\"https:\/\/reporterre.net\/local\/cache-vignettes\/L450xH300\/satellite-693204_1280_1_-4e295.jpg@.webp?1737372295\"><img decoding=\"async\" src=\"https:\/\/reporterre.net\/local\/cache-vignettes\/L450xH300\/satellite-693204_1280_1_-4e295.jpg?1737372295\" width=\"450\" height=\"300\" alt=\"\" class=\"marge12\" loading=\"lazy\"\/><br \/>\n<\/source><\/picture>\n<p class=\"libelle\">\n<p>      Pollutions\n    <\/p>\n<p class=\"titre pol20\">\u00c0 cause des satellites, le travail des astronomes devient impossible<\/p>\n<p>      <\/a><br \/>\n    <\/aside>\n<aside class=\"boite_complement texte\">\n<p>      <!-- zone_forum --><br \/>\n          <\/aside>\n<aside class=\"boite_lireaussi noprint\">\n<\/aside>\n<aside class=\"colonne\">\n<div class=\"article_info cache_1023 noprint\">\n        <span class=\"date\">25 mars 2025  \u00e0 16h02<\/span><\/p>\n<p class=\"duree_lecture\">\n        Dur\u00e9e de lecture : 2 minutes\n      <\/p>\n<\/p><\/div>\n<div class=\"bloc_infolettre\">\n<div class=\"infolettre-form-container noprint\">\n<p>Abonnez-vous \u00e0 la lettre d\u2019info de Reporterre<\/p>\n<\/div><\/div>\n<\/aside>\n<div id=\"galerie\">\n  <img decoding=\"async\" src=\"\" class=\"principale\" id=\"principale\"\/><\/p>\n<p id=\"legende\">legende<\/p>\n<\/div>\n<footer class=\"noprint\">\n<\/footer>\n<\/div>\n<p><br \/>\n<br \/><a href=\"https:\/\/reporterre.net\/Une-fusee-d-Elon-Musk-a-cree-une-spirale-bleue-dans-le-ciel\" target=\"_blank\"\">Source link <\/a><\/p>\n","protected":false},"excerpt":{"rendered":"<p>La spirale bleue photographi\u00e9e depuis l&rsquo;Indre, le 24 mars 2025. &#8211; \u00a9 Lancelot Dst pour l&rsquo;Association M\u00e9t\u00e9o Centre &#8211; Val de Loire La spirale bleue photographi\u00e9e depuis l&rsquo;Indre, le 24&hellip; <\/p>\n","protected":false},"author":1,"featured_media":5179,"comment_status":"open","ping_status":"open","sticky":false,"template":"","format":"standard","meta":{"footnotes":""},"categories":[1],"tags":[],"class_list":["post-5178","post","type-post","status-publish","format-standard","has-post-thumbnail","hentry","category-non-classe"],"_links":{"self":[{"href":"https:\/\/monde25.info\/index.php\/wp-json\/wp\/v2\/posts\/5178","targetHints":{"allow":["GET"]}}],"collection":[{"href":"https:\/\/monde25.info\/index.php\/wp-json\/wp\/v2\/posts"}],"about":[{"href":"https:\/\/monde25.info\/index.php\/wp-json\/wp\/v2\/types\/post"}],"author":[{"embeddable":true,"href":"https:\/\/monde25.info\/index.php\/wp-json\/wp\/v2\/users\/1"}],"replies":[{"embeddable":true,"href":"https:\/\/monde25.info\/index.php\/wp-json\/wp\/v2\/comments?post=5178"}],"version-history":[{"count":0,"href":"https:\/\/monde25.info\/index.php\/wp-json\/wp\/v2\/posts\/5178\/revisions"}],"wp:featuredmedia":[{"embeddable":true,"href":"https:\/\/monde25.info\/index.php\/wp-json\/wp\/v2\/media\/5179"}],"wp:attachment":[{"href":"https:\/\/monde25.info\/index.php\/wp-json\/wp\/v2\/media?parent=5178"}],"wp:term":[{"taxonomy":"category","embeddable":true,"href":"https:\/\/monde25.info\/index.php\/wp-json\/wp\/v2\/categories?post=5178"},{"taxonomy":"post_tag","embeddable":true,"href":"https:\/\/monde25.info\/index.php\/wp-json\/wp\/v2\/tags?post=5178"}],"curies":[{"name":"wp","href":"https:\/\/api.w.org\/{rel}","templated":true}]}}