{"id":518,"date":"2024-11-20T09:01:34","date_gmt":"2024-11-20T08:01:34","guid":{"rendered":"https:\/\/monde25.info\/index.php\/2024\/11\/20\/farceurs-sans-frontieres-par-pierre-rimbert-le-monde-diplomatique-juin-2023\/"},"modified":"2024-11-20T09:01:34","modified_gmt":"2024-11-20T08:01:34","slug":"farceurs-sans-frontieres-par-pierre-rimbert-le-monde-diplomatique-juin-2023","status":"publish","type":"post","link":"https:\/\/monde25.info\/index.php\/2024\/11\/20\/farceurs-sans-frontieres-par-pierre-rimbert-le-monde-diplomatique-juin-2023\/","title":{"rendered":"Farceurs sans fronti\u00e8res, par Pierre Rimbert (Le Monde diplomatique, juin 2023)"},"content":{"rendered":"<p> <br \/>\n<\/p>\n<div couleurfade=\"fde9e5\" couleurclaire=\"f5e7d5\" couleurpale=\"f3d0a4\" couleurmi=\"be2e0d\" couleurfoncee=\"8e220a\" couleursombre=\"2f0b03\" couleurfond=\"7b554c\" couleurtexte=\"ffffff\">\n<div class=\"spip_documents spip_documents_right\">\n\t\t\t\t\t\t\t<img decoding=\"async\" src=\"https:\/\/www.monde-diplomatique.fr\/\/squelettes\/images\/cavalier.png\" alt=\"\" width=\"250\" height=\"161px\"\/>\n\t\t\t\t\t\t<\/div>\n<p><span class=\"mot-lettrine\"><span class=\"lettrine\">E<\/span>nfin<\/span> une bonne nouvelle<small class=\"fine\">\u00a0<\/small>! Dans le dernier classement mondial de la libert\u00e9 de la presse\u00a02023, publi\u00e9 le 3\u00a0mai dernier par Reporters sans fronti\u00e8res (RSF), l\u2019Ukraine effectue un bond prodigieux de 27\u00a0places, passant de la 106e \u00e0 la 79e position sur 180\u00a0pays \u00e9tudi\u00e9s. <i>\u00ab<small class=\"fine\">\u00a0<\/small>Malgr\u00e9 la d\u00e9sorganisation des r\u00e9dactions et les difficult\u00e9s li\u00e9es \u00e0 la couverture d\u2019un pays en guerre, ainsi que des restrictions de reportage, en g\u00e9n\u00e9ral proportionn\u00e9es \u00e0 la situation, les journalistes b\u00e9n\u00e9ficient d\u2019une plus grande libert\u00e9,<\/i> explique l\u2019association. <i>La guerre et l\u2019esprit d\u2019union nationale ont r\u00e9duit l\u2019emprise des oligarques sur les m\u00e9dias et les pressions dues aux clivages.<small class=\"fine\">\u00a0<\/small>\u00bb<\/i><\/p>\n<p>Ce conte de f\u00e9es a \u00e9tonn\u00e9 l\u2019organisation am\u00e9ricaine Fairness and Accuracy in Reporting (FAIR). L\u2019observatoire critique des m\u00e9dias rappelle<span class=\"spip_note_ref\">\u00a0(<a target=\"_blank\" href=\"http:\/\/www.monde-diplomatique.fr\/2023\/06\/RIMBERT\/65824#nb1\" class=\"spip_note\" rel=\"appendix\" title=\"Bryce Greene, \u00ab\u00a0Ukraine\u2019s \u201cpress freedom\u201d score increases despite martial law,\u00a0(...)\" id=\"nh1\">1<\/a>)<\/span> que, le 29\u00a0d\u00e9cembre dernier, le pr\u00e9sident Volodymyr Zelensky a sign\u00e9 une nouvelle loi qui, sous toute autre latitude, aurait \u00e9pouvant\u00e9 RSF et fait d\u00e9visser le pays au classement. Le texte octroie en effet au Conseil national de t\u00e9l\u00e9vision et de radiodiffusion \u2014 l\u2019organe de r\u00e9gulation des m\u00e9dias ukrainien \u2014 le pouvoir de sanctionner d\u2019amende, de fermer, de r\u00e9voquer les licences sans jugement ou de bloquer n\u2019importe quel titre, antenne, m\u00e9dia social ou plate-forme. Or les autorit\u00e9s contr\u00f4lent \u00e9troitement ce conseil puisque M.\u00a0Zelensky en nomme quatre des huit membres et le Parlement quatre autres.<\/p>\n<p>Les deux principaux syndicats de journalistes ukrainiens combattent cette mesure. <i>\u00ab<small class=\"fine\">\u00a0<\/small>Par l\u2019interm\u00e9diaire des m\u00e9dias qu\u2019ils contr\u00f4lent, les responsables gouvernementaux ont lanc\u00e9 une campagne visant \u00e0 discr\u00e9diter ceux qui critiquent de mani\u00e8re constructive certains aspects de la loi<small class=\"fine\">\u00a0<\/small>\u00bb,<\/i> explique Serhiy Chtourkhetskyy, pr\u00e9sident du Syndicat des m\u00e9dias ind\u00e9pendants d\u2019Ukraine. <i>Cela nous fait craindre ce qui nous attend apr\u00e8s la mise en \u0153uvre compl\u00e8te du texte\u00a0: les membres du gouvernement assimileront ceux qui ne partagent pas leur vision \u00e0 des ennemis du pays ou \u00e0 des agents \u00e9trangers\u2026<small class=\"fine\">\u00a0<\/small>\u00bb<\/i> De son c\u00f4t\u00e9, la pr\u00e9sidente de la F\u00e9d\u00e9ration internationale des journalistes (FIJ) estime que <i>\u00ab<small class=\"fine\">\u00a0<\/small>la libert\u00e9 de la presse et le pluralisme sont menac\u00e9s en Ukraine par la nouvelle loi sur les m\u00e9dias<small class=\"fine\">\u00a0<\/small>\u00bb<\/i> (communiqu\u00e9, 17\u00a0janvier\u00a02023). RSF, elle, a <i>\u00ab<small class=\"fine\">\u00a0<\/small>salu\u00e9<small class=\"fine\">\u00a0<\/small>\u00bb<\/i> le texte au motif que certaines dispositions harmonisent la l\u00e9gislation audiovisuelle nationale avec les normes europ\u00e9ennes \u2014 une raison suffisante pour surclasser le pays sur l\u2019\u00e9chelle de la libert\u00e9. Discr\u00e8te sur le versant liberticide de la r\u00e9forme, l\u2019organisation pr\u00e9sid\u00e9e par Pierre Haski, chroniqueur de France Inter, estime que le gouvernement pourra <i>\u00ab<small class=\"fine\">\u00a0<\/small>compl\u00e9ter<small class=\"fine\">\u00a0<\/small>\u00bb<\/i> le dispositif une fois la guerre achev\u00e9e (communiqu\u00e9, 11\u00a0janvier\u00a02023).<\/p>\n<p>En attendant, les douze mille journalistes accr\u00e9dit\u00e9s par Kiev depuis le d\u00e9but du conflit relaient fid\u00e8lement les communiqu\u00e9s du r\u00e9gime qui <i>\u00ab<small class=\"fine\">\u00a0<\/small>se bat pour nos valeurs<small class=\"fine\">\u00a0<\/small>\u00bb.<\/i> T\u00e9moin, ce dialogue irr\u00e9el, en duplex, le 18\u00a0mai, entre la pr\u00e9sentatrice de Cable News Network (CNN) Brianna Keilar et l\u2019envoy\u00e9 sp\u00e9cial Sam Kiley\u00a0:<\/p>\n<p>\u2014\u00a0<i>L\u2019Ukraine a annonc\u00e9 avoir intercept\u00e9 vingt-neuf des trente missiles tir\u00e9s dans un bombardement nocturne sur l\u2019ensemble du pays.<\/i> (\u2026) <i>Sam, la Russie a affirm\u00e9 avoir frapp\u00e9 un d\u00e9p\u00f4t d\u2019armes ukrainien, est-ce bien vrai<small class=\"fine\">\u00a0<\/small>?<\/i><\/p>\n<p>\u2014\u00a0<i>C\u2019est possible<small class=\"fine\">\u00a0<\/small>; mais si tel \u00e9tait le cas, nous ne serions pas autoris\u00e9s \u00e0 le dire.<\/i><\/p>\n<p>Gageons que l\u2019ann\u00e9e prochaine l\u2019Ukraine talonnera les \u00c9tats-Unis, 45es dans le classement de RSF\u2026<\/p>\n<\/p><\/div>\n<p><br \/>\n<br \/><a href=\"https:\/\/www.monde-diplomatique.fr\/2023\/06\/RIMBERT\/65824\" target=\"_blank\"\">Source link <\/a><\/p>\n","protected":false},"excerpt":{"rendered":"<p>Enfin une bonne nouvelle\u00a0! Dans le dernier classement mondial de la libert\u00e9 de la presse\u00a02023, publi\u00e9 le 3\u00a0mai dernier par Reporters sans fronti\u00e8res (RSF), l\u2019Ukraine effectue un bond prodigieux de&hellip; <\/p>\n","protected":false},"author":1,"featured_media":519,"comment_status":"open","ping_status":"open","sticky":false,"template":"","format":"standard","meta":{"footnotes":""},"categories":[1],"tags":[],"class_list":["post-518","post","type-post","status-publish","format-standard","has-post-thumbnail","hentry","category-non-classe"],"_links":{"self":[{"href":"https:\/\/monde25.info\/index.php\/wp-json\/wp\/v2\/posts\/518","targetHints":{"allow":["GET"]}}],"collection":[{"href":"https:\/\/monde25.info\/index.php\/wp-json\/wp\/v2\/posts"}],"about":[{"href":"https:\/\/monde25.info\/index.php\/wp-json\/wp\/v2\/types\/post"}],"author":[{"embeddable":true,"href":"https:\/\/monde25.info\/index.php\/wp-json\/wp\/v2\/users\/1"}],"replies":[{"embeddable":true,"href":"https:\/\/monde25.info\/index.php\/wp-json\/wp\/v2\/comments?post=518"}],"version-history":[{"count":0,"href":"https:\/\/monde25.info\/index.php\/wp-json\/wp\/v2\/posts\/518\/revisions"}],"wp:featuredmedia":[{"embeddable":true,"href":"https:\/\/monde25.info\/index.php\/wp-json\/wp\/v2\/media\/519"}],"wp:attachment":[{"href":"https:\/\/monde25.info\/index.php\/wp-json\/wp\/v2\/media?parent=518"}],"wp:term":[{"taxonomy":"category","embeddable":true,"href":"https:\/\/monde25.info\/index.php\/wp-json\/wp\/v2\/categories?post=518"},{"taxonomy":"post_tag","embeddable":true,"href":"https:\/\/monde25.info\/index.php\/wp-json\/wp\/v2\/tags?post=518"}],"curies":[{"name":"wp","href":"https:\/\/api.w.org\/{rel}","templated":true}]}}