{"id":5180,"date":"2025-03-25T16:45:54","date_gmt":"2025-03-25T15:45:54","guid":{"rendered":"https:\/\/monde25.info\/index.php\/2025\/03\/25\/les-gros-sous-de-la-guerre\/"},"modified":"2025-03-25T16:45:54","modified_gmt":"2025-03-25T15:45:54","slug":"les-gros-sous-de-la-guerre","status":"publish","type":"post","link":"https:\/\/monde25.info\/index.php\/2025\/03\/25\/les-gros-sous-de-la-guerre\/","title":{"rendered":"Les gros sous de la guerre"},"content":{"rendered":"<p> <br \/>\n<\/p>\n<div>\n<p>par <strong>h16<\/strong><\/p>\n<p>La r\u00e9v\u00e9lation fut quelque peu soudaine mais elle a fulgur\u00e9 tout le gouvernement fran\u00e7ais et une partie des \u00e9lites europ\u00e9ennes d\u2019un coup brusque : pour faire des munitions, pour faire des canons et des avions, pour entra\u00eener des hommes et les pr\u00e9parer \u00e0 la guerre, il semble maintenant ind\u00e9niable qu\u2019il faille un sacr\u00e9 paquet de pognon.<\/p>\n<p>La stupeur pass\u00e9e, reconnaissons \u00e0 nos dirigeants une certaine alacrit\u00e9 dans leur r\u00e9ponse, quasi r\u00e9flexive, \u00e0 ce qu\u2019il convient alors de faire : de fortes sommes d\u2019argent public doivent donc \u00eatre mobilis\u00e9es, rapidement, afin de lancer au plus vite cette production indispensable d\u2019armes, de munitions et de formations pour les arm\u00e9es d\u2019Europe, \u2669 avant bien s\u00fbr \u266a d\u2019en faire une grande \u266b et belle Arm\u00e9e Europ\u00e9enne \u266c. Envoyez la fanfare, il faut que \u00e7a vibre !<\/p>\n<div class=\"wp-block-image\">\n<figure class=\"aligncenter size-full is-resized\"><a target=\"_blank\" href=\"https:\/\/i0.wp.com\/reseauinternational.net\/wp-content\/uploads\/2025\/03\/image-289.png?quality=100&amp;ssl=1\"><img data-recalc-dims=\"1\" decoding=\"async\" width=\"800\" height=\"396\" src=\"https:\/\/i0.wp.com\/reseauinternational.net\/wp-content\/uploads\/2025\/03\/image-289.png?resize=800%2C396&amp;quality=100&amp;ssl=1\" alt=\"\" class=\"wp-image-449410\" style=\"width:600px\" loading=\"lazy\" srcset=\"https:\/\/i0.wp.com\/reseauinternational.net\/wp-content\/uploads\/2025\/03\/image-289.png?w=800&amp;quality=100&amp;ssl=1 800w, https:\/\/i0.wp.com\/reseauinternational.net\/wp-content\/uploads\/2025\/03\/image-289.png?resize=300%2C149&amp;quality=100&amp;ssl=1 300w, https:\/\/i0.wp.com\/reseauinternational.net\/wp-content\/uploads\/2025\/03\/image-289.png?resize=768%2C380&amp;quality=100&amp;ssl=1 768w\" sizes=\"auto, (max-width: 800px) 100vw, 800px\"\/><\/a><\/figure>\n<\/div>\n<p>D\u00e8s lors, dans l\u2019appareil de l\u2019Union europ\u00e9enne, puisqu\u2019il faut trouver ces masses mon\u00e9taires impressionnantes, on s\u2019agite. On ne sait pas trop bien comment on va faire, mais la volont\u00e9 est l\u00e0, ou presque. Certains semblent absolument d\u00e9termin\u00e9s, d\u2019autres y r\u00e9fl\u00e9chissent fermement pendant que d\u2019autres, calmement, regardent les choses se coaguler doucement. En fait de belle unanimit\u00e9, on voit d\u00e9j\u00e0 des fissures et des h\u00e9sitations.<\/p>\n<p>Bref, les tentatives de bricolages se multiplient et ressemblent de plus en plus \u00e0 des contorsions grotesques et on nous vend (de fa\u00e7on assez p\u00e9nible) l\u2019id\u00e9e que les \u00c9tats membres europ\u00e9ens seraient capables de s\u2019entendre sur une nouvelle fourn\u00e9e de pr\u00eats pour des montants proprement pharaoniques. Ainsi, on \u00e9voque sans broncher un montant total estim\u00e9 \u00e0 650 milliards d\u2019euros (soit plusieurs fois le budget annuel de l\u2019Union, exclusivement orient\u00e9s vers la d\u00e9fense), tout en autorisant en surcro\u00eet 150 milliards d\u2019euros de pr\u00eats aux \u00c9tats membres avec une commode autorisation de d\u00e9passer la r\u00e8gle des \u00ab3% de PIB de d\u00e9ficits\u00bb pendant 4 ans.<\/p>\n<p>En pratique, cette entente ressemble une nouvelle fois \u00e0 <a target=\"_blank\" href=\"https:\/\/www.publicsenat.fr\/actualites\/international\/grand-emprunt-europeen-pour-la-defense-les-etats-membres-peuvent-ils-sentendre\" target=\"_blank\" rel=\"noopener\" title=\"\">un joli conte m\u00e9diatique<\/a> : si, sans surprise, la fr\u00e9tillante France d\u2019Emmanuel Macron est toujours partante pour claquer avec emphase l\u2019argent du contribuable europ\u00e9en sans regarder \u00e0 deux fois \u00e0 la d\u00e9pense en <a target=\"_blank\" href=\"https:\/\/www.20minutes.fr\/societe\/langue_francaise\/4043883-20230707-definition-vient-expression-yolo\" target=\"_blank\" rel=\"noopener\" title=\"\">mode YOLO<\/a>, il en va en revanche tr\u00e8s diff\u00e9remment de pays comme les Pays-Bas qui y sont compl\u00e8tement oppos\u00e9s.<\/p>\n<p>En outre, on se doute que l\u2019Allemagne ne sera probablement pas plus favorable : l\u2019id\u00e9e m\u00eame d\u2019euro-obligations vient directement heurter les trait\u00e9s et les m\u00e9thodes allemandes de gestion auxquels les Allemands ont clairement fait savoir qu\u2019ils sont rest\u00e9s tr\u00e8s attach\u00e9s. En outre, les Teutons n\u2019ont pas du tout envie de cr\u00e9er des d\u00e9ficits suppl\u00e9mentaires et ce d\u2019autant plus qu\u2019ils ont saccag\u00e9 leur outil industriel et commencent \u00e0 en prendre conscience.<\/p>\n<div class=\"wp-block-image\">\n<figure class=\"aligncenter is-resized\"><a target=\"_blank\" href=\"https:\/\/i0.wp.com\/h16free.com\/wp-content\/uploads\/2025\/03\/gifa-no-nein.gif?ssl=1\"><img data-recalc-dims=\"1\" decoding=\"async\" src=\"https:\/\/i0.wp.com\/h16free.com\/wp-content\/uploads\/2025\/03\/gifa-no-nein.gif?w=1090&amp;ssl=1\" alt=\"\" class=\"wp-image-80550\" style=\"width:316px;height:auto\" loading=\"lazy\"\/><\/a><\/figure>\n<\/div>\n<p>Surtout et de fa\u00e7on si visible que c\u2019en est vexant, l\u2019Allemagne n\u2019a pas du tout envie de \u00abmiser europ\u00e9en\u00bb car cela reviendrait essentiellement \u00e0 \u2026 miser fran\u00e7ais (notamment) alors qu\u2019elle a clairement confirm\u00e9 <a target=\"_blank\" href=\"https:\/\/www.lepoint.fr\/monde\/malgre-les-critiques-l-allemagne-maintient-sa-commande-d-avions-f-35-americains-21-03-2025-2585321_24.php\" target=\"_blank\" rel=\"noopener\" title=\"\">acheter am\u00e9ricain<\/a>.<\/p>\n<p>Autrement dit, cette histoire continue de n\u2019\u00eatre qu\u2019un effet d\u2019annonce, de l\u2019agitation m\u00e9diatique essentiellement propuls\u00e9e par une Von der Leyen qui a besoin d\u2019exister alors que l\u2019Am\u00e9rique de Trump lui a clairement fait comprendre qu\u2019elle \u00e9tait quantit\u00e9 n\u00e9gligeable, et par un Macron dont la l\u00e9gitimit\u00e9 chez lui est si mince qu\u2019il n\u2019a aucune autre voie politique \u00e0 sa disposition que de faire le k\u00e9k\u00e9 dans des sommets pompeux o\u00f9 l\u2019inutile s\u2019y dispute au grandiloquent.<\/p>\n<p>Ce qui est vrai au niveau europ\u00e9en l\u2019est aussi au niveau fran\u00e7ais, avec des m\u00e9canismes parfaitement transposables.<\/p>\n<p>Pour continuer \u00e0 jouer aux muscl\u00e9s dans la cour des grands, il faut consacrer pas mal d\u2019argent gratuit des autres et pour y parvenir, le gouvernement fran\u00e7ais \u00e9met donc l\u2019id\u00e9e d\u2019un super produit de placement croustillant pour rediriger l\u2019\u00e9pargne des Fran\u00e7ais vers la d\u00e9fense. Une id\u00e9e aurait pu \u00eatre de favoriser l\u2019actionnariat dans les soci\u00e9t\u00e9s sp\u00e9cialis\u00e9es, comme Dassault, Nexter, Safran, Thales, mais cette id\u00e9e est bien trop pragmatique est pas assez compatible avec Bercy pour \u00eatre seulement \u00e9mise.<\/p>\n<p>D\u00e8s lors, le clown communiste qui officie actuellement au poste de Ministre de l\u2019\u00c9conomie tente de mettre sur pied <a target=\"_blank\" href=\"https:\/\/www.bfmtv.com\/economie\/patrimoine\/placements-epargne\/tout-comprendre-comment-fonctionne-le-nouveau-produit-de-placement-pour-financer-la-defense_AV-202503210237.html\" target=\"_blank\" rel=\"noopener\" title=\"\">un produit de placement particuli\u00e8rement flou<\/a> : pour financer les d\u00e9penses militaires fran\u00e7aises, le gouvernement propose un placement sans rendement minimum, sans capital garanti et qui sera bloqu\u00e9 sur cinq ans.<\/p>\n<p>Si un tel montage financier \u00e9tait pr\u00e9sent\u00e9 par une soci\u00e9t\u00e9 priv\u00e9e, l\u2019Autorit\u00e9 des March\u00e9s Financiers la requalifierait assez rapidement en arnaque risqu\u00e9e.<\/p>\n<p>Bien s\u00fbr, ce sera un produit sans aucune obligation.<\/p>\n<div class=\"wp-block-image\">\n<figure class=\"aligncenter size-full is-resized\"><a target=\"_blank\" href=\"https:\/\/i0.wp.com\/reseauinternational.net\/wp-content\/uploads\/2025\/03\/image-290.png?quality=100&amp;ssl=1\"><img data-recalc-dims=\"1\" decoding=\"async\" width=\"996\" height=\"451\" src=\"https:\/\/i0.wp.com\/reseauinternational.net\/wp-content\/uploads\/2025\/03\/image-290.png?resize=996%2C451&amp;quality=100&amp;ssl=1\" alt=\"\" class=\"wp-image-449411\" style=\"width:600px\" loading=\"lazy\" srcset=\"https:\/\/i0.wp.com\/reseauinternational.net\/wp-content\/uploads\/2025\/03\/image-290.png?w=996&amp;quality=100&amp;ssl=1 996w, https:\/\/i0.wp.com\/reseauinternational.net\/wp-content\/uploads\/2025\/03\/image-290.png?resize=300%2C136&amp;quality=100&amp;ssl=1 300w, https:\/\/i0.wp.com\/reseauinternational.net\/wp-content\/uploads\/2025\/03\/image-290.png?resize=768%2C348&amp;quality=100&amp;ssl=1 768w, https:\/\/i0.wp.com\/reseauinternational.net\/wp-content\/uploads\/2025\/03\/image-290.png?resize=990%2C448&amp;quality=100&amp;ssl=1 990w\" sizes=\"auto, (max-width: 996px) 100vw, 996px\"\/><\/a><\/figure>\n<\/div>\n<p>Ici, on comprend bien que le produit dont il est question semble surtout d\u2019appeau \u00e0 pigeon dont le montant collect\u00e9 pourrait surtout servir \u00e0 colmater habilement un budget gouvernemental passablement trou\u00e9 et ce, alors que tous les indicateurs \u00e9conomiques du pays sont en train de tourner au rouge. En somme, l\u2019op\u00e9ration n\u2019a qu\u2019un rapport t\u00e9nu avec les vilainrusses et beaucoup plus avec le m\u00e9chanvirus pour lequel il fut d\u00e9pens\u00e9 quoi qu\u2019il en co\u00fbte.<\/p>\n<p>\u00c0 pr\u00e9sent, on n\u2019a plus rien dans les caisses et la capacit\u00e9 d\u2019emprunt et de roulement de la dette fran\u00e7aise est largement amoindrie pour ne pas dire \u00aba compl\u00e8tement disparu\u00bb. Le fait que les agences de notations <a target=\"_blank\" href=\"https:\/\/www.lefigaro.fr\/conjoncture\/dette-fitch-maintient-la-note-souveraine-de-la-france-20250314\" target=\"_blank\" rel=\"noopener\" title=\"\">h\u00e9sitent \u00e0 d\u00e9grader la note<\/a> de la dette souveraine fran\u00e7aise indique, plus qu\u2019une stabilit\u00e9 de l\u2019\u00e9conomie du pays, le risque \u00e9vident et bien ressenti par ces agences qu\u2019elles d\u00e9clencheraient une panique en le faisant. Elles avaient \u00e9t\u00e9 moins prudes il y a quelques ann\u00e9es, car il \u00e9tait encore possible, \u00e0 l\u2019\u00e9poque, d\u2019encaisser la mauvaise nouvelle. Ce n\u2019est plus le cas aujourd\u2019hui.<\/p>\n<div class=\"wp-block-image\">\n<figure class=\"aligncenter size-full is-resized\"><a target=\"_blank\" href=\"https:\/\/i0.wp.com\/reseauinternational.net\/wp-content\/uploads\/2025\/03\/image-291.png?quality=100&amp;ssl=1\"><img data-recalc-dims=\"1\" decoding=\"async\" width=\"700\" height=\"701\" src=\"https:\/\/i0.wp.com\/reseauinternational.net\/wp-content\/uploads\/2025\/03\/image-291.png?resize=700%2C701&amp;quality=100&amp;ssl=1\" alt=\"\" class=\"wp-image-449412\" style=\"width:450px\" loading=\"lazy\" srcset=\"https:\/\/i0.wp.com\/reseauinternational.net\/wp-content\/uploads\/2025\/03\/image-291.png?w=700&amp;quality=100&amp;ssl=1 700w, https:\/\/i0.wp.com\/reseauinternational.net\/wp-content\/uploads\/2025\/03\/image-291.png?resize=300%2C300&amp;quality=100&amp;ssl=1 300w, https:\/\/i0.wp.com\/reseauinternational.net\/wp-content\/uploads\/2025\/03\/image-291.png?resize=200%2C200&amp;quality=100&amp;ssl=1 200w, https:\/\/i0.wp.com\/reseauinternational.net\/wp-content\/uploads\/2025\/03\/image-291.png?resize=320%2C320&amp;quality=100&amp;ssl=1 320w\" sizes=\"auto, (max-width: 700px) 100vw, 700px\"\/><\/a><\/figure>\n<\/div>\n<p>En pratique, elles envoient un signal clair : la France est au maximum de ce qu\u2019elle peut faire avant d\u2019avoir une dette r\u00e9ellement consid\u00e9r\u00e9e comme non viable.<\/p>\n<p>Ce n\u2019est pas surprenant : le pays est devant une impasse de taille, et plusieurs contraintes s\u2019affrontent violemment.<\/p>\n<p>D\u2019une part, il y a bien s\u00fbr le besoin imp\u00e9rieux de relancer l\u2019industrie sur le territoire (et notamment celle de la d\u00e9fense, pas sp\u00e9cifiquement pour la menace russe, tr\u00e8s fantasm\u00e9e et assez irr\u00e9aliste, mais plus g\u00e9n\u00e9ralement parce qu\u2019on a trop longtemps rabot\u00e9 les budgets et repouss\u00e9 les d\u00e9cisions et les mises \u00e0 niveau de la d\u00e9fense fran\u00e7aise qui ne ressemble plus \u00e0 rien \u00e0 pr\u00e9sent). D\u2019autre part, on doit trouver des fonds rapidement pour camoufler la situation financi\u00e8re fran\u00e7aise catastrophique.<\/p>\n<p>Enfin, il reste le choix politique de ne surtout pas toucher au plus gros poste de l\u2019\u00c9tat, i.e. les retraites, seul montant dont un ajustement permettrait de d\u00e9gager imm\u00e9diatement des marges de man\u0153uvres suffisantes, et ce d\u2019autant plus qu\u2019aucune \u00e9conomie n\u2019est envisag\u00e9e dans aucun des minist\u00e8res, des agences et autres hautotorit\u00e9s pourtant pl\u00e9thoriques et dispendieuses de l\u2019\u00c9tat : l\u2019\u00e9lectorat de Macron ne le supporterait pas et, avec lui, tout l\u2019appareil politico-m\u00e9diatique.<\/p>\n<p>Malgr\u00e9 les beaux discours, malgr\u00e9 la cr\u00e2nerie effront\u00e9e des membres du gouvernement nous assurant qu\u2019ils ma\u00eetrisent et planifient tout, il est \u00e9vident que ces diff\u00e9rentes contraintes ne peuvent coexister toutes en m\u00eame temps.<\/p>\n<p>Eh oui : la r\u00e9alit\u00e9 est ce cr\u00e9pi rugueux sur lequel vient immanquablement se frotter avec force les fesses des idiots qui font n\u2019importe quoi. Or, il ne fait gu\u00e8re de doute que celles du gouvernement sont maintenant entr\u00e9es en contact avec ce cr\u00e9pi depuis plusieurs mois et les agitations de poulets sans t\u00eates que nous observons dans les m\u00e9dias ne masquent absolument pas le probl\u00e8me : <strong>la France est au bord du d\u00e9p\u00f4t de bilan<\/strong>.<\/p>\n<p>Les bricolages se multiplient, les gesticulations gouvernementales aussi, mais rien n\u2019y fera : ce pays est foutu.<\/p>\n<p>source : <a target=\"_blank\" href=\"https:\/\/h16free.com\/2025\/03\/24\/80530-les-gros-sous-de-la-guerre\" target=\"_blank\" rel=\"noopener\" title=\"\">Hashtable<\/a><\/p>\n<div class=\"sharedaddy sd-block sd-like jetpack-likes-widget-wrapper jetpack-likes-widget-unloaded\" id=\"like-post-wrapper-237719536-449384-67e2b622266b5\" data-src=\"https:\/\/widgets.wp.com\/likes\/?ver=14.2.1#blog_id=237719536&amp;post_id=449384&amp;origin=reseauinternational.net&amp;obj_id=237719536-449384-67e2b622266b5&amp;n=1\" data-name=\"like-post-frame-237719536-449384-67e2b622266b5\" data-title=\"Aimer ou rebloguer\">\n<h3 class=\"sd-title\">J\u2019aime \u00e7a\u00a0:<\/h3>\n<p><span class=\"button\"><span>J\u2019aime<\/span><\/span> <span class=\"loading\">chargement\u2026<\/span><\/p>\n<p><span class=\"sd-text-color\"\/><a target=\"_blank\" class=\"sd-link-color\"\/><\/div>\n<p><meta itemscope=\"\" itemprop=\"mainEntityOfPage\" itemtype=\"https:\/\/schema.org\/WebPage\" itemid=\"https:\/\/reseauinternational.net\/les-gros-sous-de-la-guerre\/\"\/><meta itemprop=\"headline\" content=\"Les gros sous de la guerre\"\/><span style=\"display: none;\" itemprop=\"author\" itemscope=\"\" itemtype=\"https:\/\/schema.org\/Person\"><meta itemprop=\"name\" content=\"R\u00e9seau International\"\/><\/span><span style=\"display: none;\" itemprop=\"image\" itemscope=\"\" itemtype=\"https:\/\/schema.org\/ImageObject\"><meta itemprop=\"url\" content=\"https:\/\/i0.wp.com\/reseauinternational.net\/wp-content\/uploads\/2025\/03\/Sans-titre-27-8.png?fit=800%2C467&amp;quality=100&amp;ssl=1\"\/><meta itemprop=\"width\" content=\"800\"\/><meta itemprop=\"height\" content=\"467\"\/><\/span><span style=\"display: none;\" itemprop=\"publisher\" itemscope=\"\" itemtype=\"https:\/\/schema.org\/Organization\"><span style=\"display: none;\" itemprop=\"logo\" itemscope=\"\" itemtype=\"https:\/\/schema.org\/ImageObject\"><meta itemprop=\"url\" content=\"https:\/\/reseauinternational.net\/wp-content\/uploads\/2022\/06\/Capture-de\u0301cran-2022-06-14-a\u0300-16.51.07.png\"\/><\/span><meta itemprop=\"name\" content=\"R\u00e9seau International\"\/><\/span><meta itemprop=\"datePublished\" content=\"2025-03-25T13:41:07+00:00\"\/><meta itemprop=\"dateModified\" content=\"2025-03-25T13:42:03+00:00\"\/><\/div>\n<p><br \/>\n<br \/><a href=\"https:\/\/reseauinternational.net\/les-gros-sous-de-la-guerre\/\" target=\"_blank\"\">Source link <\/a><\/p>\n","protected":false},"excerpt":{"rendered":"<p>par h16 La r\u00e9v\u00e9lation fut quelque peu soudaine mais elle a fulgur\u00e9 tout le gouvernement fran\u00e7ais et une partie des \u00e9lites europ\u00e9ennes d\u2019un coup brusque : pour faire des munitions,&hellip; <\/p>\n","protected":false},"author":1,"featured_media":5181,"comment_status":"open","ping_status":"open","sticky":false,"template":"","format":"standard","meta":{"footnotes":""},"categories":[1],"tags":[],"class_list":["post-5180","post","type-post","status-publish","format-standard","has-post-thumbnail","hentry","category-non-classe"],"_links":{"self":[{"href":"https:\/\/monde25.info\/index.php\/wp-json\/wp\/v2\/posts\/5180","targetHints":{"allow":["GET"]}}],"collection":[{"href":"https:\/\/monde25.info\/index.php\/wp-json\/wp\/v2\/posts"}],"about":[{"href":"https:\/\/monde25.info\/index.php\/wp-json\/wp\/v2\/types\/post"}],"author":[{"embeddable":true,"href":"https:\/\/monde25.info\/index.php\/wp-json\/wp\/v2\/users\/1"}],"replies":[{"embeddable":true,"href":"https:\/\/monde25.info\/index.php\/wp-json\/wp\/v2\/comments?post=5180"}],"version-history":[{"count":0,"href":"https:\/\/monde25.info\/index.php\/wp-json\/wp\/v2\/posts\/5180\/revisions"}],"wp:featuredmedia":[{"embeddable":true,"href":"https:\/\/monde25.info\/index.php\/wp-json\/wp\/v2\/media\/5181"}],"wp:attachment":[{"href":"https:\/\/monde25.info\/index.php\/wp-json\/wp\/v2\/media?parent=5180"}],"wp:term":[{"taxonomy":"category","embeddable":true,"href":"https:\/\/monde25.info\/index.php\/wp-json\/wp\/v2\/categories?post=5180"},{"taxonomy":"post_tag","embeddable":true,"href":"https:\/\/monde25.info\/index.php\/wp-json\/wp\/v2\/tags?post=5180"}],"curies":[{"name":"wp","href":"https:\/\/api.w.org\/{rel}","templated":true}]}}