{"id":5190,"date":"2025-03-25T19:33:23","date_gmt":"2025-03-25T18:33:23","guid":{"rendered":"https:\/\/monde25.info\/index.php\/2025\/03\/25\/la-gendarmerie-etait-folle-de-la-messe-elle-devra-pourtant-respecter-la-laicite-ce-qui-est-quand-meme-la-moindre-des-choses-pour-des-fonctionnaires-charges-de-faire-respecter-la-loi\/"},"modified":"2025-03-25T19:33:23","modified_gmt":"2025-03-25T18:33:23","slug":"la-gendarmerie-etait-folle-de-la-messe-elle-devra-pourtant-respecter-la-laicite-ce-qui-est-quand-meme-la-moindre-des-choses-pour-des-fonctionnaires-charges-de-faire-respecter-la-loi","status":"publish","type":"post","link":"https:\/\/monde25.info\/index.php\/2025\/03\/25\/la-gendarmerie-etait-folle-de-la-messe-elle-devra-pourtant-respecter-la-laicite-ce-qui-est-quand-meme-la-moindre-des-choses-pour-des-fonctionnaires-charges-de-faire-respecter-la-loi\/","title":{"rendered":"La Gendarmerie \u00e9tait folle de la messe\u00a0; elle devra pourtant respecter la la\u00efcit\u00e9, ce qui est quand m\u00eame la moindre des choses pour des fonctionnaires charg\u00e9s de faire respecter la loi"},"content":{"rendered":"<p> <br \/>\n<\/p>\n<div id=\"\">\n<p><strong>Victoire\u00a0:  la gendarmerie interdite de messe<br class=\"autobr\"\/><br \/>\n<\/strong><\/p>\n<p>Par un Bref du 18 mai 1962, le pape Jean XXIII a d\u00e9cr\u00e9t\u00e9 que Genevi\u00e8ve (420-502), consid\u00e9r\u00e9e comme vierge et sainte par l\u2019\u00c9glise romaine, prot\u00e8ge non seulement Paris, mais aussi les gendarmes. Depuis lors, les groupements de gendarmerie d\u00e9partementale ou mobile organisent chaque ann\u00e9e, fin novembre, des f\u00eates de tradition en l\u2019honneur de leur patronne comportant le plus souvent un office religieux auquel les militaires participent en uniforme et sur le temps de service. Le Dioc\u00e8se aux Arm\u00e9es propose m\u00eame une pri\u00e8re du gendarme qui s\u2019ach\u00e8ve ainsi\u00a0: \u00ab\u00a0Par l\u2019intercession de Sainte-Genevi\u00e8ve, \u00f4 Dieu, trois fois Saint \/ je t\u2019en supplie\u00a0: \/ soutiens mon service, ranime mon courage et fortifie ma foi.\u00a0\u00bb<\/p>\n<p>Saisi par la Libre Pens\u00e9e d\u2019un recours pour exc\u00e8s de pouvoir, le Tribunal administratif de Lyon a annul\u00e9, le 19 mars 2025, la d\u00e9cision du colonel commandant le groupement d\u00e9partemental de l\u2019Ard\u00e8che d\u2019organiser une journ\u00e9e de c\u00e9l\u00e9bration de Genevi\u00e8ve, le 30 novembre 2022, \u00ab\u00a0en tant qu\u2019elle comportait l\u2019organisation d\u2019un office religieux au sein d\u2019une \u00e9glise.\u00a0\u00bb Il l\u2019a jug\u00e9e ill\u00e9gale au regard de l\u2019article 1er de la Constitution du 4 octobre 1958 &#8211; \u00ab\u00a0La France est une R\u00e9publique indivisible, la\u00efque, d\u00e9mocratique et sociale. Elle assure l\u2019\u00e9galit\u00e9 devant la loi de tous les citoyens sans distinction d\u2019origine, de race ou de religion. Elle respecte toutes les croyances.\u00a0\u00bb &#8211; et, implicitement, de l\u2019article L. 4121-2 du Code de la d\u00e9fense &#8211; \u00ab\u00a0Les opinions ou croyances, notamment philosophiques, religieuses ou politiques, sont libres. Elles ne peuvent cependant \u00eatre exprim\u00e9es qu\u2019en dehors du service et avec la r\u00e9serve exig\u00e9e par l\u2019\u00e9tat militaire. Cette r\u00e8gle s\u2019applique \u00e0 tous les moyens d\u2019expression. Elle ne fait pas obstacle au libre exercice des cultes dans les enceintes militaires et \u00e0 bord des b\u00e2timents de la flotte\u00a0\u00bb.<\/p>\n<p>Certes, le Tribunal administratif de Lyon reconna\u00eet au chef des gendarmes le pouvoir d\u2019ordonner chaque ann\u00e9e en l\u2019honneur de \u00ab\u00a0Sainte-Genevi\u00e8ve\u00a0\u00bb un \u00e9v\u00e8nement dit de tradition, \u00e0 caract\u00e8re festif et \u00e0 finalit\u00e9 coh\u00e9sive, qui pr\u00e9sente plusieurs sens. Toutefois, il \u00e9met deux r\u00e9serves.<\/p>\n<p>En premier lieu, il consid\u00e8re que ce principe ne s\u2019applique pas \u00e0 l\u2019office religieux inscrit au programme\u00a0: \u00ab\u00a0[&#8230;] une messe c\u00e9l\u00e9br\u00e9e par deux repr\u00e9sentants du culte catholique au sein d\u2019une \u00e9glise situ\u00e9e hors de l\u2019enceinte militaire ne saurait, compte tenu de sa nature m\u00eame et de son caract\u00e8re indissociable de la religion catholique, constituer une c\u00e9l\u00e9bration susceptible de rev\u00eatir une pluralit\u00e9 de significations [&#8230;]\u00a0\u00bb.<\/p>\n<p>En second lieu, il estime que le commandement ne peut, \u00e0 cette occasion, \u00ab\u00a0[&#8230;] exprim [er] la reconnaissance d\u2019un culte et une pr\u00e9f\u00e9rence religieuse en m\u00e9connaissance du principe de la\u00efcit\u00e9 tel que garanti par l\u2019article 1er de la Constitution [&#8230;]\u00a0\u00bb. En l\u2019esp\u00e8ce, celles-ci r\u00e9sultaient clairement des modalit\u00e9s d\u2019organisation de la journ\u00e9e, consign\u00e9es dans une note de service du 29 novembre 2022\u00a0: \u00ab\u00a0pr\u00e9sence \u00e0 la messe\u00a0\u00bb\u00a0; port de la \u00ab\u00a0tenue n\u00b0\u00a011\u00a0\u00bb de c\u00e9r\u00e9monie\u00a0; r\u00e9servation par le commandement de bancs pour les autorit\u00e9s dans l\u2019\u00e9glise\u00a0; s\u00e9curisation de l\u2019office par des militaires de la gendarmerie en \u00ab\u00a0tenue de service courant\u00a0\u00bb.<\/p>\n<p>La Libre Pens\u00e9e se f\u00e9licite du jugement du Tribunal administratif de Lyon qui prot\u00e8ge la libert\u00e9 de conscience des citoyens et des gendarmes\u00a0: elle laisse ouverte la possibilit\u00e9 aux unit\u00e9s de gendarmerie de f\u00eater Genevi\u00e8ve une fois l\u2019an, ce que notre association n\u2019a d\u2019ailleurs jamais contest\u00e9, mais interdit, en application du principe de la\u00efcit\u00e9 et donc de neutralit\u00e9 de l\u2019\u00c9tat, d\u2019inclure dans ces journ\u00e9es dites de tradition un office religieux auquel participent les militaires en tenue et sur le temps de service.<\/p>\n<p>La Libre Pens\u00e9e invite toutes ses F\u00e9d\u00e9rations d\u00e9partementales \u00e0 faire largement conna\u00eetre ce jugement, en particulier aux \u00c9lus locaux et Pr\u00e9fets qui participent r\u00e9guli\u00e8rement es-qualit\u00e9 \u00e0 ces messes, et \u00e0 contester toute tentative d\u2019en organiser encore en 2025 dans le cadre du service et avec les moyens humains et mat\u00e9riels de la Gendarmerie.<\/p>\n<p>Une victoire qui en appelle d\u2019autres \u00e0 venir\u00a0!<\/p>\n<p>Paris, le 22 mars 2025<\/p>\n<\/div>\n<p><script async defer>(function(d, s, id) {\nvar js, fjs = d.getElementsByTagName(s)[0];\nif (d.getElementById(id)) return;\njs = d.createElement(s); js.id = id;\njs.src=\"https:\/\/connect.facebook.net\/fr_FR\/sdk.js#xfbml=1&version=v3.0\";\nfjs.parentNode.insertBefore(js, fjs);\n}(document, 'script', 'facebook-jssdk'));<\/script><br \/>\n<br \/><br \/>\n<br \/><a href=\"https:\/\/www.legrandsoir.info\/la-gendarmerie-etait-folle-de-la-messe-elle-devra-pourtant-respecter-la-laicite-ce-qui-est-quand-meme-la-moindre-des-choses.html\" target=\"_blank\"\">Source link <\/a><\/p>\n","protected":false},"excerpt":{"rendered":"<p>Victoire\u00a0: la gendarmerie interdite de messe Par un Bref du 18 mai 1962, le pape Jean XXIII a d\u00e9cr\u00e9t\u00e9 que Genevi\u00e8ve (420-502), consid\u00e9r\u00e9e comme vierge et sainte par l\u2019\u00c9glise romaine,&hellip; <\/p>\n","protected":false},"author":1,"featured_media":5191,"comment_status":"open","ping_status":"open","sticky":false,"template":"","format":"standard","meta":{"footnotes":""},"categories":[1],"tags":[],"class_list":["post-5190","post","type-post","status-publish","format-standard","has-post-thumbnail","hentry","category-non-classe"],"_links":{"self":[{"href":"https:\/\/monde25.info\/index.php\/wp-json\/wp\/v2\/posts\/5190","targetHints":{"allow":["GET"]}}],"collection":[{"href":"https:\/\/monde25.info\/index.php\/wp-json\/wp\/v2\/posts"}],"about":[{"href":"https:\/\/monde25.info\/index.php\/wp-json\/wp\/v2\/types\/post"}],"author":[{"embeddable":true,"href":"https:\/\/monde25.info\/index.php\/wp-json\/wp\/v2\/users\/1"}],"replies":[{"embeddable":true,"href":"https:\/\/monde25.info\/index.php\/wp-json\/wp\/v2\/comments?post=5190"}],"version-history":[{"count":0,"href":"https:\/\/monde25.info\/index.php\/wp-json\/wp\/v2\/posts\/5190\/revisions"}],"wp:featuredmedia":[{"embeddable":true,"href":"https:\/\/monde25.info\/index.php\/wp-json\/wp\/v2\/media\/5191"}],"wp:attachment":[{"href":"https:\/\/monde25.info\/index.php\/wp-json\/wp\/v2\/media?parent=5190"}],"wp:term":[{"taxonomy":"category","embeddable":true,"href":"https:\/\/monde25.info\/index.php\/wp-json\/wp\/v2\/categories?post=5190"},{"taxonomy":"post_tag","embeddable":true,"href":"https:\/\/monde25.info\/index.php\/wp-json\/wp\/v2\/tags?post=5190"}],"curies":[{"name":"wp","href":"https:\/\/api.w.org\/{rel}","templated":true}]}}