{"id":5192,"date":"2025-03-25T20:06:34","date_gmt":"2025-03-25T19:06:34","guid":{"rendered":"https:\/\/monde25.info\/index.php\/2025\/03\/25\/vers-un-bolsonarisme-sans-bolsonaro-par-anne-vigna-le-monde-diplomatique-fevrier-2023\/"},"modified":"2025-03-25T20:06:34","modified_gmt":"2025-03-25T19:06:34","slug":"vers-un-bolsonarisme-sans-bolsonaro-par-anne-vigna-le-monde-diplomatique-fevrier-2023","status":"publish","type":"post","link":"https:\/\/monde25.info\/index.php\/2025\/03\/25\/vers-un-bolsonarisme-sans-bolsonaro-par-anne-vigna-le-monde-diplomatique-fevrier-2023\/","title":{"rendered":"Vers un bolsonarisme sans Bolsonaro, par Anne Vigna (Le Monde diplomatique, f\u00e9vrier 2023)"},"content":{"rendered":"<p> <br \/>\n<\/p>\n<div>\n<p class=\"crayon article-surtitre-65493 surtitre\">Ce que r\u00e9v\u00e8le la tentative de putsch \u00e0 Bras\u00edlia<\/p>\n<div class=\"crayon article-chapo-65493 chapo\">\n<p>D\u00e9pourvus du soutien des m\u00e9dias, d\u2019une grande partie du patronat et des \u00e9lites politiques, les r\u00e9seaux de l\u2019ancien pr\u00e9sident br\u00e9silien Jair Bolsonaro ont tent\u00e9 un putsch le 8\u00a0janvier dernier. Sans doute esp\u00e9raient-ils un ralliement des militaires. En d\u00e9pit de son \u00e9chec, le courant politique incarn\u00e9 par l\u2019ancien pr\u00e9sident vient de d\u00e9montrer qu\u2019il n\u2019avait plus besoin de son meneur d\u2019hier pour exister.<\/p>\n<\/div><\/div>\n<div couleurfade=\"eeece5\" couleurclaire=\"ebe8df\" couleurpale=\"e7dbb0\" couleurmi=\"7c724f\" couleurfoncee=\"7c681c\" couleursombre=\"1f1c13\" couleurfond=\"5e5a4c\" couleurtexte=\"ffffff\">\n<div class=\"enapercu\">\n<figure class=\"spip_document_31012 spip_documents spip_documents_center xl\" style=\"width:890px;\">\n<div class=\"limage\">\n<p>\t\t\t<img loading=\"lazy\" decoding=\"async\" src=\"https:\/\/www.monde-diplomatique.fr\/\/local\/cache-vignettes\/L890xH533\/img017-49-7b024.jpg?1675175591\" width=\"890\" height=\"533\" class=\"spip_logos\" alt=\"JPEG - 78.7\u00a0ko\"\/><\/p><\/div><figcaption>\n<p>Julio Villani. \u2013 \u00ab<small class=\"fine\">\u00a0<\/small>Th\u00e9or\u00e8me de la d\u00e9mesure<small class=\"fine\">\u00a0<\/small>\u00bb, 2013<\/p>\n<p>\u00a9 ADAGP, Paris, 2023 &#8211; julio-villani.com &#8211; Galerie RX, Paris\n<\/p>\n<\/figcaption><\/figure>\n<p><span class=\"mot-lettrine\"><span class=\"lettrine\">S<\/span>ur<\/span> le parvis du Tribunal supr\u00eame f\u00e9d\u00e9ral (STF) \u00e0 Bras\u00edlia, un long drapeau br\u00e9silien de plus de cinquante m\u00e8tres de long a \u00e9t\u00e9 abandonn\u00e9, au milieu des bris de verre et des douilles de gaz lacrymog\u00e8nes. Alors que, ce mardi 10\u00a0janvier, la police scientifique \u00e9tait \u00e0 l\u2019\u0153uvre dans le b\u00e2timent pour relever les empreintes digitales, d\u2019autres enqu\u00eateurs interrogeaient le personnel de s\u00e9curit\u00e9 afin de reconstituer le d\u00e9roul\u00e9 des \u00e9v\u00e9nements du dimanche 8\u00a0janvier, lorsque des milliers de partisans de l\u2019ancien pr\u00e9sident br\u00e9silien Jair Bolsonaro ont pris d\u2019assaut les plus importantes institutions de la d\u00e9mocratie br\u00e9silienne.<\/p>\n<p>Des trois \u00e9difices de la place des Trois-Pouvoirs, le STF a \u00e9t\u00e9 le b\u00e2timent vandalis\u00e9 avec le plus de furie, selon les inspecteurs de police qui s\u2019expriment en off. Cette haine contre la plus haute cour de justice du pays, en charge \u00e9galement des \u00e9lections, \u00e9pouse celle manifest\u00e9e par M.\u00a0Bolsonaro. <i>\u00ab<small class=\"fine\">\u00a0<\/small>Le pr\u00e9sident sortant devrait faire l\u2019objet de poursuites pour incitation au coup d\u2019\u00c9tat et crimes contre la d\u00e9mocratie, deux crimes qui figurent dans le code p\u00e9nal<small class=\"fine\">\u00a0<\/small>\u00bb,<\/i> estime la professeure de droit Mar\u00eda Fern\u00e1ndez. Avant d\u2019ajouter que le m\u00eame sort devrait attendre <i>\u00ab<small class=\"fine\">\u00a0<\/small>tous les responsables politiques qui ont reproduit ses discours et ses menaces depuis quatre ans<small class=\"fine\">\u00a0<\/small>\u00bb.<\/i> Vendredi 13\u00a0janvier, le juge du STF Alexandre de Moraes a autoris\u00e9 le bureau du procureur g\u00e9n\u00e9ral\u00a0(PGR) \u00e0 enqu\u00eater sur l\u2019implication de l\u2019ancien pr\u00e9sident dans l\u2019insurrection survenue cinq jours plus t\u00f4t.<\/p>\n<h3 class=\"spip\">\u00ab<small class=\"fine\">\u00a0<\/small>Manifestation de la d\u00e9mocratie<small class=\"fine\">\u00a0<\/small>\u00bb<\/h3>\n<p>Depuis le d\u00e9but de l\u2019ann\u00e9e\u00a02020, M.\u00a0Bolsonaro menace les autres pouvoirs \u2014 ne pas respecter leurs d\u00e9cisions, lancer ses partisans contre eux\u2026\u00a0\u2014 en moyenne une fois tous les vingt-trois jours, selon une estimation du journal <i>O\u00a0Globo<\/i>, conservateur mais hostile \u00e0 M.\u00a0Bolsonaro. Avant que la justice n\u2019atteigne \u00e9ventuellement les auteurs intellectuels de cette tentative de putsch, 1\u00a0159\u00a0militants d\u2019extr\u00eame droite ont d\u00e9j\u00e0 \u00e9t\u00e9 \u00e9crou\u00e9s le 11\u00a0janvier dans deux prisons de la\u00a0(&#8230;)<\/p>\n<\/p><\/div>\n<p>Taille de l\u2019article complet\u00a0:\u00a0<span>4\u00a0486<\/span>\u00a0mots.<\/p>\n<div class=\"promo_dispo_article\">\n<h2 class=\"avantbloc\">\n\tCet article est r\u00e9serv\u00e9 aux\u00a0abonn\u00e9s<br \/>\n\t <br \/>\u00e0 notre offre\u00a0d&rsquo;archives<br \/>\n<\/h2>\n<div class=\"abo_inst\">\n\t<strong>Lyc\u00e9es, biblioth\u00e8ques, administrations, entreprises,<\/strong><br \/>\n\tacc\u00e9dez \u00e0 la base de donn\u00e9es en ligne de tous les articles du <i>Monde diplomatique<\/i> de 1954 \u00e0 nos\u00a0jours.<br \/>\n\t<a target=\"_blank\" id=\"pw-institutions\" class=\"suivi\" href=\"https:\/\/www.monde-diplomatique.fr\/archives\/institutions\">Retrouvez cette\u00a0offre sp\u00e9cifique<\/a>.\n<\/div>\n<\/div><\/div>\n<p><br \/>\n<br \/><a href=\"https:\/\/www.monde-diplomatique.fr\/2023\/02\/VIGNA\/65493\" target=\"_blank\"\">Source link <\/a><\/p>\n","protected":false},"excerpt":{"rendered":"<p>Ce que r\u00e9v\u00e8le la tentative de putsch \u00e0 Bras\u00edlia D\u00e9pourvus du soutien des m\u00e9dias, d\u2019une grande partie du patronat et des \u00e9lites politiques, les r\u00e9seaux de l\u2019ancien pr\u00e9sident br\u00e9silien Jair&hellip; <\/p>\n","protected":false},"author":1,"featured_media":5193,"comment_status":"open","ping_status":"open","sticky":false,"template":"","format":"standard","meta":{"footnotes":""},"categories":[1],"tags":[],"class_list":["post-5192","post","type-post","status-publish","format-standard","has-post-thumbnail","hentry","category-non-classe"],"_links":{"self":[{"href":"https:\/\/monde25.info\/index.php\/wp-json\/wp\/v2\/posts\/5192","targetHints":{"allow":["GET"]}}],"collection":[{"href":"https:\/\/monde25.info\/index.php\/wp-json\/wp\/v2\/posts"}],"about":[{"href":"https:\/\/monde25.info\/index.php\/wp-json\/wp\/v2\/types\/post"}],"author":[{"embeddable":true,"href":"https:\/\/monde25.info\/index.php\/wp-json\/wp\/v2\/users\/1"}],"replies":[{"embeddable":true,"href":"https:\/\/monde25.info\/index.php\/wp-json\/wp\/v2\/comments?post=5192"}],"version-history":[{"count":0,"href":"https:\/\/monde25.info\/index.php\/wp-json\/wp\/v2\/posts\/5192\/revisions"}],"wp:featuredmedia":[{"embeddable":true,"href":"https:\/\/monde25.info\/index.php\/wp-json\/wp\/v2\/media\/5193"}],"wp:attachment":[{"href":"https:\/\/monde25.info\/index.php\/wp-json\/wp\/v2\/media?parent=5192"}],"wp:term":[{"taxonomy":"category","embeddable":true,"href":"https:\/\/monde25.info\/index.php\/wp-json\/wp\/v2\/categories?post=5192"},{"taxonomy":"post_tag","embeddable":true,"href":"https:\/\/monde25.info\/index.php\/wp-json\/wp\/v2\/tags?post=5192"}],"curies":[{"name":"wp","href":"https:\/\/api.w.org\/{rel}","templated":true}]}}