{"id":5194,"date":"2025-03-25T20:39:33","date_gmt":"2025-03-25T19:39:33","guid":{"rendered":"https:\/\/monde25.info\/index.php\/2025\/03\/25\/on-ferme-la-porte-aux-jeunes-qui-veulent-se-former\/"},"modified":"2025-03-25T20:39:33","modified_gmt":"2025-03-25T19:39:33","slug":"on-ferme-la-porte-aux-jeunes-qui-veulent-se-former","status":"publish","type":"post","link":"https:\/\/monde25.info\/index.php\/2025\/03\/25\/on-ferme-la-porte-aux-jeunes-qui-veulent-se-former\/","title":{"rendered":"\u00ab\u00a0On ferme la porte aux jeunes qui veulent se former\u00a0\u00bb"},"content":{"rendered":"<p> <br \/>\n<\/p>\n<div>\n<p class=\"indication_lieu\">Toulouse (Haute-Garonne), reportage<\/p>\n<p><i>\u00ab<small class=\"fine d-inline\">\u00a0<\/small>Cela nous met en col\u00e8re.<small class=\"fine d-inline\">\u00a0<\/small>\u00bb<\/i> Dans le quartier Jolimont \u00e0 Toulouse, des drapeaux verts et rouges flottent devant l\u2019entr\u00e9e de la nouvelle cit\u00e9 administrative. Une vingtaine d\u2019enseignants en lyc\u00e9e agricole public, venus de toute la r\u00e9gion Occitanie, se sont donn\u00e9 rendez-vous le 25\u00a0mars pour protester contre les coupes budg\u00e9taires et la suppression de postes de titulaires dans leurs structures. Cette mobilisation s\u2019inscrit dans une journ\u00e9e d\u2019action nationale \u00e0 l\u2019initiative de l\u2019intersyndicale, compos\u00e9e notamment de la Snetap-<span class=\"caps\">FSU<\/span>, <span class=\"caps\">FO<\/span> Enseignement agricole, <span class=\"caps\">CGT<\/span> Agri et Sud Rural Territoires.<\/p>\n<p>Annonc\u00e9e dans la nouvelle loi de finances par la ministre de l\u2019Agriculture, Annie Genevard, cette coupe budg\u00e9taire de 18\u00a0millions d\u2019euros pourrait se traduire par la suppression de 45\u00a0postes dans l\u2019enseignement agricole public en France. <i>\u00ab<small class=\"fine d-inline\">\u00a0<\/small>Cela repr\u00e9sente 30\u00a0000 heures d\u2019enseignement en moins<\/i>, explique Olivier Gauti\u00e9, secr\u00e9taire g\u00e9n\u00e9ral adjoint du syndicat Snetap-<span class=\"caps\">FSU<\/span>. <i>Dans le m\u00eame temps, la nouvelle <a target=\"_blank\" href=\"https:\/\/reporterre.net\/Desastreuse-pour-la-biodiversite-la-loi-d-orientation-agricole-est-adoptee\">loi d\u2019orientation agricole<\/a> pr\u00e9voit d\u2019augmenter de 30<small class=\"fine d-inline\">\u00a0<\/small>% le nombre d\u2019apprenants d\u2019ici \u00e0 2030. Il y a un d\u00e9calage entre les discours et ce qui est d\u00e9cid\u00e9.<small class=\"fine d-inline\">\u00a0<\/small>\u00bb<\/i><\/p>\n<div class=\"spip_document_89722 spip_document spip_documents spip_document_image spip_documents_center spip_document_center spip_document_avec_legende\" data-legende-len=\"99\" data-legende-lenx=\"xx\">\n<figure class=\"spip_doc_inner\">\n      <picture><source type=\"image\/webp\" srcset=\"https:\/\/reporterre.net\/local\/cache-vignettes\/L1050xH700\/reporterre-aberlioz-2025-03-25-0005-4d29f.jpg@.webp?1742921030\"><img decoding=\"async\" src=\"https:\/\/reporterre.net\/IMG\/jpg\/reporterre-aberlioz-2025-03-25-0005.jpg\" width=\"1200\" height=\"800\" loading=\"lazy\" alt=\"\"\/><br \/>\n    <\/source><\/picture><figcaption class=\"spip_doc_legende\">\n<p>Olivier Gauti\u00e9, secr\u00e9taire g\u00e9n\u00e9ral adjoint du syndicat Snetap-<span class=\"caps\"><span class=\"caps\">FSU<\/span><\/span>.<br \/>\n<i>\u00a9 Antoine Berlioz \/ Reporterre<\/i><\/p>\n<\/figcaption><\/figure>\n<\/p><\/div>\n<p>La majorit\u00e9 de l\u2019enseignement agricole en France est assur\u00e9e par des structures priv\u00e9es. <a target=\"_blank\" href=\"https:\/\/chlorofil.fr\/fileadmin\/user_upload\/stats\/portrait-panorama\/portrait-2024.pdf\" class=\"spip_out\" rel=\"external\">66<small class=\"fine d-inline\">\u00a0<\/small>% des \u00e9l\u00e8ves<\/a>, \u00e9tudiants et apprentis suivent une formation agricole dans un \u00e9tablissement priv\u00e9, selon les chiffres du minist\u00e8re de l\u2019Agriculture. <i>\u00ab<small class=\"fine d-inline\">\u00a0<\/small>On remarque \u00e9galement un d\u00e9s\u00e9quilibre inqui\u00e9tant entre le priv\u00e9 et le public. En Occitanie, par exemple, seule 1\u00a0ouverture de classe a \u00e9t\u00e9 obtenue dans l\u2019enseignement public, contre 6\u00a0dans le priv\u00e9<small class=\"fine d-inline\">\u00a0<\/small>\u00bb<\/i>, note Olivier Gauti\u00e9.<\/p>\n<p>\u00c0 ses c\u00f4t\u00e9s, St\u00e9phanie Molinier, secr\u00e9taire r\u00e9gionale Snetap-<span class=\"caps\">FSU<\/span> et enseignante au lyc\u00e9e agricole de Villefranche-de-Rouergue, en Aveyron, d\u00e9nonce \u00e9galement ces coupes budg\u00e9taires\u00a0: <i>\u00ab<small class=\"fine d-inline\">\u00a0<\/small>C\u2019est une mesure id\u00e9ologique, puisqu\u2019au contraire, le minist\u00e8re de l\u2019Agriculture devrait soutenir la formation publique pour porter la bifurcation \u00e9cologique du secteur. Au lieu de cela, l\u2019\u00c9tat supprime des fili\u00e8res en agro\u00e9cologie, pr\u00e9carise les enseignants titulaires en ayant recours aux contractuels et met en p\u00e9ril des \u00e9tablissements publics. Il y a une demande de la part des jeunes pour se former dans ces secteurs, et on leur ferme la porte.<small class=\"fine d-inline\">\u00a0<\/small>\u00bb<\/i><\/p>\n<div class=\"spip_document_89721 spip_document spip_documents spip_document_image spip_documents_center spip_document_center spip_document_avec_legende\" data-legende-len=\"129\" data-legende-lenx=\"xxx\">\n<figure class=\"spip_doc_inner\">\n      <picture><source type=\"image\/webp\" srcset=\"https:\/\/reporterre.net\/local\/cache-vignettes\/L1050xH700\/reporterre-aberlioz-2025-03-25-0003-602ef.jpg@.webp?1742921031\"><img decoding=\"async\" src=\"https:\/\/reporterre.net\/IMG\/jpg\/reporterre-aberlioz-2025-03-25-0003.jpg\" width=\"1200\" height=\"800\" loading=\"lazy\" alt=\"\"\/><br \/>\n    <\/source><\/picture><figcaption class=\"spip_doc_legende\">\n<p>Les manifestants demandent l\u2019annulation des suppressions de postes et l\u2019augmentation des moyens.<br \/>\n<i>\u00a9 Antoine Berlioz \/ Reporterre<\/i><\/p>\n<\/figcaption><\/figure>\n<\/p><\/div>\n<h2 class=\"spip\">Le gouffre public\/priv\u00e9<\/h2>\n<p>Pour les enseignants pr\u00e9sents devant la cit\u00e9 administrative, la <i>\u00ab<small class=\"fine d-inline\">\u00a0<\/small>casse de l\u2019enseignement agricole public<small class=\"fine d-inline\">\u00a0<\/small>\u00bb<\/i> traduit une volont\u00e9 politique\u00a0: <i>\u00ab<small class=\"fine d-inline\">\u00a0<\/small>Celle de soutenir une agriculture industrielle et productiviste, dans la continuit\u00e9 de la nouvelle loi d\u2019orientation agricole<small class=\"fine d-inline\">\u00a0<\/small>\u00bb<\/i>, affirme Olivier Gauti\u00e9. Il pointe \u00e9galement du doigt <a target=\"_blank\" href=\"https:\/\/reporterre.net\/Annie-Genevard-a-l-agriculture-Elle-sera-le-passe-plat-de-la-FNSEA\">la proximit\u00e9<\/a> de la ministre de l\u2019Agriculture avec le secteur de l\u2019enseignement agricole priv\u00e9 et la <span class=\"caps\">FNSEA<\/span>, le syndicat agricole majoritaire en France.<\/p>\n<p><i>\u00ab<small class=\"fine d-inline\">\u00a0<\/small>On sent bien que la vision de l\u2019agriculture partag\u00e9e par la <span class=\"caps\">FNSEA<\/span> infuse dans le monde de l\u2019enseignement agricole. On l\u2019a vu r\u00e9cemment, notamment \u00e0 Meymac, o\u00f9 la diffusion d\u2019un film [sur le loup] a \u00e9t\u00e9 <a target=\"_blank\" href=\"https:\/\/www.francebleu.fr\/infos\/agriculture-peche\/meymac-la-fdsea-et-les-ja-ont-eu-raison-de-l-ecole-forestiere-de-meymac-qui-annule-la-projection-du-film-sur-le-loup-8951860\" class=\"spip_out\" rel=\"external\">annul\u00e9e apr\u00e8s des pressions du syndicat<\/a>.<small class=\"fine d-inline\">\u00a0<\/small>\u00bb<\/i><\/p>\n<div class=\"spip_document_89724 spip_document spip_documents spip_document_image spip_documents_center spip_document_center spip_document_avec_legende\" data-legende-len=\"173\" data-legende-lenx=\"xxx\">\n<figure class=\"spip_doc_inner\">\n      <picture><source type=\"image\/webp\" srcset=\"https:\/\/reporterre.net\/local\/cache-vignettes\/L1050xH700\/reporterre-aberlioz-2025-03-25-0009-7e5b5.jpg@.webp?1742921031\"><img decoding=\"async\" src=\"https:\/\/reporterre.net\/IMG\/jpg\/reporterre-aberlioz-2025-03-25-0009.jpg\" width=\"1200\" height=\"800\" loading=\"lazy\" alt=\"\"\/><br \/>\n    <\/source><\/picture><figcaption class=\"spip_doc_legende\">\n<p>\u00ab<small class=\"fine d-inline\">\u00a0<\/small><small class=\"fine d-inline\">\u00a0<\/small>Il faudrait ouvrir des classes plut\u00f4t que d\u2019en fermer<small class=\"fine d-inline\">\u00a0<\/small><small class=\"fine d-inline\">\u00a0<\/small>\u00bb, affirme St\u00e9phane Barnini, enseignant au lyc\u00e9e de Saint-Ch\u00e9ly-d\u2019Apcher, en Loz\u00e8re.<br \/>\n<i>\u00a9 Antoine Berlioz \/ Reporterre<\/i><\/p>\n<\/figcaption><\/figure>\n<\/p><\/div>\n<p>Enseignant au lyc\u00e9e de Saint-Ch\u00e9ly-d\u2019Apcher, en Loz\u00e8re, St\u00e9phane Barnini a \u00e9galement fait le d\u00e9placement avec son drapeau du syndicat Snetap-<span class=\"caps\">FSU<\/span>. Dans son lyc\u00e9e, le manque de moyens se fait d\u00e9j\u00e0 ressentir. <i>\u00ab<small class=\"fine d-inline\">\u00a0<\/small>On a fait notre derni\u00e8re rentr\u00e9e avec 37\u00a0\u00e9l\u00e8ves dans une classe de seconde. Ce n\u2019est pas possible d\u2019avoir un enseignement de qualit\u00e9 dans ces conditions, il faudrait ouvrir des classes plut\u00f4t que d\u2019en fermer<small class=\"fine d-inline\">\u00a0<\/small>\u00bb<\/i>, alerte l\u2019enseignant.<\/p>\n<p>Une situation loin d\u2019\u00eatre nouvelle, comme <a target=\"_blank\" href=\"https:\/\/www.senat.fr\/rap\/a24-149-32\/a24-149-324.html\" class=\"spip_out\" rel=\"external\">l\u2019a rappel\u00e9 fin 2024<\/a> la s\u00e9natrice socialiste de la Dr\u00f4me, Marie-Pierre Monier, lors de l\u2019examen de la loi de finances au S\u00e9nat\u00a0: <i>\u00ab<small class=\"fine d-inline\">\u00a0<\/small>316\u00a0emplois ont \u00e9t\u00e9 supprim\u00e9s entre 2017 et 2022\u00a0: cela repr\u00e9senterait environ 10\u00a0000 postes dans l\u2019\u00e9ducation nationale. [&#8230;] La situation financi\u00e8re des \u00e9tablissements se d\u00e9grade. Deux tiers des \u00e9tablissements publics locaux sont en difficult\u00e9<small class=\"fine d-inline\">\u00a0<\/small>\u00bb<\/i>, disait-elle.<\/p>\n<div class=\"spip_document_89723 spip_document spip_documents spip_document_image spip_documents_center spip_document_center spip_document_avec_legende\" data-legende-len=\"85\" data-legende-lenx=\"xx\">\n<figure class=\"spip_doc_inner\">\n      <picture><source type=\"image\/webp\" srcset=\"https:\/\/reporterre.net\/local\/cache-vignettes\/L1050xH700\/reporterre-aberlioz-2025-03-25-0007-c5348.jpg@.webp?1742921031\"><img decoding=\"async\" src=\"https:\/\/reporterre.net\/IMG\/jpg\/reporterre-aberlioz-2025-03-25-0007.jpg\" width=\"1200\" height=\"800\" loading=\"lazy\" alt=\"\"\/><br \/>\n    <\/source><\/picture><figcaption class=\"spip_doc_legende\">\n<p>St\u00e9phanie Molinier et Olivier Gauti\u00e9, du Snetap-<span class=\"caps\"><span class=\"caps\">FSU<\/span><\/span>.<br \/>\n<i>\u00a9 Antoine Berlioz \/ Reporterre<\/i><\/p>\n<\/figcaption><\/figure>\n<\/p><\/div>\n<p>Apr\u00e8s une audience accord\u00e9e par Olivier Rousset, directeur de la direction r\u00e9gionale de l\u2019alimentation, de l\u2019agriculture et de la for\u00eat (Draaf), l\u2019autorit\u00e9 acad\u00e9mique (\u00e9quivalent du rectorat) pour l\u2019enseignement agricole, les repr\u00e9sentants syndicaux assurent n\u2019avoir obtenu aucune r\u00e9ponse \u00e0 leurs revendications.<\/p>\n<p>Si le directeur reconna\u00eet un d\u00e9s\u00e9quilibre entre l\u2019enseignement agricole priv\u00e9 et public, aucun engagement n\u2019a \u00e9t\u00e9 pris, d\u00e9nonce Olivier Gauti\u00e9, secr\u00e9taire g\u00e9n\u00e9ral du syndicat Snetap-<span class=\"caps\">FSU<\/span>\u00a0: <i>\u00ab<small class=\"fine d-inline\">\u00a0<\/small>La mobilisation continue. On va essayer d\u2019interpeller directement la ministre de l\u2019Agriculture lors de ses d\u00e9placements.<small class=\"fine d-inline\">\u00a0<\/small>\u00bb<\/i><\/p>\n<aside class=\"boite_encarts\">\n<div class=\"encart encart_gris noprint\">\n<p><strong>Puisque vous \u00eates l\u00e0&#8230;<\/strong><\/p>\n<p>&#8230; nous avons un petit service \u00e0 vous demander.<br class=\"autobr\"\/><br \/>\nEntre la pr\u00e9sence d\u2019un climatosceptique \u00e0 la t\u00eate de la premi\u00e8re puissance mondiale, un gouvernement fran\u00e7ais qui flirte avec l\u2019extr\u00eame-droite, et les catastrophes climatiques qui s\u2019enchainent&#8230; Faire vivre l\u2019\u00e9cologie dans le d\u00e9bat public est un enjeu crucial.<\/p>\n<p>Personne ne modifie ce que nous publions. Nous n\u2019avons ni actionnaire, ni propri\u00e9taire milliardaire \u2014 seulement une \u00e9quipe d\u2019irr\u00e9ductibles journalistes, pleine de d\u00e9termination.<\/p>\n<p>Nous avons la conviction que l\u2019urgence \u00e9cologique est l\u2019enjeu majeur de notre \u00e9poque. Et comme plus de 2 millions de lectrices et lecteurs chaque mois, vous partagez sans doute cette conviction&#8230;<\/p>\n<p><strong>Depuis 12 ans, nous publions des articles de qualit\u00e9 sur l\u2019\u00e9cologie, en acc\u00e8s libre et sans publicit\u00e9, pour tous.<\/strong><br class=\"autobr\"\/><br \/>\nMais ce travail demande beaucoup de temps et de ressources.<\/p>\n<p>Alors, si vous en avez les moyens, sachez qu\u2019un don, m\u00eame d\u20191\u20ac, est un acte de soutien fort pour l\u2019\u00e9cologie et le journalisme ind\u00e9pendant.<br class=\"autobr\"\/><br \/>\n(Et \u00e7a vous prendra moins de temps que la lecture de ce texte).<\/p>\n<p><strong>Si vous le pouvez, choisissez un soutien mensuel. Merci.<\/strong><\/p>\n<p><a target=\"_blank\" href=\"https:\/\/reporterre.net\/dons\" class=\"bt_soutenir\">Je soutiens <i>Reporterre<\/i><\/a><\/p>\n<\/p><\/div>\n<div class=\"encart encart_vert noprint montre_1023\">\n<div class=\"infolettre-form-container noprint\">\n<p>Abonnez-vous \u00e0 la lettre d\u2019info de Reporterre<\/p>\n<\/div><\/div>\n<\/aside>\n<aside class=\"boite_apresarticle encart_note\">\n<h4>Apr\u00e8s cet article<\/h4>\n<p>      <a target=\"_blank\" href=\"https:\/\/reporterre.net\/L-enseignement-agricole-devrait-parler-de-l-agriculture-de-l-avenir-pas-du\" class=\"lien_article\">\n      <picture class=\"vignette_gauche\"><source type=\"image\/webp\" srcset=\"https:\/\/reporterre.net\/local\/cache-vignettes\/L444xH300\/arton11679-87ac9.jpg@.webp?1737376513\"><img decoding=\"async\" src=\"https:\/\/reporterre.net\/local\/cache-vignettes\/L444xH300\/arton11679-87ac9.jpg?1737376513\" width=\"444\" height=\"300\" alt=\"\" class=\"marge12\" loading=\"lazy\"\/><br \/>\n<\/source><\/picture>\n<p class=\"libelle\">\n<p>          Tribune \u2014<\/p>\n<p>      Agriculture\n    <\/p>\n<p class=\"titre pol20\">L\u2019enseignement agricole devrait parler de l\u2019agriculture de l\u2019avenir, pas du vieux productivisme<\/p>\n<p>      <\/a><br \/>\n    <\/aside>\n<aside class=\"boite_complement texte\">\n<p>      <!-- zone_forum --><br \/>\n          <\/aside>\n<aside class=\"boite_lireaussi noprint\">\n<\/aside>\n<aside class=\"colonne\">\n<div class=\"article_info cache_1023 noprint\">\n<p>    <span class=\"date\">25 mars 2025  \u00e0 18h03<\/span><\/p>\n<p class=\"duree_lecture\">\n        Dur\u00e9e de lecture : 4 minutes\n      <\/p>\n<\/p><\/div>\n<div class=\"bloc_infolettre\">\n<div class=\"infolettre-form-container noprint\">\n<p>Abonnez-vous \u00e0 la lettre d\u2019info de Reporterre<\/p>\n<\/div><\/div>\n<\/aside>\n<div id=\"galerie\">\n  <img decoding=\"async\" src=\"\" class=\"principale\" id=\"principale\"\/><\/p>\n<p id=\"legende\">legende<\/p>\n<\/div>\n<footer class=\"noprint\">\n<\/footer>\n<\/div>\n<p><br \/>\n<br \/><a href=\"https:\/\/reporterre.net\/Agroecologie-On-ferme-la-porte-aux-jeunes-qui-veulent-se-former\" target=\"_blank\"\">Source link <\/a><\/p>\n","protected":false},"excerpt":{"rendered":"<p>Toulouse (Haute-Garonne), reportage \u00ab\u00a0Cela nous met en col\u00e8re.\u00a0\u00bb Dans le quartier Jolimont \u00e0 Toulouse, des drapeaux verts et rouges flottent devant l\u2019entr\u00e9e de la nouvelle cit\u00e9 administrative. Une vingtaine d\u2019enseignants&hellip; <\/p>\n","protected":false},"author":1,"featured_media":5195,"comment_status":"open","ping_status":"open","sticky":false,"template":"","format":"standard","meta":{"footnotes":""},"categories":[1],"tags":[],"class_list":["post-5194","post","type-post","status-publish","format-standard","has-post-thumbnail","hentry","category-non-classe"],"_links":{"self":[{"href":"https:\/\/monde25.info\/index.php\/wp-json\/wp\/v2\/posts\/5194","targetHints":{"allow":["GET"]}}],"collection":[{"href":"https:\/\/monde25.info\/index.php\/wp-json\/wp\/v2\/posts"}],"about":[{"href":"https:\/\/monde25.info\/index.php\/wp-json\/wp\/v2\/types\/post"}],"author":[{"embeddable":true,"href":"https:\/\/monde25.info\/index.php\/wp-json\/wp\/v2\/users\/1"}],"replies":[{"embeddable":true,"href":"https:\/\/monde25.info\/index.php\/wp-json\/wp\/v2\/comments?post=5194"}],"version-history":[{"count":0,"href":"https:\/\/monde25.info\/index.php\/wp-json\/wp\/v2\/posts\/5194\/revisions"}],"wp:featuredmedia":[{"embeddable":true,"href":"https:\/\/monde25.info\/index.php\/wp-json\/wp\/v2\/media\/5195"}],"wp:attachment":[{"href":"https:\/\/monde25.info\/index.php\/wp-json\/wp\/v2\/media?parent=5194"}],"wp:term":[{"taxonomy":"category","embeddable":true,"href":"https:\/\/monde25.info\/index.php\/wp-json\/wp\/v2\/categories?post=5194"},{"taxonomy":"post_tag","embeddable":true,"href":"https:\/\/monde25.info\/index.php\/wp-json\/wp\/v2\/tags?post=5194"}],"curies":[{"name":"wp","href":"https:\/\/api.w.org\/{rel}","templated":true}]}}