{"id":520,"date":"2024-11-20T09:34:39","date_gmt":"2024-11-20T08:34:39","guid":{"rendered":"https:\/\/monde25.info\/index.php\/2024\/11\/20\/ses-folles-virees-de-la-cop29-a-angers\/"},"modified":"2024-11-20T09:34:39","modified_gmt":"2024-11-20T08:34:39","slug":"ses-folles-virees-de-la-cop29-a-angers","status":"publish","type":"post","link":"https:\/\/monde25.info\/index.php\/2024\/11\/20\/ses-folles-virees-de-la-cop29-a-angers\/","title":{"rendered":"ses folles vir\u00e9es de la COP29 \u00e0 Angers"},"content":{"rendered":"<p> <br \/>\n<\/p>\n<div>\n<p>Il peut dribbler ce qu\u2019il veut, sauf le <a target=\"_blank\" href=\"Qu-est-ce-que-le-rechauffement-climatique\">changement climatique<\/a>. Ronaldinho, l\u2019un des plus grands footballeurs de tous les temps, est l\u2019un des invit\u00e9s de marque de la <span class=\"caps\">COP29<\/span>, le <a target=\"_blank\" href=\"https:\/\/reporterre.net\/COP29-La-pire-premiere-semaine-de-l-histoire-des-COP\">sommet sur le climat<\/a> qui se d\u00e9roule en Azerba\u00efdjan jusqu\u2019au 22\u00a0novembre. L\u2019image aurait pu incarner une alliance puissante entre le sport et l\u2019\u00e9cologie. Mais l\u2019ancien prodige du Paris Saint-Germain (<span class=\"caps\">PSG<\/span>) et Ballon d\u2019Or 2005 n\u2019a pas foul\u00e9 le sol de Bakou, la capitale du pays h\u00f4te, pour soutenir les (maigres) avanc\u00e9es des n\u00e9gociations sur le climat. Durant la premi\u00e8re semaine du sommet, le Br\u00e9silien s\u2019est surtout distingu\u00e9 par son penchant immod\u00e9r\u00e9 pour les voyages en jet priv\u00e9.<\/p>\n<p>Entre Malte, Bakou et Angers, en trois jours, Ronaldinho a parcouru pr\u00e8s de 7\u00a0200\u00a0km dans un Embraer Legacy 650. Rejetant plus de 70\u00a0tonnes de <span class=\"caps\">CO<\/span><sub>2<\/sub> dans l\u2019atmosph\u00e8re. Soit trente-trois ans d\u2019\u00e9missions d\u2019un Br\u00e9silien moyen.<\/p>\n<p>Son Embraer Legacy 650 fait partie des 126 jets priv\u00e9s de grandes entreprises, gouvernements et personnalit\u00e9s qui ont converg\u00e9 \u00e0 Bakou pour la <span class=\"caps\">COP29<\/span>, \u00e9mettant environ 4\u00a0912\u00a0tonnes de <span class=\"caps\">CO<\/span><sub>2<\/sub>, selon <a target=\"_blank\" href=\"https:\/\/reporterre.net\/A-Bakou-le-trafic-de-jets-prives-explose-pendant-la-COP29\" class=\"spip_in\">une enqu\u00eate de <i>Reporterre<\/i> et M\u00e9moire vive<\/a>, un collectif d\u2019investigation sp\u00e9cialiste des donn\u00e9es librement accessibles. Ici, <i>Reporterre<\/i> et M\u00e9moire vive retracent le parcours carbon\u00e9 de <i>\u00ab<small class=\"fine d-inline\">\u00a0<\/small>Ronnie<small class=\"fine d-inline\">\u00a0<\/small>\u00bb<\/i>, en croisant ses apparitions publiques et les d\u00e9placements de son jet priv\u00e9 de location document\u00e9s par plusieurs vid\u00e9os.<\/p>\n<h2 class=\"spip\">Premi\u00e8re escale\u00a0: la promotion des jeux en ligne \u00e0 Malte<\/h2>\n<p>Rembobinons. Le 11\u00a0novembre, le m\u00e9dia Malta Daily <a target=\"_blank\" href=\"https:\/\/www.instagram.com\/reel\/DCPSTHAu_Xk\/\" class=\"spip_out\" rel=\"external\">diffuse une vid\u00e9o<\/a> de l\u2019arriv\u00e9e de Ronaldinho, de son vrai nom Ronaldo de Assis Moreira, lunettes de soleil, bandana et t-shirt noir, sur le tarmac de l\u2019a\u00e9roport international de Malte, situ\u00e9 \u00e0 Luqa, au centre de l\u2019\u00eele.<\/p>\n<p>Apr\u00e8s avoir visit\u00e9 en bateau trois villes maltaises \u2014 Vittoriosa, Senglea et Cospicua\u00a0\u2014, avec son fr\u00e8re Roberto de Assis Moreira, l\u2019ic\u00f4ne br\u00e9silienne se rend \u00e0 Sigma Europe, un \u00e9v\u00e9nement consacr\u00e9 au poker, o\u00f9 dix m\u00e9ga-yachts sont transform\u00e9s en stands. Il y joue, selon le m\u00e9dia <a target=\"_blank\" href=\"https:\/\/ohmymalta.com.mt\/2024\/11\/12\/football-icon-ronaldinho-touches-down-in-malta-for-sigma-europe\/\" class=\"spip_out\" rel=\"external\">Oh My Malta<\/a>, le r\u00f4le d\u2019ambassadeur pour Betify, une entreprise de jeux en ligne.<\/p>\n<p>Le lendemain, le 12\u00a0novembre, il monte pour la premi\u00e8re fois \u00e0 bord du jet Embraer Legacy 650, pour un vol de 3\u00a0h\u00a051 minutes, en direction de Bakou, en Azerba\u00efdjan. L\u2019appareil, affr\u00e9t\u00e9 par la compagnie VistaJet, est un palace volant\u00a0: bar, cuisine, salle de bain, \u00e9cran plasma, connexion Wi-Fi&#8230; Ce simple trajet est responsable, selon nos calculs, de l\u2019\u00e9quivalent de 28,6\u00a0tonnes <span class=\"caps\">CO<\/span><sub>2<\/sub>.<\/p>\n<div class=\"spip_document_86348 spip_document spip_documents spip_document_image spip_documents_center spip_document_center spip_document_avec_legende\" data-legende-len=\"100\" data-legende-lenx=\"xx\">\n<figure class=\"spip_doc_inner\">\n      <picture>\n<p>        <img decoding=\"async\" src=\"https:\/\/reporterre.net\/IMG\/jpg\/3-115.jpg\" width=\"500\" height=\"500\" loading=\"lazy\" alt=\"\"\/>\n    <\/picture><figcaption class=\"spip_doc_legende\">\n<p>Le trajet en jet priv\u00e9 de Ronaldinho de Malte \u00e0 Bakou\u00a0: environ 28,6 tonnes de <span class=\"caps\"><span class=\"caps\">CO<\/span><\/span><sub>2<\/sub>.<br \/>\n<i>\u00a9 M\u00e9moire vive<\/i><\/p>\n<\/figcaption><\/figure>\n<\/p><\/div>\n<h2 class=\"spip\">Deuxi\u00e8me escale\u00a0: la <span class=\"caps\">COP29<\/span> \u00e0 Bakou<\/h2>\n<p>Le 13\u00a0novembre, l\u2019ex-footballeur de 44 ans, t-shirt blanc et ensemble en velours monogramm\u00e9 d\u2019une marque dijonnaise, fait un passage remarqu\u00e9 \u00e0 la <span class=\"caps\">COP29<\/span>. Badge bleu autour du cou, il prend des photos, signe des autographes et se voit remettre un maillot de l\u2019\u00e9quipe nationale d\u2019Azerba\u00efdjan floqu\u00e9 \u00e0 son nom.<\/p>\n<p>Surtout, le champion du monde 2002 s\u2019affiche au c\u00f4t\u00e9 de Rovchan Nadjaf, pr\u00e9sident de la F\u00e9d\u00e9ration de football d\u2019Azerba\u00efdjan&#8230; et dirigeant de la State Oil Company of Azerbaijan Republic (Socar), la compagnie p\u00e9troli\u00e8re nationale.<\/p>\n<blockquote class=\"instagram-media\" data-instgrm-captioned=\"\" data-instgrm-permalink=\"https:\/\/www.instagram.com\/reel\/DCWiSS8ufhI\/?utm_source=ig_embed&amp;utm_campaign=loading\" data-instgrm-version=\"14\" style=\" background:#FFF; border:0; border-radius:3px; box-shadow:0 0 1px 0 rgba(0,0,0,0.5),0 1px 10px 0 rgba(0,0,0,0.15); margin: 1px; max-width:540px; min-width:326px; padding:0; width:99.375%; width:-webkit-calc(60% - 2px); width:calc(60% - 2px);\"\/>\n<p>Dans les rangs de la soci\u00e9t\u00e9 civile, cette visite suscite de l\u2019indignation. <i>\u00ab<small class=\"fine d-inline\">\u00a0<\/small>Ronaldinho est \u00e0 la <span class=\"caps\">COP29<\/span>, mais de quel c\u00f4t\u00e9 est-il<small class=\"fine d-inline\">\u00a0<\/small>? Soutient-il <a target=\"_blank\" href=\"https:\/\/reporterre.net\/La-COP29-parasitee-par-plus-de-1-770-lobbyistes-fossiles\">les lobbyistes fossiles<\/a> ou se bat-il pour un avenir \u00e9quitable<small class=\"fine d-inline\">\u00a0<\/small>? Nous avons besoin de champions qui d\u00e9fendent les gens et la plan\u00e8te, pas les pollueurs<small class=\"fine d-inline\">\u00a0<\/small>\u00bb<\/i>, <a target=\"_blank\" href=\"https:\/\/www.facebook.com\/photo.php?fbid=999145835586132&amp;set=a.295067465993976&amp;type=3&amp;mibextid=WC7FNe&amp;rdid=Al35TQAyFb8WdBXS&amp;share_url=https%3A%2F%2\" class=\"spip_out\" rel=\"external\">r\u00e9agit Greenpeace Africa<\/a>.<\/p>\n<p>Pour Jean-Baptiste Gu\u00e9gan, sp\u00e9cialiste en g\u00e9opolitique du sport, la pr\u00e9sence de Ronaldinho \u00e0 la <span class=\"caps\">COP29<\/span> vise avant tout \u00e0 apporter de la visibilit\u00e9 au pays h\u00f4te, l\u2019Azerba\u00efdjan\u00a0: <i>\u00ab<small class=\"fine d-inline\">\u00a0<\/small>On utilise son image et son aura internationale pour d\u00e9tourner l\u2019attention du <a target=\"_blank\" href=\"https:\/\/reporterre.net\/COP29-La-pire-premiere-semaine-de-l-histoire-des-COP\">manque d\u2019avanc\u00e9es concr\u00e8tes<\/a> lors du sommet. C\u2019est une forme de \u201csport washing\u201d au second degr\u00e9\u00a0: on ne cherche pas \u00e0 effacer la r\u00e9flexion, mais \u00e0 cr\u00e9er une diversion glamour. Cela adoucit l\u2019image <a target=\"_blank\" href=\"https:\/\/reporterre.net\/Prison-et-faux-proces-avant-la-COP29-l-Azerbaidjan-fait-taire-ses-ecologistes\">d\u2019une <span class=\"caps\">COP<\/span> tr\u00e8s d\u00e9cri\u00e9e<\/a> et d\u00e9tourne sa notori\u00e9t\u00e9 sportive au profit de strat\u00e9gies politiques.<small class=\"fine d-inline\">\u00a0<\/small>\u00bb<\/i><\/p>\n<p>En partant, l\u2019ancien footballeur laisse entendre qu\u2019il sera pr\u00e9sent en 2025, \u00e0 domicile, lors de la <span class=\"caps\">COP30<\/span> qui se tiendra \u00e0 Bel\u00e9m\u00a0: <i>\u00ab<small class=\"fine d-inline\">\u00a0<\/small>Nos vemos no pr\u00f3ximo ano no Brasil<small class=\"fine d-inline\">\u00a0<\/small>!<small class=\"fine d-inline\">\u00a0<\/small>\u00bb<\/i> (<i>\u00ab<small class=\"fine d-inline\">\u00a0<\/small>Rendez-vous l\u2019ann\u00e9e prochaine au Br\u00e9sil<small class=\"fine d-inline\">\u00a0<\/small>!)<small class=\"fine d-inline\">\u00a0<\/small>\u00bb<\/i> \u00e9crit-il sur ses r\u00e9seaux sociaux.<\/p>\n<h2 class=\"spip\">Troisi\u00e8me escale\u00a0: le match de gala \u00e0 Angers<\/h2>\n<p>Le 14\u00a0novembre, Ronaldinho prend la direction de la France. Apr\u00e8s un vol de 5\u00a0h\u00a012 vers l\u2019a\u00e9roport du Bourget, pr\u00e8s de Paris, l\u2019Embraer Legacy 650 atterrit \u00e0 Angers \u00e0 21\u00a0h\u00a043. <i>\u00ab<small class=\"fine d-inline\">\u00a0<\/small>On n\u2019aurait jamais pens\u00e9 \u00e9crire \u00e7a un jour mais\u2026 Ronaldinho est \u00e0 Angers<small class=\"fine d-inline\">\u00a0<\/small>\u00bb<\/i>, <a target=\"_blank\" href=\"https:\/\/x.com\/AngersSCO\/status\/1857187985936335116?ref_src=twsrc%5Etfw%7Ctwcamp%5Etweetembed%7Ctwterm%5E1857187985936335116%7Ctwgr%5E%7Ctwcon%5Es1_&amp;ref_url=\" class=\"spip_out\" rel=\"external\">tweete<\/a> le club local, le <span class=\"caps\">SCO<\/span> d\u2019Angers. Co\u00fbt des deux vols\u00a0: pr\u00e8s de 42,6\u00a0tonnes d\u2019\u00e9missions de <span class=\"caps\">CO<\/span><sub>2<\/sub>.<\/p>\n<div class=\"spip_document_86360 spip_document spip_documents spip_document_image spip_documents_center spip_document_center spip_document_avec_legende\" data-legende-len=\"116\" data-legende-lenx=\"xx\">\n<figure class=\"spip_doc_inner\">\n      <picture><source type=\"image\/webp\" srcset=\"https:\/\/reporterre.net\/local\/cache-vignettes\/L1050xH518\/copie_de_copie_de_serie_nuisibles-a726f.jpg@.webp?1732024670\"><img decoding=\"async\" src=\"https:\/\/reporterre.net\/IMG\/jpg\/copie_de_copie_de_serie_nuisibles.jpg\" width=\"1200\" height=\"592\" loading=\"lazy\" alt=\"\"\/><br \/>\n    <\/source><\/picture><figcaption class=\"spip_doc_legende\">\n<p>En quittant Bakou pour rejoindre Paris puis Angers, le jet priv\u00e9 a \u00e9mis pr\u00e8s de 42,6 tonnes de <span class=\"caps\"><span class=\"caps\">CO<\/span><\/span><sub>2<\/sub>.<br \/>\n<i>\u00a9 M\u00e9moire vive<\/i><\/p>\n<\/figcaption><\/figure>\n<\/p><\/div>\n<p>En Anjou, le lendemain, <i>\u00ab<small class=\"fine d-inline\">\u00a0<\/small>Ronnie<small class=\"fine d-inline\">\u00a0<\/small>\u00bb<\/i> est la t\u00eate de gondole d\u2019un match d\u2019exhibition disput\u00e9 au stade Raymond-Kopa avec d\u2019autres l\u00e9gendes du ballon rond. Il arrive au stade discr\u00e8tement, \u00e0 45\u00a0minutes du coup d\u2019envoi. Ce match de gala entre les s\u00e9lections d\u2019anciennes gloires fran\u00e7aises et br\u00e9siliennes attire 10 000 spectateurs, pour des places allant de 15 \u00e0 35 euros. <a target=\"_blank\" href=\"https:\/\/www.lequipe.fr\/Football\/Article\/De-la-cop-29-en-azerbaidjan-a-angers-le-drole-de-numero-de-ronaldinho\/1520616\" class=\"spip_out\" rel=\"external\">Selon nos confr\u00e8res de <i>L\u2019\u00c9quipe<\/i><\/a>, l\u2019\u00e9v\u00e9nement se pr\u00e9sente comme un match de charit\u00e9 organis\u00e9 par l\u2019entreprise de divertissement Jogo dos Famosos, cens\u00e9e reverser une partie des b\u00e9n\u00e9fices \u00e0 des projets caritatifs soutenus par Ronaldinho, mais son organisation floue laisse des doutes sur la destination des recettes. L\u2019organisateur n\u2019a pas r\u00e9pondu aux questions de <i>L\u2019\u00c9quipe<\/i> sur ce point.<\/p>\n<p>Sur le terrain, tout va bien pour Ronaldinho. Comme souvent. Il marque deux buts pour la s\u00e9lection br\u00e9silienne, vainqueur 5-4 face \u00e0 la formation tricolore compos\u00e9e d\u2019anciens footballeurs fran\u00e7ais et de c\u00e9l\u00e9brit\u00e9s, et gratifie le public de quelques gestes techniques \u2014 dont un sacr\u00e9 petit pont (le fait de passer le ballon entre les jambes d\u2019un adversaire) sur un youtubeur fran\u00e7ais. Un spectateur entre m\u00eame sur la pelouse pour qu\u2019il lui signe un autographe sur son maillot.<\/p>\n<blockquote class=\"twitter-tweet\" data-media-max-width=\"560\">\n<p lang=\"fr\" dir=\"ltr\"><span class=\"caps\">PTDRRR<\/span> Ronaldinho m\u2019a humili\u00e9 fr\u00e8re<\/p>\n<p>Et vous \u00e7a va sinon<small class=\"fine d-inline\">\u00a0<\/small>? <a target=\"_blank\" href=\"https:\/\/t.co\/IwRMPWCg46\">pic.twitter.com\/IwRMPWCg46<\/a><\/p>\n<p>\u2014 Today It\u2019s Football (@todayitsfoot) <a target=\"_blank\" href=\"https:\/\/twitter.com\/todayitsfoot\/status\/1857735033282318597?ref_src=twsrc%5Etfw\">November 16, 2024<\/a><\/p>\n<\/blockquote>\n<h2 class=\"spip\">La \u00ab<small class=\"fine d-inline\">\u00a0<\/small>face cach\u00e9e<small class=\"fine d-inline\">\u00a0<\/small>\u00bb de Ronaldinho<\/h2>\n<p>Dans le week-end du 16 et 17\u00a0novembre, le champion du monde de 2002 <a target=\"_blank\" href=\"https:\/\/www.instagram.com\/p\/DCezVcIucpq\/\" class=\"spip_out\" rel=\"external\">s\u2019affiche ensuite avec un verre de vin \u00e0 Paris<\/a> \u2014 <i>\u00ab<small class=\"fine d-inline\">\u00a0<\/small>La fra\u00eecheur de Paris appelle \u00e0 un peu de vin, non<small class=\"fine d-inline\">\u00a0<\/small>?<small class=\"fine d-inline\">\u00a0<\/small>\u00bb<\/i> commente-t-il \u2014 sans que l\u2019Embraer Legacy 650 ne l\u2019y est d\u00e9pos\u00e9. L\u2019image remontait-elle \u00e0 son escale au Bourget, ou s\u2019y est-il rendu avec un autre moyen de transport<small class=\"fine d-inline\">\u00a0<\/small>? Notre enqu\u00eate n\u2019a pas pu le d\u00e9terminer.<\/p>\n<p>Depuis sa fin de sa carri\u00e8re en 2015, Ronaldinho a en tout cas multipli\u00e9 les apparitions sur des sujets vari\u00e9s, de la politique \u00e0 des projets controvers\u00e9s. En 2018, il a officiellement soutenu la candidature de Jair Bolsonaro, le pr\u00e9sident d\u2019extr\u00eame droite du Br\u00e9sil, arborant un maillot avec le num\u00e9ro de code de Bolsonaro pour l\u2019\u00e9lection. <i>\u00ab<small class=\"fine d-inline\">\u00a0<\/small>Pour un Br\u00e9sil meilleur, je d\u00e9sire la paix, la s\u00e9curit\u00e9 et quelqu\u2019un qui nous redonne de la joie<small class=\"fine d-inline\">\u00a0<\/small>\u00bb<\/i>, <a target=\"_blank\" href=\"https:\/\/www.lemonde.fr\/m-actu\/article\/2018\/10\/26\/juninho-et-ronaldinho-les-ex-stars-du-football-s-opposent-sur-bolsonaro_5375212_4497186.html\" class=\"spip_out\" rel=\"external\">d\u00e9clarait alors<\/a> le footballeur, proche des milieux \u00e9vang\u00e9liques conservateurs.<\/p>\n<p>En 2020, Ronaldinho et son fr\u00e8re ont \u00e9galement <a target=\"_blank\" href=\"https:\/\/www.france24.com\/fr\/20200824-paraguay-ronaldinho-lib%C3%A9r%C3%A9-apr%C3%A8s-plus-de-cinq-mois-de-d%C3%A9tention-pour-faux-passeport\" class=\"spip_out\" rel=\"external\">\u00e9t\u00e9 emprisonn\u00e9s au Paraguay<\/a> pour avoir tent\u00e9 d\u2019entrer dans le pays avec de faux passeports. Le Br\u00e9silien a pass\u00e9 pr\u00e8s de six mois en d\u00e9tention avant d\u2019\u00eatre lib\u00e9r\u00e9. Il est aujourd\u2019hui l\u2019ambassadeur de <a target=\"_blank\" href=\"https:\/\/reporterre.net\/Plus-d-equipes-plus-d-avions-la-Coupe-du-monde-2026-sera-encore-climaticide\">la Coupe du monde 2026<\/a>, qui se d\u00e9roulera \u00e0 la fois aux \u00c9tats-Unis, au Canada et au Mexique. De belles promesses de records d\u2019\u00e9missions de <span class=\"caps\">CO<\/span><sub>2<\/sub><small class=\"fine d-inline\">\u00a0<\/small>!<\/p>\n<hr class=\"spip\"\/>\n<h2 class=\"spip\"\/>\n<p class=\"indication_lieu\">Les vols en jet priv\u00e9 ont bondi de 28<small class=\"fine d-inline\">\u00a0<\/small>%<\/p>\n<p>Les \u00e9missions des jets priv\u00e9s, 50 fois sup\u00e9rieures \u00e0 celles des trains et 14\u00a0fois plus polluantes que les avions commerciaux, ne cessent d\u2019augmenter. Selon une \u00e9tude r\u00e9cente publi\u00e9e dans <a target=\"_blank\" href=\"https:\/\/www.nature.com\/articles\/s43247-024-01775-z\" class=\"spip_out\" rel=\"external\"><i>Communications Earth &amp; Environment<\/i><\/a>, les vols en jet ont \u00e9mis 15,6 millions de tonnes de <span class=\"caps\">CO<\/span><sub>2<\/sub> en 2023, soit l\u2019\u00e9quivalent des \u00e9missions annuelles de 3 millions de Fran\u00e7ais. Le nombre de jets priv\u00e9s dans le monde a bondi de 28<small class=\"fine d-inline\">\u00a0<\/small>% entre 2019 et 2023, et les distances parcourues ont augment\u00e9 de 54<small class=\"fine d-inline\">\u00a0<\/small>%.<\/p>\n<p>Cette explosion se traduit par une contribution accrue au <a target=\"_blank\" href=\"Qu-est-ce-que-le-rechauffement-climatique\">r\u00e9chauffement climatique<\/a>, alors que les r\u00e9gulations restent quasi inexistantes dans ce secteur ultra-polluant r\u00e9serv\u00e9 aux \u00e9lites. Les utilisateurs de jets, d\u00e9crits par l\u2019industrie comme les <i>\u00ab<small class=\"fine d-inline\">\u00a0<\/small>tr\u00e8s grandes fortunes<small class=\"fine d-inline\">\u00a0<\/small>\u00bb<\/i>, ne repr\u00e9sentent que 0,003<small class=\"fine d-inline\">\u00a0<\/small>% de la population adulte mondiale.<\/p>\n<p>Pour \u00e9valuer l\u2019impact r\u00e9el de l\u2019empreinte de Ronaldinho, <i>Reporterre<\/i> et M\u00e9moire vive ont appliqu\u00e9 un coefficient x2, comme le conseille l\u2019Agence de la transition \u00e9cologique (Ademe), en tenant compte de l\u2019effet radiatif des \u00e9missions a\u00e9riennes. Pour chaque kilogramme de <span class=\"caps\">CO<\/span><sub>2<\/sub> \u00e9mis par les jets priv\u00e9s, 1 kilo suppl\u00e9mentaire de gaz \u00e0 effet de serre est ainsi ajout\u00e9 au calcul total, refl\u00e9tant les effets des train\u00e9es de condensation et d\u2019autres gaz \u00e0 effet de serre.<\/p>\n<aside class=\"boite_encarts\">\n<div class=\"encart encart_gris noprint\">\n<p><strong>Il est de retour.<\/strong><\/p>\n<p>Dans quelques semaines, Donald Trump se r\u00e9-installera \u00e0 la Maison Blanche.<\/p>\n<p>Un milliardaire, pour qui le r\u00e9chauffement climatique est \u00ab<small class=\"fine d-inline\">\u00a0<\/small>un canular<small class=\"fine d-inline\">\u00a0<\/small>\u00bb, sera \u00e0 la t\u00eate de la plus grande puissance mondiale.<\/p>\n<p>Dans une d\u00e9cennie cruciale pour l\u2019\u00e9cologie, nous ne pouvons pas nous permettre de perdre plus de temps.<\/p>\n<p>La soci\u00e9t\u00e9 civile doit continuer de se soulever, de se mobiliser et de faire pression sur les puissants.<\/p>\n<p>Mais pour agir, il faut savoir.<\/p>\n<p><strong>Depuis 11 ans, nous publions des articles de qualit\u00e9 sur l\u2019\u00e9cologie, en acc\u00e8s libre et sans publicit\u00e9, pour tous.<\/strong><\/p>\n<p>Nous avons la conviction que l\u2019urgence \u00e9cologique est l\u2019enjeu majeur de notre \u00e9poque.<br class=\"autobr\"\/><br \/>\n Et comme plus de 2 millions de lectrices et lecteurs chaque mois, vous partagez sans doute cette conviction&#8230;<\/p>\n<p>Alors si vous en avez les moyens, sachez qu\u2019un don, m\u00eame d\u20191\u20ac, est un acte de soutien fort pour l\u2019\u00e9cologie et le journalisme ind\u00e9pendant.<br class=\"autobr\"\/><br \/>\n (Et \u00e7a vous prendra moins de temps que la lecture de ce texte).<\/p>\n<p><strong>Si vous le pouvez, choisissez un soutien mensuel. Merci.<\/strong><\/p>\n<p><a target=\"_blank\" href=\"https:\/\/reporterre.net\/dons\" class=\"bt_soutenir\">Je soutiens <i>Reporterre<\/i><\/a><\/p>\n<\/p><\/div>\n<div class=\"encart encart_vert noprint montre_1023\">\n<div class=\"infolettre-form-container noprint\">\n<p>Abonnez-vous \u00e0 la lettre d\u2019info de Reporterre<\/p>\n<\/div><\/div>\n<\/aside>\n<aside class=\"boite_apresarticle encart_note\">\n<h4>Apr\u00e8s cet article<\/h4>\n<p>      <a target=\"_blank\" href=\"https:\/\/reporterre.net\/A-Bakou-le-trafic-de-jets-prives-explose-pendant-la-COP29\" class=\"lien_article\">\n      <picture class=\"vignette_gauche\"><source type=\"image\/webp\" srcset=\"https:\/\/reporterre.net\/https:\/\/reporterre.net\/local\/cache-gd2\/f4\/67be0596bdba7850d28e0f7750b7b7.jpg@.webp?1732090967\"><img decoding=\"async\" src=\"https:\/\/reporterre.net\/local\/cache-gd2\/f4\/67be0596bdba7850d28e0f7750b7b7.jpg?1732090967\" width=\"450\" height=\"300\" alt=\"\" class=\"marge12\" loading=\"lazy\"\/><br \/>\n<\/source><\/picture>\n<p class=\"libelle\">\n<p>          Enqu\u00eate \u2014<\/p>\n<p>      COP29\n    <\/p>\n<p class=\"titre pol20\">\u00c0 Bakou, le trafic de jets priv\u00e9s explose pendant la <span class=\"caps\">COP29<\/span><\/p>\n<p>      <\/a><br \/>\n    <\/aside>\n<aside class=\"boite_complement texte\">\n<p>      <!-- zone_forum --><br \/>\n          <\/aside>\n<aside class=\"boite_lireaussi noprint\">\n<\/aside>\n<aside class=\"colonne\">\n<div class=\"article_info cache_1023 noprint\">\n<p>    <span class=\"date\">20 novembre 2024  \u00e0 09h31<\/span><\/p>\n<p class=\"duree_lecture\">\n        Dur\u00e9e de lecture : 8 minutes\n      <\/p>\n<\/p><\/div>\n<div class=\"bloc_infolettre\">\n<div class=\"infolettre-form-container noprint\">\n<p>Abonnez-vous \u00e0 la lettre d\u2019info de Reporterre<\/p>\n<\/div><\/div>\n<\/aside>\n<div id=\"galerie\">\n  <img decoding=\"async\" src=\"\" class=\"principale\" id=\"principale\"\/><\/p>\n<p id=\"legende\">legende<\/p>\n<\/div>\n<footer class=\"noprint\">\n<\/footer>\n<\/div>\n<p><script async src=\"\/\/platform.twitter.com\/widgets.js\" charset=\"utf-8\"><\/script><script async defer src=\"https:\/\/platform.instagram.com\/en_US\/embeds.js\"><\/script><br \/>\n<br \/><br \/>\n<br \/><a href=\"https:\/\/reporterre.net\/Ronaldinho-en-jet-prive-ses-folles-virees-de-la-COP29-a-Angers\" target=\"_blank\"\">Source link <\/a><\/p>\n","protected":false},"excerpt":{"rendered":"<p>Il peut dribbler ce qu\u2019il veut, sauf le changement climatique. Ronaldinho, l\u2019un des plus grands footballeurs de tous les temps, est l\u2019un des invit\u00e9s de marque de la COP29, le&hellip; <\/p>\n","protected":false},"author":1,"featured_media":521,"comment_status":"open","ping_status":"open","sticky":false,"template":"","format":"standard","meta":{"footnotes":""},"categories":[1],"tags":[],"class_list":["post-520","post","type-post","status-publish","format-standard","has-post-thumbnail","hentry","category-non-classe"],"_links":{"self":[{"href":"https:\/\/monde25.info\/index.php\/wp-json\/wp\/v2\/posts\/520","targetHints":{"allow":["GET"]}}],"collection":[{"href":"https:\/\/monde25.info\/index.php\/wp-json\/wp\/v2\/posts"}],"about":[{"href":"https:\/\/monde25.info\/index.php\/wp-json\/wp\/v2\/types\/post"}],"author":[{"embeddable":true,"href":"https:\/\/monde25.info\/index.php\/wp-json\/wp\/v2\/users\/1"}],"replies":[{"embeddable":true,"href":"https:\/\/monde25.info\/index.php\/wp-json\/wp\/v2\/comments?post=520"}],"version-history":[{"count":0,"href":"https:\/\/monde25.info\/index.php\/wp-json\/wp\/v2\/posts\/520\/revisions"}],"wp:featuredmedia":[{"embeddable":true,"href":"https:\/\/monde25.info\/index.php\/wp-json\/wp\/v2\/media\/521"}],"wp:attachment":[{"href":"https:\/\/monde25.info\/index.php\/wp-json\/wp\/v2\/media?parent=520"}],"wp:term":[{"taxonomy":"category","embeddable":true,"href":"https:\/\/monde25.info\/index.php\/wp-json\/wp\/v2\/categories?post=520"},{"taxonomy":"post_tag","embeddable":true,"href":"https:\/\/monde25.info\/index.php\/wp-json\/wp\/v2\/tags?post=520"}],"curies":[{"name":"wp","href":"https:\/\/api.w.org\/{rel}","templated":true}]}}