{"id":5204,"date":"2025-03-25T23:24:49","date_gmt":"2025-03-25T22:24:49","guid":{"rendered":"https:\/\/monde25.info\/index.php\/2025\/03\/25\/proces-le-scouarnec-les-profonds-regrets-du-conseil-de-lordre-des-medecins\/"},"modified":"2025-03-25T23:24:49","modified_gmt":"2025-03-25T22:24:49","slug":"proces-le-scouarnec-les-profonds-regrets-du-conseil-de-lordre-des-medecins","status":"publish","type":"post","link":"https:\/\/monde25.info\/index.php\/2025\/03\/25\/proces-le-scouarnec-les-profonds-regrets-du-conseil-de-lordre-des-medecins\/","title":{"rendered":"Proc\u00e8s Le Scouarnec: les \u00abprofonds regrets\u00bb du conseil de l\u2019ordre des m\u00e9decins"},"content":{"rendered":"<p> <br \/>\n<br \/>Le conseil national de l\u2019ordre des m\u00e9decins, constitu\u00e9 partie civile au proc\u00e8s de Jo\u00ebl Le Scouarnec, a admis n\u2019avoir entam\u00e9 aucune proc\u00e9dure disciplinaire contre le chirurgien, malgr\u00e9 sa condamnation pour d\u00e9tention d\u2019images p\u00e9dopornographiques en 2005.<br \/>\n<br \/><br \/>\n<br \/><a href=\"https:\/\/www.mediapart.fr\/journal\/france\/250325\/proces-le-scouarnec-les-profonds-regrets-du-conseil-de-l-ordre-des-medecins\" target=\"_blank\"\">Source link <\/a><\/p>\n","protected":false},"excerpt":{"rendered":"<p>Le conseil national de l\u2019ordre des m\u00e9decins, constitu\u00e9 partie civile au proc\u00e8s de Jo\u00ebl Le Scouarnec, a admis n\u2019avoir entam\u00e9 aucune proc\u00e9dure disciplinaire contre le chirurgien, malgr\u00e9 sa condamnation pour&hellip; <\/p>\n","protected":false},"author":1,"featured_media":5205,"comment_status":"open","ping_status":"open","sticky":false,"template":"","format":"standard","meta":{"footnotes":""},"categories":[1],"tags":[],"class_list":["post-5204","post","type-post","status-publish","format-standard","has-post-thumbnail","hentry","category-non-classe"],"_links":{"self":[{"href":"https:\/\/monde25.info\/index.php\/wp-json\/wp\/v2\/posts\/5204","targetHints":{"allow":["GET"]}}],"collection":[{"href":"https:\/\/monde25.info\/index.php\/wp-json\/wp\/v2\/posts"}],"about":[{"href":"https:\/\/monde25.info\/index.php\/wp-json\/wp\/v2\/types\/post"}],"author":[{"embeddable":true,"href":"https:\/\/monde25.info\/index.php\/wp-json\/wp\/v2\/users\/1"}],"replies":[{"embeddable":true,"href":"https:\/\/monde25.info\/index.php\/wp-json\/wp\/v2\/comments?post=5204"}],"version-history":[{"count":0,"href":"https:\/\/monde25.info\/index.php\/wp-json\/wp\/v2\/posts\/5204\/revisions"}],"wp:featuredmedia":[{"embeddable":true,"href":"https:\/\/monde25.info\/index.php\/wp-json\/wp\/v2\/media\/5205"}],"wp:attachment":[{"href":"https:\/\/monde25.info\/index.php\/wp-json\/wp\/v2\/media?parent=5204"}],"wp:term":[{"taxonomy":"category","embeddable":true,"href":"https:\/\/monde25.info\/index.php\/wp-json\/wp\/v2\/categories?post=5204"},{"taxonomy":"post_tag","embeddable":true,"href":"https:\/\/monde25.info\/index.php\/wp-json\/wp\/v2\/tags?post=5204"}],"curies":[{"name":"wp","href":"https:\/\/api.w.org\/{rel}","templated":true}]}}