{"id":5210,"date":"2025-03-26T02:42:44","date_gmt":"2025-03-26T01:42:44","guid":{"rendered":"https:\/\/monde25.info\/index.php\/2025\/03\/26\/la-ou-julian-assange-a-des-amis-par-meriem-laribi-le-monde-diplomatique-fevrier-2023\/"},"modified":"2025-03-26T02:42:44","modified_gmt":"2025-03-26T01:42:44","slug":"la-ou-julian-assange-a-des-amis-par-meriem-laribi-le-monde-diplomatique-fevrier-2023","status":"publish","type":"post","link":"https:\/\/monde25.info\/index.php\/2025\/03\/26\/la-ou-julian-assange-a-des-amis-par-meriem-laribi-le-monde-diplomatique-fevrier-2023\/","title":{"rendered":"L\u00e0 o\u00f9 Julian Assange a des amis, par Meriem Laribi (Le Monde diplomatique, f\u00e9vrier 2023)"},"content":{"rendered":"<p> <br \/>\n<\/p>\n<div>\n<p class=\"crayon article-surtitre-65491 surtitre\">L\u2019Am\u00e9rique latine progressiste, unie derri\u00e8re le fondateur de WikiLeaks<\/p>\n<div class=\"crayon article-chapo-65491 chapo\">\n<p>S\u2019il est un domaine dans lequel l\u2019arriv\u00e9e de la gauche au pouvoir change la donne en Am\u00e9rique latine, c\u2019est celui de la politique \u00e9trang\u00e8re. Alors que plusieurs dirigeants appellent \u00e0 une relance des processus d\u2019int\u00e9gration r\u00e9gionale, les capitales pass\u00e9es \u00e0 gauche n\u2019h\u00e9sitent pas \u00e0 afficher leurs d\u00e9saccords avec Washington. Notamment sur le \u00ab<small class=\"fine\">\u00a0<\/small>dossier Assange<small class=\"fine\">\u00a0<\/small>\u00bb.<\/p>\n<\/div><\/div>\n<div couleurfade=\"e5e5e5\" couleurclaire=\"e5e5e5\" couleurpale=\"c8c8cf\" couleurmi=\"646467\" couleurfoncee=\"484850\" couleursombre=\"191919\" couleurfond=\"4c4c4d\" couleurtexte=\"ffffff\">\n<div class=\"enapercu\">\n<figure class=\"spip_document_31017 spip_documents spip_documents_center justecol\" style=\"width:650px;\">\n<div class=\"limage\">\n<p>\t\t\t<img loading=\"lazy\" decoding=\"async\" src=\"https:\/\/www.monde-diplomatique.fr\/\/local\/cache-vignettes\/L650xH917\/img023-42-9713f.jpg?1675175597\" width=\"650\" height=\"917\" class=\"spip_logos\" alt=\"JPEG - 169.1\u00a0ko\"\/><\/p><\/div><figcaption>\n<p>Radenko Milak. \u2013 \u00ab<small class=\"fine\">\u00a0<\/small>Anti-Terror Law on July 4<small class=\"fine\">\u00a0<\/small>\u00bb (Loi antiterroriste du 4\u00a0juillet), 2020<\/p>\n<p>\u00a9 Radenko Milak &#8211; Priska Pasquer Gallery, Paris, Cologne\n<\/p>\n<\/figcaption><\/figure>\n<p><span class=\"mot-lettrine\"><span class=\"lettrine\">I<\/span>l<\/span> y a l\u2019Am\u00e9rique qui le pers\u00e9cute, il y a celle qui le soutient. D\u00e8s\u00a02010, quand WikiLeaks secoue la plan\u00e8te en rendant public un d\u00e9luge de documents classifi\u00e9s, Fidel Castro estime que Julian Assange a mis les \u00c9tats-Unis <i>\u00ab<small class=\"fine\">\u00a0<\/small>moralement \u00e0 genoux<small class=\"fine\">\u00a0<\/small>\u00bb<\/i>. <i>\u00ab<small class=\"fine\">\u00a0<\/small>[Il] est en train de d\u00e9montrer que l\u2019empire le plus puissant de toute l\u2019histoire peut \u00eatre d\u00e9fi\u00e9<small class=\"fine\">\u00a0<\/small>\u00bb,<\/i> \u00e9crit le dirigeant cubain. <i>\u00ab<small class=\"fine\">\u00a0<\/small>Je dois f\u00e9liciter les gens de WikiLeaks pour leur bravoure et leur courage<small class=\"fine\">\u00a0<\/small>\u00bb,<\/i> tranche le pr\u00e9sident v\u00e9n\u00e9zu\u00e9lien Hugo Ch\u00e1vez, qui dit avoir <i>\u00ab<small class=\"fine\">\u00a0<\/small>peur pour la vie<small class=\"fine\">\u00a0<\/small>\u00bb<\/i> du journaliste australien. <i>\u00ab<small class=\"fine\">\u00a0<\/small>Il a mis \u00e0 nu une diplomatie qui paraissait intouchable<small class=\"fine\">\u00a0<\/small>\u00bb,<\/i> commente M.\u00a0Luiz In\u00e1cio Lula da Silva. Avant de compl\u00e9ter\u00a0: <i>\u00ab<small class=\"fine\">\u00a0<\/small>Le coupable n\u2019est pas celui qui divulgue [les t\u00e9l\u00e9grammes diplomatiques] mais celui qui les \u00e9crit<\/i>.<i><small class=\"fine\">\u00a0<\/small>\u00bb<\/i> L\u2019\u00c9quateur de M.\u00a0Rafael Correa accorde l\u2019asile \u00e0 Assange dans son ambassade londonienne en\u00a02012. Il y restera reclus jusqu\u2019en\u00a02019.<\/p>\n<p>Aujourd\u2019hui encore, une grande partie des gouvernements d\u2019Am\u00e9rique du Sud soutient le journaliste, d\u00e9tenu depuis pr\u00e8s de quatre ans dans une prison de haute s\u00e9curit\u00e9 \u00e0 Londres en attendant la d\u00e9cision sur son extradition vers les \u00c9tats-Unis, de plus en plus mena\u00e7ante. Il encourt jusqu\u2019\u00e0 175\u00a0ann\u00e9es de prison. Alors que les gouvernements am\u00e9ricains et leurs agences de renseignement le harc\u00e8lent financi\u00e8rement, physiquement et juridiquement depuis treize ans, neuf chefs d\u2019\u00c9tats latino-am\u00e9ricains demandent d\u00e9sormais qu\u2019il soit lib\u00e9r\u00e9\u00a0: Mme\u00a0Xiomara Castro\u00a0(Honduras) et MM.\u00a0Andr\u00e9s Manuel L\u00f3pez Obrador\u00a0(Mexique), Daniel Ortega\u00a0(Nicaragua), Miguel D\u00edaz-Canel\u00a0(Cuba), Nicol\u00e1s Maduro\u00a0(Venezuela), Gustavo Petro\u00a0(Colombie), Luis Arce\u00a0(Bolivie), Alberto Fern\u00e1ndez\u00a0(Argentine) ainsi que \u00ab<small class=\"fine\">\u00a0<\/small>Lula<small class=\"fine\">\u00a0<\/small>\u00bb\u00a0(Br\u00e9sil). Ce dernier a m\u00eame sugg\u00e9r\u00e9 qu\u2019Assange re\u00e7oive le prix Nobel pour avoir <i>\u00ab<small class=\"fine\">\u00a0<\/small>fait la lumi\u00e8re sur les magouilles de la CIA<small class=\"fine\">\u00a0<\/small>\u00bb<\/i> (RT, 6\u00a0janvier 2023). De son c\u00f4t\u00e9, le pr\u00e9sident mexicain, dit \u00ab<small class=\"fine\">\u00a0<\/small>AMLO<small class=\"fine\">\u00a0<\/small>\u00bb, a propos\u00e9 de lui accorder <i>\u00ab<small class=\"fine\">\u00a0<\/small>la protection et l\u2019asile<small class=\"fine\">\u00a0<\/small>\u00bb<\/i>. Apr\u00e8s avoir remis une\u00a0(&#8230;)<\/p>\n<\/p><\/div>\n<p>Taille de l\u2019article complet\u00a0:\u00a0<span>1\u00a0444<\/span>\u00a0mots.<\/p>\n<div class=\"promo_dispo_article\">\n<h2 class=\"avantbloc\">\n\tCet article est r\u00e9serv\u00e9 aux\u00a0abonn\u00e9s<br \/>\n\t <br \/>\u00e0 notre offre\u00a0d&rsquo;archives<br \/>\n<\/h2>\n<div class=\"abo_inst\">\n\t<strong>Lyc\u00e9es, biblioth\u00e8ques, administrations, entreprises,<\/strong><br \/>\n\tacc\u00e9dez \u00e0 la base de donn\u00e9es en ligne de tous les articles du <i>Monde diplomatique<\/i> de 1954 \u00e0 nos\u00a0jours.<br \/>\n\t<a target=\"_blank\" id=\"pw-institutions\" class=\"suivi\" href=\"https:\/\/www.monde-diplomatique.fr\/archives\/institutions\">Retrouvez cette\u00a0offre sp\u00e9cifique<\/a>.\n<\/div>\n<\/div><\/div>\n<p><br \/>\n<br \/><a href=\"https:\/\/www.monde-diplomatique.fr\/2023\/02\/LARIBI\/65491\" target=\"_blank\"\">Source link <\/a><\/p>\n","protected":false},"excerpt":{"rendered":"<p>L\u2019Am\u00e9rique latine progressiste, unie derri\u00e8re le fondateur de WikiLeaks S\u2019il est un domaine dans lequel l\u2019arriv\u00e9e de la gauche au pouvoir change la donne en Am\u00e9rique latine, c\u2019est celui de&hellip; <\/p>\n","protected":false},"author":1,"featured_media":5211,"comment_status":"open","ping_status":"open","sticky":false,"template":"","format":"standard","meta":{"footnotes":""},"categories":[1],"tags":[],"class_list":["post-5210","post","type-post","status-publish","format-standard","has-post-thumbnail","hentry","category-non-classe"],"_links":{"self":[{"href":"https:\/\/monde25.info\/index.php\/wp-json\/wp\/v2\/posts\/5210","targetHints":{"allow":["GET"]}}],"collection":[{"href":"https:\/\/monde25.info\/index.php\/wp-json\/wp\/v2\/posts"}],"about":[{"href":"https:\/\/monde25.info\/index.php\/wp-json\/wp\/v2\/types\/post"}],"author":[{"embeddable":true,"href":"https:\/\/monde25.info\/index.php\/wp-json\/wp\/v2\/users\/1"}],"replies":[{"embeddable":true,"href":"https:\/\/monde25.info\/index.php\/wp-json\/wp\/v2\/comments?post=5210"}],"version-history":[{"count":0,"href":"https:\/\/monde25.info\/index.php\/wp-json\/wp\/v2\/posts\/5210\/revisions"}],"wp:featuredmedia":[{"embeddable":true,"href":"https:\/\/monde25.info\/index.php\/wp-json\/wp\/v2\/media\/5211"}],"wp:attachment":[{"href":"https:\/\/monde25.info\/index.php\/wp-json\/wp\/v2\/media?parent=5210"}],"wp:term":[{"taxonomy":"category","embeddable":true,"href":"https:\/\/monde25.info\/index.php\/wp-json\/wp\/v2\/categories?post=5210"},{"taxonomy":"post_tag","embeddable":true,"href":"https:\/\/monde25.info\/index.php\/wp-json\/wp\/v2\/tags?post=5210"}],"curies":[{"name":"wp","href":"https:\/\/api.w.org\/{rel}","templated":true}]}}