{"id":522,"date":"2024-11-20T10:08:00","date_gmt":"2024-11-20T09:08:00","guid":{"rendered":"https:\/\/monde25.info\/index.php\/2024\/11\/20\/trump-president-la-violence-qui-sannonce\/"},"modified":"2024-11-20T10:08:00","modified_gmt":"2024-11-20T09:08:00","slug":"trump-president-la-violence-qui-sannonce","status":"publish","type":"post","link":"https:\/\/monde25.info\/index.php\/2024\/11\/20\/trump-president-la-violence-qui-sannonce\/","title":{"rendered":"Trump pr\u00e9sident : la violence qui s\u2019annonce"},"content":{"rendered":"<p> <br \/>\n<\/p>\n<div>\n<div class=\"td-post-featured-image\">\n<figure><img loading=\"lazy\" decoding=\"async\" width=\"696\" height=\"464\" class=\"entry-thumb\" src=\"https:\/\/mrmondialisation.org\/wp-content\/uploads\/2024\/11\/1024px-president-trump-delivers-remarks-49352339427-696x464.jpg\" srcset=\"https:\/\/mrmondialisation.org\/wp-content\/uploads\/2024\/11\/1024px-president-trump-delivers-remarks-49352339427-696x464.jpg 696w, https:\/\/mrmondialisation.org\/wp-content\/uploads\/2024\/11\/1024px-president-trump-delivers-remarks-49352339427-768x512.jpg 768w, https:\/\/mrmondialisation.org\/wp-content\/uploads\/2024\/11\/1024px-president-trump-delivers-remarks-49352339427-630x420.jpg 630w, https:\/\/mrmondialisation.org\/wp-content\/uploads\/2024\/11\/1024px-president-trump-delivers-remarks-49352339427.jpg 1024w\" sizes=\"auto, (max-width: 696px) 100vw, 696px\" alt=\"Trump pr\u00e9sident\u00a0: la violence qui s'annonce\" title=\"Trump pr\u00e9sident\u00a0: la violence qui s'annonce\"\/><figcaption class=\"wp-caption-text\">Trump pr\u00e9sident\u00a0: la violence qui s&rsquo;annonce<\/figcaption><\/figure>\n<\/div>\n<div class=\"td-a-rec td-a-rec-id-content_top_mob \"><span class=\"td-adspot-title\">&#8211; Information &#8211;<\/span><a target=\"_blank\" href=\"https:\/\/fr.tipeee.com\/mr-mondialisation\" class=\"tipeee-project-small\">Soutenir Mr Japanization sur Tipeee<\/a>\n<\/div>\n<h4><strong>Alors que de nombreux m\u00e9dias et sondages nous annon\u00e7aient un scrutin serr\u00e9 \u00e0 l\u2019occasion des pr\u00e9sidentielles am\u00e9ricaines, Donald Trump a finalement \u00e9t\u00e9 largement r\u00e9\u00e9lu \u00e0 la t\u00eate des \u00c9tats-Unis. Cet \u00e9v\u00e8nement pourrait bien avoir de lourdes cons\u00e9quences, d\u2019abord bien s\u00fbr pour les femmes et les personnes marginalis\u00e9es : pr\u00e9caires, racis\u00e9es, en situation de migration, LGBTQIA+, etc. mais \u00e9galement pour le reste de la plan\u00e8te.<\/strong><\/h4>\n<p>L\u2019influence des \u00c9tats-Unis dans le monde n\u2019est plus \u00e0 d\u00e9montrer tant son interventionnisme dans les affaires internationales est pr\u00e9gnant. <strong>Lorsqu\u2019un homme issu de l\u2019extr\u00eame droite comme Donald Trump arrive au pouvoir,<\/strong> il para\u00eet donc sens\u00e9 de s\u2019interroger sur son projet politique. Et celui-ci pourrait bien <strong>nous conduire \u00e0 la catastrophe aussi bien au niveau social que d\u00e9mocratique, environnemental ou diplomatique.<\/strong><\/p>\n<p><iframe loading=\"lazy\" title=\"DONALD TRUMP, LE RETOUR : QUELLES LE\u00c7ONS POUR LA FRANCE (ET LA GAUCHE) ?\" width=\"1110\" height=\"624\" src=\"https:\/\/www.youtube.com\/embed\/-CoL73pFtU0?feature=oembed\" frameborder=\"0\" allow=\"accelerometer; autoplay; clipboard-write; encrypted-media; gyroscope; picture-in-picture; web-share\" referrerpolicy=\"strict-origin-when-cross-origin\" allowfullscreen><\/iframe><\/p>\n<h2><strong>Un programme volontairement concis et flou<\/strong><\/h2>\n<p>\u00c0 l\u2019image de nombreux dirigeants populistes d\u2019extr\u00eame droite, Donald Trump a tenu \u00e0 ce que les R\u00e9publicains proposent <strong>un programme court ax\u00e9 sur de grandes th\u00e9matiques volontairement peu \u00e9tay\u00e9es.<\/strong> Ainsi, tout le projet du nouveau pr\u00e9sident \u00e9lu \u00e9tait bas\u00e9 sur <a target=\"_blank\" href=\"https:\/\/legrandcontinent.eu\/fr\/2024\/11\/11\/le-programme-officiel-de-trump-que-personne-na-vraiment-lu-en-europe\/\">vingt points forts<\/a> et une dizaine de chapitres \u00e0 peine d\u00e9taill\u00e9s, le tout sur seulement <a target=\"_blank\" href=\"https:\/\/rncplatform.donaldjtrump.com\/\">seize pages<\/a>.<\/p>\n<p>Et l\u2019exp\u00e9rience d\u00e9montre ais\u00e9ment que lorsqu\u2019une ligne politique est peu pr\u00e9cise, c\u2019est sans aucun doute parce que <strong>son auteur cherche \u00e0 dissimuler certaines de ses id\u00e9es<\/strong> (en particulier les moins populaires). En outre, <strong>cette m\u00e9thode permet de ne pas avoir \u00e0 expliquer comment on compte concr\u00e9tiser de grandes promesses souvent faites en l\u2019air.<\/strong> Le point trois qui annonce simplement \u00ab\u00a0<em>mettre fin \u00e0 l\u2019inflation et rendre l\u2019Am\u00e9rique \u00e0 nouveau abordable<\/em>\u00a0\u00bb est \u00e0 ce titre particuli\u00e8rement illustratif.<\/p>\n<p>De plus, on a pu voir qu\u2019\u00e0 travers ses discours, Donald Trump a bien \u00e9voqu\u00e9 d\u2019autres perspectives \u00e0 mettre en place qui n\u2019apparaissent pourtant pas dans ce texte. <a target=\"_blank\" href=\"https:\/\/www.rtbf.be\/article\/trump-elu-president-le-nebuleux-programme-de-son-deuxieme-mandat-11460526\">D\u2019autres enfin affirment<\/a> qu\u2019<strong>un document de plus de 900 pages intitul\u00e9 <em>Project 2025<\/em> et r\u00e9dig\u00e9 par Heritage fondation, un groupe extr\u00eamement r\u00e9actionnaire, mais influent au sein du parti R\u00e9publicain, pourrait aussi peser sur la future mandature.<\/strong> Et ce, m\u00eame si le candidat a tent\u00e9 de s\u2019en d\u00e9tacher. Ce qui sera r\u00e9ellement mis en place sera donc probablement \u00e0 la jonction de tous ces \u00e9l\u00e9ments en ad\u00e9quation avec la volont\u00e9 de l\u2019\u00e9lite financi\u00e8re am\u00e9ricaine.<\/p>\n<p><iframe loading=\"lazy\" title=\"TRUMP : pourquoi il faut prendre ses discours au s\u00e9rieux - Cl\u00e9ment Viktorovitch\" width=\"1110\" height=\"624\" src=\"https:\/\/www.youtube.com\/embed\/cZRsnO9oPtg?feature=oembed\" frameborder=\"0\" allow=\"accelerometer; autoplay; clipboard-write; encrypted-media; gyroscope; picture-in-picture; web-share\" referrerpolicy=\"strict-origin-when-cross-origin\" allowfullscreen><\/iframe><\/p>\n<h2><strong>Un projet de milliardaire<\/strong><\/h2>\n<p>Car il faut bien garder \u00e0 l\u2019esprit que Donald Trump reste avant tout<strong> un milliardaire, lui-m\u00eame support\u00e9 par de nombreux autres hommes affaires.<\/strong> <a target=\"_blank\" href=\"https:\/\/www.lesechos.fr\/monde\/etats-unis\/election-americaine-la-facture-vertigineuse-des-campagnes-harris-et-trump-2130553\">70 % des dons r\u00e9colt\u00e9s<\/a> par le pr\u00e9tendant R\u00e9publicain \u00e9taient d\u2019ailleurs issus de riches soutiens, ce qui avait fait grimper sa cagnotte \u00e0 1,09 milliard de dollars. Un montant certes inf\u00e9rieur au 1,65 milliard re\u00e7u pour la candidature de Kamala Harris, mais qui provenait, lui, \u00e0 plus de 40 % de petites contributions individuelles sous les 200 dollars.<\/p>\n<p>Il y a donc toujours de quoi rester interloqu\u00e9 quand <strong>le vainqueur de l\u2019\u00e9lection se pr\u00e9sente comme un politicien antisyst\u00e8me alors qu\u2019il demeure justement un serviteur du capitalisme et qu\u2019il s\u2019attaque avec insistance aux id\u00e9ologies alternatives comme le communisme, le f\u00e9minisme ou le socialisme.<\/strong> Son premier mandat n\u2019a d\u2019ailleurs fait que confirmer l\u2019\u00e9vidence\u00a0: Trump est avant tout pro business.<\/p>\n<h2><strong>Une \u00e9quipe gouvernementale digne d\u2019un mus\u00e9e des horreurs<\/strong><\/h2>\n<p>Et lorsque l\u2019on observe les premiers noms donn\u00e9s par le pr\u00e9sident pour composer son \u00e9quipe, il n\u2019y a gu\u00e8re de quoi se rassurer, bien au contraire. On y trouvera par exemple<strong> <a target=\"_blank\" href=\"https:\/\/mrmondialisation.org\/musk-visage-folie-siecle\/\">Elon Musk<\/a>, l\u2019un des hommes les plus riches au monde, grand d\u00e9fenseur du capitalisme et de l\u2019ultralib\u00e9ralisme.<\/strong> Le propri\u00e9taire de X (ex twitter) qui a fortement soutenu la campagne s\u2019est vu attribuer une place de <a target=\"_blank\" href=\"https:\/\/www.huffingtonpost.fr\/international\/article\/donald-trump-nomme-elon-musk-dans-son-gouvernement-comme-promis-voici-a-quel-poste_242155.html\">ministre<\/a> pour <em>\u00ab\u00a0augmenter l\u2019efficacit\u00e9 du gouvernement\u00a0\u00bb<\/em> \u2014 autrement dit, <strong>supprimer en masse des emplois dans la fonction publique.<\/strong> Le Sud-Africain d\u2019origine a m\u00eame \u00e9voqu\u00e9 un chiffre fantaisiste de <a target=\"_blank\" href=\"https:\/\/www.lesoir.be\/635746\/article\/2024-11-13\/economiser-2000-milliards-de-dollars-lobjectif-fixe-par-elon-musk-est-irrealiste\">2 000 milliards de dollars d\u2019\u00e9conomie<\/a>.<\/p>\n<p><iframe loading=\"lazy\" title=\"Musk, Kennedy Jr, Homan, Boulos, qui compose la nouvelle administration Trump ?\" width=\"1110\" height=\"624\" src=\"https:\/\/www.youtube.com\/embed\/SCV5c5GwPQA?feature=oembed\" frameborder=\"0\" allow=\"accelerometer; autoplay; clipboard-write; encrypted-media; gyroscope; picture-in-picture; web-share\" referrerpolicy=\"strict-origin-when-cross-origin\" allowfullscreen><\/iframe><\/p>\n<p>En outre, <strong>c\u2019est Robert Kennedy, neveu du c\u00e9l\u00e8bre pr\u00e9sident \u00e9ponyme assassin\u00e9 en 1963, qui prendra le poste de minist\u00e8re de la Sant\u00e9<\/strong>. Probl\u00e8me, en plus de n\u2019avoir aucun dipl\u00f4me dans le domaine, <strong>cet ancien avocat, antivax notoire, propage de <a target=\"_blank\" href=\"https:\/\/www.letemps.ch\/monde\/ameriques\/donald-trump-choisit-robert-f-kennedy-jr-vaccinosceptique-notoire-pour-prendre-les-renes-de-la-sante\">nombreuses rumeurs complotistes<\/a> <\/strong>qui pourraient se traduire en v\u00e9ritable catastrophe sanitaire.<\/p>\n<p>On peut \u00e9galement noter d\u2019autres <a target=\"_blank\" href=\"https:\/\/www.francetvinfo.fr\/monde\/usa\/election-de-donald-trump-sante-defense-justice-les-trois-nominations-les-plus-contestees-du-president-elu_6898676.html\">arriv\u00e9es contestables<\/a> dans ce cercle. C\u2019est le cas de celle de <strong>Matt Gaetz, suspect\u00e9 d\u2019infractions sexuelles, de consommation ill\u00e9gale de stup\u00e9fiants et d\u00e9tournement de fonds de campagne au minist\u00e8re de la Justice.<\/strong> Mais aussi de celle de Pete Hegseth \u00e0 la D\u00e9fense, lui qui n\u2019a pourtant aucune exp\u00e9rience de commandement et qui animait une \u00e9mission sur Fox News (\u00e9quivalent am\u00e9ricain de CNEWS) o\u00f9 il s\u2019en prenait r\u00e9guli\u00e8rement au \u00ab wokisme \u00bb.<\/p>\n<h2><strong>Vers une nouvelle crise \u00e9conomique\u00a0?<\/strong><\/h2>\n<div class=\"td-a-rec td-a-rec-id-content_inline_mob \"><span class=\"td-adspot-title\">&#8211; Information &#8211;<\/span><a target=\"_blank\" href=\"https:\/\/fr.tipeee.com\/mr-mondialisation\" class=\"tipeee-project-small\">Soutenir Mr Japanization sur Tipeee<\/a>\n<\/div>\n<p>\u00c0 la lumi\u00e8re de tous ces \u00e9l\u00e9ments, il y a fort \u00e0 parier que Trump, qui promettait de r\u00e9duire le co\u00fbt de la vie et d\u2019en finir avec l\u2019inflation risque d\u2019en d\u00e9cevoir plus d\u2019un. D\u2019autant plus que comme tous les politiciens de droite et d\u2019extr\u00eame droite,<strong> il a orient\u00e9 son discours pour les classes populaires sur le rejet des imp\u00f4ts.<\/strong> Et dans <a target=\"_blank\" href=\"https:\/\/mrmondialisation.org\/faut-augmenter-impots\/\">une rh\u00e9torique traditionnelle<\/a> lib\u00e9rale, il a bien volontairement \u00e9vit\u00e9 de diff\u00e9rencier ceux des mieux lotis et ceux des plus pauvres.<\/p>\n<p>Or dans la lign\u00e9e de ce qui a \u00e9t\u00e9 fait aux \u00c9tats-Unis depuis les ann\u00e9es 80, <strong>ce sont bien les plus riches qui vont de nouveau \u00eatre \u00e9pargn\u00e9s par les taxes tandis que les plus pr\u00e9caires verront leurs ressources diminuer.<\/strong> Comme en France, Trump fera \u00e9galement des cadeaux faramineux aux entreprises. Le pourcentage d\u2019imposition sur leurs b\u00e9n\u00e9fices qu\u2019il avait d\u00e9j\u00e0 r\u00e9duit de 35 \u00e0 21 % en 2015 <a target=\"_blank\" href=\"https:\/\/www.alternatives-economiques.fr\/retour-de-trump-menace-leconomie-mondiale\/00113032\">devrait cette fois-ci chuter jusqu\u2019\u00e0 15 %.<\/a><\/p>\n<p>Cette baisse cons\u00e9quente des pr\u00e9l\u00e8vements entra\u00eenera donc n\u00e9cessairement un plus gros endettement de l\u2019\u00c9tat, <strong>ce qui d\u00e9gradera bien s\u00fbr les services publics, mais qui engendrera l\u2019explosion des taux d\u2019int\u00e9r\u00eat et le co\u00fbt du logement.<\/strong> Pire, l\u2019endettement am\u00e9ricain \u00e0 venir pourrait se r\u00e9percuter sur <a target=\"_blank\" href=\"https:\/\/www.alternatives-economiques.fr\/christian-chavagneux\/triple-incertitude-lelection-americaine-peser-monde\/00112984\">l\u2019ensemble de la plan\u00e8te <\/a>et causer une crise \u00e9conomique comparable \u00e0 celle de 2008.<\/p>\n<h2><strong>Vague chinoise sur l\u2019Europe\u00a0?<\/strong><\/h2>\n<p>Dans sa volont\u00e9 de faire passer \u00ab\u00a0l\u2019Am\u00e9rique d\u2019abord\u00a0\u00bb, Trump veut \u00e9galement massivement augmenter les droits de douane des produits venus de l\u2019\u00e9tranger. Ceux-ci progresseront ainsi de 3 % \u00e0 10 % alors que <a target=\"_blank\" href=\"https:\/\/www.alternatives-economiques.fr\/retour-de-trump-menace-leconomie-mondiale\/00113032\">la moyenne mondiale n\u2019est que de 3,9 %.<\/a> Mais plus loin encore, <strong>le leader des R\u00e9publicains souhaite bien reprendre sa guerre commerciale contre la Chine en lui infligeant un taux monumental de 60 %.<\/strong><\/p>\n<p>Si cette mesure est appliqu\u00e9e, elle r\u00e9duira sans aucun doute \u00e0 n\u00e9ant une bonne partie des exportations entre les deux pays. <strong>On aurait pu saluer une volont\u00e9 de vouloir relocaliser la production dans un objectif social et \u00e9cologique.<\/strong><\/p>\n<p>Pour autant, ce n\u2019est \u00e9videmment pas le but ici puisqu\u2019il s\u2019agit avant tout de damer le pion au principal concurrent des \u00c9tats-Unis sur la sc\u00e8ne internationale. Mais sans politique d\u2019augmentation des salaires, <strong>ce choix revient \u00e0 faire payer les classes populaires am\u00e9ricaines et \u00e0 davantage creuser les in\u00e9galit\u00e9s.<\/strong> En outre, cette mesure risque d\u2019accro\u00eetre les \u00e9changes entre la Chine et l\u2019Europe. De ce fait, le vieux continent pourrait bien \u00eatre encore plus inond\u00e9 de produits fabriqu\u00e9s dans l\u2019Empire du Milieu.<\/p>\n<h2><strong>\u00ab\u00a0La plus grande op\u00e9ration de d\u00e9portation de l\u2019Histoire am\u00e9ricaine\u00a0\u00bb<\/strong><\/h2>\n<p>Dans la lign\u00e9e de ses multiples d\u00e9clarations racistes et r\u00e9actionnaires, <strong>le nouveau pr\u00e9sident des USA veut poursuivre sa croisade contre les immigr\u00e9s.<\/strong> Il aspire ainsi non seulement \u00e0 terminer son \u00ab\u00a0mur\u00a0\u00bb \u00e0 la fronti\u00e8re du Mexique, commenc\u00e9 durant son dernier mandat, mais aussi <strong>expulser pr\u00e8s de <a target=\"_blank\" href=\"https:\/\/www.rtbf.be\/article\/trump-elu-president-le-nebuleux-programme-de-son-deuxieme-mandat-11460526\">12 millions de personnes<\/a> (l\u2019\u00e9quivalent de la population enti\u00e8re de la Tunisie) en situation irr\u00e9guli\u00e8re sur le territoire pour alors mener \u00ab\u00a0la plus grande op\u00e9ration de d\u00e9portation de l\u2019Histoire am\u00e9ricaine\u00a0\u00bb,<\/strong> comme \u00e9crit noir sur blanc dans son programme.<\/p>\n<p>Au-del\u00e0 du caract\u00e8re \u00e9minemment x\u00e9nophobe de ces projets qui <strong>impliquera d\u2019identifier et enfermer tous ces gens en vue de leur expulsion en attendant que leurs pays d\u2019origine acceptent de les recevoir, <\/strong>de telles mesures repr\u00e9senteront un co\u00fbt colossal pour le contribuable.<\/p>\n<h2><strong>Fronde r\u00e9actionnaire<\/strong><\/h2>\n<p>En plus de sa politique raciste, Donald Trump devrait bien encourager des mesures contre tous les progr\u00e8s de soci\u00e9t\u00e9, en particulier pour les minorit\u00e9s, mais \u00e9galement pour les femmes. Le pr\u00e9sident \u00e9lu a d\u2019ailleurs bien sp\u00e9cifi\u00e9 <a target=\"_blank\" href=\"https:\/\/www.lemonde.fr\/les-decodeurs\/article\/2024\/11\/07\/quel-est-le-programme-de-donald-trump-nouveau-president-des-etats-unis_6381958_4355770.html\">qu\u2019il souhaitait<\/a><strong> interdire l\u2019entr\u00e9e sur le territoire \u00ab\u00a0<em>aux communistes \u00e9trangers qui d\u00e9testent les chr\u00e9tiens<\/em>\u00a0\u00bb.<\/strong><\/p>\n<p>La religion a de fait \u00e9t\u00e9 au c\u0153ur de la campagne du candidat r\u00e9publicain pour s\u00e9duire un \u00e9lectorat tr\u00e8s puissant. <strong>Le milliardaire a par exemple d\u00e9fendu la libert\u00e9 de prier \u00e0 l\u2019\u00e9cole, mais aussi plusieurs positions pour flatter les conservateurs, croyants et complotistes.<\/strong><\/p>\n<hr\/>\n<p><a target=\"_blank\" href=\"https:\/\/fr.tipeee.com\/mr-mondialisation\"><strong>Gratuit, sans subvention et ind\u00e9pendant depuis 10 ans, nous avons besoin de vous pour continuer ce travail en 2024. Sens-toi libre d\u2019activer un abonnement volontaire sur ce lien en offrant un th\u00e9 \u00e0 l\u2019\u00e9quipe. Merci infiniment.<\/strong><\/a><\/p>\n<hr\/>\n<p>Ainsi,<strong> la nouvelle administration plaidera pour le port d\u2019armes et contre l\u2019enseignement de <em>\u00ab\u00a0la th\u00e9orie critique de la race\u00a0\u00bb<\/em> (autrement dit l\u2019apprentissage du caract\u00e8re syst\u00e9mique des discriminations) et de <em>\u00ab\u00a0la th\u00e9orie radicale du genre\u00a0\u00bb<\/em><\/strong> (nom que l\u2019extr\u00eame droite donne aux recherches sociologiques sur le genre). De plus, <strong>le programme attaque directement les personnes transgenres<\/strong> en martelant par exemple qu\u2019il faudrait exclure <em>\u00ab\u00a0les hommes (comprendre ici les femmes transgenres) du sport f\u00e9minin\u00a0\u00bb.<\/em><\/p>\n<p>Pour couronner le tout, il y a fort aussi \u00e0 parier que <strong>cette victoire galvanise les militants d\u2019extr\u00eame droite aux \u00c9tats-Unis, mais \u00e9galement dans le monde,<\/strong> et que ceux-ci se permettent d\u2019aller toujours plus loin dans leurs discours et surtout dans leurs actes. Dans ce cadre, la multiplication d\u2019agressions discriminatoires est bien \u00e0 craindre.<\/p>\n<h2><strong>L\u2019Ukraine abandonn\u00e9e, Isra\u00ebl en roue libre<\/strong><\/h2>\n<p><strong>Sur la sc\u00e8ne internationale, Donald Trump a <a target=\"_blank\" href=\"https:\/\/www.lemonde.fr\/les-decodeurs\/article\/2024\/11\/07\/quel-est-le-programme-de-donald-trump-nouveau-president-des-etats-unis_6381958_4355770.html\">largement pr\u00e9venu<\/a>, il sera <em>\u00ab\u00a0le meilleur ami qu\u2019Isra\u00ebl a jamais eu\u00a0\u00bb<\/em>.<\/strong> Durant son pr\u00e9c\u00e9dent mandat, il avait d\u00e9j\u00e0 d\u00e9plac\u00e9 l\u2019ambassade am\u00e9ricaine \u00e0 J\u00e9rusalem, reconnaissant ainsi la ville comme capitale de l\u2019\u00c9tat h\u00e9breu alors que la moiti\u00e9 de celle-ci est palestinienne. Avec ces d\u00e9clarations, on peut donc <strong>s\u2019attendre \u00e0 ce que l\u2019action g\u00e9nocidaire du Premier ministre d\u2019extr\u00eame droite Benjamin Netanyahu soit encore plus soutenue par les \u00c9tats-Unis qu\u2019avant.<\/strong><\/p>\n<p><iframe loading=\"lazy\" title=\"TRUMP : 5 LE\u00c7ONS \u00e0 RETENIR de L\u2019\u00c9LECTION ! (Guerre, \u00e9conomie, imp\u00e9rialisme...)\" width=\"1110\" height=\"624\" src=\"https:\/\/www.youtube.com\/embed\/_Avsvqogirc?feature=oembed\" frameborder=\"0\" allow=\"accelerometer; autoplay; clipboard-write; encrypted-media; gyroscope; picture-in-picture; web-share\" referrerpolicy=\"strict-origin-when-cross-origin\" allowfullscreen><\/iframe><\/p>\n<p><strong>Et si Donald Trump se vantait de vouloir \u00ab emp\u00eacher la troisi\u00e8me guerre mondiale \u00bb, il pourrait au contraire conduire \u00e0 embraser tout le Moyen-Orient,<\/strong> et en particulier l\u2019Iran. Une chose est s\u00fbre, les massacres \u00e0 Gaza et au Liban ne sont pas pr\u00e8s de s\u2019arr\u00eater. On notera d\u2019ailleurs qu\u2019il compte encore renforcer et moderniser son arm\u00e9e, ce qui pourrait <strong>sugg\u00e9rer qu\u2019il se pr\u00e9pare lui-m\u00eame \u00e0 entrer en conflit avec d\u2019autres puissances.<\/strong><\/p>\n<p>Du c\u00f4t\u00e9 de l\u2019Ukraine, Donald Trump a promis de faire cesser le conflit en 24 heures. M\u00eame si on a du mal \u00e0 l\u2019imaginer, sa proximit\u00e9 avec Vladimir Poutine laisse n\u00e9anmoins supposer que le soutien financier et militaire en Europe de l\u2019Est pourrait tr\u00e8s vite se tarir. <strong>De quoi acc\u00e9l\u00e9rer la victoire de la Russie dans la r\u00e9gion avec sans doute de lourdes pertes territoriales pour Kiev.<\/strong><\/p>\n<h2><strong>Un d\u00e9sastre \u00e9cologique<\/strong><\/h2>\n<p>Du point de vue de l\u2019humanit\u00e9 enti\u00e8re, outre la possibilit\u00e9 d\u2019un conflit g\u00e9n\u00e9ralis\u00e9, la catastrophe repr\u00e9sent\u00e9e par l\u2019\u00e9lection de Trump r\u00e9side sans aucun doute dans <strong>son climatoscepticisme et les mesures qui vont avec.<\/strong><\/p>\n<p>\u00c9videmment, il n\u2019y aura pas de frein au capitalisme ni \u00e0 la course \u00e0 la sacro-sainte croissance. Mais pire, <strong>le dirigeant d\u2019extr\u00eame droite entend faire des USA la plus grosse puissance \u00e9nerg\u00e9tique au monde \u00ab\u00a0et de loin\u00a0\u00bb.<\/strong> Et pour cela, il ne compte pas s\u2019appuyer sur les technologies renouvelables, mais bien sur le p\u00e9trole. \u00ab\u00a0Drill, drill, drill\u00a0\u00bb (forer en fran\u00e7ais) \u00e9tait m\u00eame devenu l\u2019un de ses <a target=\"_blank\" href=\"https:\/\/www.rtbf.be\/article\/trump-elu-president-le-nebuleux-programme-de-son-deuxieme-mandat-11460526\">slogans de campagne<\/a>.<\/p>\n<p><iframe loading=\"lazy\" title=\"L&#039;\u00e9lection de Donald Trump, une mauvaise nouvelle pour le climat \u2022 FRANCE 24\" width=\"1110\" height=\"624\" src=\"https:\/\/www.youtube.com\/embed\/sloGV3G5abE?feature=oembed\" frameborder=\"0\" allow=\"accelerometer; autoplay; clipboard-write; encrypted-media; gyroscope; picture-in-picture; web-share\" referrerpolicy=\"strict-origin-when-cross-origin\" allowfullscreen><\/iframe><\/p>\n<p>Comme il l\u2019avait d\u00e9j\u00e0 fait en 2016 (mesure annul\u00e9e par Joe Biden),<strong> il veut \u00e9galement ressortir des accords de Paris pour le climat.<\/strong> Il entend de m\u00eame <strong>lever les restrictions sur le gaz, le p\u00e9trole et le charbon,<\/strong> ce qui entra\u00eenera une v\u00e9ritable catastrophe environnementale. \u00c0 ce titre, les tentatives de coup d\u2019\u00c9tat contre le Venezuela (plus grande r\u00e9serve de p\u00e9trole au monde) pourraient bien repartir de plus belle.<\/p>\n<p>Enfin, dans le cadre de sa r\u00e9duction des d\u00e9penses et des r\u00e9gulations, notamment souhait\u00e9e par son ministre technosolutionniste et libertarien Elon Musk, le locataire de la maison blanche envisagerait de tout bonnement <a target=\"_blank\" href=\"https:\/\/www.actu-environnement.com\/ae\/news\/donald-trump-reelection-president-etats-unis-climat-energie-45012.php4\">supprimer plusieurs agences f\u00e9d\u00e9rales d\u00e9di\u00e9es \u00e0 la protection de la plan\u00e8te<\/a>.<\/p>\n<h2><strong>Une d\u00e9rive autoritaire\u00a0?<\/strong><\/h2>\n<p>Certains pourraient sans doute se dire que le mandat de Trump ne durera \u00ab\u00a0que\u00a0\u00bb quatre ans, mais il faut cependant rappeler que <strong>le milliardaire aura tout de m\u00eame la latitude pour causer de consid\u00e9rables d\u00e9g\u00e2ts en si peu de temps.<\/strong> D\u2019autant plus qu\u2019<a target=\"_blank\" href=\"https:\/\/www.rfi.fr\/fr\/am\u00e9riques\/20241113-\u00e9tats-unis-maison-blanche-chambre-des-repr\u00e9sentants-et-s\u00e9nat-le-tierc\u00e9-gagnant-des-r\u00e9publicains\">il disposera d\u2019une majorit\u00e9<\/a> au s\u00e9nat, \u00e0 la chambre des repr\u00e9sentants et \u00e0 la Cour supr\u00eame. Tout au moins jusqu\u2019en 2027, date \u00e0 laquelle seront organis\u00e9es des \u00e9lections de mi-mandat.<\/p>\n<p><iframe loading=\"lazy\" title=\"TRUMP : VERS LE POUVOIR ABSOLU\" width=\"1110\" height=\"624\" src=\"https:\/\/www.youtube.com\/embed\/4agZqVyMjYo?feature=oembed\" frameborder=\"0\" allow=\"accelerometer; autoplay; clipboard-write; encrypted-media; gyroscope; picture-in-picture; web-share\" referrerpolicy=\"strict-origin-when-cross-origin\" allowfullscreen><\/iframe><\/p>\n<p><strong>D\u2019autres s\u2019inqui\u00e8tent plut\u00f4t sur l\u2019assentiment du pr\u00e9sident d\u2019extr\u00eame droite \u00e0 rendre le pouvoir en 2028.<\/strong> On se souvient qu\u2019apr\u00e8s sa d\u00e9faite en 2020, ses partisans avaient assailli le capitole (les condamn\u00e9s de cet \u00e9v\u00e8nement <a target=\"_blank\" href=\"https:\/\/www.lemonde.fr\/les-decodeurs\/article\/2024\/11\/07\/quel-est-le-programme-de-donald-trump-nouveau-president-des-etats-unis_6381958_4355770.html\">devraient d\u2019ailleurs \u00eatre amnisti\u00e9s<\/a>).<\/p>\n<p>Plus r\u00e9cemment, <strong>des <a target=\"_blank\" href=\"https:\/\/www.francetvinfo.fr\/monde\/usa\/presidentielle-americaine-2024-a-peine-reelu-donald-trump-evoque-l-hypothese-d-un-troisieme-mandat-a-la-maison-blanche_6895052.html\">d\u00e9clarations \u00e9nigmatiques<\/a> sur le fait que les Am\u00e9ricains \u00ab\u00a0n\u2019aient plus \u00e0 voter dans quatre ans\u00a0\u00bb avaient \u00e9galement laiss\u00e9 \u00e9clater les sp\u00e9culations.<\/strong> Reste \u00e0 savoir si Trump mordra aussi fort qu\u2019il aboie. Il y a en tout cas toutes les raisons d\u2019\u00eatre inquiet surtout en ignorant les effets que son grand \u00e2ge (78 ans) pourrait avoir sur lui dans les mois \u00e0 venir.<\/p>\n<p style=\"text-align: right;\"><strong><em>\u2013 Simon Verdi\u00e8re<\/em><\/strong><\/p>\n<hr\/>\n<p>Photo de couverture : <a target=\"_blank\" href=\"https:\/\/commons.wikimedia.org\/wiki\/File:President_Trump_Delivers_Remarks_(49352339427).jpg\">Wikimedia<\/a><\/p>\n<div class=\"td-a-rec td-a-rec-id-content_bottom_mob \"><span class=\"td-adspot-title\">&#8211; Information &#8211;<\/span><\/p>\n<div class=\"td-all-devices\">\n    <a target=\"_blank\" href=\"https:\/\/mrmondialisation.org\/donation\/\" title=\"Faire_un_don\"><img decoding=\"async\" class=\"donationArticle\" src=\"https:\/\/mrmondialisation.org\/wp-content\/uploads\/2022\/12\/220405-flikalicious-final.jpg\" alt=\"Donation\"\/><\/a>\n<\/div>\n<\/div><\/div>\n<p><br \/>\n<br \/><a href=\"https:\/\/mrmondialisation.org\/trump-president-programme\/\" target=\"_blank\"\">Source link <\/a><\/p>\n","protected":false},"excerpt":{"rendered":"<p>Trump pr\u00e9sident\u00a0: la violence qui s&rsquo;annonce &#8211; Information &#8211;Soutenir Mr Japanization sur Tipeee Alors que de nombreux m\u00e9dias et sondages nous annon\u00e7aient un scrutin serr\u00e9 \u00e0 l\u2019occasion des pr\u00e9sidentielles am\u00e9ricaines,&hellip; <\/p>\n","protected":false},"author":1,"featured_media":523,"comment_status":"open","ping_status":"open","sticky":false,"template":"","format":"standard","meta":{"footnotes":""},"categories":[1],"tags":[],"class_list":["post-522","post","type-post","status-publish","format-standard","has-post-thumbnail","hentry","category-non-classe"],"_links":{"self":[{"href":"https:\/\/monde25.info\/index.php\/wp-json\/wp\/v2\/posts\/522","targetHints":{"allow":["GET"]}}],"collection":[{"href":"https:\/\/monde25.info\/index.php\/wp-json\/wp\/v2\/posts"}],"about":[{"href":"https:\/\/monde25.info\/index.php\/wp-json\/wp\/v2\/types\/post"}],"author":[{"embeddable":true,"href":"https:\/\/monde25.info\/index.php\/wp-json\/wp\/v2\/users\/1"}],"replies":[{"embeddable":true,"href":"https:\/\/monde25.info\/index.php\/wp-json\/wp\/v2\/comments?post=522"}],"version-history":[{"count":0,"href":"https:\/\/monde25.info\/index.php\/wp-json\/wp\/v2\/posts\/522\/revisions"}],"wp:featuredmedia":[{"embeddable":true,"href":"https:\/\/monde25.info\/index.php\/wp-json\/wp\/v2\/media\/523"}],"wp:attachment":[{"href":"https:\/\/monde25.info\/index.php\/wp-json\/wp\/v2\/media?parent=522"}],"wp:term":[{"taxonomy":"category","embeddable":true,"href":"https:\/\/monde25.info\/index.php\/wp-json\/wp\/v2\/categories?post=522"},{"taxonomy":"post_tag","embeddable":true,"href":"https:\/\/monde25.info\/index.php\/wp-json\/wp\/v2\/tags?post=522"}],"curies":[{"name":"wp","href":"https:\/\/api.w.org\/{rel}","templated":true}]}}