{"id":5230,"date":"2025-03-26T09:52:57","date_gmt":"2025-03-26T08:52:57","guid":{"rendered":"https:\/\/monde25.info\/index.php\/2025\/03\/26\/des-quebecois-en-lutte-contre-un-empoisonnement-industriel\/"},"modified":"2025-03-26T09:52:57","modified_gmt":"2025-03-26T08:52:57","slug":"des-quebecois-en-lutte-contre-un-empoisonnement-industriel","status":"publish","type":"post","link":"https:\/\/monde25.info\/index.php\/2025\/03\/26\/des-quebecois-en-lutte-contre-un-empoisonnement-industriel\/","title":{"rendered":"Des qu\u00e9becois en lutte contre un empoisonnement industriel"},"content":{"rendered":"<p> <br \/>\n<\/p>\n<div>\n<h4><b>Ville florissante de l\u2019ouest du Qu\u00e9bec, Rouyn-Noranda s\u2019est d\u00e9velopp\u00e9e autour de la fonderie Horne, fleuron industriel de l\u2019extraction de cuivre et d\u2019autres m\u00e9taux pr\u00e9cieux. Pendant des d\u00e9cennies, l\u2019usine incarne la prosp\u00e9rit\u00e9 locale, jusqu\u2019\u00e0 ce que les habitants mettent le doigt sur un un poison insidieux : la population pr\u00e9sente des niveaux d\u2019arsenic anormalement \u00e9lev\u00e9s dans l\u2019organisme. Face \u00e0 cette pollution invisible, une mobilisation s\u2019amorce, port\u00e9e par un groupe de citoyens d\u00e9termin\u00e9 \u00e0 exiger des comptes, \u00e0 l\u2019industrie mais aussi aux gouvernements complices. Dans <\/b><b><i>Atome 33<\/i><\/b><b>, Gr\u00e9goire Osoha plonge au c\u0153ur de cette bataille, r\u00e9v\u00e9lant les dessous d\u2019un scandale environnemental o\u00f9 sant\u00e9 publique et int\u00e9r\u00eats industriels ne font pas le m\u00eame poids.<\/b><\/h4>\n<p><span style=\"font-weight: 400;\">Rouyn-Noranda, petite ville du Qu\u00e9bec, dans l\u2019est du Canada. Pour <strong>les quelques 44 000 habitants<\/strong> qui vivent au pied de la fonderie Horne, <strong>la quotidien s\u2019\u00e9coule paisiblement\u2026ou presque.<\/strong> <\/span><\/p>\n<p><span style=\"font-weight: 400;\">\u00c0 l\u2019occasion d\u2019une \u00e9tude sanitaire de routine, <strong>des dizaines de familles d\u00e9couvrent avec stupeur des taux d\u2019arsenic bien sup\u00e9rieurs \u00e0 la moyenne dans le corps de leurs enfants.\u00a0<\/strong><\/span><\/p>\n<figure id=\"attachment_716373\" aria-describedby=\"caption-attachment-716373\" style=\"width: 1024px\" class=\"wp-caption alignnone\"><img fetchpriority=\"high\" decoding=\"async\" class=\"size-medium wp-image-716373\" src=\"https:\/\/mrmondialisation.org\/wp-content\/uploads\/2025\/03\/1080px-220623-051-fonderie-horne-1024x683.jpg\" alt=\"\" width=\"1024\" height=\"683\" srcset=\"https:\/\/mrmondialisation.org\/wp-content\/uploads\/2025\/03\/1080px-220623-051-fonderie-horne-1024x683.jpg 1024w, https:\/\/mrmondialisation.org\/wp-content\/uploads\/2025\/03\/1080px-220623-051-fonderie-horne-768x512.jpg 768w, https:\/\/mrmondialisation.org\/wp-content\/uploads\/2025\/03\/1080px-220623-051-fonderie-horne-696x464.jpg 696w, https:\/\/mrmondialisation.org\/wp-content\/uploads\/2025\/03\/1080px-220623-051-fonderie-horne-1068x712.jpg 1068w, https:\/\/mrmondialisation.org\/wp-content\/uploads\/2025\/03\/1080px-220623-051-fonderie-horne-630x420.jpg 630w, https:\/\/mrmondialisation.org\/wp-content\/uploads\/2025\/03\/1080px-220623-051-fonderie-horne.jpg 1080w\" sizes=\"(max-width: 1024px) 100vw, 1024px\"\/><figcaption id=\"caption-attachment-716373\" class=\"wp-caption-text\">Rouyn-Noranda, Fonderie Horne, entr\u00e9e principale et chemin\u00e9e du r\u00e9acteur. M\u00eame si la fonderie r\u00e9cup\u00e8re 96% du dioxyde de soufre, elle continue \u00e0 \u00e9mettre un volume inqui\u00e9tant d\u2019arsenic et de m\u00e9taux lourds. Wikimedia.<\/figcaption><\/figure>\n<h2><b>Une pollution massive et insidieuse<\/b><\/h2>\n<p><span style=\"font-weight: 400;\"><i>\u00ab <\/i><\/span><i><span style=\"font-weight: 400;\">C\u2019est le d\u00e9but d\u2019une lutte, celle de la population qui demande \u00e0 la fonderie de r\u00e9duire sa pollution invisible \u00bb<\/span><\/i><span style=\"font-weight: 400;\">, explique Gr\u00e9goire Osoha, <a target=\"_blank\" href=\"https:\/\/www.editions-marchialy.fr\/livre\/atome-33\/\">auteur du livre <em>Atome 33<\/em> qui retrace l\u2019action collective de ces citoyens d\u00e9termin\u00e9s<\/a>.<\/span><\/p>\n<blockquote>\n<p><strong><i>\u00ab Ce qu\u2019ils ne mesurent pas encore, c\u2019est l\u2019immense influence de l\u2019entreprise face \u00e0 eux, qui n\u2019est autre que le g\u00e9ant mondial des mati\u00e8res premi\u00e8res : Glencore<\/i>. <i>\u00bb<\/i><\/strong><\/p>\n<\/blockquote>\n<p><span style=\"font-weight: 400;\">Au fil des 224 pages du r\u00e9cit publi\u00e9 aux \u00e9ditions Marchialy, le lecteur est plong\u00e9 dans deux chronologies parall\u00e8les : d\u2019une part, <a target=\"_blank\" href=\"https:\/\/mrmondialisation.org\/des-activistes-du-monde-entier-se-levent-contre-lextractivisme\/\"><strong>l\u2019indignation des citoyens, qui les poussent \u00e0 partir en lutte contre cette pollution latente<\/strong><\/a> \u00e0 laquelle ils sont expos\u00e9s depuis des d\u00e9cennies avec l\u2019aval du gouvernement, et d\u2019autre part <strong>l\u2019histoire de la fonderie et de son rachat par le g\u00e9ant Glencore, une importante entreprise anglo-suisse de\u00a0n\u00e9goce,\u00a0courtage et d\u2019extraction de mati\u00e8res premi\u00e8res.<\/strong><\/span><\/p>\n<figure id=\"attachment_716377\" aria-describedby=\"caption-attachment-716377\" style=\"width: 1024px\" class=\"wp-caption alignnone\"><img loading=\"lazy\" decoding=\"async\" class=\"wp-image-716377\" src=\"https:\/\/mrmondialisation.org\/wp-content\/uploads\/2025\/03\/640px-glencore-headquarters-in-baar-switzerland.jpg\" alt=\"\" width=\"1024\" height=\"683\" srcset=\"https:\/\/mrmondialisation.org\/wp-content\/uploads\/2025\/03\/640px-glencore-headquarters-in-baar-switzerland.jpg 640w, https:\/\/mrmondialisation.org\/wp-content\/uploads\/2025\/03\/640px-glencore-headquarters-in-baar-switzerland-630x420.jpg 630w\" sizes=\"auto, (max-width: 1024px) 100vw, 1024px\"\/><figcaption id=\"caption-attachment-716377\" class=\"wp-caption-text\">La si\u00e8ge social de Glencore \u00e0 Baar, Suisse. Wikimedia<\/figcaption><\/figure>\n<p><span style=\"font-weight: 400;\"> Finalement, l\u2019auteur et journaliste propose <strong>un reportage fouill\u00e9 et profond\u00e9ment humain, d\u00e9voilant les ficelles d\u2019un scandale sanitaire pass\u00e9 longtemps sous silence en faveur du profit financier<\/strong>.<\/span><\/p>\n<h2><b>Une ville, une mine<\/b><\/h2>\n<p><span style=\"font-weight: 400;\"><i>\u00ab <\/i><\/span><i><span style=\"font-weight: 400;\">Depuis sa cr\u00e9ation dans les ann\u00e9es 1920, la ville de Rouyn-Noranda en Abitibi-T\u00e9miscamingue est indissociable, aux yeux de tous les Qu\u00e9b\u00e9cois, de son cuivre, de ses mines, de ses chemin\u00e9es et de sa fonderie.<strong> Elle l\u2019est d\u00e9sormais tout autant du combat de quelques-uns contre la pollution g\u00e9n\u00e9r\u00e9e par l\u2019atome 33 \u00bb<\/strong><\/span><\/i><span style=\"font-weight: 400;\">, explique Gr\u00e9goire Osoha, qui s\u2019est rendu sur les lieux pour l\u2019\u00e9criture de son deuxi\u00e8me ouvra<\/span><span style=\"font-weight: 400;\">ge, apr\u00e8s <\/span><i><span style=\"font-weight: 400;\">Voyage au Liberland<\/span><\/i><span style=\"font-weight: 400;\">, \u00e9galement publi\u00e9 aux \u00e9<\/span><span style=\"font-weight: 400;\">ditions Marchialy.<\/span><\/p>\n<p><span style=\"font-weight: 400;\">L\u2019atome 33, c\u2019est l\u2019arsenic, souvent pr\u00e9sent\u00e9 comme le roi des poisons. <a target=\"_blank\" href=\"https:\/\/sciences-critiques.fr\/emmanuel-feyeux-je-ne-peux-me-resoudre-a-laisser-letat-indemne-alors-quil-sest-enrichi-sur-lexploitation-miniere\/\"><strong>L\u2019exposition chronique \u00e0 cette mol\u00e9cule a un impact prouv\u00e9 sur le d\u00e9veloppement de cancers<\/strong><\/a> (poumon, foie, peau, prostate, etc.) et <strong>favorise \u00e9galement le d\u00e9veloppement de probl\u00e8mes endocriniens, cardio-vasculaires et neurologiques<\/strong>. <i>\u00ab <\/i><\/span><i><span style=\"font-weight: 400;\">On note aussi une augmentation des fausses couches, b\u00e9b\u00e9s mort-n\u00e9s et retards de croissance intra-ut\u00e9rine ainsi qu\u2019une <strong>augmentation du nombre d\u2019enfants pr\u00e9sentant des retards de d\u00e9veloppement, un quotient intellectuel plus bas, des troubles d\u2019apprentissage, d\u2019attention et de concentration <\/strong><\/span><\/i><span style=\"font-weight: 400;\"><strong><i>\u00bb<\/i><\/strong>, <a target=\"_blank\" href=\"https:\/\/comite-aret.ca\/\">d\u00e9taille le site de l\u2019ARET<\/a>, un comit\u00e9 de citoyens et de parents d\u2019enfants de la ville.\u00a0<\/span><\/p>\n<figure id=\"attachment_716374\" aria-describedby=\"caption-attachment-716374\" style=\"width: 1024px\" class=\"wp-caption alignnone\"><img loading=\"lazy\" decoding=\"async\" class=\"size-medium wp-image-716374\" src=\"https:\/\/mrmondialisation.org\/wp-content\/uploads\/2025\/03\/1079px-1979-114-fonderie-horne-1024x683.jpg\" alt=\"\" width=\"1024\" height=\"683\" srcset=\"https:\/\/mrmondialisation.org\/wp-content\/uploads\/2025\/03\/1079px-1979-114-fonderie-horne-1024x683.jpg 1024w, https:\/\/mrmondialisation.org\/wp-content\/uploads\/2025\/03\/1079px-1979-114-fonderie-horne-768x512.jpg 768w, https:\/\/mrmondialisation.org\/wp-content\/uploads\/2025\/03\/1079px-1979-114-fonderie-horne-696x464.jpg 696w, https:\/\/mrmondialisation.org\/wp-content\/uploads\/2025\/03\/1079px-1979-114-fonderie-horne-1068x713.jpg 1068w, https:\/\/mrmondialisation.org\/wp-content\/uploads\/2025\/03\/1079px-1979-114-fonderie-horne-629x420.jpg 629w, https:\/\/mrmondialisation.org\/wp-content\/uploads\/2025\/03\/1079px-1979-114-fonderie-horne.jpg 1079w\" sizes=\"auto, (max-width: 1024px) 100vw, 1024px\"\/><figcaption id=\"caption-attachment-716374\" class=\"wp-caption-text\">Champ de r\u00e9sidus miniers autour de la fonderie, o\u00f9 les boues encerclaient encore les villes de Rouyn et Noranda \u00e0 la fin des ann\u00e9es 1970. Wikimedia.<\/figcaption><\/figure>\n<p><span style=\"font-weight: 400;\">Au Qu\u00e9bec, la quantit\u00e9 maximale autoris\u00e9e d\u2019arsenic dans l\u2019air ambiant est de 3 ng\/m3. <strong>Une norme syst\u00e9matiquement d\u00e9pass\u00e9e \u00e0 Rouyn-Noranda<\/strong>. <i>\u00ab <\/i><\/span><i><span style=\"font-weight: 400;\">En 2007, une attestation d\u2019assainissement, accord\u00e9e par le gouvernement, autorise une moyenne annuelle d\u2019\u00e9missions d\u2019arsenic de 200 ng\/m3, alors qu\u2019en 2005 et 2006, la fonderie \u00e9mettait d\u00e9j\u00e0 en moyenne 150 ng\/m3 par an \u00bb<\/span><\/i><span style=\"font-weight: 400;\">, note l\u2019association citoyenne. Dix ans plus tard, <strong>une nouvelle attestation d\u2019assainissement autorise \u00e0 nouveau une moyenne annuelle d\u2019\u00e9missions d\u2019arsenic de 200 ng\/m3<\/strong>.\u00a0\u00a0<\/span><\/p>\n<h2><b>Histoire d\u2019un fleuron industriel<\/b><\/h2>\n<p><span style=\"font-weight: 400;\">Comment expliquer ces d\u00e9rogations \u00e0 r\u00e9p\u00e9tition ? La r\u00e9ponse ne tient qu\u2019en quelques mots : la fonderie Horne. En 1917, <strong>un riche gisement de cuivre, d\u2019or et d\u2019argent est d\u00e9couvert sur les rives du lac Osisko<\/strong>. Une d\u00e9cennie plus tard, la fonderie ouvre ses portes et attire \u00e0 ses pieds des milliers de personnes, d\u00e9sireuses d\u2019y travailler. Les <\/span><span style=\"font-weight: 400;\">municipalit\u00e9s<\/span><span style=\"font-weight: 400;\"> de <\/span><span style=\"font-weight: 400;\">Rouyn<\/span><span style=\"font-weight: 400;\"> et de <\/span><span style=\"font-weight: 400;\">Noranda<\/span><span style=\"font-weight: 400;\">, plus tard regroup\u00e9es, sont n\u00e9es.<\/span><\/p>\n<div class=\"td-a-rec td-a-rec-id-content_inline  tdi_1 td_block_template_1\">\n<span class=\"td-adspot-title\">&#8211; Pour une information libre ! &#8211;<\/span><a target=\"_blank\" href=\"https:\/\/fr.tipeee.com\/mr-mondialisation\" class=\"tipeee-project-small\">Soutenir Mr Japanization sur Tipeee<\/a>\n<\/div>\n<figure id=\"attachment_716139\" aria-describedby=\"caption-attachment-716139\" style=\"width: 1024px\" class=\"wp-caption alignnone\"><img loading=\"lazy\" decoding=\"async\" class=\"size-medium wp-image-716139\" src=\"https:\/\/mrmondialisation.org\/wp-content\/uploads\/2025\/03\/1079px-1975-364-fonderie-horne-1024x683.jpg\" alt=\"\" width=\"1024\" height=\"683\" srcset=\"https:\/\/mrmondialisation.org\/wp-content\/uploads\/2025\/03\/1079px-1975-364-fonderie-horne-1024x683.jpg 1024w, https:\/\/mrmondialisation.org\/wp-content\/uploads\/2025\/03\/1079px-1975-364-fonderie-horne-768x512.jpg 768w, https:\/\/mrmondialisation.org\/wp-content\/uploads\/2025\/03\/1079px-1975-364-fonderie-horne-696x464.jpg 696w, https:\/\/mrmondialisation.org\/wp-content\/uploads\/2025\/03\/1079px-1975-364-fonderie-horne-1068x713.jpg 1068w, https:\/\/mrmondialisation.org\/wp-content\/uploads\/2025\/03\/1079px-1975-364-fonderie-horne-629x420.jpg 629w, https:\/\/mrmondialisation.org\/wp-content\/uploads\/2025\/03\/1079px-1975-364-fonderie-horne.jpg 1079w\" sizes=\"auto, (max-width: 1024px) 100vw, 1024px\"\/><figcaption id=\"caption-attachment-716139\" class=\"wp-caption-text\">Fours \u00e0 r\u00e9verb\u00e8res dans la premi\u00e8re fonderie en 1975. Cr\u00e9dits : Wikipedia.<\/figcaption><\/figure>\n<p><span style=\"font-weight: 400;\">En 2008, la <\/span><span style=\"font-weight: 400;\">fonderie Horne<\/span><span style=\"font-weight: 400;\"> est<strong> l\u2019une des plus importantes fonderies de cuivre au monde,<\/strong> pour la plus grande fiert\u00e9 des habitants de la ville. Dans les ann\u00e9es 2020, elle traite une marchandise en provenance de 18 pays et recycle \u00e9galement l\u2019or et d\u2019autres m\u00e9taux pr\u00e9cieux.<strong> Apr\u00e8s pr\u00e8s de 100 ans d\u2019activit\u00e9, elle se classe parmi les plus grands centres de <\/strong><\/span><strong>recyclage de composants \u00e9lectroniques en Am\u00e9rique du Nord<\/strong><span style=\"font-weight: 400;\">.<\/span><\/p>\n<p><span style=\"font-weight: 400;\"><strong><i>\u00ab <\/i><\/strong><\/span><i><span style=\"font-weight: 400;\"><strong>Circuits int\u00e9gr\u00e9s de radios-r\u00e9veils en panne, d\u2019ordinateurs devenus d\u00e9suets du fait de l\u2019obsolescence programm\u00e9e, de t\u00e9l\u00e9commandes fatigu\u00e9es\u2026 Par dizaines de milliers de tonnes, ces rebuts, qu\u2019il convient d\u00e9sormais d\u2019appeler \u00ab\u00a0ressources\u00a0\u00bb, arrivent chaque ann\u00e9e dans les ports canadiens<\/strong> et sont convoy\u00e9s en train ou en camion jusqu\u2019en Abitibi-T\u00e9miscamingue \u00bb<\/span><\/i><span style=\"font-weight: 400;\">, raconte le journaliste dans son ouvrage. Au c\u0153ur de ces d\u00e9bris, qui seront bient\u00f4t tri\u00e9s puis d\u00e9chiquet\u00e9s, <strong>on retrouve au choix du cadmium, du mercure ou de l\u2019arsenic.<\/strong><\/span><\/p>\n<h2><b><i><span style=\"font-weight: 400;\">\u00ab <\/span>Ici, tout est cuivre <span style=\"font-weight: 400;\">\u00bb<\/span><\/i><\/b><\/h2>\n<p><span style=\"font-weight: 400;\"><strong>\u00ab Une ville, une mine \u00bb, un slogan qui repr\u00e9sente bien l\u2019\u00e9nergie de Rouyn-Noranda<\/strong>. <i>\u00ab <\/i><\/span><i><span style=\"font-weight: 400;\">On va voir un spectacle au th\u00e9\u00e2tre du Cuivre, on fait ses courses sur les promenades du Cuivre, on se rend chez le m\u00e9decin \u00e0 la clinique m\u00e9dicale du Cuivre et on prend un permis de chasse chez Moto Sport du Cuivre \u00bb<\/span><\/i><span style=\"font-weight: 400;\">, d\u00e9crit l\u2019auteur qui d\u00e9ambule dans les rues de la ville.<\/span><\/p>\n<p><span style=\"font-weight: 400;\">Autrefois canadienne, <strong>la fonderie a depuis \u00e9t\u00e9 rachet\u00e9e par le g\u00e9ant Glencore, une multinationale incontournable sur le march\u00e9 mondial des mati\u00e8res premi\u00e8res<\/strong>.<\/span><span style=\"font-weight: 400;\"> <i>\u00ab <\/i><\/span><i><span style=\"font-weight: 400;\">L\u2019entreprise \u00e0 laquelle les citoyens rouynorandiens ont affaire n\u2019est donc <strong>pas vraiment cette imposante et bien palpable fonderie locale que leurs parents et avant eux leurs grands-parents ont toujours connue.<\/strong> Il ne suffit pas d\u2019aller se poster devant l\u2019entr\u00e9e pour apercevoir et m\u00eame, pourquoi pas, saluer ses dirigeants. Non, <strong>leur fonderie appartient d\u00e9sormais \u00e0 une hydre fascinante et insaisissable<\/strong>. \u00c0 la fois lointaine et puissante. M\u00e9connue du grand public, mais forte de milliards de dollars de b\u00e9n\u00e9fices annuels \u00bb<\/span><\/i><span style=\"font-weight: 400;\">, rapporte Gr\u00e9goire Osoha.<\/span><\/p>\n<figure id=\"attachment_716376\" aria-describedby=\"caption-attachment-716376\" style=\"width: 1024px\" class=\"wp-caption alignnone\"><img loading=\"lazy\" decoding=\"async\" class=\"wp-image-716376\" src=\"https:\/\/mrmondialisation.org\/wp-content\/uploads\/2025\/03\/puit-principal-mine-horne-fonderie-noranda-1926.jpg\" alt=\"\" width=\"1024\" height=\"1495\" srcset=\"https:\/\/mrmondialisation.org\/wp-content\/uploads\/2025\/03\/puit-principal-mine-horne-fonderie-noranda-1926.jpg 526w, https:\/\/mrmondialisation.org\/wp-content\/uploads\/2025\/03\/puit-principal-mine-horne-fonderie-noranda-1926-288x420.jpg 288w\" sizes=\"auto, (max-width: 1024px) 100vw, 1024px\"\/><figcaption id=\"caption-attachment-716376\" class=\"wp-caption-text\">Puits principal de la mine Horne vers 1926. Wikimedia.<\/figcaption><\/figure>\n<p><b style=\"color: var(--td_text_color, #111111); font-family: Roboto, sans-serif; font-size: 27px;\">L\u2019inaction coupable du gouvernement<\/b><span style=\"font-weight: 400;\">Une course au profit qui ne se fait pas sans heurt. En 2018, apr\u00e8s une \u00e9tude sanitaire de routine, les familles de la ville d\u00e9couvrent m\u00e9dus\u00e9s les r\u00e9sultats des analyses effectu\u00e9es sur leurs enfants. <i>\u00ab <\/i><\/span><i><span style=\"font-weight: 400;\">Au total, <strong>un enfant n\u00e9 au d\u00e9but des ann\u00e9es 2000 et \u00e9lev\u00e9 dans le quartier Notre-Dame aura \u00e9t\u00e9 expos\u00e9 en moyenne \u00e0 60 fois le taux d\u2019arsenic commun\u00e9ment admis dans les autres villes du pays \u00bb<\/strong><\/span><\/i><span style=\"font-weight: 400;\">, d\u00e9couvrent, effar\u00e9s, les habitants du secteur le plus \u00e0 proximit\u00e9 de l\u2019industrie.\u00a0<\/span><\/p>\n<p><span style=\"font-weight: 400;\"><i>\u00ab <\/i><\/span><i><span style=\"font-weight: 400;\">D\u2019autant plus que de nouvelles donn\u00e9es affligeantes ont \u00e9t\u00e9 r\u00e9cemment publi\u00e9es par la Sant\u00e9 publique. Celles-ci font \u00e9tat d\u2019une esp\u00e9rance de vie de 77,5 ans dans le quartier Notre-Dame, quand elle atteint 82,5 ans en moyenne au Qu\u00e9bec. <strong>Les cas de cancers du poumon \u00e0 Rouyn-Noranda sont 30 % plus fr\u00e9quents que la moyenne qu\u00e9b\u00e9coise.<\/strong> Et les complications li\u00e9es aux grossesses sont \u00e0 l\u2019avenant \u00bb<\/span><\/i><span style=\"font-weight: 400;\">, r\u00e9sume l\u2019auteur d\u2019<\/span><i><span style=\"font-weight: 400;\">Atome 33<\/span><\/i><span style=\"font-weight: 400;\">.\u00a0<\/span><\/p>\n<figure id=\"attachment_716140\" aria-describedby=\"caption-attachment-716140\" style=\"width: 1024px\" class=\"wp-caption alignnone\"><img loading=\"lazy\" decoding=\"async\" class=\"wp-image-716140 size-medium\" src=\"https:\/\/mrmondialisation.org\/wp-content\/uploads\/2025\/03\/1081px-1979-253-fonderie-horne-1024x682.jpg\" alt=\"\" width=\"1024\" height=\"682\" srcset=\"https:\/\/mrmondialisation.org\/wp-content\/uploads\/2025\/03\/1081px-1979-253-fonderie-horne-1024x682.jpg 1024w, https:\/\/mrmondialisation.org\/wp-content\/uploads\/2025\/03\/1081px-1979-253-fonderie-horne-768x512.jpg 768w, https:\/\/mrmondialisation.org\/wp-content\/uploads\/2025\/03\/1081px-1979-253-fonderie-horne-696x464.jpg 696w, https:\/\/mrmondialisation.org\/wp-content\/uploads\/2025\/03\/1081px-1979-253-fonderie-horne-1068x711.jpg 1068w, https:\/\/mrmondialisation.org\/wp-content\/uploads\/2025\/03\/1081px-1979-253-fonderie-horne-631x420.jpg 631w, https:\/\/mrmondialisation.org\/wp-content\/uploads\/2025\/03\/1081px-1979-253-fonderie-horne.jpg 1081w\" sizes=\"auto, (max-width: 1024px) 100vw, 1024px\"\/><figcaption id=\"caption-attachment-716140\" class=\"wp-caption-text\">\u00c9manations de la fonderie Horne en 1979 de Fran\u00e7ois Ruph \u2014 Rouyn-Noranda, les deux chemin\u00e9es de la Fonderie Horne en 1979, dix ans avant la mise en op\u00e9ration de l\u2019usine d\u2019acide sulfurique, crache environ 560\u00a0000 tonnes de dioxyde de souffre (SO2) par ann\u00e9e \/ Cr\u00e9dits Wikipedia.<\/figcaption><\/figure>\n<p><strong><i>\u00ab <\/i><i>Comment l\u2019\u00c9tat a-t-il pu tol\u00e9rer d\u2019aussi forts niveaux de pollution en toute connaissance de cause ? \u00bb<\/i><\/strong><span style=\"font-weight: 400;\">, se questionnent les citoyens, premi\u00e8res victimes de ce scandale sanitaire aux proportions insens\u00e9es. Pour r\u00e9pondre \u00e0 cette question, et esp\u00e9rer inverser la tendance, <strong>des collectifs se constituent et entrent en lutte contre l\u2019entreprise et les autorit\u00e9s publiques<\/strong>, qui ont trop longtemps pass\u00e9 sous silence ces taux d\u00e9mentiels.\u00a0<\/span><\/p>\n<h2><b>David contre Goliath dans un r\u00e9cit puissant<\/b><\/h2>\n<p><span style=\"font-weight: 400;\">C\u2019est au printemps 2018 que <\/span><span style=\"font-weight: 400;\">Gr\u00e9goire Osoha s\u2019est rendu sur place et a suivi l\u2019action collective de ces citoyens d\u00e9termin\u00e9s. Il se met alors en t\u00eate de <strong>retracer l\u2019histoire de cette pollution silencieuse afin de comprendre pourquoi il est si difficile encore aujourd\u2019hui d\u2019obtenir gain de cause quand la sant\u00e9 des populations est impact\u00e9e<\/strong>. \u00c0 travers ce r\u00e9cit, il pointe les d\u00e9rives d\u2019un syst\u00e8me qui semble pr\u00eat \u00e0 tout pour faire plus de profits.\u00a0<\/span><\/p>\n<p><iframe loading=\"lazy\" title=\"Grand Angle : l&#039;histoire d&#039;un combat collectif contre la pollution au Qu\u00e9bec\" width=\"1110\" height=\"624\" src=\"https:\/\/www.youtube.com\/embed\/o6LZxWJKxnY?feature=oembed\" frameborder=\"0\" allow=\"accelerometer; autoplay; clipboard-write; encrypted-media; gyroscope; picture-in-picture; web-share\" referrerpolicy=\"strict-origin-when-cross-origin\" allowfullscreen><\/iframe><\/p>\n<p><span style=\"font-weight: 400;\">Si l<\/span><span style=\"font-weight: 400;\">a victoire n\u2019a pas (encore) eu lieu, des victoires restent \u00e0 c\u00e9l\u00e9brer. <a target=\"_blank\" href=\"https:\/\/mrmondialisation.org\/162-victoire-lutte-france-succes\/\"><strong>\u00c0\u00a0l\u2019image de David contre Goliath, le combat est in\u00e9gal, mais la bataille ne sera pas abandonn\u00e9e<\/strong><\/a> tant que le taux d\u2019arsenic rejet\u00e9 par la fonderie ne respectera pas les normes nationales. Gr\u00e2ce \u00e0 un style fluide et rythm\u00e9, <strong>le lecteur est emport\u00e9 sur les rives du lac <\/strong><\/span><strong>Osisko<\/strong><span style=\"font-weight: 400;\"><strong>, desquelles on aper\u00e7oit, dress\u00e9es vers les ciel, les deux chemin\u00e9es de la fonderie.<\/strong> <strong>Dans sa bouche, le <i>\u00ab <\/i><\/strong><\/span><strong><i>go\u00fbt de la mine <strong>\u00bb<\/strong><\/i>\u00a0s\u2019infiltre, r\u00e2peux et amer, et ressemble \u00e0 s\u2019y m\u00e9prendre au go\u00fbt de l\u2019injustice.<\/strong><\/p>\n<p style=\"text-align: right;\"><em><strong>\u2013 Lou Aendekerk<\/strong><\/em><\/p>\n<hr\/>\n<p>Photo de couverture de l\u2019article : Fours \u00e0 r\u00e9verb\u00e8res dans la premi\u00e8re fonderie en 1975. Wikimedia.<\/p>\n<div class=\"td-a-rec td-a-rec-id-content_bottom  tdi_2 td_block_template_1\">\n<span class=\"td-adspot-title\">&#8211; Cet article gratuit et ind\u00e9pendant existe gr\u00e2ce \u00e0 vous &#8211;<\/span><\/p>\n<div class=\"td-all-devices\">\n    <a target=\"_blank\" href=\"https:\/\/mrmondialisation.org\/donation\/\" title=\"Faire_un_don\"><img decoding=\"async\" class=\"donationArticle\" src=\"https:\/\/mrmondialisation.org\/wp-content\/uploads\/2022\/12\/220405-flikalicious-final.jpg\" alt=\"Donation\"\/><\/a>\n<\/div>\n<\/div><\/div>\n<p><br \/>\n<br \/><a href=\"https:\/\/mrmondialisation.org\/atome-33-quebec-lutte-arsenic-industriel\/\" target=\"_blank\"\">Source link <\/a><\/p>\n","protected":false},"excerpt":{"rendered":"<p>Ville florissante de l\u2019ouest du Qu\u00e9bec, Rouyn-Noranda s\u2019est d\u00e9velopp\u00e9e autour de la fonderie Horne, fleuron industriel de l\u2019extraction de cuivre et d\u2019autres m\u00e9taux pr\u00e9cieux. Pendant des d\u00e9cennies, l\u2019usine incarne la&hellip; <\/p>\n","protected":false},"author":1,"featured_media":5231,"comment_status":"open","ping_status":"open","sticky":false,"template":"","format":"standard","meta":{"footnotes":""},"categories":[1],"tags":[],"class_list":["post-5230","post","type-post","status-publish","format-standard","has-post-thumbnail","hentry","category-non-classe"],"_links":{"self":[{"href":"https:\/\/monde25.info\/index.php\/wp-json\/wp\/v2\/posts\/5230","targetHints":{"allow":["GET"]}}],"collection":[{"href":"https:\/\/monde25.info\/index.php\/wp-json\/wp\/v2\/posts"}],"about":[{"href":"https:\/\/monde25.info\/index.php\/wp-json\/wp\/v2\/types\/post"}],"author":[{"embeddable":true,"href":"https:\/\/monde25.info\/index.php\/wp-json\/wp\/v2\/users\/1"}],"replies":[{"embeddable":true,"href":"https:\/\/monde25.info\/index.php\/wp-json\/wp\/v2\/comments?post=5230"}],"version-history":[{"count":0,"href":"https:\/\/monde25.info\/index.php\/wp-json\/wp\/v2\/posts\/5230\/revisions"}],"wp:featuredmedia":[{"embeddable":true,"href":"https:\/\/monde25.info\/index.php\/wp-json\/wp\/v2\/media\/5231"}],"wp:attachment":[{"href":"https:\/\/monde25.info\/index.php\/wp-json\/wp\/v2\/media?parent=5230"}],"wp:term":[{"taxonomy":"category","embeddable":true,"href":"https:\/\/monde25.info\/index.php\/wp-json\/wp\/v2\/categories?post=5230"},{"taxonomy":"post_tag","embeddable":true,"href":"https:\/\/monde25.info\/index.php\/wp-json\/wp\/v2\/tags?post=5230"}],"curies":[{"name":"wp","href":"https:\/\/api.w.org\/{rel}","templated":true}]}}