{"id":5232,"date":"2025-03-26T10:26:03","date_gmt":"2025-03-26T09:26:03","guid":{"rendered":"https:\/\/monde25.info\/index.php\/2025\/03\/26\/la-bete-de-levenement-est-elle-effectivement-la\/"},"modified":"2025-03-26T10:26:03","modified_gmt":"2025-03-26T09:26:03","slug":"la-bete-de-levenement-est-elle-effectivement-la","status":"publish","type":"post","link":"https:\/\/monde25.info\/index.php\/2025\/03\/26\/la-bete-de-levenement-est-elle-effectivement-la\/","title":{"rendered":"La b\u00eate de l&rsquo;\u00e9v\u00e9nement est-elle effectivement l\u00e0 ?"},"content":{"rendered":"<p> <br \/>\n<\/p>\n<div>\n<blockquote>\n<p>R\u00e9sum\u00e9 : Emmanuel Macron a \u00e9voqu\u00e9 \u00ab la b\u00eate de l\u2019\u00e9v\u00e9nement \u00bb qui serait l\u00e0, pr\u00eate \u00e0 surgir. De quoi parle-t-il ? Peut-\u00eatre d\u2019une crise totale de la France \u2013 \u00e9conomique, sociale, culturelle \u2013 orchestr\u00e9e pour servir les int\u00e9r\u00eats d\u2019une \u00e9lite. Deux hypoth\u00e8ses : la \u00ab b\u00eate \u00bb, c\u2019est soit Macron lui-m\u00eame, ma\u00eetre d\u2019un chaos calcul\u00e9, soit le peuple, pouss\u00e9 \u00e0 se sacrifier dans une mise en sc\u00e8ne tragique. S\u2019appuyant sur Noam Chomsky, ce texte d\u00e9crypte une possible manipulation : cr\u00e9er un ennemi fictif pour imposer un nouvel ordre, avec des \u00e9chos historiques inqui\u00e9tants, de Pearl Harbor au 11 septembre.<\/p>\n<\/blockquote>\n<p>La question est pos\u00e9e : la \u00ab b\u00eate de l\u2019\u00e9v\u00e9nement \u00bb dont parle Emmanuel Macron est-elle vraiment l\u00e0 ? Si oui, de quel \u00e9v\u00e9nement s\u2019agit-il, et qui est cette \u00ab b\u00eate \u00bb ? Quelle est sa nature, son r\u00f4le, et qui l\u2019incarne ? Partons du principe que cette \u00ab b\u00eate \u00bb existe, et tentons d\u2019identifier l\u2019\u00e9v\u00e9nement en question, puis de d\u00e9terminer quelle hypoth\u00e8se \u2013 parmi les deux pr\u00e9sent\u00e9es \u2013 tient le mieux la route.<\/p>\n<p><iframe loading=\"lazy\" title=\"&quot;La b\u00eate de l\u2019\u00e9v\u00e8nement est l\u00e0, et elle arrive.&quot;\" width=\"1110\" height=\"624\" src=\"https:\/\/www.youtube.com\/embed\/w5rrYLrnKQ4?feature=oembed\" frameborder=\"0\" allow=\"accelerometer; autoplay; clipboard-write; encrypted-media; gyroscope; picture-in-picture; web-share\" referrerpolicy=\"strict-origin-when-cross-origin\" allowfullscreen><\/iframe><\/p>\n<p>Macron a prononc\u00e9 ces mots \u2013 \u00ab la b\u00eate de l\u2019\u00e9v\u00e9nement est l\u00e0, elle arrive \u00bb Cet \u00e9v\u00e9nement consiste en la destruction compl\u00e8te de la France : une d\u00e9gradation de son \u00e9conomie, de ses infrastructures, de ses institutions, de son histoire et de sa culture. Pourquoi ? Parce que le syst\u00e8me actuel, en place depuis la fin des \u00ab Trente Glorieuses \u00bb (1973), aurait atteint ses limites. Ce mod\u00e8le, bas\u00e9 sur une collaboration \u00e9troite entre \u00e9lites \u00e9conomiques et politiques, reposerait sur une concentration croissante des richesses, amplifi\u00e9e sous Macron, et sur une r\u00e9duction des libert\u00e9s, soutenue par une r\u00e9pression accrue des contestations.<\/p>\n<p>Mais ce syst\u00e8me fatigue. Les ressources qu\u2019il exploite \u2013 la patience et la productivit\u00e9 des citoyens \u2013 s\u2019\u00e9puisent. M\u00eame dans les rangs des forces de l\u2019ordre, habituellement fid\u00e8les au pouvoir, des voix s\u2019\u00e9l\u00e8vent pour dire \u00ab<em> \u00c7a suffit <\/em>\u00bb. Pourtant, ceux qui profitent de ce mod\u00e8le ne veulent pas y renoncer. Leur plan ? Tout d\u00e9construire pour mieux reconstruire un syst\u00e8me similaire, en \u00e9vitant une r\u00e9volte populaire. Comment ? En deux \u00e9tapes : cr\u00e9er un ennemi per\u00e7u comme une menace majeure, puis se poser en sauveur face \u00e0 une crise attribu\u00e9e \u00e0 cet adversaire. Noam Chomsky l\u2019a bien r\u00e9sum\u00e9 : \u00ab Pour contr\u00f4ler un peuple, inventez un ennemi plus dangereux que vous, et pr\u00e9sentez-vous comme son protecteur. \u00bb<\/p>\n<h5><strong>L\u2019\u00e9v\u00e9nement : une destruction programm\u00e9e ?<\/strong><\/h5>\n<p>Si cet \u00e9v\u00e9nement est bien la chute de la France, Macron jouerait un r\u00f4le cl\u00e9. Son \u00ab Parce que c\u2019est notre projet ! \u00bb, slogan de sa campagne de 2017, pourrait refl\u00e9ter cette ambition : un pays d\u00e9mantel\u00e9 pour \u00eatre remodel\u00e9. Cette id\u00e9e s\u2019appuie sur une strat\u00e9gie vieille comme le monde : provoquer une crise \u2013 ou la laisser advenir \u2013 pour justifier un pouvoir renforc\u00e9. Historiquement, les \u00c9tats-Unis ont souvent agi ainsi. En 1898, l\u2019explosion du USS Maine \u00e0 La Havane, attribu\u00e9e \u00e0 l\u2019Espagne (bien que douteuse), a permis de d\u00e9clencher la guerre hispano-am\u00e9ricaine, ouvrant la voie \u00e0 l\u2019expansion am\u00e9ricaine. En 1915, le naufrage du Lusitania, charg\u00e9 d\u2019armes malgr\u00e9 la neutralit\u00e9 affich\u00e9e des \u00c9tats-Unis, a pouss\u00e9 l\u2019opinion publique vers la Premi\u00e8re Guerre mondiale. Plus tard, Pearl Harbor en 1941 \u2013 une attaque japonaise facilit\u00e9e par des choix strat\u00e9giques am\u00e9ricains \u2013 a servi de pr\u00e9texte \u00e0 l\u2019entr\u00e9e dans la Seconde Guerre mondiale. Enfin, le 11 septembre 2001 a l\u00e9gitim\u00e9 des interventions au Moyen-Orient et un contr\u00f4le accru des populations. Ces exemples illustrent une constante : une crise peut \u00eatre un levier pour des int\u00e9r\u00eats puissants.<\/p>\n<h5><strong>Qui est la \u00ab b\u00eate \u00bb ? Deux hypoth\u00e8ses s\u2019opposent.<\/strong><\/h5>\n<p><strong>Premi\u00e8re hypoth\u00e8se : Macron comme \u00ab b\u00eate \u00bb<\/strong><\/p>\n<p>Macron brouille les cartes dans sa communication, m\u00ealant d\u00e9clarations officielles et fuites calcul\u00e9es. Avec son \u00ab en m\u00eame temps \u00bb, il laisse entendre que la \u00ab b\u00eate \u00bb pourrait \u00eatre lui, ou pas ; que l\u2019\u00e9v\u00e9nement est imminent, ou pas. Dans cette optique, il serait l\u2019architecte d\u2019un chaos volontaire, peut-\u00eatre une guerre avec la Russie, pour justifier une reconstruction autoritaire.\u00a0<\/p>\n<p>Ce sc\u00e9nario \u00e9voque l\u2019Ukraine : sous Volodymyr Zelensky, un conflit prolong\u00e9 \u2013 financ\u00e9 en partie par l\u2019Europe \u2013 a conduit \u00e0 une destruction massive, profitant surtout aux \u00c9tats-Unis (terres, ressources). Macron pourrait-il suivre ce mod\u00e8le ? Provoquer une crise pour appara\u00eetre comme le sauveur, tout en servant des int\u00e9r\u00eats ext\u00e9rieurs ? Cette \u00ab b\u00eate \u00bb aurait une nature calculatrice, visant \u00e0 maintenir un syst\u00e8me favorable \u00e0 une \u00e9lite.<\/p>\n<p><strong>Deuxi\u00e8me hypoth\u00e8se : le peuple comme \u00ab b\u00eate \u00bb<\/strong><\/p>\n<p>Une autre lecture s\u2019appuie sur le \u00ab langage des oiseaux \u00bb, un code symbolique o\u00f9 les mots cachent leur vrai sens. Ce langage, utilis\u00e9 dans certains cercles \u00e9sot\u00e9riques ou litt\u00e9raires, repose sur trois principes : une dualit\u00e9 (parler du ciel pour \u00e9voquer la terre), une inversion (nommer le haut pour d\u00e9signer le bas), et un secret affich\u00e9 au grand jour (ce qui est \u00e9vident reste invisible).\u00a0<\/p>\n<p>Si Macron l\u2019emploie, dire \u00ab la b\u00eate arrive \u00bb pourrait signifier que le danger est d\u00e9j\u00e0 l\u00e0, incarn\u00e9 par le peuple fran\u00e7ais. Ce peuple, souvent pr\u00eat \u00e0 suivre ses dirigeants, serait la \u00ab b\u00eate \u00bb sacrifi\u00e9e dans une crise \u2013 guerre ou effondrement \u2013 orchestr\u00e9e pour pr\u00e9server le pouvoir. Macron fait ici r\u00e9f\u00e9rence implicite au po\u00e8me \u00ab Europe \u00bb de Jules Romains (1916), o\u00f9 la \u00ab b\u00eate \u00bb est la guerre de 14-18, \u00e9crasant villes et vies.\u00a0<\/p>\n<p>Mais, dans ce cas, la \u00ab b\u00eate \u00bb n\u2019est pas surnaturelle : c\u2019est le peuple, manipul\u00e9 pour jouer un r\u00f4le tragique, comme depuis 1789, o\u00f9 il est appel\u00e9 \u00e0 se d\u00e9vouer pour des int\u00e9r\u00eats qui le d\u00e9passent.<\/p>\n<div>\n<h5><span class=\"css-1jxf684 r-bcqeeo r-1ttztb7 r-qvutc0 r-poiln3 r-a8ghvy\">Dissonance cognitive et langage des oiseaux : le jeu de Macron<\/span><\/h5>\n<p><span class=\"css-1jxf684 r-bcqeeo r-1ttztb7 r-qvutc0 r-poiln3 r-a8ghvy\">Le \u00ab langage des oiseaux \u00bb et la dissonance cognitive se croisent dans l\u2019\u00e9nigme de la \u00ab b\u00eate de l\u2019\u00e9v\u00e9nement \u00bb. La dissonance cognitive \u2013 cet inconfort face \u00e0 des id\u00e9es contradictoires \u2013 surgit quand Macron parle d\u2019une menace imminente tout en restant flou : est-il la \u00ab b\u00eate \u00bb ou son dompteur ? Ce trouble psychologique, qu\u2019il semble cultiver avec son \u00ab <\/span><em><span class=\"css-1jxf684 r-bcqeeo r-1ttztb7 r-qvutc0 r-poiln3 r-a8ghvy\">en m\u00eame temps <\/span><\/em><span class=\"css-1jxf684 r-bcqeeo r-1ttztb7 r-qvutc0 r-poiln3 r-a8ghvy\">\u00bb, d\u00e9stabilise le public, le poussant <strong>\u00e0 rationaliser ou \u00e0 accepter sa vision comme une synth\u00e8se salvatrice<\/strong>.\u00a0<\/span><\/p>\n<p><span class=\"css-1jxf684 r-bcqeeo r-1ttztb7 r-qvutc0 r-poiln3 r-a8ghvy\">Parall\u00e8lement, le langage des oiseaux infuse ses mots d\u2019une ambigu\u00eft\u00e9 symbolique : \u00ab la b\u00eate est l\u00e0 \u00bb est un aveu voil\u00e9, un jeu sur la dualit\u00e9 entre pouvoir et peuple, o\u00f9 le sens profond \u00e9chappe au profane. Macron joue ainsi sur deux registres : il provoque une dissonance pour manipuler les perceptions \u2013 un peuple d\u00e9sorient\u00e9 est plus mall\u00e9able \u2013 tout en laissant planer une aura po\u00e9tique, comme s\u2019il parlait \u00e0 une \u00e9lite qui se sent capable de d\u00e9coder, mais qui dans la r\u00e9alit\u00e9 est comme hypnotis\u00e9e par la dissonance cognitive. Que ce soit calcul\u00e9 (un ENTJ strat\u00e9gique selon le profil psychologique de Myers-Briggs (2)) ou spontan\u00e9 (sa nature de penseur intuitif), il brouille les pistes, renfor\u00e7ant l\u2019hypoth\u00e8se d\u2019un chaos orchestr\u00e9 o\u00f9 la \u00ab b\u00eate \u00bb, qu\u2019il soit lui ou nous, sert un projet plus vaste.<\/span><\/p>\n<\/div>\n<h5><strong>Quelle hypoth\u00e8se retenir ?<\/strong><\/h5>\n<p>La premi\u00e8re hypoth\u00e8se suppose une intention claire de Macron, mais manque de preuves tangibles. La deuxi\u00e8me, plus subtile, voit la \u00ab b\u00eate \u00bb comme une victime r\u00e9currente de l\u2019histoire. Le tableau \u00ab Le retable de l\u2019Agneau mystique \u00bb (1432) illustre ce sacrifice : souvent vu comme religieux, il pourrait aussi symboliser un peuple offert en offrande par ses dirigeants. Historiquement, la seconde semble plus plausible : <strong>les \u00e9lites ont souvent utilis\u00e9 les crises pour consolider leur emprise, laissant le peuple en payer le prix.<\/strong><\/p>\n<blockquote>\n<p>L\u2019\u00e9v\u00e9nement serait une crise majeure, la \u00ab b\u00eate \u00bb soit son instigateur (Macron), soit sa victime (le peuple). Dans les deux cas, le but reste le m\u00eame : un syst\u00e8me reconstruit sur les d\u00e9combres, au profit de quelques-uns. Les parall\u00e8les historiques et les mots de Macron invitent \u00e0 la vigilance : <strong>et si le chaos \u00e9tait d\u00e9j\u00e0 en marche ?<\/strong><\/p>\n<\/blockquote>\n<p>\u00a0<\/p>\n<p>Maintenant, le temps d&rsquo;une pose, o\u00f9 vous aurez le choix de lire la version augment\u00e9e de cet \u00e9dito ou bien d&rsquo;attendre la suite.<\/p>\n<p>\u00a0<\/p>\n<p>Note :\u00a0<br \/>1) <span class=\"css-1jxf684 r-bcqeeo r-1ttztb7 r-qvutc0 r-poiln3 r-b88u0q r-a8ghvy\"><strong>Dissonance cognitive et langage des oiseaux : une comparaison<\/strong><\/span><\/p>\n<p><span class=\"css-1jxf684 r-bcqeeo r-1ttztb7 r-qvutc0 r-poiln3 r-a8ghvy\">La dissonance cognitive, d\u00e9finie par Leon Festinger, est l\u2019\u00e9tat de tension psychologique ressenti face \u00e0 des croyances ou comportements contradictoires, incitant \u00e0 une r\u00e9solution (ex. : rationaliser ou agir). Le langage des oiseaux, issu de traditions \u00e9sot\u00e9riques, utilise des jeux de mots et des symboles pour d\u00e9voiler des v\u00e9rit\u00e9s cach\u00e9es (ex. : \u00ab vert \u00bb et \u00ab verre \u00bb comme m\u00e9taphore de transformation). Ces concepts se rejoignent dans leur traitement des contradictions : la dissonance cr\u00e9e un inconfort \u00e0 apaiser, tandis que le langage des oiseaux exploite cet inconfort pour une r\u00e9v\u00e9lation. Dans le cas d\u2019Emmanuel Macron, son \u00ab en m\u00eame temps \u00bb et sa \u00ab b\u00eate de l\u2019\u00e9v\u00e9nement \u00bb incarnent cette dualit\u00e9. Il provoque une dissonance chez son public \u2013 menace ou salut, bourreau ou victime ? \u2013 dans une strat\u00e9gie qui d\u00e9soriente pour mieux contr\u00f4ler, tout en sugg\u00e9rant, via une rh\u00e9torique symbolique, une unification des contraires. Calcul d\u2019un leader rationnel (ENTJ) ou \u00e9lan intuitif, Macron m\u00eale trouble psychologique et po\u00e9sie cach\u00e9e, servant peut-\u00eatre un projet o\u00f9 la \u00ab b\u00eate \u00bb \u2013 lui ou le peuple \u2013 est \u00e0 la fois acteur et pion.<\/span><\/p>\n<p>2) Myers-Briggs Type Indicator (MBTI) <span class=\"css-1jxf684 r-bcqeeo r-1ttztb7 r-qvutc0 r-poiln3 r-a8ghvy\">de Macron : un \u00e9clairage sur la \u00ab b\u00eate \u00bb<\/span><\/p>\n<div>\n<p><span class=\"css-1jxf684 r-bcqeeo r-1ttztb7 r-qvutc0 r-poiln3 r-a8ghvy\">Le Myers-Briggs Type Indicator (MBTI), outil de typologie psychologique, offre une cl\u00e9 pour d\u00e9crypter la posture de Macron face \u00e0 la \u00ab b\u00eate de l\u2019\u00e9v\u00e9nement \u00bb. Souvent class\u00e9 ENTJ \u2013 extraverti, intuitif, penseur, jugeant \u2013, il incarnerait le profil du \u00ab Commandant \u00bb : un leader strat\u00e9gique, visionnaire et d\u00e9termin\u00e9, capable d\u2019orchestrer un chaos pour imposer sa vision. Cet ENTJ excelle <strong>\u00e0 manipuler les perceptions<\/strong>, provoquant <strong>une dissonance cognitive<\/strong> chez autrui pour mieux asseoir <strong>son autorit\u00e9, tout en usant d\u2019un langage symbolique <\/strong>\u2013 tel le langage des oiseaux \u2013 pour envo\u00fbter ou d\u00e9sorienter. Si Macron est la \u00ab b\u00eate \u00bb, son profil sugg\u00e8re un calcul froid : un architecte du d\u00e9sordre qui se pose en sauveur. Mais s\u2019il d\u00e9signe le peuple comme \u00ab b\u00eate \u00bb, son ENTJ pourrait refl\u00e9ter une intuition sinc\u00e8re, voyant dans la crise une \u00e9tape n\u00e9cessaire \u00e0 une synth\u00e8se sup\u00e9rieure. Dans les deux cas, ce type MBTI renforce l\u2019id\u00e9e d\u2019un homme qui, par ambition ou conviction, joue avec les tensions psychologiques et les significations cach\u00e9es pour fa\u00e7onner l\u2019\u00e9v\u00e9nement \u00e0 venir.<\/span><\/p>\n<p>\u00a0<\/p>\n<p><span class=\"css-1jxf684 r-bcqeeo r-1ttztb7 r-qvutc0 r-poiln3 r-a8ghvy\">Cependant, cette dynamique s\u2019alourdit d\u2019un usage du mensonge maladif, une constante dans sa communication : des promesses de justice sociale contredites par des r\u00e9formes favorisant les \u00e9lites (ex. : suppression de l\u2019ISF tout en vantant l\u2019\u00e9galit\u00e9), ou des discours sur la souverainet\u00e9 europ\u00e9enne min\u00e9s par des concessions \u00e0 des int\u00e9r\u00eats ext\u00e9rieurs. Ce mensonge permanent, coupl\u00e9 \u00e0 la dissonance cognitive qu\u2019il suscite et au langage des oiseaux qu\u2019il d\u00e9ploie, a des cons\u00e9quences n\u00e9fastes : il brouille sa cr\u00e9dibilit\u00e9, fracture sa connexion avec les Fran\u00e7ais et engendre une m\u00e9fiance g\u00e9n\u00e9ralis\u00e9e, transformant l\u2019ambigu\u00eft\u00e9 en d\u00e9sillusion plut\u00f4t qu\u2019en adh\u00e9sion.\u00a0<\/span><\/p>\n<\/div>\n<\/div>\n<p><script>(function(d, s, id) {  var js, fjs = d.getElementsByTagName(s)[0];  if (d.getElementById(id)) return;  js = d.createElement(s); js.id = id;  js.src = \"\/\/connect.facebook.net\/fr_FR\/sdk.js#xfbml=1&version=v2.3\";  fjs.parentNode.insertBefore(js, fjs);}(document, \"script\", \"facebook-jssdk\"));<\/script><br \/>\n<br \/><br \/>\n<br \/><a href=\"https:\/\/www.francesoir.fr\/opinions-editos\/la-bete-de-l-evenement-est-elle-effectivement-la\" target=\"_blank\"\">Source link <\/a><\/p>\n","protected":false},"excerpt":{"rendered":"<p>R\u00e9sum\u00e9 : Emmanuel Macron a \u00e9voqu\u00e9 \u00ab la b\u00eate de l\u2019\u00e9v\u00e9nement \u00bb qui serait l\u00e0, pr\u00eate \u00e0 surgir. De quoi parle-t-il ? Peut-\u00eatre d\u2019une crise totale de la France \u2013&hellip; <\/p>\n","protected":false},"author":1,"featured_media":5233,"comment_status":"open","ping_status":"open","sticky":false,"template":"","format":"standard","meta":{"footnotes":""},"categories":[1],"tags":[],"class_list":["post-5232","post","type-post","status-publish","format-standard","has-post-thumbnail","hentry","category-non-classe"],"_links":{"self":[{"href":"https:\/\/monde25.info\/index.php\/wp-json\/wp\/v2\/posts\/5232","targetHints":{"allow":["GET"]}}],"collection":[{"href":"https:\/\/monde25.info\/index.php\/wp-json\/wp\/v2\/posts"}],"about":[{"href":"https:\/\/monde25.info\/index.php\/wp-json\/wp\/v2\/types\/post"}],"author":[{"embeddable":true,"href":"https:\/\/monde25.info\/index.php\/wp-json\/wp\/v2\/users\/1"}],"replies":[{"embeddable":true,"href":"https:\/\/monde25.info\/index.php\/wp-json\/wp\/v2\/comments?post=5232"}],"version-history":[{"count":0,"href":"https:\/\/monde25.info\/index.php\/wp-json\/wp\/v2\/posts\/5232\/revisions"}],"wp:featuredmedia":[{"embeddable":true,"href":"https:\/\/monde25.info\/index.php\/wp-json\/wp\/v2\/media\/5233"}],"wp:attachment":[{"href":"https:\/\/monde25.info\/index.php\/wp-json\/wp\/v2\/media?parent=5232"}],"wp:term":[{"taxonomy":"category","embeddable":true,"href":"https:\/\/monde25.info\/index.php\/wp-json\/wp\/v2\/categories?post=5232"},{"taxonomy":"post_tag","embeddable":true,"href":"https:\/\/monde25.info\/index.php\/wp-json\/wp\/v2\/tags?post=5232"}],"curies":[{"name":"wp","href":"https:\/\/api.w.org\/{rel}","templated":true}]}}