{"id":5236,"date":"2025-03-26T11:31:51","date_gmt":"2025-03-26T10:31:51","guid":{"rendered":"https:\/\/monde25.info\/index.php\/2025\/03\/26\/trois-ans-apres-le-scandale-orpea-55-etablissements-epingles-rt-en-francais\/"},"modified":"2025-03-26T11:31:51","modified_gmt":"2025-03-26T10:31:51","slug":"trois-ans-apres-le-scandale-orpea-55-etablissements-epingles-rt-en-francais","status":"publish","type":"post","link":"https:\/\/monde25.info\/index.php\/2025\/03\/26\/trois-ans-apres-le-scandale-orpea-55-etablissements-epingles-rt-en-francais\/","title":{"rendered":"trois ans apr\u00e8s le scandale Orpea, 55 \u00e9tablissements \u00e9pingl\u00e9s \u2014 RT en fran\u00e7ais"},"content":{"rendered":"<p> <br \/>\n<br \/><img decoding=\"async\" src=\"https:\/\/mf.b37mrtl.ru\/french\/images\/2025.03\/thumbnail\/67e39ab687f3ec64fd6f2432.jpg\" \/><\/p>\n<div>\n<p class=\"text__summary\">\n                                        Trois ans apr\u00e8s l\u2019affaire Orpea, un vaste plan de contr\u00f4le des 7 500 Ehpad fran\u00e7ais r\u00e9v\u00e8le des failles persistantes : 55 structures ont re\u00e7u des \u00absanctions graves\u00bb, allant de la fermeture \u00e0 la mise sous tutelle.\n                                    <\/p>\n<p>\u00abArr\u00eatons le politiquement correct : il faut que nos politiques arr\u00eatent de nous prendre pour des cons. On sait que les Ehpad sont maltraitants par manque de personnel\u00bb: le pr\u00e9sident de l\u2019Observatoire du grand \u00e2ge, Laurent Garcia a jet\u00e9 un pav\u00e9 dans la marre le 26 mars sur France Info au lendemain de l\u2019annonce\u00a0de sanctions visant des institutions accueillant des personnes \u00e2g\u00e9es\u00a0: les \u00c9tablissement d&rsquo;h\u00e9bergement pour personnes \u00e2g\u00e9es d\u00e9pendantes, dits \u00abEhpad\u00bb.<\/p>\n<div class=\"rtcode\">\n<blockquote class=\"twitter-tweet\">\n<p lang=\"fr\" dir=\"ltr\">\ud83d\udd34 55 Ehpad vis\u00e9s par des \u00ab\u00a0sanctions graves\u00a0\u00bb \u27a1\ufe0f \u00ab\u00a0Arr\u00eatons le politiquement correct : il faut que nos politiques arr\u00eatent de nous prendre pour des cons. On sait que les Ehpad sont maltraitants par manque de personnel\u00a0\u00bb, dit Laurent Garcia, pr\u00e9sident de l\u2019Observatoire du grand \u00e2ge. <a target=\"_blank\" href=\"https:\/\/t.co\/fvMq7yTaYk\">pic.twitter.com\/fvMq7yTaYk<\/a><\/p>\n<p>\u2014 franceinfo (@franceinfo) <a target=\"_blank\" href=\"https:\/\/twitter.com\/franceinfo\/status\/1904765655452168645?ref_src=twsrc%5Etfw\">March 26, 2025<\/a><\/p><\/blockquote>\n<\/div>\n<p><a target=\"_blank\" href=\"https:\/\/x.com\/franceinfo\/status\/1904765655452168645\"\/>Dans une intervention sur France 2 le 25 mars, la ministre de l\u2019Autonomie, Charlotte Parmentier-Lecocq, r\u00e9v\u00e9lait que 55 Ehpad ont \u00e9cop\u00e9 de \u00absanctions graves\u00bb, allant de la fermeture imm\u00e9diate \u00e0 la mise sous tutelle.<\/p>\n<p>\u00a0<\/p>\n<h2>Les suites du scandale Orpea<\/h2>\n<p>\u00a0<\/p>\n<p>Le scandale Orpea, r\u00e9v\u00e9l\u00e9 en janvier 2022 par le livre <em>Les Fossoyeurs<\/em> de Victor Castanet, avait secou\u00e9 la France en exposant maltraitances et dysfonctionnements dans les Ehpad du groupe, d\u00e9sormais rebaptis\u00e9 Emeis. Trois ans plus tard, le bilan du plan de contr\u00f4le lanc\u00e9 par le gouvernement pour inspecter les 7 500 \u00e9tablissements du pays d\u2019ici fin 2024 dresse un constat pr\u00e9occupant et explique les sanctions dont ont \u00e9cop\u00e9 une cinquantaine d\u2019\u00e9tablissement.<\/p>\n<p>Ces mesures, d\u00e9cid\u00e9es par les agences r\u00e9gionales de sant\u00e9 (ARS), r\u00e9pondent \u00e0 des \u00abfaits graves de maltraitance\u00bb, des \u00abdysfonctionnements importants\u00bb ou des \u00abprobl\u00e8mes de prise en charge des soins\u00bb, pr\u00e9cise la ministre lors du d\u00e9bat Au c\u0153ur des Ehpad, de l\u2019indiff\u00e9rence \u00e0 l\u2019action.<\/p>\n<p>\u00c0 titre d\u2019exemple, l\u2019Ehpad R\u00e9sidence Le Castel, \u00e0 L\u2019Escar\u00e8ne (Alpes-Maritimes), a vu son autorisation retir\u00e9e en f\u00e9vrier 2025 apr\u00e8s des signalements de personnel insuffisant et de risques pour les r\u00e9sidents, comme un syst\u00e8me d\u2019eau chaude d\u00e9faillant. \u00c0 Pierrelaye (Val-d\u2019Oise), un \u00e9tablissement du groupe Mapad doit fermer pour des \u00abmanquements graves\u00bb, notamment l\u2019administration de m\u00e9dicaments par du personnel non qualifi\u00e9. Lanc\u00e9 en 2022 pour \u00abrecr\u00e9er la confiance\u00bb, ce plan XXL a atteint 96 % de couverture fin d\u00e9cembre 2024. Si un tiers des contr\u00f4les s\u2019est effectu\u00e9 sur site, priorisant les structures suspectes, les deux tiers ont repos\u00e9 sur des v\u00e9rifications documentaires : taux de turn-over, arr\u00eats maladie, incidents graves.<\/p>\n<p>\u00a0<\/p>\n<h2>Les limites de l\u2019action gouvernementale<\/h2>\n<p>\u00a0<\/p>\n<p>Pourtant, des voix s\u2019\u00e9l\u00e8vent pour d\u00e9noncer les limites de cette op\u00e9ration. Thierry Mathieu, repr\u00e9sentant des m\u00e9decins inspecteurs (Smisp-Unsa), regrette : \u00abOn nous a demand\u00e9 de faire du chiffre, mais avec peu d\u2019inspecteurs form\u00e9s\u00bb. Sur les 150 embauches promises, seules 120 ont \u00e9t\u00e9 r\u00e9alis\u00e9es, souvent en CDD, et les visites sur place, parfois r\u00e9duites \u00e0 une demi-journ\u00e9e, manquent de profondeur. L\u2019Association des directeurs au service des personnes \u00e2g\u00e9es (AD-PA) d\u00e9plore, elle, l\u2019absence de solutions pour augmenter le nombre de soignants, essentiel pour garantir une prise en charge digne. <a target=\"_blank\" href=\"https:\/\/x.com\/FranceTV\/status\/1904659559152484638\">Bernadette Ojardias<\/a>, vice-pr\u00e9sidente de l&rsquo;association Faree, qui lutte contre la maltraitance encore pr\u00e9sente dans certains Ehpad s\u2019indigne de son c\u00f4t\u00e9\u00a0: \u00abLe manque de personnel ne peut pas justifier la maltraitance\u00bb.<\/p>\n<p><a target=\"_blank\" href=\"https:\/\/x.com\/FranceTV\/status\/1904659559152484638\"\/>Depuis 2022, la \u00abloi sur le bien vieillir\u00bb a impos\u00e9 des indicateurs de qualit\u00e9 et un droit de visite quotidien. Mais pour beaucoup, ces avanc\u00e9es restent cosm\u00e9tiques face \u00e0 une crise syst\u00e9mique. Les familles des 55 Ehpad sanctionn\u00e9s, elles, se retrouvent dans l\u2019embarras, contraintes de reloger leurs proches dans un secteur d\u00e9j\u00e0 sous tension.<\/p>\n<\/div>\n<p><script async src=\"\/\/platform.twitter.com\/widgets.js\" charset=\"utf-8\"><\/script><br \/>\n<br \/><br \/>\n<br \/><a href=\"https:\/\/francais.rt.com\/france\/118475-ehpad-sous-sanctions\" target=\"_blank\"\">Source link <\/a><\/p>\n","protected":false},"excerpt":{"rendered":"<p>Trois ans apr\u00e8s l\u2019affaire Orpea, un vaste plan de contr\u00f4le des 7 500 Ehpad fran\u00e7ais r\u00e9v\u00e8le des failles persistantes : 55 structures ont re\u00e7u des \u00absanctions graves\u00bb, allant de la&hellip; <\/p>\n","protected":false},"author":1,"featured_media":5237,"comment_status":"open","ping_status":"open","sticky":false,"template":"","format":"standard","meta":{"footnotes":""},"categories":[1],"tags":[],"class_list":["post-5236","post","type-post","status-publish","format-standard","has-post-thumbnail","hentry","category-non-classe"],"_links":{"self":[{"href":"https:\/\/monde25.info\/index.php\/wp-json\/wp\/v2\/posts\/5236","targetHints":{"allow":["GET"]}}],"collection":[{"href":"https:\/\/monde25.info\/index.php\/wp-json\/wp\/v2\/posts"}],"about":[{"href":"https:\/\/monde25.info\/index.php\/wp-json\/wp\/v2\/types\/post"}],"author":[{"embeddable":true,"href":"https:\/\/monde25.info\/index.php\/wp-json\/wp\/v2\/users\/1"}],"replies":[{"embeddable":true,"href":"https:\/\/monde25.info\/index.php\/wp-json\/wp\/v2\/comments?post=5236"}],"version-history":[{"count":0,"href":"https:\/\/monde25.info\/index.php\/wp-json\/wp\/v2\/posts\/5236\/revisions"}],"wp:featuredmedia":[{"embeddable":true,"href":"https:\/\/monde25.info\/index.php\/wp-json\/wp\/v2\/media\/5237"}],"wp:attachment":[{"href":"https:\/\/monde25.info\/index.php\/wp-json\/wp\/v2\/media?parent=5236"}],"wp:term":[{"taxonomy":"category","embeddable":true,"href":"https:\/\/monde25.info\/index.php\/wp-json\/wp\/v2\/categories?post=5236"},{"taxonomy":"post_tag","embeddable":true,"href":"https:\/\/monde25.info\/index.php\/wp-json\/wp\/v2\/tags?post=5236"}],"curies":[{"name":"wp","href":"https:\/\/api.w.org\/{rel}","templated":true}]}}