{"id":5240,"date":"2025-03-26T12:38:07","date_gmt":"2025-03-26T11:38:07","guid":{"rendered":"https:\/\/monde25.info\/index.php\/2025\/03\/26\/leurope-etait-belle-autrefois-sa-tragedie-est-quelle-na-jamais-su-sarreter\/"},"modified":"2025-03-26T12:38:07","modified_gmt":"2025-03-26T11:38:07","slug":"leurope-etait-belle-autrefois-sa-tragedie-est-quelle-na-jamais-su-sarreter","status":"publish","type":"post","link":"https:\/\/monde25.info\/index.php\/2025\/03\/26\/leurope-etait-belle-autrefois-sa-tragedie-est-quelle-na-jamais-su-sarreter\/","title":{"rendered":"L&rsquo;Europe \u00e9tait belle autrefois. Sa trag\u00e9die est qu&rsquo;elle n&rsquo;a jamais su s&rsquo;arr\u00eater&#8230;"},"content":{"rendered":"<p> <br \/>\n<\/p>\n<div id=\"\">\n<p><i>\u00ab\u00a0Regardez l\u2019Europe\u00a0: un continent au stade final de la consommation, qui siffle des slogans creux \u00e9voquant la \u00ab\u00a0d\u00e9mocratie\u00a0\u00bb et les \u00ab\u00a0droits de l\u2019homme\u00a0\u00bb tandis que ses villes br\u00fblent et que ses fronti\u00e8res se dissolvent. L\u2019homme faustien, pi\u00e9g\u00e9 dans sa propre cr\u00e9ation, incapable de s\u2019en d\u00e9faire, s\u2019accrochant au r\u00eave d\u2019un progr\u00e8s \u00e9ternel alors qu\u2019il est en train de s\u2019enfoncer dans le vide.<br class=\"autobr\"\/><br \/>\nL\u2019Occident ne peut pas gagner en Ukraine, car il se bat en tant qu\u2019entit\u00e9 bureaucratique, et non en tant que peuple. Et la Russie, malgr\u00e9 tous ses d\u00e9fauts, se bat en tant que peuple\u00a0\u00bb.<\/i> <a target=\"_blank\" href=\"https:\/\/www.dedefensa.org\/article\/belle-suitefortississimo\" class=\"spip_out\" rel=\"external\">Constantin von Hoffmeister<\/a><\/p>\n<p><strong>Didier Fassin &#8211; Une \u00e9trange d\u00e9faite<\/strong><\/p>\n<p>Le g\u00e9nocide en cours \u00e0 Gaza est pour Didier Fassin \u00ab\u00a0l\u2019ab\u00eeme moral le plus profond dans lequel le monde occidental soit tomb\u00e9 depuis la Seconde Guerre mondiale\u00a0\u00bb.<\/p>\n<p>Pourquoi le monde occidental laisse-t-il l\u2019arm\u00e9e isra\u00e9lienne perp\u00e9trer ce g\u00e9nocide, et fait le choix de r\u00e9primer ceux qui demandent le respect du droit international, usant et abusant du chantage permanent \u00e0 l\u2019antis\u00e9mitisme\u00a0?<\/p>\n<p>R\u00e9futant l\u2019explication du complexe de culpabilit\u00e9 envers les juifs qu\u2019ils ont pers\u00e9cut\u00e9s, s\u2019agissant des Etats europ\u00e9ens comme la France, l\u2019auteur analyse l\u2019enjeu g\u00e9ostrat\u00e9gique, \u00e9conomique, et le soutien \u00e0 l\u2019appareil militaro-industriel international.<\/p>\n<p>Il souligne aussi l\u2019enjeu id\u00e9ologique, domin\u00e9 par la mont\u00e9e du racisme anti-arabe et anti-musulman.<\/p>\n<p>Didier Fassin montre de mani\u00e8re magistrale comment le gouvernement fran\u00e7ais s\u2019y est pris pour faire taire la population, en d\u00e9formant la r\u00e9alit\u00e9, en occultant les d\u00e9clarations g\u00e9nocidaires des responsables isra\u00e9liens, et en pourchassant ceux qui osaient parler <a target=\"_blank\" href=\"https:\/\/www.youtube.com\/watch?v=sKbrGg01uto\" class=\"spip_out\" rel=\"external\">des 76 ans de colonisation isra\u00e9lienne ou de la r\u00e9sistance \u00e0 cette colonisation<\/a>.<\/p>\n<p><strong>Isma\u00ebl Boudj\u00e9kada est poursuivi pour apologie du terrorisme parce qu\u2019il d\u00e9nonce le g\u00e9nocide des Palestiniens<\/strong><\/p>\n<p>On vit d\u00e9sormais dans un pays o\u00f9 soutenir le g\u00e9nocide est l\u00e9gal et le d\u00e9noncer est ill\u00e9gal, au contraire du droit international.<\/p>\n<p><strong>Isma\u00ebl Boudj\u00e9kada<\/strong>\u00a0: Cela fait sept mois que je suis engag\u00e9 aupr\u00e8s des r\u00e9fugi\u00e9s palestiniens et, pour cela, je suis all\u00e9 \u00e0 la fronti\u00e8re entre Gaza et l\u2019Egypte. Mais comme j\u2019ai critiqu\u00e9 le traitement \u00e9gyptien des Palestiniens, l\u2019Egypte m\u2019a retir\u00e9 mon permis de s\u00e9jour. La vice-consul de France en Egypte a refus\u00e9 d\u2019intervenir. Je suis bloqu\u00e9 en Egypte dans l\u2019attente d\u2019un passeport temporaire et l\u00e0 j\u2019ai appris que je suis inscrit au registre des personnes recherch\u00e9es pour apologie du terrorisme et actes de malveillance. J\u2019ai lanc\u00e9 un recours pour contester ce fichage abusif. Je viens de recevoir la r\u00e9ponse, en Egypte. Ma requ\u00eate est rejet\u00e9e, apr\u00e8s que le tribunal administratif fran\u00e7ais a pourtant reconnu que mon fichage \u00e9tait ill\u00e9gal. J\u2019ai d\u00e9pos\u00e9 un autre recours, mais ils font tra\u00eener la proc\u00e9dure.<\/p>\n<p>C\u2019est ainsi que sont trait\u00e9s tous ceux qui cherchent \u00e0 faire entendre la voix des palestiniens.<\/p>\n<p>Notre ministre de l\u2019Int\u00e9rieur exige la lib\u00e9ration d\u2019un \u00e9crivain franco-alg\u00e9rien d\u00e9tenu en Alg\u00e9rie pour avoir viol\u00e9 la loi alg\u00e9rienne, mais Mme\u00a0Colonna a refus\u00e9 d\u2019appliquer une d\u00e9cision de justice du Conseil d\u2019Etat qui lui enjoignait de rapatrier de Gaza le petit Omar, 8 ans, pour \u00eatre soign\u00e9 en France.<\/p>\n<p>L\u2019humoriste <a target=\"_blank\" href=\"https:\/\/www.youtube.com\/watch?v=OShBJUY_1hA\" class=\"spip_out\" rel=\"external\">Blanche Gardin<\/a> est boycott\u00e9e en France depuis qu\u2019elle a os\u00e9 faire un sketch qui d\u00e9non\u00e7ait le g\u00e9nocide en Palestine et l\u2019instrumentalisation de l\u2019antis\u00e9mitisme pour faire taire les critiques d\u2019Isra\u00ebl.<\/p>\n<p>J\u2019esp\u00e8re obtenir justice m\u00eame si le syst\u00e8me fran\u00e7ais est gangr\u00e9n\u00e9 par le sionisme. Aujourd\u2019hui, j\u2019en suis \u00e0 44 proc\u00e8s. C\u2019est inacceptable\u00a0! Il y a m\u00eame des m\u00e8res de famille qui sont plac\u00e9es en d\u00e9tention provisoire pour un tweet. Certaines ont m\u00eame pris de la prison ferme pour avoir d\u00e9fendu la Palestine.<\/p>\n<p>C\u2019est une premi\u00e8re qu\u2019un \u00e9lu de la R\u00e9publique soit poursuivi par trois ministres en poste en m\u00eame temps\u00a0: Aurore Berger, Bruno Retailleau et Gerard Darmanin.<\/p>\n<p>Selon Jeffrey Sachs, le vrai pr\u00e9sident des Etats-Unis c\u2019est Netanyahu. <a target=\"_blank\" href=\"https:\/\/www.youtube.com\/watch?v=KmBL_upX9ZE&amp;t=292s\" class=\"spip_out\" rel=\"external\">Qui est le vrai pr\u00e9sident de la France<\/a>\u00a0?<\/p>\n<p><strong>Arnaud Bertrand &#8211; L\u2019Europe entre dans son si\u00e8cle d\u2019humiliation<\/strong><\/p>\n<p>Arnaud Bertrand est un analyste fran\u00e7ais bas\u00e9 en Chine qui est tr\u00e8s connu dans le monde anglo-saxon\u00a0:<\/p>\n<p>\u00ab\u00a0&#8230;la position des \u00c9tats-Unis est que l\u2019Europe devrait rester en dehors des n\u00e9gociations qui affecteront fondamentalement leur architecture de s\u00e9curit\u00e9 \u2013 tout en assumant la responsabilit\u00e9 premi\u00e8re et le co\u00fbt du r\u00e9sultat des n\u00e9gociations.<\/p>\n<p> Jamais auparavant, \u00e0 ma connaissance, l\u2019architecture de s\u00e9curit\u00e9 de l\u2019Europe n\u2019a \u00e9t\u00e9 redessin\u00e9e sans qu\u2019aucune puissance europ\u00e9enne ne soit pr\u00e9sente \u00e0 la table des n\u00e9gociations.<\/p>\n<p>Pour \u00eatre clair, le principal coupable n\u2019est pas les \u00c9tats-Unis ou Trump.  Le bl\u00e2me repose presque enti\u00e8rement sur nous, Europ\u00e9ens, ou plut\u00f4t sur nos dirigeants immens\u00e9ment incomp\u00e9tents. Et je tiens \u00e0 souligner ce dernier point\u00a0:\u00a0ils sont d\u2019une incomp\u00e9tence si colossale, si abyssale, qu\u2019ils ont r\u00e9ussi \u00e0 r\u00e9duire l\u2019Europe \u00e0 une position qui n\u2019a aucun \u00e9quivalent historique, une situation o\u00f9 l\u2019on attend d\u2019elle qu\u2019elle accepte et mettre en \u0153uvre des accords de s\u00e9curit\u00e9 que d\u2019autres ont d\u00e9cid\u00e9 pour elle.<\/p>\n<p><a target=\"_blank\" href=\"https:\/\/x.com\/RnaudBertrand\/status\/1891684524356223358\" class=\"spip_out\" rel=\"external\">Une humiliation totale et compl\u00e8te<\/a>.\u00a0\u00bb<\/p>\n<p><strong>Slovadan Despot &#8211; la vie humaine au temps des robots<\/strong><\/p>\n<p>Dans le dernier num\u00e9ro de l\u2019Anti-presse, je me suis int\u00e9ress\u00e9 \u00e0 la d\u00e9mat\u00e9rialisation et \u00e0 la mani\u00e8re dont elle amoindrit nos capacit\u00e9s sensorielles et intuitives. L\u2019humain fa\u00e7onn\u00e9 par les m\u00e9dias est ais\u00e9ment manipulable, \u00e0 la diff\u00e9rence de ceux qui vivent dans un environnement plus \u00e9quilibr\u00e9, avec la nature, les m\u00e9dias, les gens, les animaux, etc&#8230;<\/p>\n<p>Plus qu\u2019aux \u00e9v\u00e8nements eux-m\u00eames, nous nous int\u00e9ressons \u00e0 la mani\u00e8re dont ils nous impactent, dont nous pouvons surmonter ce tsunami d\u2019informations et d\u2019\u00e9motions qui nous submergent tout le temps. Les gens sont angoiss\u00e9s, plus rien ne fonctionne, ni l\u2019\u00e9cole, ni la sant\u00e9, ni rien, il n\u2019y a plus d\u2019autorit\u00e9&#8230;<\/p>\n<p>J\u2019ai l\u2019impression que, depuis la pan-dystopie comme j\u2019appelle l\u2019op\u00e9ration Covid, beaucoup de gens sont pass\u00e9s de l\u2019\u00e9tat de b\u00e9b\u00e9 \u00e0 l\u2019\u00e9tat d\u2019adulte et \u00e7a devient dangereux pour le pouvoir. Nous en savons trop&#8230; et donc il faut nous tuer\u00a0!<\/p>\n<p>Les pays de l\u2019Europe de l\u2019est ont d\u00e9j\u00e0 connu l\u2019URSS, ils savent comment \u00e7a marche. Les Europ\u00e9ens de l\u2019ouest sentent qu\u2019un syst\u00e8me totalitaire se met en place mais ils ne savent pas comment y r\u00e9sister. Il faudrait suivre l\u2019exemple des pays de l\u2019est, mais les Europ\u00e9ens de l\u2019Ouest sont tr\u00e8s inhib\u00e9s et craintifs. Ils ont m\u00eame peur des mots.<\/p>\n<p>Depuis 2017, j\u2019\u00e9tudie ce que j\u2019appelle le ph\u00e9nom\u00e8ne de l\u2019hyper-normalisation, c\u2019est \u00e0 dire la construction d\u2019un univers parall\u00e8le parce que le monde r\u00e9el nous effraie et qu\u2019il n\u2019est pas contr\u00f4lable. L\u2019Union europ\u00e9enne a construit un univers qu\u2019elle ma\u00eetrise puisqu\u2019elle ma\u00eetrise les m\u00e9dias et qu\u2019il n\u2019y a aucune opposition en Europe de l\u2019Ouest et que la r\u00e9pression y est f\u00e9roce (cf les Gilets jaunes)\u00a0; une r\u00e9pression pareille ne serait jamais tol\u00e9r\u00e9e en Europe de l\u2019est.<\/p>\n<p>Les forces qui sont au pouvoir dans l\u2019UE et en Ukraine ont ceci d\u2019inou\u00ef, d\u2019unique dans l\u2019histoire, c\u2019est qu\u2019elles ne dialoguent pas. Elles ont supprim\u00e9 la diplomatie parce que, pour ceux, cela revient \u00e0 s\u2019assoir avec le diable. Ils ne tol\u00e8rent que les anges ou les petits enfants qui pensent comme eux. C\u2019est pour \u00e7a que les grandes personnes comme Trump, Poutine, Orban, <a target=\"_blank\" href=\"https:\/\/www.youtube.com\/watch?v=Gim7x0o1u8w&amp;t=7s\" class=\"spip_out\" rel=\"external\">ont pris les choses en main<\/a>.<\/p>\n<p><strong>Gamandiy-Egorov &#8211; la Russie futur gendarme du monde\u00a0?<\/strong><\/p>\n<p>Beaucoup de ceux, en Occident, qui ont assez de jugement et de force int\u00e9rieure pour ne pas se laisser embobiner par le d\u00e9luge de propagande ambiante et qui voient, avec honte et consternation, leurs gouvernants semer la mort un peu partout, se d\u00e9sesp\u00e8rent de leur impuissance. Que faire\u00a0? qui va mettre fin aux massacres, \u00e9gorgements, g\u00e9nocides, d\u00e9placements forc\u00e9s, famines orchestr\u00e9es de femmes et d\u2019enfants principalement, bref \u00e0 l\u2019app\u00e9tit de sang et de chaos de l\u2019Occident d\u00e9cadent, les Europ\u00e9istes en t\u00eate\u00a0?<\/p>\n<p>Pour Mikhail Gamandiy-Egorov, il est temps que \u00ab\u00a0la majorit\u00e9 mondiale et des partisans du monde multipolaire\u00a0\u00bb passent \u00e0 l\u2019action pour r\u00e9tablir l\u2019ordre et la paix\u00a0: \u00a0\u00bb Une grande part de responsabilit\u00e9 sera sur les \u00e9paules de la Russie et de ses alli\u00e9s \u00e0 divers endroits du monde, notamment en Afrique, et plus particuli\u00e8rement en Afrique subsaharienne. Ces mesures incluent bien \u00e9videmment la n\u00e9cessit\u00e9 d\u2019imposer le calme \u00e0 la minorit\u00e9 plan\u00e9taire, y compris via les moyens technologiques militaires de dissuasion. La Russie dispose amplement de ces moyens.\u00a0\u00bb<\/p>\n<p>Selon lui\u00a0: \u00ab\u00a0L\u2019axe Afrique-Russie a un grand r\u00f4le \u00e0 jouer pour l\u2019avenir mondial. Le tout au moment o\u00f9 la population de l\u2019espace europ\u00e9iste se trouve dans un d\u00e9ni massif et dans une passivit\u00e9 sans nom et que dans le monde arabe la notion de Panarabisme est de-facto morte. Cela conforte la responsabilit\u00e9 des nations eurasiatiques, africaines et latino-am\u00e9ricaines v\u00e9ritablement libres pour la suite des \u00e9v\u00e9nements. Une suite dans laquelle l\u2019espace europ\u00e9iste <a target=\"_blank\" href=\"https:\/\/www.observateur-continental.fr\/module=articles&amp;action=view&amp;id=6754\" class=\"spip_out\" rel=\"external\">n\u2019a pas d\u2019avenir<\/a>.\u00a0\u00bb<\/p>\n<p><strong>Alex Christoforou\u00a0: Le vent tourne en occident sur la guerre en Ukraine<\/strong><\/p>\n<p>Pour la premi\u00e8re fois un journal mainstream US, en l\u2019occurrence <i>The Hill,<\/i> pr\u00e9sente un honn\u00eate d\u00e9roul\u00e9 des \u00e9v\u00e8nements en Ukraine depuis ce qu\u2019il qualifie lui-m\u00eame de coup d\u2019\u00e9tat du Maidan jusqu\u2019\u00e0 l\u2019entr\u00e9e de la Russie dans le Donbass, et reconna\u00eet que le conflit a \u00e9t\u00e9 provoqu\u00e9 par l\u2019Occident collectif, contrairement \u00e0 la propagande institutionnelle de \u00ab\u00a0l\u2019invasion russe non provoqu\u00e9e\u00a0\u00bb <a target=\"_blank\" href=\"https:\/\/www.youtube.com\/watch?v=XCBC7hHTmJk\" class=\"spip_out\" rel=\"external\">qu\u2019on nous sert depuis 3 ans<\/a>.<\/p>\n<p><strong>Souhaiter la victoire de Poutine sur l\u2019Ukraine (et donc l\u2019OTAN), est-ce de la trahison\u00a0?<\/strong><\/p>\n<p>La victoire militaire de la Russie ne fait aucun doute mais faut-il la souhaiter\u00a0? Quand je suis trop r\u00e9volt\u00e9e par la corruption, la b\u00eatise, l\u2019incomp\u00e9tence, le cynisme, l\u2019avidit\u00e9 et la malfaisance des dirigeants occidentaux, je me surprends \u00e0 me dire\u00a0: Plus vite la Russie l\u2019emporte, plus vite on sera d\u00e9barrass\u00e9 de toute ces vermines qui, pour enrichir leurs commanditaires, d\u00e9truisent notre pays et nous avec\u00a0!<\/p>\n<p>Ces pens\u00e9es me culpabilisent et m\u2019inqui\u00e8tent&#8230; Serais-je en train de devenir une tra\u00eetre \u00e0 la patrie\u00a0?<\/p>\n<p>Heureusement mon amie Corinne m\u2019a rassur\u00e9e\u00a0:<\/p>\n<p>\u00ab\u00a0Ce n\u2019est pas de la trahison que de souhaiter la victoire de l\u2019ennemi quand\u00a0:<\/p>\n<p>1) ce n\u2019est pas un ennemi. Le France a toujours \u00e9t\u00e9 russophile (sauf sous Napol\u00e9on, mais elle l\u2019est redevenue juste apr\u00e8s). De Gaulle \u00e9tait all\u00e9 signer un trait\u00e9 d\u2019\u00e9changes avec Staline \u00e0 la fin de la guerre, malgr\u00e9 son anticommunisme virulent. Il l\u2019a fait parce qu\u2019il aimait la Russie, de cet amour s\u00e9culaire qui nous relie \u00e0 elle.<\/p>\n<p>Ce n\u2019est que depuis que les Am\u00e9ricains et l\u2019UE sont install\u00e9s chez nous comme des vers dans une pomme que la France est devenue \u00ab\u00a0russophobe\u00a0\u00bb, mais note que la majorit\u00e9 de la population reste russophile. Dans ma rue, il y a plein d\u2019artistes, dont plusieurs travaillent avec la Russie.<\/p>\n<p>2) c\u2019est l\u2019ennemi de ton ennemi, \u00e0 savoir des \u00e9lites autoproclam\u00e9es qui vampirisent ton pays au profit des parasites qui les financent pour \u00e7a. Il ne manquerait plus que \u00e7a que ce soit de la trahison\u00a0! si c\u2019en \u00e9tait, alors faire de la r\u00e9sistance en 39-45 aux c\u00f4t\u00e9s des Sovi\u00e9tiques \u00e9tait de la trahison aussi.<\/p>\n<p>3) Le chef d\u2019Etat \u00e9tranger cens\u00e9ment \u00ab\u00a0ennemi\u00a0\u00bb fait dans son pays ce que tu voudrais voir dans le tien\u00a0\u00bb.<\/p>\n<p><strong>Vincent Hervou\u00ebt\u00a0: L\u2019UE arrose de millions d\u2019euros al-Joulani qui vient de faire \u00e9gorger plus de mille Syriens<\/strong><\/p>\n<p>Cnews, la cha\u00eene de Bollor\u00e9, est, aux yeux de la gauche, le grand Satan en mati\u00e8re de TV d\u2019infos en continue bien qu\u2019\u00e0 mon avis elle ne dise pas plus de b\u00eatises que les autres, chacune ayant son domaine de d\u00e9lire, de malfaisance et d\u2019incomp\u00e9tence. Mais bizarrement, c\u2019est sur cette cha\u00eene, si l\u2019on en croit le tweet ci-dessous, qu\u2019on a entendu pratiquement le seul coup de gueule m\u00e9diatique contre le soutien public en paroles et en milliards de l\u2019UE aux \u00e9gorgeurs qui ont \u00e9t\u00e9 port\u00e9s au pouvoir en Syrie.<\/p>\n<p>Et pour ajouter \u00e0 la confusion, selon Herv\u00e9 Caresse, en tandem avec R\u00e9gis de Castelnau (conflit mondial, vid\u00e9o 94), Cnews est aussi la seule cha\u00eene qui a assez de courage pour contester la mani\u00e8re dont Macron s\u2019acharne \u00e0 terroriser la population, cette fois avec la fausse \u00ab\u00a0menace russe\u00a0\u00bb\u00a0!<\/p>\n<p>Les chemins de la v\u00e9rit\u00e9 sont <a target=\"_blank\" href=\"https:\/\/x.com\/naimamfaddel\/status\/1902261827142054125?ref_src=twsrc%5Etfw%7Ctwcamp%5Etweetembed%7Ctwterm%5E1902261827142054125%7Ctwgr%5E4330433d57e27c8ad3097d25920e5a3bd6b2afae%7Ctwcon%5Es1_&amp;ref_url=https%3A%2F%2Fwww.egaliteetreconciliation.fr%2FDu-woke-a-la-Terreur-78033.html\" class=\"spip_out\" rel=\"external\">d\u00e9cid\u00e9ment imp\u00e9n\u00e9trables<\/a>&#8230;<\/p>\n<p><strong>Aude Lancelin et Fran\u00e7ois B\u00e9gaudeau contre Laurent Ozon &#8211; L\u2019identit\u00e9 fran\u00e7aise vaut-elle un d\u00e9bat\u00a0?<\/strong><\/p>\n<p> J\u2019ai beaucoup d\u2019amis qui tentent de maintenir une barri\u00e8re \u00e9tanche entre ce qu\u2019ils voient comme les id\u00e9es, personnes, m\u00e9dias naus\u00e9abonds \u00ab\u00a0d\u2019extr\u00eame-droite\u00a0\u00bb et les id\u00e9es, personnes, m\u00e9dias halal, casher, purs. Le probl\u00e8me, c\u2019est qu\u2019\u00e0 force de s\u2019enfermer dans un cercle de plus en plus \u00e9troit, \u00e9litiste et intol\u00e9rant et de brasser toujours les m\u00eames id\u00e9es, avec toujours les m\u00eames personnes, on finit souvent par tourner en rond, tout \u00e0 fait st\u00e9rilement.<\/p>\n<p>On en a eu une belle d\u00e9monstration pendant l\u2019incroyable d\u00e9bat anim\u00e9 par Aude Lancelin entre Laurent Ozon catalogu\u00e9 \u2019\u00a0\u00bbextr\u00eame-droite\u00a0\u00bb et Fran\u00e7ois B\u00e9gaudeau\u00a0: <i>L\u2019identit\u00e9 fran\u00e7aise vaut-elle un d\u00e9bat\u00a0?<\/i><\/p>\n<p>En fait, il n\u2019y a pas eu d\u00e9bat pour cause d\u2019incapacit\u00e9 de dialoguer. Je ne sais pas ce qu\u2019aurait donn\u00e9 Ozon dans un contexte normal, je ne sais rien de lui, mais j\u2019ai \u00e9t\u00e9 bien d\u00e9\u00e7ue pour ne pas dire catastroph\u00e9e par la performance des deux repr\u00e9sentants embl\u00e9matiques de la gauche bobo, ou plut\u00f4t des deux commissaires politiques, qu\u2019il avait en face de lui. Aude Lancelin s\u2019est montr\u00e9e d\u2019une b\u00eatise crasse. On aurait dit qu\u2019elle ne comprenait m\u00eame pas ce qu\u2019Ozon disait, tellement elle \u00e9tait obs\u00e9d\u00e9e par le besoin de prouver qu\u2019il \u00e9tait d\u2019extr\u00eame-droite, raciste, etc&#8230; Quant \u00e0 B\u00e9gaudeau, je l\u2019ai trouv\u00e9 infect, malhonn\u00eate, arrogant, grossier, et vide. A part les sempiternels lieux communs de la gauche, il n\u2019avait rien \u00e0 dire, ce qui ne l\u2019a pas emp\u00each\u00e9 de p\u00e9rorer sous l\u2019\u0153il admiratif pour ne pas dire complice de la belle Aude. J\u2019\u00e9tais constern\u00e9e, car c\u2019est cette gauche (D\u00e9mocrates US), \u00e0 qui la posture morale et la certitude d\u2019avoir raison servent d\u2019argument, qui dirige la France (et l\u2019UE) d\u2019une main de fer depuis Mitterrand.<\/p>\n<p>La gauche social-libertaire (grosso modo, les socialistes + \u00e9cologistes) fran\u00e7aise semble de plus en plus enferm\u00e9e dans sa moraline intersectionnelle, et ne voit pas le monde \u00e9voluer parce qu\u2019elle est souvent d\u2019une grande paresse intellectuelle, confort\u00e9e par des d\u00e9cennies de supr\u00e9matie id\u00e9ologique. Elle voit le monde \u00e0 travers une grille de lecture \u00e9troite et d\u00e9pass\u00e9e&#8230;<\/p>\n<p>Par exemple, dans le d\u00e9bat, nos deux gauchistes n\u2019ont apparemment que faire des causes (l\u2019exploitation et l\u2019ing\u00e9nierie n\u00e9olib\u00e9rale) ni des cons\u00e9quences des migrations de masse, que ce soit pour les peuples d\u2019origine (qui perdent tant de leurs concitoyens actifs), ou pour les peuples chez qui ils d\u00e9barquent\u00a0; tout ce qu\u2019ils voient c\u2019est que, conform\u00e9ment \u00e0 l\u2019id\u00e9ologie Woke, ce sont des victimes et cela justifie tout et efface tout le reste.<\/p>\n<p>Ainsi quand laurent Ozon a demand\u00e9 \u00e0 B\u00e9gaudeau\u00a0: \u00ab\u00a0Les Irlandais qui arrivaient en Am\u00e9rique pour fuir la famine se voyaient-ils comme des colons\u00a0? Non, et pourtant ils en \u00e9taient bien\u00a0! \u00a0\u00bb Begaudeau n\u2019a pas su quoi dire, et il s\u2019en est sorti par une pirouette pleine de d\u00e9rision, comme \u00e0 son habitude&#8230;<\/p>\n<p>Il est clair que cette gauche est d\u00e9pass\u00e9e par les \u00e9volutions en cours, notamment l\u2019\u00e9chec du mondialisme et le retour du souverainisme, arc-bout\u00e9e qu\u2019elle est sur ses \u00ab\u00a0valeurs\u00a0\u00bb universelles wokistes et <a target=\"_blank\" href=\"https:\/\/www.youtube.com\/watch?v=DJWNZvS6eYc\" class=\"spip_out\" rel=\"external\">ses pr\u00e9jug\u00e9s de classe<\/a>.<\/p>\n<p>Comme dit mon amie Corinne\u00a0: \u00a0\u00bb De toute fa\u00e7on, on ne peut plus compter sur la gauche, parce qu\u2019elle est trop occup\u00e9e \u00e0 s\u2019entre-\u00e9charper au lieu de s\u2019unir avec le peuple pour combattre l\u2019ennemi commun\u00a0:\u00a0celui qui, \u00e0 la t\u00eate de l\u2019Etat, nous \u00ab\u00a0enfle\u00a0\u00bb tous\u00a0:\u00a0imagine que nous soyons tous dans une barque qui prend l\u2019eau. Si nous n\u2019\u00e9copons pas tous, nous allons sombrer bien avant d\u2019arriver au rivage. Nous avons grand besoin de tous les bras, personne ne doit manquer. Or, il y en a un qui refuse de mettre un gilet de sauvetage. Celui-l\u00e0, c\u2019est le gauchiste citadin bobo woke, avec son petit compte en banque confortable&#8230; C\u2019est un social-tra\u00eetre. Et c\u2019est \u00e0 cause de lui que le pays sombre\u00a0\u00bb.<\/p>\n<p><strong>Fabien Bougl\u00e9 &#8211; Dominique Voynet nomm\u00e9e dans un comit\u00e9 sur le nucl\u00e9aire\u00a0! Une honte&#8230;<\/strong><\/p>\n<p>Dominique Voynet a \u00e9t\u00e9 maire de Montreuil de 2008 \u00e0 2014. Elle a d\u00e9barqu\u00e9 pour sa campagne \u00e9lectorale directement du S\u00e9nat avec une \u00e9quipe de jeunes technocrates qui n\u2019ont fait qu\u2019une bouch\u00e9e du maire communiste de l\u2019\u00e9poque, Jean Pierre Brard, qui ne s\u2019\u00e9tait pas m\u00e9fi\u00e9. A la fin de son mandat, elle \u00e9tait tellement ha\u00efe des Montreuillois qu\u2019elle a \u00e9t\u00e9 exfiltr\u00e9e vers une sin\u00e9cure lucrative, puis une autre, avant d\u2019\u00eatre r\u00e9\u00e9lue, comme Hollande et Valls, aux \u00e9lections l\u00e9gislatives, o\u00f9 les socialistes ont clairement fait les fonds de poubelle pour trouver des candidats dont le nom \u00e9tait connu, m\u00eame en mal&#8230;<\/p>\n<p>Je n\u2019ai pas encore compris pourquoi toutes ces ordures \u00e9taient consciencieusement recycl\u00e9es par l\u2019Etat profond dans toutes sortes d\u2019inutiles &#8211;\u00a0mais luxueux &#8211;\u00a0comit\u00e9s\/agence\/commissions aux frais du contribuable. Est-ce pour les remercier de leur loyaut\u00e9 pass\u00e9e ou pour garder une sorte d\u2019arm\u00e9e de r\u00e9serves de politiciens corrompus ou parce que, pour cette caste \u00e0 qui la notion m\u00eame d\u2019int\u00e9r\u00eat g\u00e9n\u00e9ral est \u00e9trang\u00e8re, c\u2019est normal d\u2019\u00eatre entretenu dans le luxe toute sa vie aux frais de la population\u00a0?<\/p>\n<p>Pour en revenir \u00e0 Voynet, elle s\u2019est fait conna\u00eetre comme \u00ab\u00a0fossoyeuse du nucl\u00e9aire\u00a0\u00bb. Elle a obtenu, au moyen d\u2019une entourloupe, que le nucl\u00e9aire ne soit pas inclus dans les \u00e9nergies propres, ce qui a remis en cause toute la production nucl\u00e9aire fran\u00e7aise. A cet acte de forfaiture, elle en a ajout\u00e9 un second en 1998, l\u2019arr\u00eat de superph\u00e9nix, un surg\u00e9n\u00e9rateur \u00e0 neutron rapides qui \u00e9tait construit et op\u00e9rationnel, qui nous donnait 30 ans d\u2019avance sur le monde entier et qui recyclait les d\u00e9chets nucl\u00e9aires. Voynet a d\u00e9truit et sabot\u00e9 le nucl\u00e9aire fran\u00e7ais, ce qui a provoqu\u00e9 une grosse augmentation de la facture des Fran\u00e7ais.<\/p>\n<p>Le fait qu\u2019elle soit nomm\u00e9e par la Pr\u00e9sidente de l\u2019assembl\u00e9e \u00e0 une autorit\u00e9 de s\u00e9curisation nucl\u00e9aire, c\u2019est le pompon. Cela montre qu\u2019il y a une 5\u00e8 colonne qui agit dans l\u2019ombre pour saboter le nucl\u00e9aire fran\u00e7ais, <a target=\"_blank\" href=\"https:\/\/www.youtube.com\/watch?v=vR6XkrQwxpQ\" class=\"spip_out\" rel=\"external\">en partie pour complaire \u00e0 l\u2019Allemagne<\/a>.<\/p>\n<p><strong>Les films \u00e0 l\u2019arrache &#8211; Mourir pour l\u2019Ukraine\u00a0?<\/strong><\/p>\n<p>Oui, mais <a target=\"_blank\" href=\"https:\/\/www.youtube.com\/watch?v=zUe1KVgkA3s\" class=\"spip_out\" rel=\"external\">apr\u00e8s vous<\/a>\u00a0!<\/p>\n<\/div>\n<p><script async defer>(function(d, s, id) {\nvar js, fjs = d.getElementsByTagName(s)[0];\nif (d.getElementById(id)) return;\njs = d.createElement(s); js.id = id;\njs.src=\"https:\/\/connect.facebook.net\/fr_FR\/sdk.js#xfbml=1&version=v3.0\";\nfjs.parentNode.insertBefore(js, fjs);\n}(document, 'script', 'facebook-jssdk'));<\/script><br \/>\n<br \/><br \/>\n<br \/><a href=\"https:\/\/www.legrandsoir.info\/l-europe-etait-belle-autrefois-sa-tragedie-est-qu-elle-n-a-jamais-su-s-arreter.html\" target=\"_blank\"\">Source link <\/a><\/p>\n","protected":false},"excerpt":{"rendered":"<p>\u00ab\u00a0Regardez l\u2019Europe\u00a0: un continent au stade final de la consommation, qui siffle des slogans creux \u00e9voquant la \u00ab\u00a0d\u00e9mocratie\u00a0\u00bb et les \u00ab\u00a0droits de l\u2019homme\u00a0\u00bb tandis que ses villes br\u00fblent et que&hellip; <\/p>\n","protected":false},"author":1,"featured_media":5241,"comment_status":"open","ping_status":"open","sticky":false,"template":"","format":"standard","meta":{"footnotes":""},"categories":[1],"tags":[],"class_list":["post-5240","post","type-post","status-publish","format-standard","has-post-thumbnail","hentry","category-non-classe"],"_links":{"self":[{"href":"https:\/\/monde25.info\/index.php\/wp-json\/wp\/v2\/posts\/5240","targetHints":{"allow":["GET"]}}],"collection":[{"href":"https:\/\/monde25.info\/index.php\/wp-json\/wp\/v2\/posts"}],"about":[{"href":"https:\/\/monde25.info\/index.php\/wp-json\/wp\/v2\/types\/post"}],"author":[{"embeddable":true,"href":"https:\/\/monde25.info\/index.php\/wp-json\/wp\/v2\/users\/1"}],"replies":[{"embeddable":true,"href":"https:\/\/monde25.info\/index.php\/wp-json\/wp\/v2\/comments?post=5240"}],"version-history":[{"count":0,"href":"https:\/\/monde25.info\/index.php\/wp-json\/wp\/v2\/posts\/5240\/revisions"}],"wp:featuredmedia":[{"embeddable":true,"href":"https:\/\/monde25.info\/index.php\/wp-json\/wp\/v2\/media\/5241"}],"wp:attachment":[{"href":"https:\/\/monde25.info\/index.php\/wp-json\/wp\/v2\/media?parent=5240"}],"wp:term":[{"taxonomy":"category","embeddable":true,"href":"https:\/\/monde25.info\/index.php\/wp-json\/wp\/v2\/categories?post=5240"},{"taxonomy":"post_tag","embeddable":true,"href":"https:\/\/monde25.info\/index.php\/wp-json\/wp\/v2\/tags?post=5240"}],"curies":[{"name":"wp","href":"https:\/\/api.w.org\/{rel}","templated":true}]}}