{"id":5242,"date":"2025-03-26T13:43:58","date_gmt":"2025-03-26T12:43:58","guid":{"rendered":"https:\/\/monde25.info\/index.php\/2025\/03\/26\/au-tribunal-yannick-jadot-persiste\/"},"modified":"2025-03-26T13:43:58","modified_gmt":"2025-03-26T12:43:58","slug":"au-tribunal-yannick-jadot-persiste","status":"publish","type":"post","link":"https:\/\/monde25.info\/index.php\/2025\/03\/26\/au-tribunal-yannick-jadot-persiste\/","title":{"rendered":"au tribunal, Yannick Jadot persiste"},"content":{"rendered":"<p> <br \/>\n<\/p>\n<div>\n<p class=\"indication_lieu\">Paris, reportage<\/p>\n<p><i>\u00ab<small class=\"fine d-inline\">\u00a0<\/small>Il est inacceptable que Total reste la derni\u00e8re multinationale du p\u00e9trole et du gaz pr\u00e9sente en Russie, c\u2019est une complicit\u00e9 inacceptable<small class=\"fine d-inline\">\u00a0<\/small>\u00bb<\/i>, insistait Yannick Jadot \u00e0 chacun de ses passages dans des m\u00e9dias. Au-dessus des magistrats de la 17<sup class=\"typo_exposants\">e<\/sup> chambre du tribunal correctionnel de Paris plong\u00e9s dans l\u2019obscurit\u00e9, ce 25\u00a0mars 2025, un \u00e9cran diffusait une s\u00e9rie d\u2019interviews captur\u00e9es trois ans plus t\u00f4t, entre le 5 et le 24\u00a0mars 2022.<\/p>\n<p>Alors d\u00e9put\u00e9 europ\u00e9en et candidat \u00e0 l\u2019\u00e9lection pr\u00e9sidentielle, l\u2019\u00e9cologiste r\u00e9p\u00e9tait les m\u00eames mots\u00a0: en ne quittant pas la Russie, la soci\u00e9t\u00e9 fran\u00e7aise p\u00e9trogazi\u00e8re TotalEnergies se rendait complice de crimes de guerre.<\/p>\n<p>\u00c0 tel point que la multinationale a d\u00e9cid\u00e9 de poursuivre l\u2019homme politique \u00e9cologiste pour <i>\u00ab<small class=\"fine d-inline\">\u00a0<\/small>diffamation publique<small class=\"fine d-inline\">\u00a0<\/small>\u00bb<\/i>. Elle r\u00e9clame 1 euro de dommages et int\u00e9r\u00eats, tandis que l\u2019avocat du s\u00e9nateur \u00e9cologiste a plaid\u00e9 la relaxe. Le tribunal rendra sa d\u00e9cision le 6\u00a0juin.<\/p>\n<p>En mars 2022, l\u2019invasion massive de l\u2019Ukraine par la Russie venait de commencer, et la campagne \u00e9lectorale pour la pr\u00e9sidentielle fran\u00e7aise battait son plein. <a target=\"_blank\" href=\"https:\/\/www.lefigaro.fr\/societes\/guerre-en-ukraine-totalenergies-n-apportera-plus-de-capital-a-de-nouveaux-projets-en-russie-20220301\" class=\"spip_out\" rel=\"external\">Le groupe avait annonc\u00e9<\/a> le 1<sup class=\"typo_exposants\">er<\/sup>\u00a0mars qu\u2019il <i>\u00ab<small class=\"fine d-inline\">\u00a0<\/small>n\u2019apportera[it] plus de capital \u00e0 de nouveaux projets en Russie<small class=\"fine d-inline\">\u00a0<\/small>\u00bb<\/i>, sans pour autant se retirer des projets dans lesquels il \u00e9tait investi.<\/p>\n<p>\u00c0 l\u2019inverse, d\u2019autres majors p\u00e9troli\u00e8res, comme les britanniques Shell et <span class=\"caps\">BP<\/span>, venaient d\u2019indiquer qu\u2019elles allaient se retirer de leurs projets en Russie et vendre les parts de soci\u00e9t\u00e9s russes qu\u2019elles d\u00e9tenaient.<\/p>\n<h2 class=\"spip\">Total est toujours actionnaire \u00e0 19,4<small class=\"fine d-inline\">\u00a0<\/small>% de l\u2019entreprise de gaz russe Novatek<\/h2>\n<p>Une fois la lumi\u00e8re rallum\u00e9e, ce 25\u00a0mars 2025, Yannick Jadot se tenait donc debout devant la barre des pr\u00e9venus, reconnaissant que l\u2019ensemble des vid\u00e9os, extraits d\u2019articles et tweets expos\u00e9s devant le tribunal correspondait \u00e0 ses d\u00e9clarations de l\u2019\u00e9poque.<\/p>\n<p><i>\u00ab<small class=\"fine d-inline\">\u00a0<\/small>D\u00e8s les premiers jours [apr\u00e8s l\u2019invasion de l\u2019Ukraine par la Russie, le 24\u00a0f\u00e9vrier 2022], des rapports des Nations unies, d\u2019Amnesty International, d\u00e9montraient qu\u2019il y avait des crimes de guerre, des bombardements de population civile, des massacres<small class=\"fine d-inline\">\u00a0<\/small>\u00bb<\/i>, a-t-il d\u2019abord rappel\u00e9 aux magistrats.<\/p>\n<p>En poursuivant\u00a0: <i>\u00ab<small class=\"fine d-inline\">\u00a0<\/small>Or d\u00e8s les premiers jours, Cl\u00e9ment Beaune [alors ministre de l\u2019Europe] confirmait que <a target=\"_blank\" href=\"https:\/\/www.vie-publique.fr\/discours\/284420-clement-beaune-10032022-situation-militaire-et-geopolitique-en-ukraine\" class=\"spip_out\" rel=\"external\">c\u2019\u00e9tait \u00e0 cause du p\u00e9trole et du gaz russes<\/a> qu\u2019\u00e9tait financ\u00e9 l\u2019effort de guerre. Bruno Le Maire [alors ministre de l\u2019\u00c9conomie] <a target=\"_blank\" href=\"https:\/\/www.lemonde.fr\/international\/article\/2022\/03\/01\/totalenergies-et-engie-en-russie-bruno-le-maire-evoque-un-probleme-de-principe-a-travailler-avec-des-proches-du-pouvoir-russe_6115681_3210.html\" class=\"spip_out\" rel=\"external\">disait aussi<\/a> qu\u2019on ne pouvait pas continuer \u00e0 avoir des relations avec des proches du pouvoir russe.<small class=\"fine d-inline\">\u00a0<\/small>\u00bb<\/i><\/p>\n<p>TotalEnergies \u00e9tait justement \u2014 et est toujours \u2014 actionnaire \u00e0 19,4<small class=\"fine d-inline\">\u00a0<\/small>% de l\u2019entreprise de gaz russe Novatek. L\u2019entreprise d\u00e9tient une participation dans les projets russes de gaz naturel liqu\u00e9fi\u00e9 Yamal <span class=\"caps\">LNG<\/span> (20<small class=\"fine d-inline\">\u00a0<\/small>%), et Arctic <span class=\"caps\">LNG<\/span>\u00a02 (10<small class=\"fine d-inline\">\u00a0<\/small>%).<\/p>\n<blockquote class=\"spip\">\n<p>\u00ab<small class=\"fine d-inline\">\u00a0<\/small>Il y avait quelque chose qui me soulevait le c\u0153ur<small class=\"fine d-inline\">\u00a0<\/small>\u00bb<\/p>\n<\/blockquote>\n<p><i>\u00ab<small class=\"fine d-inline\">\u00a0<\/small>Apr\u00e8s le 16\u00a0mars et le bombardement du th\u00e9\u00e2tre de Marioupol, il y avait quelque chose qui me soulevait le c\u0153ur<\/i>, a d\u00e9clar\u00e9 Yannick Jadot devant le tribunal. <i>C\u2019\u00e9tait quoi mon r\u00f4le en tant que candidat \u00e0 l\u2019\u00e9lection pr\u00e9sidentielle<small class=\"fine d-inline\">\u00a0<\/small>? J\u2019avais la possibilit\u00e9 de parler, je devais dire qu\u2019on ne pouvait pas \u00eatre en complicit\u00e9 avec le r\u00e9gime russe.<small class=\"fine d-inline\">\u00a0<\/small>\u00bb<\/i><\/p>\n<p>L\u2019eurod\u00e9put\u00e9 Rapha\u00ebl Glucksmann (Place publique), convoqu\u00e9 pour t\u00e9moigner au proc\u00e8s, a abond\u00e9\u00a0: <i>\u00ab<small class=\"fine d-inline\">\u00a0<\/small>C\u2019est la responsabilit\u00e9 d\u2019un dirigeant, qui plus est en campagne \u00e9lectorale, de poser ces questions dans le d\u00e9bat public. Pourquoi Total ne se retire pas de la Russie<small class=\"fine d-inline\">\u00a0<\/small>?<small class=\"fine d-inline\">\u00a0<\/small>\u00bb<\/i><\/p>\n<h2 class=\"spip\">Ravitaillement d\u2019avions de guerre<\/h2>\n<p>Mai Rosner, de l\u2019<span class=\"caps\">ONG<\/span> britannique Global Witness, s\u2019est \u00e9galement d\u00e9plac\u00e9e pour rappeler au tribunal que <i>\u00ab<small class=\"fine d-inline\">\u00a0<\/small>la Russie d\u00e9pend \u00e9norm\u00e9ment de la vente de combustibles fossiles\u00a0: un tiers des revenus annuels du Kremlin est issu des recettes fiscales impos\u00e9es sur la production et l\u2019exportation de combustibles fossiles<small class=\"fine d-inline\">\u00a0<\/small>\u00bb<\/i>. Autrement dit, selon elle, pour continuer de financer la guerre, Moscou a besoin des projets d\u2019\u00e9nergies fossiles, et <i>a fortiori<\/i> d\u2019entreprises comme TotalEnergies.<\/p>\n<p><a target=\"_blank\" href=\"https:\/\/www.lemonde.fr\/international\/article\/2022\/08\/24\/comment-le-gaz-de-totalenergies-sert-de-carburant-aux-avions-de-combat-russes-en-ukraine_6138867_3210.html\" class=\"spip_out\" rel=\"external\">Une enqu\u00eate du journal <i>Le Monde<\/i><\/a>, en partenariat avec Global Witness, <a target=\"_blank\" href=\"https:\/\/reporterre.net\/TotalEnergies-accuse-de-fournir-du-carburant-aux-avions-de-guerre-russes\">a \u00e9galement r\u00e9v\u00e9l\u00e9<\/a> en ao\u00fbt 2022 \u2014 soit apr\u00e8s les propos de Yannick Jadot pour lesquels Yannick Jadot est poursuivi, ce qui n\u2019a pu \u00eatre pris en compte par le tribunal \u2014 qu\u2019un gisement de gaz sib\u00e9rien, cod\u00e9tenu par TotalEnergies, aurait permis de ravitailler des avions de guerre russes, qui auraient frapp\u00e9 la population civile ukrainienne.<\/p>\n<p><i>\u00ab<small class=\"fine d-inline\">\u00a0<\/small>Il faut arr\u00eater le conflit aliment\u00e9 par les combustibles fossiles, dont les bombes ruinent nos vies et tuent nos enfants. Je parle au nom de tous les Ukrainiens<small class=\"fine d-inline\">\u00a0<\/small>\u00bb<\/i>, s\u2019est exclam\u00e9 Iryna Ptashnyk, responsable de la recherche pour l\u2019<span class=\"caps\">ONG<\/span> ukrainienne Razom We Stand, venue t\u00e9moigner.<\/p>\n<h2 class=\"spip\">La multinationale vante son \u00ab<small class=\"fine d-inline\">\u00a0<\/small>honn\u00eatet\u00e9<small class=\"fine d-inline\">\u00a0<\/small>\u00bb<\/h2>\n<p>Tout au long des huit heures du proc\u00e8s, les avocats repr\u00e9sentant TotalEnergies n\u2019ont pas r\u00e9ellement cherch\u00e9 \u00e0 infirmer les accusations de complicit\u00e9 de crime de guerre \u2014 ce n\u2019\u00e9tait d\u2019ailleurs pas ce que le tribunal devait trancher, puisque seul Yannick Jadot \u00e9tait jug\u00e9 pour diffamation. Ils ont surtout tent\u00e9 de d\u00e9montrer dans leur argumentation que le groupe p\u00e9trogazier ne pouvait pas choisir <i>\u00ab<small class=\"fine d-inline\">\u00a0<\/small>seul dans son coin<small class=\"fine d-inline\">\u00a0<\/small>\u00bb<\/i> de se retirer de la Russie. <i>\u00ab<small class=\"fine d-inline\">\u00a0<\/small>C\u2019est au niveau politique que cela doit se g\u00e9rer, ce n\u2019est pas \u00e0 Total de d\u00e9cider<small class=\"fine d-inline\">\u00a0<\/small>\u00bb,<\/i> a affirm\u00e9 M<sup class=\"typo_exposants\">e<\/sup> Basile Ader.<\/p>\n<p>Il a d\u2019ailleurs voulu rappeler \u00e0 de nombreuses reprises que les concurrents de TotalEnergies qui avaient annonc\u00e9 se retirer de la Russie y \u00e9taient en r\u00e9alit\u00e9 toujours. <i>\u00ab<small class=\"fine d-inline\">\u00a0<\/small>Est-ce qu\u2019il vous semble pr\u00e9f\u00e9rable d\u2019indiquer avoir l\u2019intention de partir [de la Russie] et ne pas le faire, ou d\u2019indiquer des principes d\u2019action et s\u2019y tenir<small class=\"fine d-inline\">\u00a0<\/small>?<small class=\"fine d-inline\">\u00a0<\/small>\u00bb<\/i>, a \u00e9galement interrog\u00e9 M<sup class=\"typo_exposants\">e<\/sup> Antonin L\u00e9vy.<\/p>\n<p><a target=\"_blank\" href=\"https:\/\/reporterre.net\/Je-ne-pouvais-plus-ingenieur-chez-Total-Xavier-a-demissionne\" class=\"lien_lireaussi\"><strong>Lire aussi : <\/strong> <span>\u00ab<small class=\"fine d-inline\">\u00a0<\/small>Je ne pouvais plus<small class=\"fine d-inline\">\u00a0<\/small>\u00bb\u00a0: ing\u00e9nieur chez Total, Xavier a d\u00e9missionn\u00e9<\/span><\/a><\/p>\n<p>Les avocats de la multinationale sont all\u00e9s jusqu\u2019\u00e0 louer l\u2019<i>\u00ab<small class=\"fine d-inline\">\u00a0<\/small>honn\u00eatet\u00e9<small class=\"fine d-inline\">\u00a0<\/small>\u00bb<\/i> et la <i>\u00ab<small class=\"fine d-inline\">\u00a0<\/small>transparence<small class=\"fine d-inline\">\u00a0<\/small>\u00bb<\/i> de TotalEnergies, attaqu\u00e9e selon eux par Yannick Jadot car il serait m\u00fb par une <i>\u00ab<small class=\"fine d-inline\">\u00a0<\/small>animosit\u00e9 personnelle<small class=\"fine d-inline\">\u00a0<\/small>\u00bb<\/i> de longue date contre la soci\u00e9t\u00e9 p\u00e9trogazi\u00e8re. \u00c0 cause de cette plainte, l\u2019\u00e9lu, rapporteur d\u2019une commission d\u2019enqu\u00eate sur TotalEnergies, avait d\u00fb se <i>\u00ab<small class=\"fine d-inline\">\u00a0<\/small>d\u00e9porter<small class=\"fine d-inline\">\u00a0<\/small>\u00bb<\/i> des questions touchant la Russie.<\/p>\n<p>De fait, l\u2019\u00e9cologiste \u00e9voque r\u00e9guli\u00e8rement TotalEnergies dans ses prises de parole, car la multinationale <a target=\"_blank\" href=\"https:\/\/reporterre.net\/Total-fete-ses-100-ans-retour-sur-ses-mefaits-en-5-dates-cles\">multiplie les projets climaticides<\/a>. Son bilan carbone en 2023 s\u2019\u00e9levait \u00e0 environ 400 millions de tonnes de <span class=\"caps\">CO<\/span><sub>2<\/sub>, soit l\u2019\u00e9quivalent, en ordre de grandeur, des \u00e9missions de la France.<\/p>\n<aside class=\"boite_encarts\">\n<div class=\"encart encart_gris noprint\">\n<p><strong>Puisque vous \u00eates l\u00e0&#8230;<\/strong><\/p>\n<p>&#8230; nous avons un petit service \u00e0 vous demander.<br class=\"autobr\"\/><br \/>\nEntre la pr\u00e9sence d\u2019un climatosceptique \u00e0 la t\u00eate de la premi\u00e8re puissance mondiale, un gouvernement fran\u00e7ais qui flirte avec l\u2019extr\u00eame-droite, et les catastrophes climatiques qui s\u2019enchainent&#8230; Faire vivre l\u2019\u00e9cologie dans le d\u00e9bat public est un enjeu crucial.<\/p>\n<p>Personne ne modifie ce que nous publions. Nous n\u2019avons ni actionnaire, ni propri\u00e9taire milliardaire \u2014 seulement une \u00e9quipe d\u2019irr\u00e9ductibles journalistes, pleine de d\u00e9termination.<\/p>\n<p>Nous avons la conviction que l\u2019urgence \u00e9cologique est l\u2019enjeu majeur de notre \u00e9poque. Et comme plus de 2 millions de lectrices et lecteurs chaque mois, vous partagez sans doute cette conviction&#8230;<\/p>\n<p><strong>Depuis 12 ans, nous publions des articles de qualit\u00e9 sur l\u2019\u00e9cologie, en acc\u00e8s libre et sans publicit\u00e9, pour tous.<\/strong><br class=\"autobr\"\/><br \/>\nMais ce travail demande beaucoup de temps et de ressources.<\/p>\n<p>Alors, si vous en avez les moyens, sachez qu\u2019un don, m\u00eame d\u20191\u20ac, est un acte de soutien fort pour l\u2019\u00e9cologie et le journalisme ind\u00e9pendant.<br class=\"autobr\"\/><br \/>\n(Et \u00e7a vous prendra moins de temps que la lecture de ce texte).<\/p>\n<p><strong>Si vous le pouvez, choisissez un soutien mensuel. Merci.<\/strong><\/p>\n<p><a target=\"_blank\" href=\"https:\/\/reporterre.net\/dons\" class=\"bt_soutenir\">Je soutiens <i>Reporterre<\/i><\/a><\/p>\n<\/p><\/div>\n<div class=\"encart encart_vert noprint montre_1023\">\n<div class=\"infolettre-form-container noprint\">\n<p>Abonnez-vous \u00e0 la lettre d\u2019info de Reporterre<\/p>\n<\/div><\/div>\n<\/aside>\n<aside class=\"boite_apresarticle encart_note\">\n<h4>Apr\u00e8s cet article<\/h4>\n<p>      <a target=\"_blank\" href=\"https:\/\/reporterre.net\/De-la-COP28-a-la-COP29-l-annee-climaticide-de-TotalEnergies-mise-en-lumiere-par-l-ONG\" class=\"lien_article\">\n      <picture class=\"vignette_gauche\"><source type=\"image\/webp\" srcset=\"https:\/\/reporterre.net\/local\/cache-vignettes\/L450xH300\/img_0459-poc-69051.jpg@.webp?1737368648\"><img decoding=\"async\" src=\"https:\/\/reporterre.net\/local\/cache-vignettes\/L450xH300\/img_0459-poc-69051.jpg?1737368648\" width=\"450\" height=\"300\" alt=\"\" class=\"marge12\" loading=\"lazy\"\/><br \/>\n<\/source><\/picture>\n<p class=\"libelle\">\n<p>      Climat\n    <\/p>\n<p class=\"titre pol20\">Total a investi dans 21 projets fossiles depuis la derni\u00e8re <span class=\"caps\">COP<\/span><\/p>\n<p>      <\/a><br \/>\n    <\/aside>\n<aside class=\"boite_complement texte\">\n<p>      <!-- zone_forum --><br \/>\n          <\/aside>\n<aside class=\"boite_lireaussi noprint\">\n<\/aside>\n<aside class=\"colonne\">\n<div class=\"article_info cache_1023 noprint\">\n<p>    <span class=\"date\">26 mars 2025  \u00e0 09h40<\/span><\/p>\n<p>    <span class=\"date_modif\">Mis \u00e0 jour le 26 mars 2025 \u00e0 11h41<\/span>      <\/p>\n<p class=\"duree_lecture\">\n        Dur\u00e9e de lecture : 6 minutes\n      <\/p>\n<\/p><\/div>\n<div class=\"bloc_infolettre\">\n<div class=\"infolettre-form-container noprint\">\n<p>Abonnez-vous \u00e0 la lettre d\u2019info de Reporterre<\/p>\n<\/div><\/div>\n<\/aside>\n<div id=\"galerie\">\n  <img decoding=\"async\" src=\"\" class=\"principale\" id=\"principale\"\/><\/p>\n<p id=\"legende\">legende<\/p>\n<\/div>\n<footer class=\"noprint\">\n<\/footer>\n<\/div>\n<p><br \/>\n<br \/><a href=\"https:\/\/reporterre.net\/Total-complice-des-crimes-de-Poutine-au-tribunal-Yannick-Jadot-persiste\" target=\"_blank\"\">Source link <\/a><\/p>\n","protected":false},"excerpt":{"rendered":"<p>Paris, reportage \u00ab\u00a0Il est inacceptable que Total reste la derni\u00e8re multinationale du p\u00e9trole et du gaz pr\u00e9sente en Russie, c\u2019est une complicit\u00e9 inacceptable\u00a0\u00bb, insistait Yannick Jadot \u00e0 chacun de ses&hellip; <\/p>\n","protected":false},"author":1,"featured_media":5243,"comment_status":"open","ping_status":"open","sticky":false,"template":"","format":"standard","meta":{"footnotes":""},"categories":[1],"tags":[],"class_list":["post-5242","post","type-post","status-publish","format-standard","has-post-thumbnail","hentry","category-non-classe"],"_links":{"self":[{"href":"https:\/\/monde25.info\/index.php\/wp-json\/wp\/v2\/posts\/5242","targetHints":{"allow":["GET"]}}],"collection":[{"href":"https:\/\/monde25.info\/index.php\/wp-json\/wp\/v2\/posts"}],"about":[{"href":"https:\/\/monde25.info\/index.php\/wp-json\/wp\/v2\/types\/post"}],"author":[{"embeddable":true,"href":"https:\/\/monde25.info\/index.php\/wp-json\/wp\/v2\/users\/1"}],"replies":[{"embeddable":true,"href":"https:\/\/monde25.info\/index.php\/wp-json\/wp\/v2\/comments?post=5242"}],"version-history":[{"count":0,"href":"https:\/\/monde25.info\/index.php\/wp-json\/wp\/v2\/posts\/5242\/revisions"}],"wp:featuredmedia":[{"embeddable":true,"href":"https:\/\/monde25.info\/index.php\/wp-json\/wp\/v2\/media\/5243"}],"wp:attachment":[{"href":"https:\/\/monde25.info\/index.php\/wp-json\/wp\/v2\/media?parent=5242"}],"wp:term":[{"taxonomy":"category","embeddable":true,"href":"https:\/\/monde25.info\/index.php\/wp-json\/wp\/v2\/categories?post=5242"},{"taxonomy":"post_tag","embeddable":true,"href":"https:\/\/monde25.info\/index.php\/wp-json\/wp\/v2\/tags?post=5242"}],"curies":[{"name":"wp","href":"https:\/\/api.w.org\/{rel}","templated":true}]}}