{"id":5244,"date":"2025-03-26T14:17:21","date_gmt":"2025-03-26T13:17:21","guid":{"rendered":"https:\/\/monde25.info\/index.php\/2025\/03\/26\/philosophie-de-la-calembredaine-reseau-international\/"},"modified":"2025-03-26T14:17:21","modified_gmt":"2025-03-26T13:17:21","slug":"philosophie-de-la-calembredaine-reseau-international","status":"publish","type":"post","link":"https:\/\/monde25.info\/index.php\/2025\/03\/26\/philosophie-de-la-calembredaine-reseau-international\/","title":{"rendered":"Philosophie de la calembredaine &#8211; R\u00e9seau International"},"content":{"rendered":"<p> <br \/>\n<\/p>\n<div>\n<p>par <strong>Oncle Fernand<\/strong><\/p>\n<p>C\u2019est bien l\u00e0 le probl\u00e8me de la conception du pouvoir. Les erreurs\u00a0r\u00e9p\u00e9t\u00e9es des\u00a0\u00absachants\u00bb. Le sectarisme des gauchistes. Et en ce\u00a0moment, \u00e0 constater l\u2019imb\u00e9cilit\u00e9 qui r\u00e8gne au sein de\u00a0l\u2019ex\u00e9cutif occidental, des convictions du wokisme, des m\u00e9dias des milliardaires, c\u2019est on n\u2019peut plus criant de v\u00e9rit\u00e9.<\/p>\n<p>Seulement, moi-m\u00eame, nous-m\u00eame, de temps \u00e0 autre ne sommes-nous pas tomb\u00e9s dans le pi\u00e8ge de la certitude ? Toujours est-il que c\u2019est comme les \u00e9pices, une affaire de dosage. Ainsi donc, donnons la primeur au raisonnement plut\u00f4t qu\u2019\u00e0 la\u00a0conviction. M\u00eame si, je l\u2019avoue, ce n\u2019est pas toujours facile.<\/p>\n<p><iframe loading=\"lazy\" title=\"Pourquoi les gens stupides ne doutent jamais d&#039;eux-m\u00eames - L&#039;effet Dunning-Kruger\" width=\"1110\" height=\"624\" src=\"https:\/\/www.youtube.com\/embed\/5I4amf9-98k?feature=oembed\" frameborder=\"0\" allow=\"accelerometer; autoplay; clipboard-write; encrypted-media; gyroscope; picture-in-picture; web-share\" referrerpolicy=\"strict-origin-when-cross-origin\" allowfullscreen><\/iframe><\/p>\n<div class=\"sharedaddy sd-block sd-like jetpack-likes-widget-wrapper jetpack-likes-widget-unloaded\" id=\"like-post-wrapper-237719536-449479-67e3fdeb29d5e\" data-src=\"https:\/\/widgets.wp.com\/likes\/?ver=14.2.1#blog_id=237719536&amp;post_id=449479&amp;origin=reseauinternational.net&amp;obj_id=237719536-449479-67e3fdeb29d5e&amp;n=1\" data-name=\"like-post-frame-237719536-449479-67e3fdeb29d5e\" data-title=\"Aimer ou rebloguer\">\n<h3 class=\"sd-title\">J\u2019aime \u00e7a\u00a0:<\/h3>\n<p><span class=\"button\"><span>J\u2019aime<\/span><\/span> <span class=\"loading\">chargement\u2026<\/span><\/p>\n<p><span class=\"sd-text-color\"\/><a target=\"_blank\" class=\"sd-link-color\"\/><\/div>\n<p><meta itemscope=\"\" itemprop=\"mainEntityOfPage\" itemtype=\"https:\/\/schema.org\/WebPage\" itemid=\"https:\/\/reseauinternational.net\/philosophie-de-la-calembredaine\/\"\/><meta itemprop=\"headline\" content=\"Philosophie de la calembredaine\"\/><span style=\"display: none;\" itemprop=\"author\" itemscope=\"\" itemtype=\"https:\/\/schema.org\/Person\"><meta itemprop=\"name\" content=\"R\u00e9seau International\"\/><\/span><span style=\"display: none;\" itemprop=\"image\" itemscope=\"\" itemtype=\"https:\/\/schema.org\/ImageObject\"><meta itemprop=\"url\" content=\"https:\/\/i0.wp.com\/reseauinternational.net\/wp-content\/uploads\/2025\/03\/Sans-titre-63.png?fit=800%2C467&amp;quality=100&amp;ssl=1\"\/><meta itemprop=\"width\" content=\"800\"\/><meta itemprop=\"height\" content=\"467\"\/><\/span><span style=\"display: none;\" itemprop=\"publisher\" itemscope=\"\" itemtype=\"https:\/\/schema.org\/Organization\"><span style=\"display: none;\" itemprop=\"logo\" itemscope=\"\" itemtype=\"https:\/\/schema.org\/ImageObject\"><meta itemprop=\"url\" content=\"https:\/\/reseauinternational.net\/wp-content\/uploads\/2022\/06\/Capture-de\u0301cran-2022-06-14-a\u0300-16.51.07.png\"\/><\/span><meta itemprop=\"name\" content=\"R\u00e9seau International\"\/><\/span><meta itemprop=\"datePublished\" content=\"2025-03-26T10:14:39+00:00\"\/><meta itemprop=\"dateModified\" content=\"2025-03-26T10:18:13+00:00\"\/><\/div>\n<p><br \/>\n<br \/><a href=\"https:\/\/reseauinternational.net\/philosophie-de-la-calembredaine\/\" target=\"_blank\"\">Source link <\/a><\/p>\n","protected":false},"excerpt":{"rendered":"<p>par Oncle Fernand C\u2019est bien l\u00e0 le probl\u00e8me de la conception du pouvoir. Les erreurs\u00a0r\u00e9p\u00e9t\u00e9es des\u00a0\u00absachants\u00bb. Le sectarisme des gauchistes. Et en ce\u00a0moment, \u00e0 constater l\u2019imb\u00e9cilit\u00e9 qui r\u00e8gne au sein&hellip; <\/p>\n","protected":false},"author":1,"featured_media":5245,"comment_status":"open","ping_status":"open","sticky":false,"template":"","format":"standard","meta":{"footnotes":""},"categories":[1],"tags":[],"class_list":["post-5244","post","type-post","status-publish","format-standard","has-post-thumbnail","hentry","category-non-classe"],"_links":{"self":[{"href":"https:\/\/monde25.info\/index.php\/wp-json\/wp\/v2\/posts\/5244","targetHints":{"allow":["GET"]}}],"collection":[{"href":"https:\/\/monde25.info\/index.php\/wp-json\/wp\/v2\/posts"}],"about":[{"href":"https:\/\/monde25.info\/index.php\/wp-json\/wp\/v2\/types\/post"}],"author":[{"embeddable":true,"href":"https:\/\/monde25.info\/index.php\/wp-json\/wp\/v2\/users\/1"}],"replies":[{"embeddable":true,"href":"https:\/\/monde25.info\/index.php\/wp-json\/wp\/v2\/comments?post=5244"}],"version-history":[{"count":0,"href":"https:\/\/monde25.info\/index.php\/wp-json\/wp\/v2\/posts\/5244\/revisions"}],"wp:featuredmedia":[{"embeddable":true,"href":"https:\/\/monde25.info\/index.php\/wp-json\/wp\/v2\/media\/5245"}],"wp:attachment":[{"href":"https:\/\/monde25.info\/index.php\/wp-json\/wp\/v2\/media?parent=5244"}],"wp:term":[{"taxonomy":"category","embeddable":true,"href":"https:\/\/monde25.info\/index.php\/wp-json\/wp\/v2\/categories?post=5244"},{"taxonomy":"post_tag","embeddable":true,"href":"https:\/\/monde25.info\/index.php\/wp-json\/wp\/v2\/tags?post=5244"}],"curies":[{"name":"wp","href":"https:\/\/api.w.org\/{rel}","templated":true}]}}