{"id":5246,"date":"2025-03-26T14:50:50","date_gmt":"2025-03-26T13:50:50","guid":{"rendered":"https:\/\/monde25.info\/index.php\/2025\/03\/26\/sarkozy-commanditaire-dun-pacte-de-corruption-indecent-avec-kadhafi-selon-le-parquet-financier\/"},"modified":"2025-03-26T14:50:50","modified_gmt":"2025-03-26T13:50:50","slug":"sarkozy-commanditaire-dun-pacte-de-corruption-indecent-avec-kadhafi-selon-le-parquet-financier","status":"publish","type":"post","link":"https:\/\/monde25.info\/index.php\/2025\/03\/26\/sarkozy-commanditaire-dun-pacte-de-corruption-indecent-avec-kadhafi-selon-le-parquet-financier\/","title":{"rendered":"Sarkozy \u00ab\u00a0commanditaire\u00a0\u00bb d&rsquo;un pacte de corruption \u00ab\u00a0ind\u00e9cent\u00a0\u00bb avec Kadhafi, selon le parquet financier"},"content":{"rendered":"<p> <br \/>\n<\/p>\n<div>\n<p><span data-contrast=\"auto\">Nicolas Sarkozy est le \u00ab\u00a0v\u00e9ritable d\u00e9cisionnaire, le v\u00e9ritable commanditaire\u00a0\u00bb d&rsquo;un pacte de corruption \u00ab\u00a0inconcevable, inou\u00ef, ind\u00e9cent\u00a0\u00bb, nou\u00e9 avec le dictateur libyen Mouammar Kadhafi pour qu&rsquo;il finance sa campagne pr\u00e9sidentielle 2007, a martel\u00e9 mardi le parquet financier dans ses r\u00e9quisitions contre l&rsquo;ancien pr\u00e9sident et ses onze copr\u00e9venus.<\/span><span data-ccp-props=\"{&quot;134233117&quot;:false,&quot;134233118&quot;:false,&quot;335559738&quot;:300,&quot;335559739&quot;:300}\">\u00a0<\/span><\/p>\n<p><span data-contrast=\"auto\">Ce r\u00e9quisitoire doit durer trois jours et s&rsquo;achever jeudi soir avec le montant des peines r\u00e9clam\u00e9es, mais les procureurs ne m\u00e2chent pas leurs mots lors de cette premi\u00e8re apr\u00e8s-midi, particuli\u00e8rement \u00e0 l&rsquo;encontre du principal pr\u00e9venu, qui enrage en silence, assis face \u00e0 eux.<\/span><span data-ccp-props=\"{&quot;134233117&quot;:false,&quot;134233118&quot;:false,&quot;335559738&quot;:300,&quot;335559739&quot;:300}\">\u00a0<\/span><\/p>\n<p><span data-contrast=\"auto\">\u00ab\u00a0Derri\u00e8re l&rsquo;image de l&rsquo;homme public se dessine au gr\u00e9 des enqu\u00eates judiciaires la silhouette d&rsquo;un homme port\u00e9 par une ambition personnelle d\u00e9vorante, pr\u00eat \u00e0 sacrifier sur l&rsquo;autel du pouvoir les valeurs essentielles telles que la probit\u00e9, l&rsquo;honn\u00eatet\u00e9 et la droiture\u00a0\u00bb, d\u00e9clare le procureur Quentin Dandoy avant que l&rsquo;audience ne soit suspendue pour la journ\u00e9e.<\/span><span data-ccp-props=\"{&quot;134233117&quot;:false,&quot;134233118&quot;:false,&quot;335559738&quot;:300,&quot;335559739&quot;:300}\">\u00a0<\/span><\/p>\n<p><span data-contrast=\"auto\">Usant de frises chronologiques, de formules choc ou ironiques, les magistrats ont d\u00e9taill\u00e9 dans un premier temps le \u00ab\u00a0pacte de corruption\u00a0\u00bb conclu selon eux fin 2005 par Nicolas Sarkozy avec l&rsquo;aide de ses proches Claude Gu\u00e9ant et Brice Hortefeux lors de visites \u00e0 Tripoli.<\/span><span data-ccp-props=\"{&quot;134233117&quot;:false,&quot;134233118&quot;:false,&quot;335559738&quot;:300,&quot;335559739&quot;:300}\">\u00a0<\/span><\/p>\n<p><span data-contrast=\"auto\">\u00ab\u00a0On vous dit qu&rsquo;il n&rsquo;y a aucun \u00e9l\u00e9ment mat\u00e9riel d\u00e9montrant que Nicolas Sarkozy aurait donn\u00e9 quelconque instruction. Bien \u00e9videmment !\u00a0\u00bb, lance le procureur. \u00ab\u00a0Tout est pr\u00e9cis\u00e9ment organis\u00e9, pens\u00e9 pour que jamais il n&rsquo;apparaisse\u00a0\u00bb.<\/span><span data-ccp-props=\"{&quot;134233117&quot;:false,&quot;134233118&quot;:false,&quot;335559738&quot;:300,&quot;335559739&quot;:300}\">\u00a0<\/span><\/p>\n<p><span data-contrast=\"auto\">Et de revenir sur les explications \u00ab\u00a0rocambolesques\u00a0\u00bb, \u00ab\u00a0totalement surr\u00e9alistes\u00a0\u00bb de Claude Gu\u00e9ant et Brice Hortefeux sur leurs rencontres en Libye avec le beau-fr\u00e8re de Mouammar Kadhafi, Abdallah Senoussi, pourtant condamn\u00e9 en France \u00e0 la perp\u00e9tuit\u00e9 pour terrorisme.<\/span><span data-ccp-props=\"{&quot;134233117&quot;:false,&quot;134233118&quot;:false,&quot;335559738&quot;:300,&quot;335559739&quot;:300}\">\u00a0<\/span><\/p>\n<p><span data-contrast=\"auto\">Selon l&rsquo;accusation, c&rsquo;est notamment lui qui \u00e9tait charg\u00e9, c\u00f4t\u00e9 libyen, d&rsquo;organiser le soutien financier de la campagne. Les pr\u00e9venus ont maintenu qu&rsquo;ils \u00e9taient tomb\u00e9s dans un \u00ab\u00a0pi\u00e8ge\u00a0\u00bb, un \u00ab\u00a0guet-apens\u00a0\u00bb et n&rsquo;avaient jamais eu l&rsquo;intention de le rencontrer.<\/span><span data-ccp-props=\"{&quot;134233117&quot;:false,&quot;134233118&quot;:false,&quot;335559738&quot;:300,&quot;335559739&quot;:300}\">\u00a0<\/span><\/p>\n<p><span data-contrast=\"auto\">\u00ab\u00a0On se moque de vous !\u00a0\u00bb, lance le procureur au tribunal. \u00ab\u00a0Envoyer ses plus intimes collaborateurs\u00a0\u00bb est \u00ab\u00a0la d\u00e9monstration de l&rsquo;implication totale de Nicolas Sarkozy en tant que commanditaire\u00a0\u00bb, soutient le magistrat.<\/span><span data-ccp-props=\"{&quot;134233117&quot;:false,&quot;134233118&quot;:false,&quot;335559738&quot;:300,&quot;335559739&quot;:300}\">\u00a0<\/span><\/p>\n<p><span data-contrast=\"none\" data-ccp-parastyle=\"heading 2\"><strong>&#8211; \u00ab\u00a0Intime conviction\u00a0\u00bb &#8211;<\/strong><\/span><span data-ccp-props=\"{&quot;134233117&quot;:false,&quot;134233118&quot;:false,&quot;134245418&quot;:true,&quot;134245529&quot;:true,&quot;201341983&quot;:0,&quot;335559738&quot;:600,&quot;335559739&quot;:360,&quot;335559740&quot;:450}\">\u00a0<\/span><\/p>\n<p><span data-contrast=\"auto\">Claude Gu\u00e9ant et Brice Hortefeux &#8211; absents \u00e0 l&rsquo;audience du jour &#8211; se sont vu confier le r\u00f4le \u00ab\u00a0d&rsquo;hommes de mains\u00a0\u00bb, \u00ab\u00a0jusque dans cette salle d&rsquo;audience, o\u00f9 ils se sont retrouv\u00e9s en premi\u00e8re ligne, \u00e9prouvant les pires difficult\u00e9s pour tenter d&rsquo;expliquer l&rsquo;inexplicable, tout en prenant bien soin de maintenir Nicolas Sarkozy \u00e0 distance\u00a0\u00bb, ajoute-t-il.<\/span><span data-ccp-props=\"{&quot;134233117&quot;:false,&quot;134233118&quot;:false,&quot;335559738&quot;:300,&quot;335559739&quot;:300}\">\u00a0<\/span><\/p>\n<p><span data-contrast=\"auto\">A plusieurs reprises, l&rsquo;ancien locataire de l&rsquo;\u00c9lys\u00e9e, qui a toujours clam\u00e9 son innocence, ne peut r\u00e9primer un commentaire furieux \u00e0 voix haute.<\/span><span data-ccp-props=\"{&quot;134233117&quot;:false,&quot;134233118&quot;:false,&quot;335559738&quot;:300,&quot;335559739&quot;:300}\">\u00a0<\/span><\/p>\n<p><span data-contrast=\"auto\">Quatre mois environ apr\u00e8s la derni\u00e8re visite en Libye, affirme le magistrat, le \u00ab\u00a0premier versement corruptif\u00a0\u00bb part de Libye pour arriver sur le compte d&rsquo;une soci\u00e9t\u00e9 offshore b\u00e9n\u00e9ficiant \u00e0 l&rsquo;interm\u00e9diaire Ziad Takieddine &#8211; 5 millions seront transf\u00e9r\u00e9s au total.<\/span><span data-ccp-props=\"{&quot;134233117&quot;:false,&quot;134233118&quot;:false,&quot;335559738&quot;:300,&quot;335559739&quot;:300}\">\u00a0<\/span><\/p>\n<p><span data-contrast=\"auto\">Un pacte \u00ab\u00a0inconcevable, inou\u00ef, ind\u00e9cent\u00a0\u00bb, a r\u00e9sum\u00e9 avant lui Philippe Jaegl\u00e9, le deuxi\u00e8me procureur financier.<\/span><span data-ccp-props=\"{&quot;134233117&quot;:false,&quot;134233118&quot;:false,&quot;335559738&quot;:300,&quot;335559739&quot;:300}\">\u00a0<\/span><\/p>\n<p><span data-contrast=\"auto\">Parce qu&rsquo;il a \u00e9t\u00e9 \u00ab\u00a0conclu avec (un) r\u00e9gime sanguinaire\u00a0\u00bb, avec \u00ab\u00a0pour objectif de soutenir financi\u00e8rement la campagne\u00a0\u00bb de \u00ab\u00a0celui qui deviendra le 6e pr\u00e9sident de la Ve R\u00e9publique\u00a0\u00bb.<\/span><span data-ccp-props=\"{&quot;134233117&quot;:false,&quot;134233118&quot;:false,&quot;335559738&quot;:300,&quot;335559739&quot;:300}\">\u00a0<\/span><\/p>\n<p><span data-contrast=\"auto\">Mais aussi car ce pacte \u00ab\u00a0aurait pu vicier le r\u00e9sultat\u00a0\u00bb de l&rsquo;\u00e9lection pr\u00e9sidentielle de 2007 et qu&rsquo;il \u00ab\u00a0risquait de porter atteinte \u00e0 la souverainet\u00e9 et aux int\u00e9r\u00eats de la France\u00a0\u00bb, a-t-il poursuivi.<\/span><span data-ccp-props=\"{&quot;134233117&quot;:false,&quot;134233118&quot;:false,&quot;335559738&quot;:300,&quot;335559739&quot;:300}\">\u00a0<\/span><\/p>\n<p><span data-contrast=\"auto\">Le parquet national financier (PNF) n&rsquo;avait pas de \u00ab\u00a0positionnement fig\u00e9\u00a0\u00bb avant le proc\u00e8s, a-t-il assur\u00e9. Mais les dix semaines de d\u00e9bats, marqu\u00e9es par les \u00ab\u00a0explications extravagantes\u00a0\u00bb des trois anciens ministres et de l\u2019ancien pr\u00e9sident pr\u00e9venu, ont \u00ab\u00a0renforc\u00e9\u00a0\u00bb et \u00ab\u00a0transform\u00e9 ce positionnement en intime conviction\u00a0\u00bb.<\/span><span data-ccp-props=\"{&quot;134233117&quot;:false,&quot;134233118&quot;:false,&quot;335559738&quot;:300,&quot;335559739&quot;:300}\">\u00a0<\/span><\/p>\n<p><span data-contrast=\"auto\">Il a soulign\u00e9 que ce dossier avait \u00e9t\u00e9 \u00ab\u00a0\u00e9maill\u00e9 de mensonges, interf\u00e9rences, manipulations\u00a0\u00bb, notamment de la part de l&rsquo;ex-locataire de l&rsquo;\u00c9lys\u00e9e pour emp\u00eacher l&rsquo;avanc\u00e9e de l&rsquo;enqu\u00eate &#8211; il a \u00ab\u00a0fallu d\u00e9miner, \u00e9carter les fausses pistes\u00a0\u00bb.<\/span><span data-ccp-props=\"{&quot;134233117&quot;:false,&quot;134233118&quot;:false,&quot;335559738&quot;:300,&quot;335559739&quot;:300}\">\u00a0<\/span><\/p>\n<p><span data-contrast=\"auto\">Jug\u00e9 pour corruption, recel de d\u00e9tournement de fonds publics, financement ill\u00e9gal de campagne et association de malfaiteurs, il encourt 10 ans de prison et 375.000 euros d&rsquo;amende, ainsi qu&rsquo;une privation des droits civiques (donc une in\u00e9ligibilit\u00e9) allant jusqu&rsquo;\u00e0 5 ans.<\/span><span data-ccp-props=\"{&quot;134233117&quot;:false,&quot;134233118&quot;:false,&quot;335559738&quot;:300,&quot;335559739&quot;:300}\">\u00a0<\/span><\/p>\n<p><span data-contrast=\"auto\">Le minist\u00e8re public poursuit mercredi \u00e0 9H30 ses r\u00e9quisitions, pour aborder les contreparties suppos\u00e9es et entrer dans le c\u0153ur de la campagne.<\/span><span data-ccp-props=\"{&quot;134233117&quot;:false,&quot;134233118&quot;:false,&quot;335559738&quot;:300,&quot;335559739&quot;:300}\">\u00a0<\/span><\/p>\n<p><span data-ccp-props=\"{}\">\u00a0<\/span><\/p>\n<\/div>\n<p><script>(function(d, s, id) {  var js, fjs = d.getElementsByTagName(s)[0];  if (d.getElementById(id)) return;  js = d.createElement(s); js.id = id;  js.src = \"\/\/connect.facebook.net\/fr_FR\/sdk.js#xfbml=1&version=v2.3\";  fjs.parentNode.insertBefore(js, fjs);}(document, \"script\", \"facebook-jssdk\"));<\/script><br \/>\n<br \/><br \/>\n<br \/><a href=\"https:\/\/www.francesoir.fr\/politique-france\/sarkozy-commanditaire-d-un-pacte-de-corruption-indecent-avec-kadhafi-selon-le\" target=\"_blank\"\">Source link <\/a><\/p>\n","protected":false},"excerpt":{"rendered":"<p>Nicolas Sarkozy est le \u00ab\u00a0v\u00e9ritable d\u00e9cisionnaire, le v\u00e9ritable commanditaire\u00a0\u00bb d&rsquo;un pacte de corruption \u00ab\u00a0inconcevable, inou\u00ef, ind\u00e9cent\u00a0\u00bb, nou\u00e9 avec le dictateur libyen Mouammar Kadhafi pour qu&rsquo;il finance sa campagne pr\u00e9sidentielle 2007,&hellip; <\/p>\n","protected":false},"author":1,"featured_media":5247,"comment_status":"open","ping_status":"open","sticky":false,"template":"","format":"standard","meta":{"footnotes":""},"categories":[1],"tags":[],"class_list":["post-5246","post","type-post","status-publish","format-standard","has-post-thumbnail","hentry","category-non-classe"],"_links":{"self":[{"href":"https:\/\/monde25.info\/index.php\/wp-json\/wp\/v2\/posts\/5246","targetHints":{"allow":["GET"]}}],"collection":[{"href":"https:\/\/monde25.info\/index.php\/wp-json\/wp\/v2\/posts"}],"about":[{"href":"https:\/\/monde25.info\/index.php\/wp-json\/wp\/v2\/types\/post"}],"author":[{"embeddable":true,"href":"https:\/\/monde25.info\/index.php\/wp-json\/wp\/v2\/users\/1"}],"replies":[{"embeddable":true,"href":"https:\/\/monde25.info\/index.php\/wp-json\/wp\/v2\/comments?post=5246"}],"version-history":[{"count":0,"href":"https:\/\/monde25.info\/index.php\/wp-json\/wp\/v2\/posts\/5246\/revisions"}],"wp:featuredmedia":[{"embeddable":true,"href":"https:\/\/monde25.info\/index.php\/wp-json\/wp\/v2\/media\/5247"}],"wp:attachment":[{"href":"https:\/\/monde25.info\/index.php\/wp-json\/wp\/v2\/media?parent=5246"}],"wp:term":[{"taxonomy":"category","embeddable":true,"href":"https:\/\/monde25.info\/index.php\/wp-json\/wp\/v2\/categories?post=5246"},{"taxonomy":"post_tag","embeddable":true,"href":"https:\/\/monde25.info\/index.php\/wp-json\/wp\/v2\/tags?post=5246"}],"curies":[{"name":"wp","href":"https:\/\/api.w.org\/{rel}","templated":true}]}}