{"id":5256,"date":"2025-03-26T17:36:12","date_gmt":"2025-03-26T16:36:12","guid":{"rendered":"https:\/\/monde25.info\/index.php\/2025\/03\/26\/de-mon-temps-par-francois-begaudeau-le-monde-diplomatique-fevrier-2023\/"},"modified":"2025-03-26T17:36:12","modified_gmt":"2025-03-26T16:36:12","slug":"de-mon-temps-par-francois-begaudeau-le-monde-diplomatique-fevrier-2023","status":"publish","type":"post","link":"https:\/\/monde25.info\/index.php\/2025\/03\/26\/de-mon-temps-par-francois-begaudeau-le-monde-diplomatique-fevrier-2023\/","title":{"rendered":"De mon temps, par Fran\u00e7ois B\u00e9gaudeau (Le Monde diplomatique, f\u00e9vrier 2023)"},"content":{"rendered":"<p> <br \/>\n<\/p>\n<div>\n<figure class=\"spip_document_30998 spip_documents spip_documents_center justecol\" style=\"width:650px;\">\n<div class=\"limage\">\n<p>\t\t\t<img loading=\"lazy\" decoding=\"async\" src=\"https:\/\/www.monde-diplomatique.fr\/\/local\/cache-vignettes\/L650xH744\/img028-57-71cfb.jpg?1675175484\" width=\"650\" height=\"744\" class=\"spip_logos\" alt=\"JPEG - 138.7\u00a0ko\"\/><\/p><\/div><figcaption>\n<p>Bernard Frize. \u2014 \u00ab<small class=\"fine\">\u00a0<\/small>Ni fait, ni \u00e0 faire<small class=\"fine\">\u00a0<\/small>\u00bb, 1988<\/p>\n<p>\u00a9 ADAGP, Paris, 2023 &#8211; Photographie\u00a0: Philippe Migeat &#8211; Centre Pompidou, MNAM-CCI &#8211; RMN-Grand Palais\n<\/p>\n<\/figcaption><\/figure>\n<p><span class=\"mot-lettrine\"><span class=\"lettrine\">N<\/span>ous<\/span> autres anciens devons accomplir notre devoir de transmission. T\u00e9moigner aupr\u00e8s de la jeunesse qu\u2019une plan\u00e8te Terre sans t\u00e9l\u00e9phone portable a \u00e9t\u00e9 possible.<\/p>\n<p>D\u00e9licate mission. Il faudra \u00eatre singuli\u00e8rement persuasif pour que les <i>digital natives,<\/i> cat\u00e9gorie anthropologique vou\u00e9e \u00e0 l\u2019extinction quand tous les vivants seront n\u00e9s sous le r\u00e9gime digital, con\u00e7oivent que l\u2019objet n\u2019a pas de tout temps prolong\u00e9 les membres sup\u00e9rieurs des humains. Qu\u2019il s\u2019agit d\u2019une greffe. Que 99,9999<small class=\"fine\">\u00a0<\/small>% de nos cong\u00e9n\u00e8res pass\u00e9s ici-bas n\u2019ont pas joui de cet outil providentiel. Que longtemps au bout des bras il y eut seulement des mains. Parfois nous ne savions pas quoi en faire. Embarrass\u00e9s nous les fourrions dans nos poches.<\/p>\n<p>M\u00eame ainsi d\u00e9munis, nous travers\u00e2mes les si\u00e8cles, assembl\u00e2mes des trois-m\u00e2ts, invent\u00e2mes la belote, \u00e9criv\u00eemes <i>Macbeth,<\/i> br\u00fbl\u00e2mes des sorci\u00e8res. Puis imagin\u00e2mes le t\u00e9l\u00e9phone. Puis en imagin\u00e2mes une variante sans fil que nous autres s\u00e9niles appelons encore t\u00e9l\u00e9phone portable, par r\u00e9f\u00e9rence \u00e0 une norme r\u00e9volue.<\/p>\n<p>Qu\u2019est-ce qui nous est arriv\u00e9<small class=\"fine\">\u00a0<\/small>? Nos souvenirs sont brumeux. C\u2019est all\u00e9 si vite. En 1992 personne n\u2019en avait et dix ans plus tard tout le monde. Litt\u00e9ralement tout le monde. Le monde entier.<\/p>\n<p>Nous ne savons pas bien ce qui nous est arriv\u00e9 mais nous pouvons jurer que nous ne l\u2019avons pas voulu. Aupr\u00e8s de mon neveu je soutiens, main sur le c\u0153ur, qu\u2019en 1992 on ne croisait jamais un individu qui, claquant des dents, pli\u00e9 en deux, hurlait son manque de t\u00e9l\u00e9phone transportable. On s\u2019en passait tr\u00e8s bien. On n\u2019en avait m\u00eame pas l\u2019id\u00e9e. L\u2019offre s\u2019est impos\u00e9e sans demande.<\/p>\n<p>Mon neveu demeure sceptique\u00a0: la foule n\u2019a pas pu se jeter aussi furieusement sur un truc dont elle n\u2019avait jamais ressenti le besoin. Elle est pas cr\u00e9dible ton histoire tonton. Autant me raconter qu\u2019\u00e0 l\u2019\u00e9poque tu couchais avec Kurt Cobain.<\/p>\n<p>Je ne l\u00e2che pas l\u2019affaire \u2014 transmission, devoir. \u00c0 ce petit con je fais valoir que cet objet f\u00e9tiche a la particularit\u00e9 de ne pas s\u2019\u00eatre ajout\u00e9 \u00e0 d\u2019autres objets, mais de s\u2019y \u00eatre substitu\u00e9. Dans les\u00a0(&#8230;)<\/p>\n<\/p><\/div>\n<p>Taille de l\u2019article complet\u00a0:\u00a0<span>1\u00a0758<\/span>\u00a0mots.<\/p>\n<p><br \/>\n<br \/><a href=\"https:\/\/www.monde-diplomatique.fr\/2023\/02\/BEGAUDEAU\/65498\" target=\"_blank\"\">Source link <\/a><\/p>\n","protected":false},"excerpt":{"rendered":"<p>Bernard Frize. \u2014 \u00ab\u00a0Ni fait, ni \u00e0 faire\u00a0\u00bb, 1988 \u00a9 ADAGP, Paris, 2023 &#8211; Photographie\u00a0: Philippe Migeat &#8211; Centre Pompidou, MNAM-CCI &#8211; RMN-Grand Palais Nous autres anciens devons accomplir notre&hellip; <\/p>\n","protected":false},"author":1,"featured_media":5257,"comment_status":"open","ping_status":"open","sticky":false,"template":"","format":"standard","meta":{"footnotes":""},"categories":[1],"tags":[],"class_list":["post-5256","post","type-post","status-publish","format-standard","has-post-thumbnail","hentry","category-non-classe"],"_links":{"self":[{"href":"https:\/\/monde25.info\/index.php\/wp-json\/wp\/v2\/posts\/5256","targetHints":{"allow":["GET"]}}],"collection":[{"href":"https:\/\/monde25.info\/index.php\/wp-json\/wp\/v2\/posts"}],"about":[{"href":"https:\/\/monde25.info\/index.php\/wp-json\/wp\/v2\/types\/post"}],"author":[{"embeddable":true,"href":"https:\/\/monde25.info\/index.php\/wp-json\/wp\/v2\/users\/1"}],"replies":[{"embeddable":true,"href":"https:\/\/monde25.info\/index.php\/wp-json\/wp\/v2\/comments?post=5256"}],"version-history":[{"count":0,"href":"https:\/\/monde25.info\/index.php\/wp-json\/wp\/v2\/posts\/5256\/revisions"}],"wp:featuredmedia":[{"embeddable":true,"href":"https:\/\/monde25.info\/index.php\/wp-json\/wp\/v2\/media\/5257"}],"wp:attachment":[{"href":"https:\/\/monde25.info\/index.php\/wp-json\/wp\/v2\/media?parent=5256"}],"wp:term":[{"taxonomy":"category","embeddable":true,"href":"https:\/\/monde25.info\/index.php\/wp-json\/wp\/v2\/categories?post=5256"},{"taxonomy":"post_tag","embeddable":true,"href":"https:\/\/monde25.info\/index.php\/wp-json\/wp\/v2\/tags?post=5256"}],"curies":[{"name":"wp","href":"https:\/\/api.w.org\/{rel}","templated":true}]}}